{"id":949,"date":"2026-02-08T17:24:19","date_gmt":"2026-02-08T20:24:19","guid":{"rendered":"https:\/\/maratonadoconsumidor.com.br\/?p=949"},"modified":"2026-02-08T17:24:24","modified_gmt":"2026-02-08T20:24:24","slug":"carnaval-2026-o-que-muda-no-comercio-neste-periodo","status":"publish","type":"post","link":"https:\/\/maratonadoconsumidor.com.br\/en\/carnaval-2026-o-que-muda-no-comercio-neste-periodo\/","title":{"rendered":"\ud83c\udfad Carnaval 2026: O que muda no com\u00e9rcio neste per\u00edodo?"},"content":{"rendered":"<p>Todos os anos, o Carnaval transforma o Brasil em um grande palco de celebra\u00e7\u00e3o, cultura e turismo. Em 2026, essa tradi\u00e7\u00e3o continua forte, mas com mudan\u00e7as importantes no comportamento do consumidor, na din\u00e2mica do varejo e nas estrat\u00e9gias das empresas. Para comerciantes, empreendedores e consumidores atentos, esse per\u00edodo representa muito mais do que festa: \u00e9 uma das \u00e9pocas mais decisivas para o faturamento anual.<\/p>\n\n\n\n<p>Com a evolu\u00e7\u00e3o do com\u00e9rcio digital, novas formas de pagamento, crescimento das vendas por aplicativos e maior preocupa\u00e7\u00e3o com experi\u00eancia do cliente, o Carnaval deixou de ser apenas um momento sazonal. Ele se tornou uma verdadeira oportunidade estrat\u00e9gica. Entender essas transforma\u00e7\u00f5es \u00e9 essencial para aproveitar ao m\u00e1ximo esse per\u00edodo.<\/p>\n\n\n\n<h2 class=\"wp-block-heading\">\ud83d\udcca O impacto econ\u00f4mico do Carnaval no Brasil<\/h2>\n\n\n\n<p>O Carnaval movimenta bilh\u00f5es de reais todos os anos e afeta diretamente diversos setores da economia. Em 2026, a tend\u00eancia \u00e9 de crescimento, impulsionada principalmente pelo turismo interno, eventos regionais e consumo digital.<\/p>\n\n\n\n<h3 class=\"wp-block-heading\">Setores mais beneficiados<\/h3>\n\n\n\n<p>Durante o Carnaval, alguns segmentos se destacam:<\/p>\n\n\n\n<ul class=\"wp-block-list\">\n<li>Alimenta\u00e7\u00e3o e bebidas<\/li>\n\n\n\n<li>Moda e fantasias<\/li>\n\n\n\n<li>Turismo e hotelaria<\/li>\n\n\n\n<li>Transporte por aplicativos<\/li>\n\n\n\n<li>Beleza e est\u00e9tica<\/li>\n\n\n\n<li>Com\u00e9rcio ambulante<\/li>\n\n\n\n<li>E-commerce<\/li>\n<\/ul>\n\n\n\n<p>Esses setores registram aumento expressivo nas vendas, principalmente nas semanas que antecedem a festa.<\/p>\n\n\n\n<h3 class=\"wp-block-heading\">Gera\u00e7\u00e3o de empregos tempor\u00e1rios<\/h3>\n\n\n\n<p>Outro fator relevante \u00e9 o crescimento das vagas tempor\u00e1rias. Supermercados, bares, lojas e redes hoteleiras ampliam suas equipes para atender \u00e0 alta demanda, contribuindo para a circula\u00e7\u00e3o de renda no pa\u00eds.<\/p>\n\n\n\n<h2 class=\"wp-block-heading\">\ud83d\udecd\ufe0f Mudan\u00e7as no comportamento do consumidor em 2026<\/h2>\n\n\n\n<p>O consumidor de 2026 est\u00e1 mais informado, exigente e conectado. Ele pesquisa pre\u00e7os, compara marcas e busca conveni\u00eancia antes de efetuar qualquer compra.<\/p>\n\n\n\n<h3 class=\"wp-block-heading\">Digitaliza\u00e7\u00e3o do consumo<\/h3>\n\n\n\n<p>A principal mudan\u00e7a est\u00e1 no fortalecimento do com\u00e9rcio online. Compras de fantasias, abad\u00e1s, acess\u00f3rios e at\u00e9 bebidas s\u00e3o feitas pela internet, com entregas r\u00e1pidas.<\/p>\n\n\n\n<p>Al\u00e9m disso, as redes sociais influenciam diretamente as decis\u00f5es de compra, tornando o marketing digital ainda mais relevante nesse per\u00edodo.<\/p>\n\n\n\n<h3 class=\"wp-block-heading\">Valoriza\u00e7\u00e3o da experi\u00eancia<\/h3>\n\n\n\n<p>Mais do que pre\u00e7o, o consumidor quer:<\/p>\n\n\n\n<ul class=\"wp-block-list\">\n<li>Atendimento \u00e1gil<\/li>\n\n\n\n<li>Facilidade de pagamento<\/li>\n\n\n\n<li>Entrega r\u00e1pida<\/li>\n\n\n\n<li>Personaliza\u00e7\u00e3o<\/li>\n\n\n\n<li>Experi\u00eancia positiva<\/li>\n<\/ul>\n\n\n\n<p>Lojas que oferecem esses diferenciais tendem a se destacar.<\/p>\n\n\n\n<h3 class=\"wp-block-heading\">Consumo consciente<\/h3>\n\n\n\n<p>Em 2026, cresce tamb\u00e9m a preocupa\u00e7\u00e3o com sustentabilidade. Produtos reutiliz\u00e1veis, embalagens recicl\u00e1veis e marcas respons\u00e1veis ganham prefer\u00eancia.<\/p>\n\n\n\n<h2 class=\"wp-block-heading\">\ud83d\udcc8 Como o com\u00e9rcio se prepara para o Carnaval 2026<\/h2>\n\n\n\n<p>A prepara\u00e7\u00e3o \u00e9 o diferencial entre lucrar e perder oportunidades. Empresas que planejam com anteced\u00eancia conseguem melhores resultados.<\/p>\n\n\n\n<h3 class=\"wp-block-heading\">Planejamento de estoque<\/h3>\n\n\n\n<p>Um dos maiores desafios \u00e9 acertar na quantidade de produtos. Falta gera perda de vendas. <br><br>Excesso gera preju\u00edzo.<\/p>\n\n\n\n<p>Os itens mais procurados incluem:<\/p>\n\n\n\n<ul class=\"wp-block-list\">\n<li>Bebidas geladas<\/li>\n\n\n\n<li>Snacks<\/li>\n\n\n\n<li>Fantasias<\/li>\n\n\n\n<li>Maquiagem art\u00edstica<\/li>\n\n\n\n<li>Protetor solar<\/li>\n\n\n\n<li>Copos t\u00e9rmicos<\/li>\n\n\n\n<li>Bolsas imperme\u00e1veis<\/li>\n<\/ul>\n\n\n\n<p>Analisar dados de anos anteriores ajuda a tomar decis\u00f5es mais precisas.<\/p>\n\n\n\n<h3 class=\"wp-block-heading\">Estrat\u00e9gias promocionais<\/h3>\n\n\n\n<p>Promo\u00e7\u00f5es tem\u00e1ticas continuam sendo um grande atrativo:<\/p>\n\n\n\n<ul class=\"wp-block-list\">\n<li>Kits Carnaval<\/li>\n\n\n\n<li>Combos promocionais<\/li>\n\n\n\n<li>Descontos progressivos<\/li>\n\n\n\n<li>Cupons digitais<\/li>\n\n\n\n<li>Cashback<\/li>\n<\/ul>\n\n\n\n<p>Essas a\u00e7\u00f5es estimulam o aumento do ticket m\u00e9dio.<\/p>\n\n\n\n<h3 class=\"wp-block-heading\">Adequa\u00e7\u00e3o de hor\u00e1rios<\/h3>\n\n\n\n<p>Em muitas cidades, o com\u00e9rcio estende o hor\u00e1rio de funcionamento, principalmente em regi\u00f5es tur\u00edsticas, aproveitando o fluxo intenso de pessoas.<\/p>\n\n\n\n<h2 class=\"wp-block-heading\">\ud83d\udcf1 O papel do com\u00e9rcio digital e dos aplicativos<\/h2>\n\n\n\n<p>O Carnaval 2026 consolida o modelo h\u00edbrido: f\u00edsico + digital.<\/p>\n\n\n\n<h3 class=\"wp-block-heading\">Crescimento do delivery<\/h3>\n\n\n\n<p>Bares, mercados e lojas utilizam aplicativos para atender foli\u00f5es que preferem consumir sem sair de casa ou do hotel.<\/p>\n\n\n\n<p>A log\u00edstica eficiente se torna um diferencial competitivo.<\/p>\n\n\n\n<h3 class=\"wp-block-heading\">Marketplaces e redes sociais<\/h3>\n\n\n\n<p>Plataformas como marketplaces e redes sociais funcionam como vitrines virtuais. Vendas por WhatsApp, Instagram e lives promocionais crescem durante o per\u00edodo.<\/p>\n\n\n\n<p>Empresas que dominam esses canais ampliam sua presen\u00e7a e faturamento.<\/p>\n\n\n\n<h2 class=\"wp-block-heading\">\ud83e\uddfe Aspectos legais, trabalhistas e operacionais<\/h2>\n\n\n\n<p>O per\u00edodo carnavalesco tamb\u00e9m exige aten\u00e7\u00e3o \u00e0s normas.<\/p>\n\n\n\n<h3 class=\"wp-block-heading\">Funcionamento no feriado<\/h3>\n\n\n\n<p>Embora o Carnaval n\u00e3o seja feriado nacional, muitos estados e munic\u00edpios decretam ponto facultativo. O comerciante deve verificar as regras locais para evitar problemas.<\/p>\n\n\n\n<h3 class=\"wp-block-heading\">Contrata\u00e7\u00e3o tempor\u00e1ria<\/h3>\n\n\n\n<p>Empresas podem contratar funcion\u00e1rios tempor\u00e1rios, respeitando a legisla\u00e7\u00e3o trabalhista. Isso garante flexibilidade sem comprometer a legalidade.<\/p>\n\n\n\n<h3 class=\"wp-block-heading\">Seguran\u00e7a e fiscaliza\u00e7\u00e3o<\/h3>\n\n\n\n<p>Durante grandes eventos, a fiscaliza\u00e7\u00e3o aumenta. Alvar\u00e1s, notas fiscais e licen\u00e7as devem estar em dia.<\/p>\n\n\n\n<h2 class=\"wp-block-heading\">\u2705 Passo a passo para o comerciante aproveitar o Carnaval 2026<\/h2>\n\n\n\n<p>Seguir um plano estruturado faz toda a diferen\u00e7a nos resultados.<\/p>\n\n\n\n<h3 class=\"wp-block-heading\">1\ufe0f\u20e3 Analise o hist\u00f3rico de vendas<\/h3>\n\n\n\n<p>Verifique os n\u00fameros dos \u00faltimos Carnavais:<\/p>\n\n\n\n<ul class=\"wp-block-list\">\n<li>Produtos mais vendidos<\/li>\n\n\n\n<li>Hor\u00e1rios de pico<\/li>\n\n\n\n<li>Margem de lucro<\/li>\n\n\n\n<li>Perfil do cliente<\/li>\n<\/ul>\n\n\n\n<p>Essas informa\u00e7\u00f5es orientam o planejamento.<\/p>\n\n\n\n<h3 class=\"wp-block-heading\">2\ufe0f\u20e3 Organize o estoque com intelig\u00eancia<\/h3>\n\n\n\n<p>Com base na an\u00e1lise, compre de forma estrat\u00e9gica, priorizando itens de alta rotatividade.<\/p>\n\n\n\n<p>Evite compras por impulso de fornecedores sem garantia de qualidade.<\/p>\n\n\n\n<h3 class=\"wp-block-heading\">3\ufe0f\u20e3 Prepare sua equipe<\/h3>\n\n\n\n<p>Treine os colaboradores para:<\/p>\n\n\n\n<ul class=\"wp-block-list\">\n<li>Atendimento r\u00e1pido<\/li>\n\n\n\n<li>Resolu\u00e7\u00e3o de conflitos<\/li>\n\n\n\n<li>Organiza\u00e7\u00e3o da loja<\/li>\n\n\n\n<li>Uso de sistemas<\/li>\n<\/ul>\n\n\n\n<p>Equipe bem preparada gera mais vendas.<\/p>\n\n\n\n<h3 class=\"wp-block-heading\">4\ufe0f\u20e3 Invista em marketing tem\u00e1tico<\/h3>\n\n\n\n<p>Crie campanhas espec\u00edficas:<\/p>\n\n\n\n<ul class=\"wp-block-list\">\n<li>Decora\u00e7\u00e3o carnavalesca<\/li>\n\n\n\n<li>Postagens di\u00e1rias<\/li>\n\n\n\n<li>Sorteios<\/li>\n\n\n\n<li>Parcerias locais<\/li>\n\n\n\n<li>Influenciadores regionais<\/li>\n<\/ul>\n\n\n\n<p>Isso aumenta o engajamento.<\/p>\n\n\n\n<h3 class=\"wp-block-heading\">5\ufe0f\u20e3 Facilite o pagamento<\/h3>\n\n\n\n<p>Ofere\u00e7a:<\/p>\n\n\n\n<ul class=\"wp-block-list\">\n<li>Pix<\/li>\n\n\n\n<li>Cart\u00e3o por aproxima\u00e7\u00e3o<\/li>\n\n\n\n<li>Parcelamento<\/li>\n\n\n\n<li>Carteiras digitais<\/li>\n<\/ul>\n\n\n\n<p>Quanto menos barreiras, maior a convers\u00e3o.<\/p>\n\n\n\n<h3 class=\"wp-block-heading\">6\ufe0f\u20e3 Garanta log\u00edstica eficiente<\/h3>\n\n\n\n<p>Revise fornecedores, entregas e prazos. Atrasos nesse per\u00edodo geram perda imediata de clientes.<\/p>\n\n\n\n<h2 class=\"wp-block-heading\">\ud83c\udf31 Tend\u00eancias para o com\u00e9rcio no Carnaval de 2026<\/h2>\n\n\n\n<p>Algumas tend\u00eancias j\u00e1 est\u00e3o consolidadas e devem ganhar ainda mais for\u00e7a.<\/p>\n\n\n\n<h3 class=\"wp-block-heading\">Personaliza\u00e7\u00e3o<\/h3>\n\n\n\n<p>Clientes buscam produtos exclusivos, kits personalizados e brindes.<\/p>\n\n\n\n<h3 class=\"wp-block-heading\">Sustentabilidade<\/h3>\n\n\n\n<p>Copos retorn\u00e1veis, glitter biodegrad\u00e1vel e embalagens ecol\u00f3gicas ganham espa\u00e7o.<\/p>\n\n\n\n<h3 class=\"wp-block-heading\">Experi\u00eancia integrada<\/h3>\n\n\n\n<p>A uni\u00e3o entre loja f\u00edsica, site, redes sociais e atendimento digital se torna padr\u00e3o.<\/p>\n\n\n\n<h3 class=\"wp-block-heading\">Uso de dados<\/h3>\n\n\n\n<p>An\u00e1lise de dados e intelig\u00eancia artificial ajudam a prever demandas e ajustar pre\u00e7os.<\/p>\n\n\n\n<h2 class=\"wp-block-heading\">\ud83d\udca1 Como o consumidor pode economizar no Carnaval<\/h2>\n\n\n\n<p>N\u00e3o s\u00e3o apenas os comerciantes que precisam se planejar.<\/p>\n\n\n\n<h3 class=\"wp-block-heading\">Dicas pr\u00e1ticas<\/h3>\n\n\n\n<ul class=\"wp-block-list\">\n<li>Compre com anteced\u00eancia<\/li>\n\n\n\n<li>Compare pre\u00e7os online<\/li>\n\n\n\n<li>Use cupons e cashback<\/li>\n\n\n\n<li>Evite compras por impulso<\/li>\n\n\n\n<li>Divida custos com amigos<\/li>\n\n\n\n<li>Priorize qualidade<\/li>\n<\/ul>\n\n\n\n<p>Essas atitudes garantem divers\u00e3o sem endividamento.<\/p>\n\n\n\n<h2 class=\"wp-block-heading\">\ud83c\udfe6 Como funcionar\u00e3o os bancos no Carnaval 2026<\/h2>\n\n\n\n<p>O per\u00edodo de Carnaval altera o funcionamento tradicional do sistema banc\u00e1rio no Brasil, principalmente no atendimento <strong>presencial das ag\u00eancias<\/strong>. <\/p>\n\n\n\n<p>\u00c9 importante destacar que essas regras s\u00e3o determinadas pela <strong>Federa\u00e7\u00e3o Brasileira de Bancos (<a href=\"https:\/\/portal.febraban.org.br\/?utm_source=google-search&amp;utm_medium=cpc&amp;utm_campaign=jussi_febraban_consideracao_institucional_institucional_google-search_trafego_cpc_ano-2025&amp;utm_term=&amp;gad_source=1&amp;gad_campaignid=22507765124&amp;gbraid=0AAAAA9cNPAD5aZdLy4gWiIN1UDDp4tL39&amp;gclid=Cj0KCQiAhaHMBhD2ARIsAPAU_D4-sMT2eU-wI6oswqw6ytmXgQAK1MzPZuslJiSwVQ-iV8BoFRJcnIwaAnqrEALw_wcB\" type=\"link\" id=\"https:\/\/portal.febraban.org.br\/?utm_source=google-search&amp;utm_medium=cpc&amp;utm_campaign=jussi_febraban_consideracao_institucional_institucional_google-search_trafego_cpc_ano-2025&amp;utm_term=&amp;gad_source=1&amp;gad_campaignid=22507765124&amp;gbraid=0AAAAA9cNPAD5aZdLy4gWiIN1UDDp4tL39&amp;gclid=Cj0KCQiAhaHMBhD2ARIsAPAU_D4-sMT2eU-wI6oswqw6ytmXgQAK1MzPZuslJiSwVQ-iV8BoFRJcnIwaAnqrEALw_wcB\" target=\"_blank\" rel=\"noreferrer noopener\">Febraban<\/a>)<\/strong> e seguem o calend\u00e1rio oficial de feriados banc\u00e1rios do ano.<\/p>\n\n\n\n<h3 class=\"wp-block-heading\">\ud83d\udcc5 Calend\u00e1rio de funcionamento banc\u00e1rio no Carnaval<\/h3>\n\n\n\n<figure class=\"wp-block-table\"><table class=\"has-fixed-layout\"><thead><tr><th class=\"has-text-align-center\" data-align=\"center\"><strong>Data<\/strong><\/th><th class=\"has-text-align-center\" data-align=\"center\"><strong>Dia da semana<\/strong><\/th><th class=\"has-text-align-center\" data-align=\"center\"><strong>Atendimento das ag\u00eancias<\/strong><\/th><\/tr><\/thead><tbody><tr><td class=\"has-text-align-center\" data-align=\"center\"><strong>16 de fevereiro<\/strong><\/td><td class=\"has-text-align-center\" data-align=\"center\">Segunda-feira<\/td><td class=\"has-text-align-center\" data-align=\"center\">\u274c Fechado (feriado banc\u00e1rio)<\/td><\/tr><tr><td class=\"has-text-align-center\" data-align=\"center\"><strong>17 de fevereiro<\/strong><\/td><td class=\"has-text-align-center\" data-align=\"center\">Ter\u00e7a-feira<\/td><td class=\"has-text-align-center\" data-align=\"center\">\u274c Fechado (feriado banc\u00e1rio)<\/td><\/tr><tr><td class=\"has-text-align-center\" data-align=\"center\"><strong>18 de fevereiro<\/strong><\/td><td class=\"has-text-align-center\" data-align=\"center\">Quarta-feira de Cinzas<\/td><td class=\"has-text-align-center\" data-align=\"center\">\ud83d\udd5b Aberto a partir de meia-dia (hor\u00e1rio local)<\/td><\/tr><\/tbody><\/table><\/figure>\n\n\n\n<p>\ud83d\udd39 <em>Observa\u00e7\u00e3o:<\/em> nas cidades onde as ag\u00eancias geralmente fecham antes das 15h, o in\u00edcio do atendimento pode ser antecipado para garantir ao menos <strong>3 horas de atendimento presencial<\/strong> ao p\u00fablico.<\/p>\n\n\n\n<h2 class=\"wp-block-heading\">\ud83e\udde0 O que muda de fato para os clientes<\/h2>\n\n\n\n<h3 class=\"wp-block-heading\">\ud83d\udccd Atendimento presencial<\/h3>\n\n\n\n<p>Durante <strong>segunda e ter\u00e7a-feira de Carnaval (16 e 17 de fevereiro de 2026)<\/strong>:<\/p>\n\n\n\n<ul class=\"wp-block-list\">\n<li><strong>As ag\u00eancias banc\u00e1rias n\u00e3o abrem ao p\u00fablico.<\/strong><\/li>\n\n\n\n<li>N\u00e3o h\u00e1 atendimento presencial para servi\u00e7os como abertura de conta, atendimento no caixa, consultorias, etc.<\/li>\n<\/ul>\n\n\n\n<p>Essa regra \u00e9 a mesma todos os anos e se baseia no fato de que esses dias s\u00e3o considerados <strong>feriados banc\u00e1rios<\/strong>, mesmo que n\u00e3o sejam feriados nacionais no calend\u00e1rio civil.<\/p>\n\n\n\n<h2 class=\"wp-block-heading\">\ud83d\udcbb Servi\u00e7os que continuam funcionando<\/h2>\n\n\n\n<p>Mesmo com o fechamento das ag\u00eancias f\u00edsicas, parte dos servi\u00e7os banc\u00e1rios continua dispon\u00edvel:<\/p>\n\n\n\n<h3 class=\"wp-block-heading\">\ud83d\udcf2 Canais digitais<\/h3>\n\n\n\n<ul class=\"wp-block-list\">\n<li><strong>Aplicativos de banco<\/strong><\/li>\n\n\n\n<li><strong>Internet banking (site do banco)<\/strong><\/li>\n\n\n\n<li><strong>Caixas eletr\u00f4nicos (autoatendimento)<\/strong><\/li>\n<\/ul>\n\n\n\n<p>Esses canais permanecem <strong>funcionais durante todo o Carnaval<\/strong>, incluindo segunda, ter\u00e7a e a manh\u00e3 da quarta-feira.<\/p>\n\n\n\n<p>\ud83d\udc49 <strong>PIX<\/strong>: funciona normalmente 24 horas por dia, todos os dias, mesmo quando as ag\u00eancias est\u00e3o fechadas.<\/p>\n\n\n\n<p>Isso significa que a maior parte das necessidades financeiras \u2014 como pagar contas, fazer transfer\u00eancias e consultar saldos  pode ser resolvida sem ir \u00e0 ag\u00eancia f\u00edsica.<\/p>\n\n\n\n<h2 class=\"wp-block-heading\">\ud83d\udcc9 O que <strong>n\u00e3o funciona<\/strong> nesse per\u00edodo<\/h2>\n\n\n\n<h3 class=\"wp-block-heading\">\u274c Compensa\u00e7\u00f5es banc\u00e1rias<\/h3>\n\n\n\n<p>Servi\u00e7os que dependem do processamento e compensa\u00e7\u00e3o do sistema banc\u00e1rio tradicional <strong>n\u00e3o s\u00e3o realizados<\/strong> na segunda e ter\u00e7a:<\/p>\n\n\n\n<ul class=\"wp-block-list\">\n<li><strong>Compensa\u00e7\u00e3o de DOC\/TED<\/strong><\/li>\n\n\n\n<li><strong>Liquida\u00e7\u00e3o de cheques<\/strong><\/li>\n\n\n\n<li><strong>Compensa\u00e7\u00e3o de pagamentos e opera\u00e7\u00f5es que exigem processamento banc\u00e1rio<\/strong><\/li>\n<\/ul>\n\n\n\n<p>Esses processos s\u00f3 voltam a ser feitos ap\u00f3s a reabertura normal das ag\u00eancias.<\/p>\n\n\n\n<p>\ud83d\udccc Por isso, contas que vencem nesses dias (como \u00e1gua, energia, telefone) podem ser pagas <strong>sem multas e juros<\/strong> at\u00e9 a Quarta-feira de Cinzas, desde que o pagamento seja feito nessa data ou logo em seguida.<\/p>\n\n\n\n<h2 class=\"wp-block-heading\">\ud83d\uddd3\ufe0f Quarta-Feira de Cinzas: como funciona<\/h2>\n\n\n\n<p>Na <strong>Quarta-Feira de Cinzas (18 de fevereiro de 2026)<\/strong>:<\/p>\n\n\n\n<ul class=\"wp-block-list\">\n<li>As ag\u00eancias reabrem <strong>a partir das 12h<\/strong>, no hor\u00e1rio local.<\/li>\n\n\n\n<li>O atendimento termina no hor\u00e1rio normal de fechamento.<\/li>\n\n\n\n<li>A abertura pode ser antecipada em cidades onde o atendimento costuma ser encerrado cedo, garantindo pelo menos 3 horas de atendimento.<\/li>\n<\/ul>\n\n\n\n<p>\ud83d\udca1 Isso significa que, se precisar de servi\u00e7os presenciais como sacar dinheiro diretamente com um atendente, solicitar certid\u00f5es, realizar negocia\u00e7\u00f5es ou consultar produtos, essa \u00e9 a primeira oportunidade formal no ano.<\/p>\n\n\n\n<h2 class=\"wp-block-heading\">\ud83d\udccc Resumo r\u00e1pido para voc\u00ea ou seu leitor<\/h2>\n\n\n\n<p>\u2705 <strong>PIX funciona normalmente<\/strong> todos os dias, inclusive Carnaval<br>\u2705 <strong>Aplicativos e internet banking<\/strong> est\u00e3o dispon\u00edveis 24h<br>\u274c <strong>Ag\u00eancias banc\u00e1rias fecham<\/strong> nas segundas e ter\u00e7as de Carnaval<br>\ud83d\udd5b <strong>Quarta-feira de Cinzas<\/strong> com atendimento presencial a partir de meio-dia<br>\u274c <strong>Compensa\u00e7\u00f5es banc\u00e1rias (TED\/DOC)<\/strong> s\u00e3o interrompidas durante o feriado banc\u00e1rio<\/p>\n\n\n\n<h2 class=\"wp-block-heading\">\ud83d\udca1 Dica pr\u00e1tica para o leitor<\/h2>\n\n\n\n<p>\ud83d\udd39 Se voc\u00ea tem contas vencendo <strong>no dia 16 ou 17 de fevereiro<\/strong>, programe-se para pagar <strong>antes<\/strong> do Carnaval ou no in\u00edcio da Quarta-Feira de Cinzas para evitar qualquer problema com juros ou corte de servi\u00e7os.<\/p>\n\n\n\n<p>\ud83d\udd39 Se precisa resolver pend\u00eancias mais complexas (como renegocia\u00e7\u00e3o de d\u00edvidas ou abertura de servi\u00e7os com atendimento presencial), prefira agendar essas demandas <strong>antes do feriado<\/strong> ou na tarde de Quarta-Feira de Cinzas.<\/p>\n\n\n\n<figure class=\"wp-block-image size-large\"><img data-recalc-dims=\"1\" fetchpriority=\"high\" decoding=\"async\" width=\"960\" height=\"640\" src=\"https:\/\/i0.wp.com\/maratonadoconsumidor.com.br\/wp-content\/uploads\/2026\/02\/Design-sem-nome-27.jpg?resize=960%2C640&#038;ssl=1\" alt=\"Carnaval 2026, o que muda no comercio neste per\u00edodo?\" class=\"wp-image-952\" srcset=\"https:\/\/i0.wp.com\/maratonadoconsumidor.com.br\/wp-content\/uploads\/2026\/02\/Design-sem-nome-27.jpg?resize=1024%2C683&amp;ssl=1 1024w, https:\/\/i0.wp.com\/maratonadoconsumidor.com.br\/wp-content\/uploads\/2026\/02\/Design-sem-nome-27.jpg?resize=300%2C200&amp;ssl=1 300w, https:\/\/i0.wp.com\/maratonadoconsumidor.com.br\/wp-content\/uploads\/2026\/02\/Design-sem-nome-27.jpg?resize=768%2C512&amp;ssl=1 768w, https:\/\/i0.wp.com\/maratonadoconsumidor.com.br\/wp-content\/uploads\/2026\/02\/Design-sem-nome-27.jpg?resize=18%2C12&amp;ssl=1 18w, https:\/\/i0.wp.com\/maratonadoconsumidor.com.br\/wp-content\/uploads\/2026\/02\/Design-sem-nome-27.jpg?resize=150%2C100&amp;ssl=1 150w, https:\/\/i0.wp.com\/maratonadoconsumidor.com.br\/wp-content\/uploads\/2026\/02\/Design-sem-nome-27.jpg?resize=330%2C220&amp;ssl=1 330w, https:\/\/i0.wp.com\/maratonadoconsumidor.com.br\/wp-content\/uploads\/2026\/02\/Design-sem-nome-27.jpg?resize=420%2C280&amp;ssl=1 420w, https:\/\/i0.wp.com\/maratonadoconsumidor.com.br\/wp-content\/uploads\/2026\/02\/Design-sem-nome-27.jpg?resize=510%2C340&amp;ssl=1 510w, https:\/\/i0.wp.com\/maratonadoconsumidor.com.br\/wp-content\/uploads\/2026\/02\/Design-sem-nome-27.jpg?w=1200&amp;ssl=1 1200w\" sizes=\"(max-width: 960px) 100vw, 960px\" \/><\/figure>\n\n\n\n<h2 class=\"wp-block-heading\">\ud83c\udfaf Um per\u00edodo que pode transformar resultados e estrat\u00e9gias<\/h2>\n\n\n\n<p>O Carnaval 2026 n\u00e3o representa apenas alguns dias de festa. Ele simboliza um verdadeiro laborat\u00f3rio de inova\u00e7\u00e3o para o com\u00e9rcio brasileiro. <\/p>\n\n\n\n<p>Nesse per\u00edodo, empres\u00e1rios testam estrat\u00e9gias, fortalecem marcas, conquistam novos clientes e aprendem a se adaptar rapidamente \u00e0s mudan\u00e7as do mercado.<\/p>\n\n\n\n<p>Quem se antecipa, planeja, investe em tecnologia e valoriza o relacionamento com o cliente transforma a sazonalidade em crescimento sustent\u00e1vel. Mais do que vender, trata-se de criar conex\u00f5es, gerar confian\u00e7a e construir uma reputa\u00e7\u00e3o s\u00f3lida.<\/p>\n\n\n\n<p>Para o consumidor, \u00e9 a chance de aproveitar com intelig\u00eancia, equil\u00edbrio e consci\u00eancia. Para o comerciante, \u00e9 o momento de mostrar profissionalismo, criatividade e vis\u00e3o de futuro.<\/p>\n\n\n\n<p>Quando o ritmo dos blocos diminui e as ruas voltam ao normal, ficam os aprendizados, os resultados e, principalmente, as oportunidades para evoluir ainda mais nos pr\u00f3ximos ciclos.<\/p>\n\n\n\n<h2 class=\"wp-block-heading\">\u2753 FAQ \u2013 Perguntas frequentes sobre o funcionamento dos bancos no Carnaval 2026<\/h2>\n\n\n\n<h3 class=\"wp-block-heading\">\ud83d\udccc Os bancos abrem durante o Carnaval?<\/h3>\n\n\n\n<p>N\u00e3o. As ag\u00eancias banc\u00e1rias n\u00e3o funcionam presencialmente na <strong>segunda e na ter\u00e7a-feira de Carnaval<\/strong>. Esses dias s\u00e3o considerados feriados banc\u00e1rios, mesmo n\u00e3o sendo feriados nacionais.<\/p>\n\n\n\n<h3 class=\"wp-block-heading\">\ud83d\udccc Os aplicativos e internet banking funcionam normalmente?<\/h3>\n\n\n\n<p>Sim.<br>Durante todo o Carnaval, os servi\u00e7os digitais continuam ativos, incluindo:<\/p>\n\n\n\n<ul class=\"wp-block-list\">\n<li>Aplicativos dos bancos<\/li>\n\n\n\n<li>Internet banking<\/li>\n\n\n\n<li>Caixas eletr\u00f4nicos<\/li>\n\n\n\n<li>Atendimento automatizado<\/li>\n<\/ul>\n\n\n\n<p>O cliente pode consultar saldo, pagar contas, fazer transfer\u00eancias e movimentar a conta normalmente.<\/p>\n\n\n\n<h3 class=\"wp-block-heading\">\ud83d\udccc O Pix funciona no Carnaval?<\/h3>\n\n\n\n<p>Sim.<br>O Pix funciona <strong>24 horas por dia, todos os dias<\/strong>, inclusive em feriados e finais de semana. Durante o Carnaval 2026, ele continuar\u00e1 operando normalmente, sem interrup\u00e7\u00f5es.<\/p>\n\n\n\n<h3 class=\"wp-block-heading\">\ud83d\udccc Posso pagar contas nos dias em que os bancos est\u00e3o fechados?<\/h3>\n\n\n\n<p>Sim, pelos canais digitais.<\/p>\n\n\n\n<p>Al\u00e9m disso, contas com vencimento na segunda ou ter\u00e7a de Carnaval podem ser pagas no primeiro dia \u00fatil seguinte, normalmente sem cobran\u00e7a de multa ou juros.<\/p>\n\n\n\n<h3 class=\"wp-block-heading\">\ud83d\udccc DOC e TED funcionam no Carnaval?<\/h3>\n\n\n\n<p>N\u00e3o.<br>Transfer\u00eancias via DOC e TED ficam suspensas nos dias em que n\u00e3o h\u00e1 expediente banc\u00e1rio e s\u00f3 s\u00e3o processadas no pr\u00f3ximo dia \u00fatil.<\/p>\n\n\n\n<p>Por isso, o Pix \u00e9 a melhor alternativa nesse per\u00edodo.<\/p>\n\n\n\n<h3 class=\"wp-block-heading\">\ud83d\udccc A compensa\u00e7\u00e3o de cheques funciona?<\/h3>\n\n\n\n<p>N\u00e3o.<br>A compensa\u00e7\u00e3o de cheques tamb\u00e9m fica interrompida durante os dias em que as ag\u00eancias est\u00e3o fechadas e s\u00f3 \u00e9 retomada ap\u00f3s a reabertura.<\/p>\n\n\n\n<h3 class=\"wp-block-heading\">\ud83d\udccc Quando os bancos voltam a funcionar normalmente?<\/h3>\n\n\n\n<p>Na <strong>Quarta-feira de Cinzas<\/strong>, as ag\u00eancias reabrem a partir do meio-dia, no hor\u00e1rio local.<\/p>\n\n\n\n<p>Em algumas cidades, o atendimento pode come\u00e7ar um pouco antes para garantir, no m\u00ednimo, tr\u00eas horas de funcionamento.<\/p>\n\n\n\n<h3 class=\"wp-block-heading\">\ud83d\udccc Posso resolver problemas presencialmente na Quarta-feira de Cinzas?<\/h3>\n\n\n\n<p>Sim, mas \u00e9 importante se organizar.<\/p>\n\n\n\n<p>Como o atendimento come\u00e7a mais tarde, as ag\u00eancias costumam ficar mais cheias. Servi\u00e7os como renegocia\u00e7\u00e3o, abertura de conta e atendimento no caixa podem ter fila.<\/p>\n\n\n\n<h3 class=\"wp-block-heading\">\ud83d\udccc O atendimento telef\u00f4nico funciona no Carnaval?<\/h3>\n\n\n\n<p>Sim.<br>Os canais de atendimento por telefone, chat e assistentes virtuais continuam dispon\u00edveis, embora possam operar com equipe reduzida.<\/p>\n\n\n\n<h3 class=\"wp-block-heading\">\ud83d\udccc O fechamento dos bancos afeta o com\u00e9rcio?<\/h3>\n\n\n\n<p>Sim.<br>Com menos atendimento presencial e suspens\u00e3o de alguns servi\u00e7os, muitos comerciantes priorizam o Pix, maquininhas e pagamentos digitais para manter as vendas.<\/p>\n\n\n\n<p>Por isso, quem n\u00e3o se prepara pode perder oportunidades.<\/p>\n\n\n\n<h3 class=\"wp-block-heading\">\ud83d\udccc Como se preparar para evitar problemas banc\u00e1rios no Carnaval?<\/h3>\n\n\n\n<p>Algumas atitudes simples ajudam muito:<\/p>\n\n\n\n<ul class=\"wp-block-list\">\n<li>Pagar contas antecipadamente<\/li>\n\n\n\n<li>Programar transfer\u00eancias importantes<\/li>\n\n\n\n<li>Conferir limites do Pix e cart\u00e3o<\/li>\n\n\n\n<li>Sacar dinheiro antes, se necess\u00e1rio<\/li>\n\n\n\n<li>Resolver pend\u00eancias banc\u00e1rias antes do feriado<\/li>\n<\/ul>\n\n\n\n<p>Esse planejamento evita transtornos durante a festa.<\/p>\n\n\n\n<h3 class=\"wp-block-heading\">\ud83d\udccc Bancos digitais seguem as mesmas regras?<\/h3>\n\n\n\n<p>Em parte, sim.<\/p>\n\n\n\n<p>Bancos digitais n\u00e3o t\u00eam ag\u00eancia f\u00edsica, mas tamb\u00e9m seguem o calend\u00e1rio banc\u00e1rio para compensa\u00e7\u00f5es, DOC e TED.<br>Por outro lado, como operam 100% online, costumam oferecer mais agilidade nesse per\u00edodo.<\/p>\n\n\n\n<p>IMAGENS; BLOG CVC E PREFEITURA DE BH<\/p>","protected":false},"excerpt":{"rendered":"<p>Todos os anos, o Carnaval transforma o Brasil em um grande palco de celebra\u00e7\u00e3o, cultura e turismo. Em 2026, essa tradi\u00e7\u00e3o continua forte, mas com mudan\u00e7as importantes no comportamento do consumidor, na din\u00e2mica do varejo e nas estrat\u00e9gias das empresas. Para comerciantes, empreendedores e consumidores atentos, esse per\u00edodo representa muito mais do que festa: \u00e9<\/p>","protected":false},"author":1,"featured_media":951,"comment_status":"open","ping_status":"open","sticky":false,"template":"","format":"standard","meta":{"_mbp_gutenberg_autopost":false,"jetpack_post_was_ever_published":false,"_jetpack_newsletter_access":"","_jetpack_dont_email_post_to_subs":false,"_jetpack_newsletter_tier_id":0,"_jetpack_memberships_contains_paywalled_content":false,"_jetpack_memberships_contains_paid_content":false,"footnotes":"","jetpack_publicize_message":"","jetpack_publicize_feature_enabled":true,"jetpack_social_post_already_shared":false,"jetpack_social_options":{"image_generator_settings":{"template":"highway","default_image_id":0,"font":"","enabled":false},"version":2}},"categories":[4],"tags":[116],"class_list":["post-949","post","type-post","status-publish","format-standard","has-post-thumbnail","hentry","category-diversos","tag-carnaval-2026"],"yoast_head":"<!-- This site is optimized with the Yoast SEO plugin v27.4 - https:\/\/yoast.com\/product\/yoast-seo-wordpress\/ -->\n<title>Carnaval 2026, o que muda no comercio neste per\u00edodo?<\/title>\n<meta name=\"description\" content=\"Entenda como o Carnaval 2026 impacta o com\u00e9rcio, as vendas, os pagamentos, o consumo e descubra estrat\u00e9gias para lucrar e economizar\" \/>\n<meta name=\"robots\" content=\"index, follow, max-snippet:-1, max-image-preview:large, max-video-preview:-1\" \/>\n<link rel=\"canonical\" href=\"https:\/\/maratonadoconsumidor.com.br\/en\/carnaval-2026-o-que-muda-no-comercio-neste-periodo\/\" \/>\n<meta property=\"og:locale\" content=\"en_US\" \/>\n<meta property=\"og:type\" content=\"article\" \/>\n<meta property=\"og:title\" content=\"Carnaval 2026, o que muda no comercio neste per\u00edodo?\" \/>\n<meta property=\"og:description\" content=\"Entenda como o Carnaval 2026 impacta o com\u00e9rcio, as vendas, os pagamentos, o consumo e descubra estrat\u00e9gias para lucrar e economizar\" \/>\n<meta property=\"og:url\" content=\"https:\/\/maratonadoconsumidor.com.br\/en\/carnaval-2026-o-que-muda-no-comercio-neste-periodo\/\" \/>\n<meta property=\"article:publisher\" content=\"https:\/\/www.facebook.com\/canaldomaratonadoconsumidor\" \/>\n<meta property=\"article:published_time\" content=\"2026-02-08T20:24:19+00:00\" \/>\n<meta property=\"article:modified_time\" content=\"2026-02-08T20:24:24+00:00\" \/>\n<meta property=\"og:image\" content=\"https:\/\/maratonadoconsumidor.com.br\/wp-content\/uploads\/2026\/02\/Design-sem-nome-26.jpg\" \/>\n\t<meta property=\"og:image:width\" content=\"1200\" \/>\n\t<meta property=\"og:image:height\" content=\"800\" \/>\n\t<meta property=\"og:image:type\" content=\"image\/jpeg\" \/>\n<meta name=\"author\" content=\"Emilio de Vicente\" \/>\n<meta name=\"twitter:card\" content=\"summary_large_image\" \/>\n<meta name=\"twitter:creator\" content=\"@MaratonadoCons1\" \/>\n<meta name=\"twitter:site\" content=\"@MaratonadoCons1\" \/>\n<meta name=\"twitter:label1\" content=\"Written by\" \/>\n\t<meta name=\"twitter:data1\" content=\"Emilio de Vicente\" \/>\n\t<meta name=\"twitter:label2\" content=\"Est. reading time\" \/>\n\t<meta name=\"twitter:data2\" content=\"13 minutes\" \/>\n<script type=\"application\/ld+json\" class=\"yoast-schema-graph\">{\"@context\":\"https:\\\/\\\/schema.org\",\"@graph\":[{\"@type\":\"Article\",\"@id\":\"https:\\\/\\\/maratonadoconsumidor.com.br\\\/carnaval-2026-o-que-muda-no-comercio-neste-periodo\\\/#article\",\"isPartOf\":{\"@id\":\"https:\\\/\\\/maratonadoconsumidor.com.br\\\/carnaval-2026-o-que-muda-no-comercio-neste-periodo\\\/\"},\"author\":{\"name\":\"Emilio de Vicente\",\"@id\":\"https:\\\/\\\/maratonadoconsumidor.com.br\\\/#\\\/schema\\\/person\\\/01c74586a582dc988d4334293f57343c\"},\"headline\":\"\ud83c\udfad Carnaval 2026: O que muda no com\u00e9rcio neste per\u00edodo?\",\"datePublished\":\"2026-02-08T20:24:19+00:00\",\"dateModified\":\"2026-02-08T20:24:24+00:00\",\"mainEntityOfPage\":{\"@id\":\"https:\\\/\\\/maratonadoconsumidor.com.br\\\/carnaval-2026-o-que-muda-no-comercio-neste-periodo\\\/\"},\"wordCount\":2342,\"commentCount\":0,\"publisher\":{\"@id\":\"https:\\\/\\\/maratonadoconsumidor.com.br\\\/#organization\"},\"image\":{\"@id\":\"https:\\\/\\\/maratonadoconsumidor.com.br\\\/carnaval-2026-o-que-muda-no-comercio-neste-periodo\\\/#primaryimage\"},\"thumbnailUrl\":\"https:\\\/\\\/i0.wp.com\\\/maratonadoconsumidor.com.br\\\/wp-content\\\/uploads\\\/2026\\\/02\\\/Design-sem-nome-26.jpg?fit=1200%2C800&ssl=1\",\"keywords\":[\"Carnaval 2026\"],\"articleSection\":[\"Diversos\"],\"inLanguage\":\"en-US\",\"potentialAction\":[{\"@type\":\"CommentAction\",\"name\":\"Comment\",\"target\":[\"https:\\\/\\\/maratonadoconsumidor.com.br\\\/carnaval-2026-o-que-muda-no-comercio-neste-periodo\\\/#respond\"]}]},{\"@type\":\"WebPage\",\"@id\":\"https:\\\/\\\/maratonadoconsumidor.com.br\\\/carnaval-2026-o-que-muda-no-comercio-neste-periodo\\\/\",\"url\":\"https:\\\/\\\/maratonadoconsumidor.com.br\\\/carnaval-2026-o-que-muda-no-comercio-neste-periodo\\\/\",\"name\":\"Carnaval 2026, o que muda no comercio neste per\u00edodo?\",\"isPartOf\":{\"@id\":\"https:\\\/\\\/maratonadoconsumidor.com.br\\\/#website\"},\"primaryImageOfPage\":{\"@id\":\"https:\\\/\\\/maratonadoconsumidor.com.br\\\/carnaval-2026-o-que-muda-no-comercio-neste-periodo\\\/#primaryimage\"},\"image\":{\"@id\":\"https:\\\/\\\/maratonadoconsumidor.com.br\\\/carnaval-2026-o-que-muda-no-comercio-neste-periodo\\\/#primaryimage\"},\"thumbnailUrl\":\"https:\\\/\\\/i0.wp.com\\\/maratonadoconsumidor.com.br\\\/wp-content\\\/uploads\\\/2026\\\/02\\\/Design-sem-nome-26.jpg?fit=1200%2C800&ssl=1\",\"datePublished\":\"2026-02-08T20:24:19+00:00\",\"dateModified\":\"2026-02-08T20:24:24+00:00\",\"description\":\"Entenda como o Carnaval 2026 impacta o com\u00e9rcio, as vendas, os pagamentos, o consumo e descubra estrat\u00e9gias para lucrar e economizar\",\"breadcrumb\":{\"@id\":\"https:\\\/\\\/maratonadoconsumidor.com.br\\\/carnaval-2026-o-que-muda-no-comercio-neste-periodo\\\/#breadcrumb\"},\"inLanguage\":\"en-US\",\"potentialAction\":[{\"@type\":\"ReadAction\",\"target\":[\"https:\\\/\\\/maratonadoconsumidor.com.br\\\/carnaval-2026-o-que-muda-no-comercio-neste-periodo\\\/\"]}]},{\"@type\":\"ImageObject\",\"inLanguage\":\"en-US\",\"@id\":\"https:\\\/\\\/maratonadoconsumidor.com.br\\\/carnaval-2026-o-que-muda-no-comercio-neste-periodo\\\/#primaryimage\",\"url\":\"https:\\\/\\\/i0.wp.com\\\/maratonadoconsumidor.com.br\\\/wp-content\\\/uploads\\\/2026\\\/02\\\/Design-sem-nome-26.jpg?fit=1200%2C800&ssl=1\",\"contentUrl\":\"https:\\\/\\\/i0.wp.com\\\/maratonadoconsumidor.com.br\\\/wp-content\\\/uploads\\\/2026\\\/02\\\/Design-sem-nome-26.jpg?fit=1200%2C800&ssl=1\",\"width\":1200,\"height\":800,\"caption\":\"Carnaval 2026, o que muda no comercio neste per\u00edodo?\"},{\"@type\":\"BreadcrumbList\",\"@id\":\"https:\\\/\\\/maratonadoconsumidor.com.br\\\/carnaval-2026-o-que-muda-no-comercio-neste-periodo\\\/#breadcrumb\",\"itemListElement\":[{\"@type\":\"ListItem\",\"position\":1,\"name\":\"In\u00edcio\",\"item\":\"https:\\\/\\\/maratonadoconsumidor.com.br\\\/\"},{\"@type\":\"ListItem\",\"position\":2,\"name\":\"\ud83c\udfad Carnaval 2026: O que muda no com\u00e9rcio neste per\u00edodo?\"}]},{\"@type\":\"WebSite\",\"@id\":\"https:\\\/\\\/maratonadoconsumidor.com.br\\\/#website\",\"url\":\"https:\\\/\\\/maratonadoconsumidor.com.br\\\/\",\"name\":\"Maratona do Consumidor\",\"description\":\"\",\"publisher\":{\"@id\":\"https:\\\/\\\/maratonadoconsumidor.com.br\\\/#organization\"},\"potentialAction\":[{\"@type\":\"SearchAction\",\"target\":{\"@type\":\"EntryPoint\",\"urlTemplate\":\"https:\\\/\\\/maratonadoconsumidor.com.br\\\/?s={search_term_string}\"},\"query-input\":{\"@type\":\"PropertyValueSpecification\",\"valueRequired\":true,\"valueName\":\"search_term_string\"}}],\"inLanguage\":\"en-US\"},{\"@type\":\"Organization\",\"@id\":\"https:\\\/\\\/maratonadoconsumidor.com.br\\\/#organization\",\"name\":\"Maratona do Consumidor\",\"url\":\"https:\\\/\\\/maratonadoconsumidor.com.br\\\/\",\"logo\":{\"@type\":\"ImageObject\",\"inLanguage\":\"en-US\",\"@id\":\"https:\\\/\\\/maratonadoconsumidor.com.br\\\/#\\\/schema\\\/logo\\\/image\\\/\",\"url\":\"https:\\\/\\\/maratonadoconsumidor.com.br\\\/wp-content\\\/uploads\\\/2025\\\/06\\\/MARATONA-DO-CONSUMIDOR-160.png\",\"contentUrl\":\"https:\\\/\\\/maratonadoconsumidor.com.br\\\/wp-content\\\/uploads\\\/2025\\\/06\\\/MARATONA-DO-CONSUMIDOR-160.png\",\"width\":180,\"height\":60,\"caption\":\"Maratona do Consumidor\"},\"image\":{\"@id\":\"https:\\\/\\\/maratonadoconsumidor.com.br\\\/#\\\/schema\\\/logo\\\/image\\\/\"},\"sameAs\":[\"https:\\\/\\\/www.facebook.com\\\/canaldomaratonadoconsumidor\",\"https:\\\/\\\/x.com\\\/MaratonadoCons1\",\"https:\\\/\\\/www.instagram.com\\\/maratonadoconsumidor\\\/\",\"https:\\\/\\\/www.youtube.com\\\/@MaratonadoConsumidor\"]},{\"@type\":\"Person\",\"@id\":\"https:\\\/\\\/maratonadoconsumidor.com.br\\\/#\\\/schema\\\/person\\\/01c74586a582dc988d4334293f57343c\",\"name\":\"Emilio de Vicente\",\"image\":{\"@type\":\"ImageObject\",\"inLanguage\":\"en-US\",\"@id\":\"https:\\\/\\\/maratonadoconsumidor.com.br\\\/wp-content\\\/uploads\\\/2025\\\/09\\\/cropped-Captura-de-tela-2024-05-15-133101-96x96.png\",\"url\":\"https:\\\/\\\/maratonadoconsumidor.com.br\\\/wp-content\\\/uploads\\\/2025\\\/09\\\/cropped-Captura-de-tela-2024-05-15-133101-96x96.png\",\"contentUrl\":\"https:\\\/\\\/maratonadoconsumidor.com.br\\\/wp-content\\\/uploads\\\/2025\\\/09\\\/cropped-Captura-de-tela-2024-05-15-133101-96x96.png\",\"caption\":\"Emilio de Vicente\"},\"description\":\"Emilio de Vicente \u00e9 o autor e respons\u00e1vel pelos conte\u00fados do site Maratona do Consumidor, trazendo informa\u00e7\u00f5es atualizadas, an\u00e1lises profundas e artigos relevantes sobre diversos temas do cotidiano relacionados dicas, comparativos de produtos e pre\u00e7os, consumo inteligente, finan\u00e7as em geral e muito mais.\",\"sameAs\":[\"https:\\\/\\\/maratonadoconsumidor.com.br\"],\"url\":\"https:\\\/\\\/maratonadoconsumidor.com.br\\\/en\\\/author\\\/emilio\\\/\"}]}<\/script>\n<!-- \/ Yoast SEO plugin. -->","yoast_head_json":{"title":"Carnaval 2026, o que muda no comercio neste per\u00edodo?","description":"Entenda como o Carnaval 2026 impacta o com\u00e9rcio, as vendas, os pagamentos, o consumo e descubra estrat\u00e9gias para lucrar e economizar","robots":{"index":"index","follow":"follow","max-snippet":"max-snippet:-1","max-image-preview":"max-image-preview:large","max-video-preview":"max-video-preview:-1"},"canonical":"https:\/\/maratonadoconsumidor.com.br\/en\/carnaval-2026-o-que-muda-no-comercio-neste-periodo\/","og_locale":"en_US","og_type":"article","og_title":"Carnaval 2026, o que muda no comercio neste per\u00edodo?","og_description":"Entenda como o Carnaval 2026 impacta o com\u00e9rcio, as vendas, os pagamentos, o consumo e descubra estrat\u00e9gias para lucrar e economizar","og_url":"https:\/\/maratonadoconsumidor.com.br\/en\/carnaval-2026-o-que-muda-no-comercio-neste-periodo\/","article_publisher":"https:\/\/www.facebook.com\/canaldomaratonadoconsumidor","article_published_time":"2026-02-08T20:24:19+00:00","article_modified_time":"2026-02-08T20:24:24+00:00","og_image":[{"width":1200,"height":800,"url":"https:\/\/maratonadoconsumidor.com.br\/wp-content\/uploads\/2026\/02\/Design-sem-nome-26.jpg","type":"image\/jpeg"}],"author":"Emilio de Vicente","twitter_card":"summary_large_image","twitter_creator":"@MaratonadoCons1","twitter_site":"@MaratonadoCons1","twitter_misc":{"Written by":"Emilio de Vicente","Est. reading time":"13 minutes"},"schema":{"@context":"https:\/\/schema.org","@graph":[{"@type":"Article","@id":"https:\/\/maratonadoconsumidor.com.br\/carnaval-2026-o-que-muda-no-comercio-neste-periodo\/#article","isPartOf":{"@id":"https:\/\/maratonadoconsumidor.com.br\/carnaval-2026-o-que-muda-no-comercio-neste-periodo\/"},"author":{"name":"Emilio de Vicente","@id":"https:\/\/maratonadoconsumidor.com.br\/#\/schema\/person\/01c74586a582dc988d4334293f57343c"},"headline":"\ud83c\udfad Carnaval 2026: O que muda no com\u00e9rcio neste per\u00edodo?","datePublished":"2026-02-08T20:24:19+00:00","dateModified":"2026-02-08T20:24:24+00:00","mainEntityOfPage":{"@id":"https:\/\/maratonadoconsumidor.com.br\/carnaval-2026-o-que-muda-no-comercio-neste-periodo\/"},"wordCount":2342,"commentCount":0,"publisher":{"@id":"https:\/\/maratonadoconsumidor.com.br\/#organization"},"image":{"@id":"https:\/\/maratonadoconsumidor.com.br\/carnaval-2026-o-que-muda-no-comercio-neste-periodo\/#primaryimage"},"thumbnailUrl":"https:\/\/i0.wp.com\/maratonadoconsumidor.com.br\/wp-content\/uploads\/2026\/02\/Design-sem-nome-26.jpg?fit=1200%2C800&ssl=1","keywords":["Carnaval 2026"],"articleSection":["Diversos"],"inLanguage":"en-US","potentialAction":[{"@type":"CommentAction","name":"Comment","target":["https:\/\/maratonadoconsumidor.com.br\/carnaval-2026-o-que-muda-no-comercio-neste-periodo\/#respond"]}]},{"@type":"WebPage","@id":"https:\/\/maratonadoconsumidor.com.br\/carnaval-2026-o-que-muda-no-comercio-neste-periodo\/","url":"https:\/\/maratonadoconsumidor.com.br\/carnaval-2026-o-que-muda-no-comercio-neste-periodo\/","name":"Carnaval 2026, o que muda no comercio neste per\u00edodo?","isPartOf":{"@id":"https:\/\/maratonadoconsumidor.com.br\/#website"},"primaryImageOfPage":{"@id":"https:\/\/maratonadoconsumidor.com.br\/carnaval-2026-o-que-muda-no-comercio-neste-periodo\/#primaryimage"},"image":{"@id":"https:\/\/maratonadoconsumidor.com.br\/carnaval-2026-o-que-muda-no-comercio-neste-periodo\/#primaryimage"},"thumbnailUrl":"https:\/\/i0.wp.com\/maratonadoconsumidor.com.br\/wp-content\/uploads\/2026\/02\/Design-sem-nome-26.jpg?fit=1200%2C800&ssl=1","datePublished":"2026-02-08T20:24:19+00:00","dateModified":"2026-02-08T20:24:24+00:00","description":"Entenda como o Carnaval 2026 impacta o com\u00e9rcio, as vendas, os pagamentos, o consumo e descubra estrat\u00e9gias para lucrar e economizar","breadcrumb":{"@id":"https:\/\/maratonadoconsumidor.com.br\/carnaval-2026-o-que-muda-no-comercio-neste-periodo\/#breadcrumb"},"inLanguage":"en-US","potentialAction":[{"@type":"ReadAction","target":["https:\/\/maratonadoconsumidor.com.br\/carnaval-2026-o-que-muda-no-comercio-neste-periodo\/"]}]},{"@type":"ImageObject","inLanguage":"en-US","@id":"https:\/\/maratonadoconsumidor.com.br\/carnaval-2026-o-que-muda-no-comercio-neste-periodo\/#primaryimage","url":"https:\/\/i0.wp.com\/maratonadoconsumidor.com.br\/wp-content\/uploads\/2026\/02\/Design-sem-nome-26.jpg?fit=1200%2C800&ssl=1","contentUrl":"https:\/\/i0.wp.com\/maratonadoconsumidor.com.br\/wp-content\/uploads\/2026\/02\/Design-sem-nome-26.jpg?fit=1200%2C800&ssl=1","width":1200,"height":800,"caption":"Carnaval 2026, o que muda no comercio neste per\u00edodo?"},{"@type":"BreadcrumbList","@id":"https:\/\/maratonadoconsumidor.com.br\/carnaval-2026-o-que-muda-no-comercio-neste-periodo\/#breadcrumb","itemListElement":[{"@type":"ListItem","position":1,"name":"In\u00edcio","item":"https:\/\/maratonadoconsumidor.com.br\/"},{"@type":"ListItem","position":2,"name":"\ud83c\udfad Carnaval 2026: O que muda no com\u00e9rcio neste per\u00edodo?"}]},{"@type":"WebSite","@id":"https:\/\/maratonadoconsumidor.com.br\/#website","url":"https:\/\/maratonadoconsumidor.com.br\/","name":"Maratona do Consumidor","description":"","publisher":{"@id":"https:\/\/maratonadoconsumidor.com.br\/#organization"},"potentialAction":[{"@type":"SearchAction","target":{"@type":"EntryPoint","urlTemplate":"https:\/\/maratonadoconsumidor.com.br\/?s={search_term_string}"},"query-input":{"@type":"PropertyValueSpecification","valueRequired":true,"valueName":"search_term_string"}}],"inLanguage":"en-US"},{"@type":"Organization","@id":"https:\/\/maratonadoconsumidor.com.br\/#organization","name":"Maratona do Consumidor","url":"https:\/\/maratonadoconsumidor.com.br\/","logo":{"@type":"ImageObject","inLanguage":"en-US","@id":"https:\/\/maratonadoconsumidor.com.br\/#\/schema\/logo\/image\/","url":"https:\/\/maratonadoconsumidor.com.br\/wp-content\/uploads\/2025\/06\/MARATONA-DO-CONSUMIDOR-160.png","contentUrl":"https:\/\/maratonadoconsumidor.com.br\/wp-content\/uploads\/2025\/06\/MARATONA-DO-CONSUMIDOR-160.png","width":180,"height":60,"caption":"Maratona do Consumidor"},"image":{"@id":"https:\/\/maratonadoconsumidor.com.br\/#\/schema\/logo\/image\/"},"sameAs":["https:\/\/www.facebook.com\/canaldomaratonadoconsumidor","https:\/\/x.com\/MaratonadoCons1","https:\/\/www.instagram.com\/maratonadoconsumidor\/","https:\/\/www.youtube.com\/@MaratonadoConsumidor"]},{"@type":"Person","@id":"https:\/\/maratonadoconsumidor.com.br\/#\/schema\/person\/01c74586a582dc988d4334293f57343c","name":"Emilio de Vicente","image":{"@type":"ImageObject","inLanguage":"en-US","@id":"https:\/\/maratonadoconsumidor.com.br\/wp-content\/uploads\/2025\/09\/cropped-Captura-de-tela-2024-05-15-133101-96x96.png","url":"https:\/\/maratonadoconsumidor.com.br\/wp-content\/uploads\/2025\/09\/cropped-Captura-de-tela-2024-05-15-133101-96x96.png","contentUrl":"https:\/\/maratonadoconsumidor.com.br\/wp-content\/uploads\/2025\/09\/cropped-Captura-de-tela-2024-05-15-133101-96x96.png","caption":"Emilio de Vicente"},"description":"Emilio de Vicente \u00e9 o autor e respons\u00e1vel pelos conte\u00fados do site Maratona do Consumidor, trazendo informa\u00e7\u00f5es atualizadas, an\u00e1lises profundas e artigos relevantes sobre diversos temas do cotidiano relacionados dicas, comparativos de produtos e pre\u00e7os, consumo inteligente, finan\u00e7as em geral e muito mais.","sameAs":["https:\/\/maratonadoconsumidor.com.br"],"url":"https:\/\/maratonadoconsumidor.com.br\/en\/author\/emilio\/"}]}},"jetpack_publicize_connections":[],"jetpack_featured_media_url":"https:\/\/i0.wp.com\/maratonadoconsumidor.com.br\/wp-content\/uploads\/2026\/02\/Design-sem-nome-26.jpg?fit=1200%2C800&ssl=1","jetpack-related-posts":[{"id":1004,"url":"https:\/\/maratonadoconsumidor.com.br\/en\/conheca-veneza-a-cidade-sobre-as-aguas-do-mar\/","url_meta":{"origin":949,"position":0},"title":"Conhe\u00e7a Veneza, a cidade sobre as \u00e1guas do mar","author":"Emilio de Vicente","date":"22 de February de 2026","format":false,"excerpt":"Um cen\u00e1rio que parece flutuar sobre o tempo Poucas cidades no mundo despertam tanto fasc\u00ednio quanto Veneza. Constru\u00edda sobre mais de 100 pequenas ilhas em uma lagoa do Mar Adri\u00e1tico, no norte da It\u00e1lia, ela desafia a l\u00f3gica urbana tradicional: n\u00e3o h\u00e1 ruas no sentido convencional, mas canais; n\u00e3o h\u00e1\u2026","rel":"","context":"In &quot;Turismo&quot;","block_context":{"text":"Turismo","link":"https:\/\/maratonadoconsumidor.com.br\/en\/category\/turismo\/"},"img":{"alt_text":"Conhe\u00e7a Veneza, a cidade sobre as \u00e1guas do mar","src":"https:\/\/i0.wp.com\/maratonadoconsumidor.com.br\/wp-content\/uploads\/2026\/02\/Design-sem-nome-28.jpg?fit=1200%2C800&ssl=1&resize=350%2C200","width":350,"height":200,"srcset":"https:\/\/i0.wp.com\/maratonadoconsumidor.com.br\/wp-content\/uploads\/2026\/02\/Design-sem-nome-28.jpg?fit=1200%2C800&ssl=1&resize=350%2C200 1x, https:\/\/i0.wp.com\/maratonadoconsumidor.com.br\/wp-content\/uploads\/2026\/02\/Design-sem-nome-28.jpg?fit=1200%2C800&ssl=1&resize=525%2C300 1.5x, https:\/\/i0.wp.com\/maratonadoconsumidor.com.br\/wp-content\/uploads\/2026\/02\/Design-sem-nome-28.jpg?fit=1200%2C800&ssl=1&resize=700%2C400 2x, https:\/\/i0.wp.com\/maratonadoconsumidor.com.br\/wp-content\/uploads\/2026\/02\/Design-sem-nome-28.jpg?fit=1200%2C800&ssl=1&resize=1050%2C600 3x"},"classes":[]},{"id":997,"url":"https:\/\/maratonadoconsumidor.com.br\/en\/endividamento-das-familias-brasileiras-cresce-mais-de-80\/","url_meta":{"origin":949,"position":1},"title":"Endividamento das Fam\u00edlias Brasileiras Cresce Mais de 80%: Entenda os Motivos e Como se Proteger","author":"Emilio de Vicente","date":"20 de February de 2026","format":false,"excerpt":"O or\u00e7amento das fam\u00edlias brasileiras est\u00e1 cada vez mais pressionado. O aumento expressivo do endividamento que j\u00e1 supera 80% dos lares no pa\u00eds, segundo levantamentos da Confedera\u00e7\u00e3o Nacional do Com\u00e9rcio de Bens, Servi\u00e7os e Turismo acende um alerta importante sobre a sa\u00fade financeira da popula\u00e7\u00e3o. Mais do que n\u00fameros, esse\u2026","rel":"","context":"In &quot;Diversos&quot;","block_context":{"text":"Diversos","link":"https:\/\/maratonadoconsumidor.com.br\/en\/category\/diversos\/"},"img":{"alt_text":"Endividamento das Fam\u00edlias Brasileiras Cresce Mais de 80%: Entenda os Motivos e Como se Proteger","src":"https:\/\/i0.wp.com\/maratonadoconsumidor.com.br\/wp-content\/uploads\/2026\/02\/Design-sem-nome-31-1.jpg?fit=1200%2C800&ssl=1&resize=350%2C200","width":350,"height":200,"srcset":"https:\/\/i0.wp.com\/maratonadoconsumidor.com.br\/wp-content\/uploads\/2026\/02\/Design-sem-nome-31-1.jpg?fit=1200%2C800&ssl=1&resize=350%2C200 1x, https:\/\/i0.wp.com\/maratonadoconsumidor.com.br\/wp-content\/uploads\/2026\/02\/Design-sem-nome-31-1.jpg?fit=1200%2C800&ssl=1&resize=525%2C300 1.5x, https:\/\/i0.wp.com\/maratonadoconsumidor.com.br\/wp-content\/uploads\/2026\/02\/Design-sem-nome-31-1.jpg?fit=1200%2C800&ssl=1&resize=700%2C400 2x, https:\/\/i0.wp.com\/maratonadoconsumidor.com.br\/wp-content\/uploads\/2026\/02\/Design-sem-nome-31-1.jpg?fit=1200%2C800&ssl=1&resize=1050%2C600 3x"},"classes":[]},{"id":1011,"url":"https:\/\/maratonadoconsumidor.com.br\/en\/economia-das-pequenas-e-medias-empresas-em-2026\/","url_meta":{"origin":949,"position":2},"title":"Como anda a economia das pequenas e m\u00e9dias empresas em 2026?","author":"Emilio de Vicente","date":"22 de February de 2026","format":false,"excerpt":"Ao entrar em 2026, pequenas e m\u00e9dias empresas (PMEs) continuam desempenhando papel central na economia no Brasil e no mundo impulsionando mercados, empregos e inova\u00e7\u00e3o. No entanto, esse cen\u00e1rio \u00e9 marcado por desafios macroecon\u00f4micos, transforma\u00e7\u00f5es tecnol\u00f3gicas e novas exig\u00eancias regulat\u00f3rias que moldam como os pequenos neg\u00f3cios operam, competem e crescem.\u2026","rel":"","context":"In &quot;Comparativos&quot;","block_context":{"text":"Comparativos","link":"https:\/\/maratonadoconsumidor.com.br\/en\/category\/comparativos\/"},"img":{"alt_text":"Como anda a economia das pequenas e m\u00e9dias empresas em 2026?","src":"https:\/\/i0.wp.com\/maratonadoconsumidor.com.br\/wp-content\/uploads\/2026\/02\/Design-sem-nome-37-1.jpg?fit=1200%2C800&ssl=1&resize=350%2C200","width":350,"height":200,"srcset":"https:\/\/i0.wp.com\/maratonadoconsumidor.com.br\/wp-content\/uploads\/2026\/02\/Design-sem-nome-37-1.jpg?fit=1200%2C800&ssl=1&resize=350%2C200 1x, https:\/\/i0.wp.com\/maratonadoconsumidor.com.br\/wp-content\/uploads\/2026\/02\/Design-sem-nome-37-1.jpg?fit=1200%2C800&ssl=1&resize=525%2C300 1.5x, https:\/\/i0.wp.com\/maratonadoconsumidor.com.br\/wp-content\/uploads\/2026\/02\/Design-sem-nome-37-1.jpg?fit=1200%2C800&ssl=1&resize=700%2C400 2x, https:\/\/i0.wp.com\/maratonadoconsumidor.com.br\/wp-content\/uploads\/2026\/02\/Design-sem-nome-37-1.jpg?fit=1200%2C800&ssl=1&resize=1050%2C600 3x"},"classes":[]},{"id":1074,"url":"https:\/\/maratonadoconsumidor.com.br\/en\/maquinas-de-cartao-de-credito-podem-oferecer-de-beneficio\/","url_meta":{"origin":949,"position":3},"title":"O que as maquininhas de cart\u00e3o de cr\u00e9dito podem oferecer de benef\u00edcio ao consumidor?","author":"Emilio de Vicente","date":"10 de March de 2026","format":false,"excerpt":"A transforma\u00e7\u00e3o dos pagamentos no dia a dia Nos \u00faltimos anos, a forma como as pessoas realizam pagamentos mudou significativamente. O dinheiro em esp\u00e9cie j\u00e1 n\u00e3o \u00e9 mais o \u00fanico meio utilizado no com\u00e9rcio, e os cart\u00f5es de cr\u00e9dito e d\u00e9bito passaram a ocupar um papel central nas transa\u00e7\u00f5es financeiras.\u2026","rel":"","context":"In &quot;Comparativos&quot;","block_context":{"text":"Comparativos","link":"https:\/\/maratonadoconsumidor.com.br\/en\/category\/comparativos\/"},"img":{"alt_text":"O que as maquininhas de cart\u00e3o de cr\u00e9dito podem oferecer de benef\u00edcio ao consumidor?","src":"https:\/\/i0.wp.com\/maratonadoconsumidor.com.br\/wp-content\/uploads\/2026\/03\/Design-sem-nome-18.jpg?fit=1200%2C800&ssl=1&resize=350%2C200","width":350,"height":200,"srcset":"https:\/\/i0.wp.com\/maratonadoconsumidor.com.br\/wp-content\/uploads\/2026\/03\/Design-sem-nome-18.jpg?fit=1200%2C800&ssl=1&resize=350%2C200 1x, https:\/\/i0.wp.com\/maratonadoconsumidor.com.br\/wp-content\/uploads\/2026\/03\/Design-sem-nome-18.jpg?fit=1200%2C800&ssl=1&resize=525%2C300 1.5x, https:\/\/i0.wp.com\/maratonadoconsumidor.com.br\/wp-content\/uploads\/2026\/03\/Design-sem-nome-18.jpg?fit=1200%2C800&ssl=1&resize=700%2C400 2x, https:\/\/i0.wp.com\/maratonadoconsumidor.com.br\/wp-content\/uploads\/2026\/03\/Design-sem-nome-18.jpg?fit=1200%2C800&ssl=1&resize=1050%2C600 3x"},"classes":[]},{"id":844,"url":"https:\/\/maratonadoconsumidor.com.br\/en\/inflacao-de-outubro-surpreende-com-009-e-indica-estabilidade\/","url_meta":{"origin":949,"position":4},"title":"Infla\u00e7\u00e3o de outubro surpreende com 0,09% e indica estabilidade nos pre\u00e7os","author":"Emilio de Vicente","date":"11 de November de 2025","format":false,"excerpt":"O m\u00eas de outubro trouxe uma boa not\u00edcia para os consumidores brasileiros: a infla\u00e7\u00e3o oficial, medida pelo \u00cdndice Nacional de Pre\u00e7os ao Consumidor Amplo (IPCA), ficou em 0,09%, o menor resultado para o m\u00eas desde 1998. Em um cen\u00e1rio de incertezas econ\u00f4micas e oscila\u00e7\u00e3o de pre\u00e7os, o dado refor\u00e7a a\u2026","rel":"","context":"In &quot;Diversos&quot;","block_context":{"text":"Diversos","link":"https:\/\/maratonadoconsumidor.com.br\/en\/category\/diversos\/"},"img":{"alt_text":"Infla\u00e7\u00e3o de outubro surpreende com 0,09% e indica estabilidade nos pre\u00e7os","src":"https:\/\/i0.wp.com\/maratonadoconsumidor.com.br\/wp-content\/uploads\/2025\/11\/Design-sem-nome-1-3.jpg?fit=1200%2C800&ssl=1&resize=350%2C200","width":350,"height":200,"srcset":"https:\/\/i0.wp.com\/maratonadoconsumidor.com.br\/wp-content\/uploads\/2025\/11\/Design-sem-nome-1-3.jpg?fit=1200%2C800&ssl=1&resize=350%2C200 1x, https:\/\/i0.wp.com\/maratonadoconsumidor.com.br\/wp-content\/uploads\/2025\/11\/Design-sem-nome-1-3.jpg?fit=1200%2C800&ssl=1&resize=525%2C300 1.5x, https:\/\/i0.wp.com\/maratonadoconsumidor.com.br\/wp-content\/uploads\/2025\/11\/Design-sem-nome-1-3.jpg?fit=1200%2C800&ssl=1&resize=700%2C400 2x, https:\/\/i0.wp.com\/maratonadoconsumidor.com.br\/wp-content\/uploads\/2025\/11\/Design-sem-nome-1-3.jpg?fit=1200%2C800&ssl=1&resize=1050%2C600 3x"},"classes":[]},{"id":914,"url":"https:\/\/maratonadoconsumidor.com.br\/en\/o-que-esperar-da-economia-brasileira-em-2026\/","url_meta":{"origin":949,"position":5},"title":"O que esperar da economia brasileira em 2026?","author":"Emilio de Vicente","date":"1 de January de 2026","format":false,"excerpt":"A economia brasileira entra em 2026 cercada por expectativas, incertezas e oportunidades que exigem aten\u00e7\u00e3o redobrada de consumidores, investidores e empreendedores. Ap\u00f3s anos marcados por infla\u00e7\u00e3o elevada, juros altos e desafios fiscais, o pa\u00eds passa a conviver com um cen\u00e1rio mais complexo, no qual decis\u00f5es internas e fatores globais caminham\u2026","rel":"","context":"In &quot;Diversos&quot;","block_context":{"text":"Diversos","link":"https:\/\/maratonadoconsumidor.com.br\/en\/category\/diversos\/"},"img":{"alt_text":"O que esperar da economia brasileira em 2026?","src":"https:\/\/i0.wp.com\/maratonadoconsumidor.com.br\/wp-content\/uploads\/2026\/01\/Design-sem-nome-12.jpg?fit=1200%2C800&ssl=1&resize=350%2C200","width":350,"height":200,"srcset":"https:\/\/i0.wp.com\/maratonadoconsumidor.com.br\/wp-content\/uploads\/2026\/01\/Design-sem-nome-12.jpg?fit=1200%2C800&ssl=1&resize=350%2C200 1x, https:\/\/i0.wp.com\/maratonadoconsumidor.com.br\/wp-content\/uploads\/2026\/01\/Design-sem-nome-12.jpg?fit=1200%2C800&ssl=1&resize=525%2C300 1.5x, https:\/\/i0.wp.com\/maratonadoconsumidor.com.br\/wp-content\/uploads\/2026\/01\/Design-sem-nome-12.jpg?fit=1200%2C800&ssl=1&resize=700%2C400 2x, https:\/\/i0.wp.com\/maratonadoconsumidor.com.br\/wp-content\/uploads\/2026\/01\/Design-sem-nome-12.jpg?fit=1200%2C800&ssl=1&resize=1050%2C600 3x"},"classes":[]}],"jetpack_sharing_enabled":true,"jetpack_likes_enabled":true,"_links":{"self":[{"href":"https:\/\/maratonadoconsumidor.com.br\/en\/wp-json\/wp\/v2\/posts\/949","targetHints":{"allow":["GET"]}}],"collection":[{"href":"https:\/\/maratonadoconsumidor.com.br\/en\/wp-json\/wp\/v2\/posts"}],"about":[{"href":"https:\/\/maratonadoconsumidor.com.br\/en\/wp-json\/wp\/v2\/types\/post"}],"author":[{"embeddable":true,"href":"https:\/\/maratonadoconsumidor.com.br\/en\/wp-json\/wp\/v2\/users\/1"}],"replies":[{"embeddable":true,"href":"https:\/\/maratonadoconsumidor.com.br\/en\/wp-json\/wp\/v2\/comments?post=949"}],"version-history":[{"count":1,"href":"https:\/\/maratonadoconsumidor.com.br\/en\/wp-json\/wp\/v2\/posts\/949\/revisions"}],"predecessor-version":[{"id":954,"href":"https:\/\/maratonadoconsumidor.com.br\/en\/wp-json\/wp\/v2\/posts\/949\/revisions\/954"}],"wp:featuredmedia":[{"embeddable":true,"href":"https:\/\/maratonadoconsumidor.com.br\/en\/wp-json\/wp\/v2\/media\/951"}],"wp:attachment":[{"href":"https:\/\/maratonadoconsumidor.com.br\/en\/wp-json\/wp\/v2\/media?parent=949"}],"wp:term":[{"taxonomy":"category","embeddable":true,"href":"https:\/\/maratonadoconsumidor.com.br\/en\/wp-json\/wp\/v2\/categories?post=949"},{"taxonomy":"post_tag","embeddable":true,"href":"https:\/\/maratonadoconsumidor.com.br\/en\/wp-json\/wp\/v2\/tags?post=949"}],"curies":[{"name":"wp","href":"https:\/\/api.w.org\/{rel}","templated":true}]}}