{"id":914,"date":"2026-01-01T08:28:20","date_gmt":"2026-01-01T11:28:20","guid":{"rendered":"https:\/\/maratonadoconsumidor.com.br\/?p=914"},"modified":"2026-01-01T08:28:26","modified_gmt":"2026-01-01T11:28:26","slug":"o-que-esperar-da-economia-brasileira-em-2026","status":"publish","type":"post","link":"https:\/\/maratonadoconsumidor.com.br\/en\/o-que-esperar-da-economia-brasileira-em-2026\/","title":{"rendered":"O que esperar da economia brasileira em 2026?"},"content":{"rendered":"<p>A economia brasileira entra em 2026 cercada por expectativas, incertezas e oportunidades que exigem aten\u00e7\u00e3o redobrada de consumidores, investidores e empreendedores. <\/p>\n\n\n\n<p>Ap\u00f3s anos marcados por infla\u00e7\u00e3o elevada, juros altos e desafios fiscais, o pa\u00eds passa a conviver com um cen\u00e1rio mais complexo, no qual decis\u00f5es internas e fatores globais caminham lado a lado. <\/p>\n\n\n\n<p>Entender esse contexto \u00e9 fundamental para se planejar melhor e tomar decis\u00f5es financeiras mais conscientes ao longo do ano.<\/p>\n\n\n\n<p>A seguir, voc\u00ea confere uma an\u00e1lise aprofundada sobre o que esperar da economia brasileira em 2026, com foco nos principais indicadores, riscos, oportunidades e um passo a passo pr\u00e1tico para se preparar.<\/p>\n\n\n\n<h2 class=\"wp-block-heading\">O cen\u00e1rio macroecon\u00f4mico do Brasil em 2026<\/h2>\n\n\n\n<h3 class=\"wp-block-heading\">Crescimento econ\u00f4mico: avan\u00e7o moderado e desigual<\/h3>\n\n\n\n<p>Em 2026, a expectativa \u00e9 de um crescimento econ\u00f4mico mais contido, por\u00e9m est\u00e1vel. <a href=\"https:\/\/pt.wikipedia.org\/wiki\/Produto_interno_bruto\" target=\"_blank\" rel=\"noreferrer noopener\">O Produto Interno Bruto<\/a> (PIB) tende a avan\u00e7ar de forma moderada, sustentado principalmente pelo setor de servi\u00e7os e pelo agroneg\u00f3cio. A ind\u00fastria, embora estrat\u00e9gica, ainda enfrenta gargalos estruturais, como alto custo de produ\u00e7\u00e3o, log\u00edstica ineficiente e depend\u00eancia de insumos importados.<\/p>\n\n\n\n<p>Esse crescimento n\u00e3o deve ocorrer de forma homog\u00eanea. Regi\u00f5es mais ligadas ao agroneg\u00f3cio, energia e exporta\u00e7\u00f5es costumam apresentar desempenho superior, enquanto \u00e1reas urbanas altamente dependentes do consumo interno podem sentir maior oscila\u00e7\u00e3o.<\/p>\n\n\n\n<h2 class=\"wp-block-heading\">Infla\u00e7\u00e3o e custo de vida: al\u00edvio gradual, mas com cautela<\/h2>\n\n\n\n<h3 class=\"wp-block-heading\">Pre\u00e7os mais controlados, por\u00e9m sens\u00edveis<\/h3>\n\n\n\n<p>A infla\u00e7\u00e3o em 2026 tende a se manter mais pr\u00f3xima da meta, desde que n\u00e3o ocorram choques externos relevantes, como crises geopol\u00edticas ou disparadas no pre\u00e7o do petr\u00f3leo. Ainda assim, itens essenciais  como alimenta\u00e7\u00e3o, energia el\u00e9trica e combust\u00edveis  seguem altamente sens\u00edveis a fatores clim\u00e1ticos e cambiais.<\/p>\n\n\n\n<p>Para o consumidor, isso significa um certo al\u00edvio no custo de vida quando comparado a anos anteriores, mas sem espa\u00e7o para descuido. Planejamento financeiro e consumo consciente continuam sendo pe\u00e7as-chave para manter o or\u00e7amento equilibrado.<\/p>\n\n\n\n<h2 class=\"wp-block-heading\">Taxa de juros e cr\u00e9dito: novas oportunidades surgem<\/h2>\n\n\n\n<h3 class=\"wp-block-heading\">Cr\u00e9dito mais acess\u00edvel e retomada gradual<\/h3>\n\n\n\n<p>Com a infla\u00e7\u00e3o mais controlada, a tend\u00eancia para 2026 \u00e9 de juros em patamares menos restritivos. Isso abre espa\u00e7o para a retomada do cr\u00e9dito, especialmente para pessoas f\u00edsicas e pequenas empresas. Financiamentos, empr\u00e9stimos e renegocia\u00e7\u00f5es de d\u00edvidas passam a ter condi\u00e7\u00f5es mais atrativas.<\/p>\n\n\n\n<p>Por outro lado, o endividamento ainda exige cautela. O acesso facilitado ao cr\u00e9dito n\u00e3o deve ser confundido com est\u00edmulo ao consumo impulsivo. A educa\u00e7\u00e3o financeira ganha ainda mais relev\u00e2ncia nesse novo momento.<\/p>\n\n\n\n<h2 class=\"wp-block-heading\">Mercado de trabalho e renda: sinais de estabilidade<\/h2>\n\n\n\n<h3 class=\"wp-block-heading\">Emprego formal avan\u00e7a lentamente<\/h3>\n\n\n\n<p>O mercado de trabalho em 2026 deve apresentar estabilidade, com gera\u00e7\u00e3o moderada de empregos formais. Setores ligados \u00e0 tecnologia, log\u00edstica, energia renov\u00e1vel e servi\u00e7os digitais tendem a concentrar as melhores oportunidades.<\/p>\n\n\n\n<p>A renda m\u00e9dia do<a href=\"https:\/\/maratonadoconsumidor.com.br\/en\/empresas-brasileiras-estao-se-transferindo-para-o-paraguai\/\" target=\"_blank\" rel=\"noreferrer noopener\"> trabalhador<\/a> pode apresentar recupera\u00e7\u00e3o gradual, mas ainda enfrenta desafios diante do aumento dos custos fixos. Qualifica\u00e7\u00e3o profissional e adapta\u00e7\u00e3o \u00e0s novas demandas do mercado se tornam diferenciais decisivos.<\/p>\n\n\n\n<h2 class=\"wp-block-heading\">Contas p\u00fablicas e cen\u00e1rio fiscal<\/h2>\n\n\n\n<h3 class=\"wp-block-heading\">O peso das decis\u00f5es do governo<\/h3>\n\n\n\n<p>A situa\u00e7\u00e3o fiscal segue como um dos principais pontos de aten\u00e7\u00e3o da economia brasileira em 2026. O controle dos gastos p\u00fablicos, o cumprimento de metas fiscais e a capacidade de arrecada\u00e7\u00e3o influenciam diretamente a confian\u00e7a de investidores e o comportamento do c\u00e2mbio.<\/p>\n\n\n\n<p>Qualquer sinal de descontrole pode pressionar o d\u00f3lar, elevar expectativas inflacion\u00e1rias e afetar negativamente juros e investimentos. Por isso, o ambiente econ\u00f4mico permanece sens\u00edvel \u00e0s decis\u00f5es pol\u00edticas e \u00e0 condu\u00e7\u00e3o da pol\u00edtica fiscal.<\/p>\n\n\n\n<h2 class=\"wp-block-heading\">Economia global e seus reflexos no Brasil<\/h2>\n\n\n\n<h3 class=\"wp-block-heading\">Depend\u00eancia externa continua relevante<\/h3>\n\n\n\n<p>O Brasil segue altamente conectado \u00e0 economia global. Em 2026, o desempenho de grandes economias, como Estados Unidos e China, impacta diretamente as exporta\u00e7\u00f5es brasileiras, especialmente de commodities.<\/p>\n\n\n\n<p>Oscila\u00e7\u00f5es no com\u00e9rcio internacional, mudan\u00e7as nas taxas de juros globais e tens\u00f5es geopol\u00edticas podem gerar efeitos diretos sobre o c\u00e2mbio, a infla\u00e7\u00e3o e o crescimento interno. Diversifica\u00e7\u00e3o econ\u00f4mica e fortalecimento do mercado interno permanecem desafios estruturais.<\/p>\n\n\n\n<h2 class=\"wp-block-heading\">Passo a passo para se preparar financeiramente em 2026<\/h2>\n\n\n\n<h3 class=\"wp-block-heading\">1. Reavalie seu or\u00e7amento mensal<\/h3>\n\n\n\n<p>Mapeie despesas fixas e vari\u00e1veis, identificando onde \u00e9 poss\u00edvel reduzir custos sem comprometer qualidade de vida.<\/p>\n\n\n\n<h3 class=\"wp-block-heading\">2. Priorize a quita\u00e7\u00e3o de d\u00edvidas caras<\/h3>\n\n\n\n<p>Com juros ainda relevantes, eliminar d\u00edvidas com taxas elevadas deve ser prioridade absoluta.<\/p>\n\n\n\n<h3 class=\"wp-block-heading\">3. Construa ou reforce sua reserva de emerg\u00eancia<\/h3>\n\n\n\n<p>Um cen\u00e1rio econ\u00f4mico mais est\u00e1vel n\u00e3o elimina imprevistos. Ter uma reserva bem estruturada garante seguran\u00e7a.<\/p>\n\n\n\n<h3 class=\"wp-block-heading\">4. Avalie investimentos com perfil adequado<\/h3>\n\n\n\n<p>Renda fixa tende a continuar atrativa, mas ativos de risco podem ganhar espa\u00e7o conforme o cen\u00e1rio se estabiliza.<\/p>\n\n\n\n<h3 class=\"wp-block-heading\">5. Invista em educa\u00e7\u00e3o financeira e profissional<\/h3>\n\n\n\n<p>Conhecimento continua sendo um dos ativos mais valiosos para enfrentar mudan\u00e7as econ\u00f4micas.<\/p>\n\n\n\n<figure class=\"wp-block-image size-large\"><img data-recalc-dims=\"1\" fetchpriority=\"high\" decoding=\"async\" width=\"960\" height=\"640\" src=\"https:\/\/i0.wp.com\/maratonadoconsumidor.com.br\/wp-content\/uploads\/2026\/01\/Design-sem-nome-13.jpg?resize=960%2C640&#038;ssl=1\" alt=\"O que esperar da economia brasileira em 2026?\" class=\"wp-image-917\" srcset=\"https:\/\/i0.wp.com\/maratonadoconsumidor.com.br\/wp-content\/uploads\/2026\/01\/Design-sem-nome-13.jpg?resize=1024%2C683&amp;ssl=1 1024w, https:\/\/i0.wp.com\/maratonadoconsumidor.com.br\/wp-content\/uploads\/2026\/01\/Design-sem-nome-13.jpg?resize=300%2C200&amp;ssl=1 300w, https:\/\/i0.wp.com\/maratonadoconsumidor.com.br\/wp-content\/uploads\/2026\/01\/Design-sem-nome-13.jpg?resize=768%2C512&amp;ssl=1 768w, https:\/\/i0.wp.com\/maratonadoconsumidor.com.br\/wp-content\/uploads\/2026\/01\/Design-sem-nome-13.jpg?resize=18%2C12&amp;ssl=1 18w, https:\/\/i0.wp.com\/maratonadoconsumidor.com.br\/wp-content\/uploads\/2026\/01\/Design-sem-nome-13.jpg?resize=150%2C100&amp;ssl=1 150w, https:\/\/i0.wp.com\/maratonadoconsumidor.com.br\/wp-content\/uploads\/2026\/01\/Design-sem-nome-13.jpg?resize=330%2C220&amp;ssl=1 330w, https:\/\/i0.wp.com\/maratonadoconsumidor.com.br\/wp-content\/uploads\/2026\/01\/Design-sem-nome-13.jpg?resize=420%2C280&amp;ssl=1 420w, https:\/\/i0.wp.com\/maratonadoconsumidor.com.br\/wp-content\/uploads\/2026\/01\/Design-sem-nome-13.jpg?resize=510%2C340&amp;ssl=1 510w, https:\/\/i0.wp.com\/maratonadoconsumidor.com.br\/wp-content\/uploads\/2026\/01\/Design-sem-nome-13.jpg?w=1200&amp;ssl=1 1200w\" sizes=\"(max-width: 960px) 100vw, 960px\" \/><\/figure>\n\n\n\n<h2 class=\"wp-block-heading\">O que 2026 representa para consumidores e investidores<\/h2>\n\n\n\n<p>A economia brasileira em 2026 n\u00e3o aponta para um cen\u00e1rio de euforia, mas sinaliza um ambiente mais previs\u00edvel e organizado quando comparado a per\u00edodos recentes. Isso favorece o planejamento de m\u00e9dio e longo prazo, tanto para fam\u00edlias quanto para empresas.<\/p>\n\n\n\n<p>Consumidores mais informados tendem a aproveitar melhor oportunidades de cr\u00e9dito, renegocia\u00e7\u00e3o e consumo inteligente. Investidores atentos conseguem identificar setores promissores e proteger seu patrim\u00f4nio contra oscila\u00e7\u00f5es inesperadas.<\/p>\n\n\n\n<p>Mais do que prever n\u00fameros exatos, compreender os movimentos da economia permite tomar decis\u00f5es estrat\u00e9gicas, reduzir riscos e construir uma rela\u00e7\u00e3o mais saud\u00e1vel com o dinheiro. <\/p>\n\n\n\n<p>Em 2026, quem se antecipa, planeja e age com consci\u00eancia sai na frente n\u00e3o apenas financeiramente, mas tamb\u00e9m em tranquilidade e seguran\u00e7a para o futuro.<\/p>\n\n\n\n<h3 class=\"wp-block-heading\">FAQ \u2013 O que esperar da economia brasileira em 2026?<\/h3>\n\n\n\n<p><strong>A economia brasileira deve crescer em 2026?<\/strong><br>Sim, a expectativa \u00e9 de crescimento moderado. O avan\u00e7o tende a ser sustentado principalmente pelos setores de servi\u00e7os e agroneg\u00f3cio, enquanto a ind\u00fastria pode apresentar recupera\u00e7\u00e3o mais lenta devido a desafios estruturais.<\/p>\n\n\n\n<p><strong>A infla\u00e7\u00e3o vai continuar alta em 2026?<\/strong><br>A tend\u00eancia \u00e9 de infla\u00e7\u00e3o mais controlada, pr\u00f3xima da meta estabelecida pelas autoridades monet\u00e1rias. No entanto, fatores como clima, c\u00e2mbio e cen\u00e1rio internacional podem provocar oscila\u00e7\u00f5es pontuais nos pre\u00e7os.<\/p>\n\n\n\n<p><strong>Os juros devem cair ou subir em 2026?<\/strong><br>O cen\u00e1rio mais prov\u00e1vel \u00e9 de juros em n\u00edveis menos restritivos, desde que a infla\u00e7\u00e3o permane\u00e7a sob controle e n\u00e3o haja deteriora\u00e7\u00e3o fiscal. Isso pode favorecer o cr\u00e9dito e os investimentos, especialmente em renda fixa.<\/p>\n\n\n\n<p><strong>O custo de vida vai diminuir?<\/strong><br>Pode haver um al\u00edvio gradual no custo de vida, mas n\u00e3o uma queda significativa. Despesas essenciais continuam sens\u00edveis a choques externos, o que exige planejamento financeiro cont\u00ednuo por parte das fam\u00edlias.<\/p>\n\n\n\n<p><strong>O mercado de trabalho tende a melhorar em 2026?<\/strong><br>O mercado de trabalho deve apresentar estabilidade, com gera\u00e7\u00e3o moderada de empregos formais. \u00c1reas como tecnologia, log\u00edstica e servi\u00e7os digitais concentram as melhores oportunidades.<\/p>\n\n\n\n<p><strong>Vale a pena investir em 2026?<\/strong><br>Sim, desde que o investidor respeite seu perfil de risco. A renda fixa tende a continuar atrativa, enquanto investimentos de maior risco podem ganhar espa\u00e7o conforme o cen\u00e1rio econ\u00f4mico se torne mais previs\u00edvel.<\/p>\n\n\n\n<p><strong>A economia global pode impactar o Brasil em 2026?<\/strong><br>De forma significativa. O desempenho de grandes economias, mudan\u00e7as nos juros internacionais e tens\u00f5es geopol\u00edticas influenciam o c\u00e2mbio, as exporta\u00e7\u00f5es e a infla\u00e7\u00e3o no Brasil.<\/p>\n\n\n\n<p><strong>Como o consumidor pode se preparar melhor para 2026?<\/strong><br>Organizando o or\u00e7amento, priorizando a quita\u00e7\u00e3o de d\u00edvidas caras, fortalecendo a reserva de emerg\u00eancia e buscando educa\u00e7\u00e3o financeira para tomar decis\u00f5es mais conscientes ao longo do ano.<\/p>","protected":false},"excerpt":{"rendered":"<p>A economia brasileira entra em 2026 cercada por expectativas, incertezas e oportunidades que exigem aten\u00e7\u00e3o redobrada de consumidores, investidores e empreendedores. Ap\u00f3s anos marcados por infla\u00e7\u00e3o elevada, juros altos e desafios fiscais, o pa\u00eds passa a conviver com um cen\u00e1rio mais complexo, no qual decis\u00f5es internas e fatores globais caminham lado a lado. Entender esse<\/p>","protected":false},"author":1,"featured_media":916,"comment_status":"open","ping_status":"open","sticky":false,"template":"","format":"standard","meta":{"_mbp_gutenberg_autopost":false,"jetpack_post_was_ever_published":false,"_jetpack_newsletter_access":"","_jetpack_dont_email_post_to_subs":false,"_jetpack_newsletter_tier_id":0,"_jetpack_memberships_contains_paywalled_content":false,"_jetpack_memberships_contains_paid_content":false,"footnotes":"","jetpack_publicize_message":"","jetpack_publicize_feature_enabled":true,"jetpack_social_post_already_shared":false,"jetpack_social_options":{"image_generator_settings":{"template":"highway","default_image_id":0,"font":"","enabled":false},"version":2}},"categories":[4],"tags":[111],"class_list":["post-914","post","type-post","status-publish","format-standard","has-post-thumbnail","hentry","category-diversos","tag-economia-brasileira-em-2026"],"yoast_head":"<!-- This site is optimized with the Yoast SEO plugin v27.4 - https:\/\/yoast.com\/product\/yoast-seo-wordpress\/ -->\n<title>O que esperar da economia brasileira em 2026?<\/title>\n<meta name=\"description\" content=\"O que esperar da economia brasileira em 2026? Veja an\u00e1lise completa sobre crescimento, infla\u00e7\u00e3o, juros, emprego e dicas pr\u00e1ticas\" \/>\n<meta name=\"robots\" content=\"index, follow, max-snippet:-1, max-image-preview:large, max-video-preview:-1\" \/>\n<link rel=\"canonical\" href=\"https:\/\/maratonadoconsumidor.com.br\/en\/o-que-esperar-da-economia-brasileira-em-2026\/\" \/>\n<meta property=\"og:locale\" content=\"en_US\" \/>\n<meta property=\"og:type\" content=\"article\" \/>\n<meta property=\"og:title\" content=\"O que esperar da economia brasileira em 2026?\" \/>\n<meta property=\"og:description\" content=\"O que esperar da economia brasileira em 2026? Veja an\u00e1lise completa sobre crescimento, infla\u00e7\u00e3o, juros, emprego e dicas pr\u00e1ticas\" \/>\n<meta property=\"og:url\" content=\"https:\/\/maratonadoconsumidor.com.br\/en\/o-que-esperar-da-economia-brasileira-em-2026\/\" \/>\n<meta property=\"article:publisher\" content=\"https:\/\/www.facebook.com\/canaldomaratonadoconsumidor\" \/>\n<meta property=\"article:published_time\" content=\"2026-01-01T11:28:20+00:00\" \/>\n<meta property=\"article:modified_time\" content=\"2026-01-01T11:28:26+00:00\" \/>\n<meta property=\"og:image\" content=\"https:\/\/maratonadoconsumidor.com.br\/wp-content\/uploads\/2026\/01\/Design-sem-nome-12.jpg\" \/>\n\t<meta property=\"og:image:width\" content=\"1200\" \/>\n\t<meta property=\"og:image:height\" content=\"800\" \/>\n\t<meta property=\"og:image:type\" content=\"image\/jpeg\" \/>\n<meta name=\"author\" content=\"Emilio de Vicente\" \/>\n<meta name=\"twitter:card\" content=\"summary_large_image\" \/>\n<meta name=\"twitter:creator\" content=\"@MaratonadoCons1\" \/>\n<meta name=\"twitter:site\" content=\"@MaratonadoCons1\" \/>\n<meta name=\"twitter:label1\" content=\"Written by\" \/>\n\t<meta name=\"twitter:data1\" content=\"Emilio de Vicente\" \/>\n\t<meta name=\"twitter:label2\" content=\"Est. reading time\" \/>\n\t<meta name=\"twitter:data2\" content=\"7 minutes\" \/>\n<script type=\"application\/ld+json\" class=\"yoast-schema-graph\">{\"@context\":\"https:\\\/\\\/schema.org\",\"@graph\":[{\"@type\":\"Article\",\"@id\":\"https:\\\/\\\/maratonadoconsumidor.com.br\\\/o-que-esperar-da-economia-brasileira-em-2026\\\/#article\",\"isPartOf\":{\"@id\":\"https:\\\/\\\/maratonadoconsumidor.com.br\\\/o-que-esperar-da-economia-brasileira-em-2026\\\/\"},\"author\":{\"name\":\"Emilio de Vicente\",\"@id\":\"https:\\\/\\\/maratonadoconsumidor.com.br\\\/#\\\/schema\\\/person\\\/01c74586a582dc988d4334293f57343c\"},\"headline\":\"O que esperar da economia brasileira em 2026?\",\"datePublished\":\"2026-01-01T11:28:20+00:00\",\"dateModified\":\"2026-01-01T11:28:26+00:00\",\"mainEntityOfPage\":{\"@id\":\"https:\\\/\\\/maratonadoconsumidor.com.br\\\/o-que-esperar-da-economia-brasileira-em-2026\\\/\"},\"wordCount\":1328,\"commentCount\":0,\"publisher\":{\"@id\":\"https:\\\/\\\/maratonadoconsumidor.com.br\\\/#organization\"},\"image\":{\"@id\":\"https:\\\/\\\/maratonadoconsumidor.com.br\\\/o-que-esperar-da-economia-brasileira-em-2026\\\/#primaryimage\"},\"thumbnailUrl\":\"https:\\\/\\\/i0.wp.com\\\/maratonadoconsumidor.com.br\\\/wp-content\\\/uploads\\\/2026\\\/01\\\/Design-sem-nome-12.jpg?fit=1200%2C800&ssl=1\",\"keywords\":[\"economia brasileira em 2026\"],\"articleSection\":[\"Diversos\"],\"inLanguage\":\"en-US\",\"potentialAction\":[{\"@type\":\"CommentAction\",\"name\":\"Comment\",\"target\":[\"https:\\\/\\\/maratonadoconsumidor.com.br\\\/o-que-esperar-da-economia-brasileira-em-2026\\\/#respond\"]}]},{\"@type\":\"WebPage\",\"@id\":\"https:\\\/\\\/maratonadoconsumidor.com.br\\\/o-que-esperar-da-economia-brasileira-em-2026\\\/\",\"url\":\"https:\\\/\\\/maratonadoconsumidor.com.br\\\/o-que-esperar-da-economia-brasileira-em-2026\\\/\",\"name\":\"O que esperar da economia brasileira em 2026?\",\"isPartOf\":{\"@id\":\"https:\\\/\\\/maratonadoconsumidor.com.br\\\/#website\"},\"primaryImageOfPage\":{\"@id\":\"https:\\\/\\\/maratonadoconsumidor.com.br\\\/o-que-esperar-da-economia-brasileira-em-2026\\\/#primaryimage\"},\"image\":{\"@id\":\"https:\\\/\\\/maratonadoconsumidor.com.br\\\/o-que-esperar-da-economia-brasileira-em-2026\\\/#primaryimage\"},\"thumbnailUrl\":\"https:\\\/\\\/i0.wp.com\\\/maratonadoconsumidor.com.br\\\/wp-content\\\/uploads\\\/2026\\\/01\\\/Design-sem-nome-12.jpg?fit=1200%2C800&ssl=1\",\"datePublished\":\"2026-01-01T11:28:20+00:00\",\"dateModified\":\"2026-01-01T11:28:26+00:00\",\"description\":\"O que esperar da economia brasileira em 2026? Veja an\u00e1lise completa sobre crescimento, infla\u00e7\u00e3o, juros, emprego e dicas pr\u00e1ticas\",\"breadcrumb\":{\"@id\":\"https:\\\/\\\/maratonadoconsumidor.com.br\\\/o-que-esperar-da-economia-brasileira-em-2026\\\/#breadcrumb\"},\"inLanguage\":\"en-US\",\"potentialAction\":[{\"@type\":\"ReadAction\",\"target\":[\"https:\\\/\\\/maratonadoconsumidor.com.br\\\/o-que-esperar-da-economia-brasileira-em-2026\\\/\"]}]},{\"@type\":\"ImageObject\",\"inLanguage\":\"en-US\",\"@id\":\"https:\\\/\\\/maratonadoconsumidor.com.br\\\/o-que-esperar-da-economia-brasileira-em-2026\\\/#primaryimage\",\"url\":\"https:\\\/\\\/i0.wp.com\\\/maratonadoconsumidor.com.br\\\/wp-content\\\/uploads\\\/2026\\\/01\\\/Design-sem-nome-12.jpg?fit=1200%2C800&ssl=1\",\"contentUrl\":\"https:\\\/\\\/i0.wp.com\\\/maratonadoconsumidor.com.br\\\/wp-content\\\/uploads\\\/2026\\\/01\\\/Design-sem-nome-12.jpg?fit=1200%2C800&ssl=1\",\"width\":1200,\"height\":800,\"caption\":\"O que esperar da economia brasileira em 2026?\"},{\"@type\":\"BreadcrumbList\",\"@id\":\"https:\\\/\\\/maratonadoconsumidor.com.br\\\/o-que-esperar-da-economia-brasileira-em-2026\\\/#breadcrumb\",\"itemListElement\":[{\"@type\":\"ListItem\",\"position\":1,\"name\":\"In\u00edcio\",\"item\":\"https:\\\/\\\/maratonadoconsumidor.com.br\\\/\"},{\"@type\":\"ListItem\",\"position\":2,\"name\":\"O que esperar da economia brasileira em 2026?\"}]},{\"@type\":\"WebSite\",\"@id\":\"https:\\\/\\\/maratonadoconsumidor.com.br\\\/#website\",\"url\":\"https:\\\/\\\/maratonadoconsumidor.com.br\\\/\",\"name\":\"Maratona do Consumidor\",\"description\":\"\",\"publisher\":{\"@id\":\"https:\\\/\\\/maratonadoconsumidor.com.br\\\/#organization\"},\"potentialAction\":[{\"@type\":\"SearchAction\",\"target\":{\"@type\":\"EntryPoint\",\"urlTemplate\":\"https:\\\/\\\/maratonadoconsumidor.com.br\\\/?s={search_term_string}\"},\"query-input\":{\"@type\":\"PropertyValueSpecification\",\"valueRequired\":true,\"valueName\":\"search_term_string\"}}],\"inLanguage\":\"en-US\"},{\"@type\":\"Organization\",\"@id\":\"https:\\\/\\\/maratonadoconsumidor.com.br\\\/#organization\",\"name\":\"Maratona do Consumidor\",\"url\":\"https:\\\/\\\/maratonadoconsumidor.com.br\\\/\",\"logo\":{\"@type\":\"ImageObject\",\"inLanguage\":\"en-US\",\"@id\":\"https:\\\/\\\/maratonadoconsumidor.com.br\\\/#\\\/schema\\\/logo\\\/image\\\/\",\"url\":\"https:\\\/\\\/maratonadoconsumidor.com.br\\\/wp-content\\\/uploads\\\/2025\\\/06\\\/MARATONA-DO-CONSUMIDOR-160.png\",\"contentUrl\":\"https:\\\/\\\/maratonadoconsumidor.com.br\\\/wp-content\\\/uploads\\\/2025\\\/06\\\/MARATONA-DO-CONSUMIDOR-160.png\",\"width\":180,\"height\":60,\"caption\":\"Maratona do Consumidor\"},\"image\":{\"@id\":\"https:\\\/\\\/maratonadoconsumidor.com.br\\\/#\\\/schema\\\/logo\\\/image\\\/\"},\"sameAs\":[\"https:\\\/\\\/www.facebook.com\\\/canaldomaratonadoconsumidor\",\"https:\\\/\\\/x.com\\\/MaratonadoCons1\",\"https:\\\/\\\/www.instagram.com\\\/maratonadoconsumidor\\\/\",\"https:\\\/\\\/www.youtube.com\\\/@MaratonadoConsumidor\"]},{\"@type\":\"Person\",\"@id\":\"https:\\\/\\\/maratonadoconsumidor.com.br\\\/#\\\/schema\\\/person\\\/01c74586a582dc988d4334293f57343c\",\"name\":\"Emilio de Vicente\",\"image\":{\"@type\":\"ImageObject\",\"inLanguage\":\"en-US\",\"@id\":\"https:\\\/\\\/maratonadoconsumidor.com.br\\\/wp-content\\\/uploads\\\/2025\\\/09\\\/cropped-Captura-de-tela-2024-05-15-133101-96x96.png\",\"url\":\"https:\\\/\\\/maratonadoconsumidor.com.br\\\/wp-content\\\/uploads\\\/2025\\\/09\\\/cropped-Captura-de-tela-2024-05-15-133101-96x96.png\",\"contentUrl\":\"https:\\\/\\\/maratonadoconsumidor.com.br\\\/wp-content\\\/uploads\\\/2025\\\/09\\\/cropped-Captura-de-tela-2024-05-15-133101-96x96.png\",\"caption\":\"Emilio de Vicente\"},\"description\":\"Emilio de Vicente \u00e9 o autor e respons\u00e1vel pelos conte\u00fados do site Maratona do Consumidor, trazendo informa\u00e7\u00f5es atualizadas, an\u00e1lises profundas e artigos relevantes sobre diversos temas do cotidiano relacionados dicas, comparativos de produtos e pre\u00e7os, consumo inteligente, finan\u00e7as em geral e muito mais.\",\"sameAs\":[\"https:\\\/\\\/maratonadoconsumidor.com.br\"],\"url\":\"https:\\\/\\\/maratonadoconsumidor.com.br\\\/en\\\/author\\\/emilio\\\/\"}]}<\/script>\n<!-- \/ Yoast SEO plugin. -->","yoast_head_json":{"title":"O que esperar da economia brasileira em 2026?","description":"O que esperar da economia brasileira em 2026? Veja an\u00e1lise completa sobre crescimento, infla\u00e7\u00e3o, juros, emprego e dicas pr\u00e1ticas","robots":{"index":"index","follow":"follow","max-snippet":"max-snippet:-1","max-image-preview":"max-image-preview:large","max-video-preview":"max-video-preview:-1"},"canonical":"https:\/\/maratonadoconsumidor.com.br\/en\/o-que-esperar-da-economia-brasileira-em-2026\/","og_locale":"en_US","og_type":"article","og_title":"O que esperar da economia brasileira em 2026?","og_description":"O que esperar da economia brasileira em 2026? Veja an\u00e1lise completa sobre crescimento, infla\u00e7\u00e3o, juros, emprego e dicas pr\u00e1ticas","og_url":"https:\/\/maratonadoconsumidor.com.br\/en\/o-que-esperar-da-economia-brasileira-em-2026\/","article_publisher":"https:\/\/www.facebook.com\/canaldomaratonadoconsumidor","article_published_time":"2026-01-01T11:28:20+00:00","article_modified_time":"2026-01-01T11:28:26+00:00","og_image":[{"width":1200,"height":800,"url":"https:\/\/maratonadoconsumidor.com.br\/wp-content\/uploads\/2026\/01\/Design-sem-nome-12.jpg","type":"image\/jpeg"}],"author":"Emilio de Vicente","twitter_card":"summary_large_image","twitter_creator":"@MaratonadoCons1","twitter_site":"@MaratonadoCons1","twitter_misc":{"Written by":"Emilio de Vicente","Est. reading time":"7 minutes"},"schema":{"@context":"https:\/\/schema.org","@graph":[{"@type":"Article","@id":"https:\/\/maratonadoconsumidor.com.br\/o-que-esperar-da-economia-brasileira-em-2026\/#article","isPartOf":{"@id":"https:\/\/maratonadoconsumidor.com.br\/o-que-esperar-da-economia-brasileira-em-2026\/"},"author":{"name":"Emilio de Vicente","@id":"https:\/\/maratonadoconsumidor.com.br\/#\/schema\/person\/01c74586a582dc988d4334293f57343c"},"headline":"O que esperar da economia brasileira em 2026?","datePublished":"2026-01-01T11:28:20+00:00","dateModified":"2026-01-01T11:28:26+00:00","mainEntityOfPage":{"@id":"https:\/\/maratonadoconsumidor.com.br\/o-que-esperar-da-economia-brasileira-em-2026\/"},"wordCount":1328,"commentCount":0,"publisher":{"@id":"https:\/\/maratonadoconsumidor.com.br\/#organization"},"image":{"@id":"https:\/\/maratonadoconsumidor.com.br\/o-que-esperar-da-economia-brasileira-em-2026\/#primaryimage"},"thumbnailUrl":"https:\/\/i0.wp.com\/maratonadoconsumidor.com.br\/wp-content\/uploads\/2026\/01\/Design-sem-nome-12.jpg?fit=1200%2C800&ssl=1","keywords":["economia brasileira em 2026"],"articleSection":["Diversos"],"inLanguage":"en-US","potentialAction":[{"@type":"CommentAction","name":"Comment","target":["https:\/\/maratonadoconsumidor.com.br\/o-que-esperar-da-economia-brasileira-em-2026\/#respond"]}]},{"@type":"WebPage","@id":"https:\/\/maratonadoconsumidor.com.br\/o-que-esperar-da-economia-brasileira-em-2026\/","url":"https:\/\/maratonadoconsumidor.com.br\/o-que-esperar-da-economia-brasileira-em-2026\/","name":"O que esperar da economia brasileira em 2026?","isPartOf":{"@id":"https:\/\/maratonadoconsumidor.com.br\/#website"},"primaryImageOfPage":{"@id":"https:\/\/maratonadoconsumidor.com.br\/o-que-esperar-da-economia-brasileira-em-2026\/#primaryimage"},"image":{"@id":"https:\/\/maratonadoconsumidor.com.br\/o-que-esperar-da-economia-brasileira-em-2026\/#primaryimage"},"thumbnailUrl":"https:\/\/i0.wp.com\/maratonadoconsumidor.com.br\/wp-content\/uploads\/2026\/01\/Design-sem-nome-12.jpg?fit=1200%2C800&ssl=1","datePublished":"2026-01-01T11:28:20+00:00","dateModified":"2026-01-01T11:28:26+00:00","description":"O que esperar da economia brasileira em 2026? Veja an\u00e1lise completa sobre crescimento, infla\u00e7\u00e3o, juros, emprego e dicas pr\u00e1ticas","breadcrumb":{"@id":"https:\/\/maratonadoconsumidor.com.br\/o-que-esperar-da-economia-brasileira-em-2026\/#breadcrumb"},"inLanguage":"en-US","potentialAction":[{"@type":"ReadAction","target":["https:\/\/maratonadoconsumidor.com.br\/o-que-esperar-da-economia-brasileira-em-2026\/"]}]},{"@type":"ImageObject","inLanguage":"en-US","@id":"https:\/\/maratonadoconsumidor.com.br\/o-que-esperar-da-economia-brasileira-em-2026\/#primaryimage","url":"https:\/\/i0.wp.com\/maratonadoconsumidor.com.br\/wp-content\/uploads\/2026\/01\/Design-sem-nome-12.jpg?fit=1200%2C800&ssl=1","contentUrl":"https:\/\/i0.wp.com\/maratonadoconsumidor.com.br\/wp-content\/uploads\/2026\/01\/Design-sem-nome-12.jpg?fit=1200%2C800&ssl=1","width":1200,"height":800,"caption":"O que esperar da economia brasileira em 2026?"},{"@type":"BreadcrumbList","@id":"https:\/\/maratonadoconsumidor.com.br\/o-que-esperar-da-economia-brasileira-em-2026\/#breadcrumb","itemListElement":[{"@type":"ListItem","position":1,"name":"In\u00edcio","item":"https:\/\/maratonadoconsumidor.com.br\/"},{"@type":"ListItem","position":2,"name":"O que esperar da economia brasileira em 2026?"}]},{"@type":"WebSite","@id":"https:\/\/maratonadoconsumidor.com.br\/#website","url":"https:\/\/maratonadoconsumidor.com.br\/","name":"Maratona do Consumidor","description":"","publisher":{"@id":"https:\/\/maratonadoconsumidor.com.br\/#organization"},"potentialAction":[{"@type":"SearchAction","target":{"@type":"EntryPoint","urlTemplate":"https:\/\/maratonadoconsumidor.com.br\/?s={search_term_string}"},"query-input":{"@type":"PropertyValueSpecification","valueRequired":true,"valueName":"search_term_string"}}],"inLanguage":"en-US"},{"@type":"Organization","@id":"https:\/\/maratonadoconsumidor.com.br\/#organization","name":"Maratona do Consumidor","url":"https:\/\/maratonadoconsumidor.com.br\/","logo":{"@type":"ImageObject","inLanguage":"en-US","@id":"https:\/\/maratonadoconsumidor.com.br\/#\/schema\/logo\/image\/","url":"https:\/\/maratonadoconsumidor.com.br\/wp-content\/uploads\/2025\/06\/MARATONA-DO-CONSUMIDOR-160.png","contentUrl":"https:\/\/maratonadoconsumidor.com.br\/wp-content\/uploads\/2025\/06\/MARATONA-DO-CONSUMIDOR-160.png","width":180,"height":60,"caption":"Maratona do Consumidor"},"image":{"@id":"https:\/\/maratonadoconsumidor.com.br\/#\/schema\/logo\/image\/"},"sameAs":["https:\/\/www.facebook.com\/canaldomaratonadoconsumidor","https:\/\/x.com\/MaratonadoCons1","https:\/\/www.instagram.com\/maratonadoconsumidor\/","https:\/\/www.youtube.com\/@MaratonadoConsumidor"]},{"@type":"Person","@id":"https:\/\/maratonadoconsumidor.com.br\/#\/schema\/person\/01c74586a582dc988d4334293f57343c","name":"Emilio de Vicente","image":{"@type":"ImageObject","inLanguage":"en-US","@id":"https:\/\/maratonadoconsumidor.com.br\/wp-content\/uploads\/2025\/09\/cropped-Captura-de-tela-2024-05-15-133101-96x96.png","url":"https:\/\/maratonadoconsumidor.com.br\/wp-content\/uploads\/2025\/09\/cropped-Captura-de-tela-2024-05-15-133101-96x96.png","contentUrl":"https:\/\/maratonadoconsumidor.com.br\/wp-content\/uploads\/2025\/09\/cropped-Captura-de-tela-2024-05-15-133101-96x96.png","caption":"Emilio de Vicente"},"description":"Emilio de Vicente \u00e9 o autor e respons\u00e1vel pelos conte\u00fados do site Maratona do Consumidor, trazendo informa\u00e7\u00f5es atualizadas, an\u00e1lises profundas e artigos relevantes sobre diversos temas do cotidiano relacionados dicas, comparativos de produtos e pre\u00e7os, consumo inteligente, finan\u00e7as em geral e muito mais.","sameAs":["https:\/\/maratonadoconsumidor.com.br"],"url":"https:\/\/maratonadoconsumidor.com.br\/en\/author\/emilio\/"}]}},"jetpack_publicize_connections":[],"jetpack_featured_media_url":"https:\/\/i0.wp.com\/maratonadoconsumidor.com.br\/wp-content\/uploads\/2026\/01\/Design-sem-nome-12.jpg?fit=1200%2C800&ssl=1","jetpack-related-posts":[{"id":1320,"url":"https:\/\/maratonadoconsumidor.com.br\/en\/como-anda-o-mercado-imobiliario-hoje-no-pais\/","url_meta":{"origin":914,"position":0},"title":"Como anda o Mercado Imobili\u00e1rio hoje no pa\u00eds?","author":"Emilio de Vicente","date":"16 de April de 2026","format":false,"excerpt":"O mercado imobili\u00e1rio brasileiro atravessa um per\u00edodo de transforma\u00e7\u00e3o profunda e resili\u00eancia surpreendente. Ap\u00f3s anos de incertezas macroecon\u00f4micas, o setor encerrou 2025 com recordes hist\u00f3ricos de lan\u00e7amentos e vendas, consolidando-se como um dos principais motores da economia nacional. Para quem deseja comprar, vender ou investir, entender o cen\u00e1rio atual n\u00e3o\u2026","rel":"","context":"In &quot;Dicas&quot;","block_context":{"text":"Dicas","link":"https:\/\/maratonadoconsumidor.com.br\/en\/category\/dicas\/"},"img":{"alt_text":"Como anda o Mercado Imobili\u00e1rio hoje no pa\u00eds?","src":"https:\/\/i0.wp.com\/maratonadoconsumidor.com.br\/wp-content\/uploads\/2026\/04\/Design-sem-nome-14-1.jpg?fit=1200%2C800&ssl=1&resize=350%2C200","width":350,"height":200,"srcset":"https:\/\/i0.wp.com\/maratonadoconsumidor.com.br\/wp-content\/uploads\/2026\/04\/Design-sem-nome-14-1.jpg?fit=1200%2C800&ssl=1&resize=350%2C200 1x, https:\/\/i0.wp.com\/maratonadoconsumidor.com.br\/wp-content\/uploads\/2026\/04\/Design-sem-nome-14-1.jpg?fit=1200%2C800&ssl=1&resize=525%2C300 1.5x, https:\/\/i0.wp.com\/maratonadoconsumidor.com.br\/wp-content\/uploads\/2026\/04\/Design-sem-nome-14-1.jpg?fit=1200%2C800&ssl=1&resize=700%2C400 2x, https:\/\/i0.wp.com\/maratonadoconsumidor.com.br\/wp-content\/uploads\/2026\/04\/Design-sem-nome-14-1.jpg?fit=1200%2C800&ssl=1&resize=1050%2C600 3x"},"classes":[]},{"id":1011,"url":"https:\/\/maratonadoconsumidor.com.br\/en\/economia-das-pequenas-e-medias-empresas-em-2026\/","url_meta":{"origin":914,"position":1},"title":"Como anda a economia das pequenas e m\u00e9dias empresas em 2026?","author":"Emilio de Vicente","date":"22 de February de 2026","format":false,"excerpt":"Ao entrar em 2026, pequenas e m\u00e9dias empresas (PMEs) continuam desempenhando papel central na economia no Brasil e no mundo impulsionando mercados, empregos e inova\u00e7\u00e3o. No entanto, esse cen\u00e1rio \u00e9 marcado por desafios macroecon\u00f4micos, transforma\u00e7\u00f5es tecnol\u00f3gicas e novas exig\u00eancias regulat\u00f3rias que moldam como os pequenos neg\u00f3cios operam, competem e crescem.\u2026","rel":"","context":"In &quot;Comparativos&quot;","block_context":{"text":"Comparativos","link":"https:\/\/maratonadoconsumidor.com.br\/en\/category\/comparativos\/"},"img":{"alt_text":"Como anda a economia das pequenas e m\u00e9dias empresas em 2026?","src":"https:\/\/i0.wp.com\/maratonadoconsumidor.com.br\/wp-content\/uploads\/2026\/02\/Design-sem-nome-37-1.jpg?fit=1200%2C800&ssl=1&resize=350%2C200","width":350,"height":200,"srcset":"https:\/\/i0.wp.com\/maratonadoconsumidor.com.br\/wp-content\/uploads\/2026\/02\/Design-sem-nome-37-1.jpg?fit=1200%2C800&ssl=1&resize=350%2C200 1x, https:\/\/i0.wp.com\/maratonadoconsumidor.com.br\/wp-content\/uploads\/2026\/02\/Design-sem-nome-37-1.jpg?fit=1200%2C800&ssl=1&resize=525%2C300 1.5x, https:\/\/i0.wp.com\/maratonadoconsumidor.com.br\/wp-content\/uploads\/2026\/02\/Design-sem-nome-37-1.jpg?fit=1200%2C800&ssl=1&resize=700%2C400 2x, https:\/\/i0.wp.com\/maratonadoconsumidor.com.br\/wp-content\/uploads\/2026\/02\/Design-sem-nome-37-1.jpg?fit=1200%2C800&ssl=1&resize=1050%2C600 3x"},"classes":[]},{"id":997,"url":"https:\/\/maratonadoconsumidor.com.br\/en\/endividamento-das-familias-brasileiras-cresce-mais-de-80\/","url_meta":{"origin":914,"position":2},"title":"Endividamento das Fam\u00edlias Brasileiras Cresce Mais de 80%: Entenda os Motivos e Como se Proteger","author":"Emilio de Vicente","date":"20 de February de 2026","format":false,"excerpt":"O or\u00e7amento das fam\u00edlias brasileiras est\u00e1 cada vez mais pressionado. O aumento expressivo do endividamento que j\u00e1 supera 80% dos lares no pa\u00eds, segundo levantamentos da Confedera\u00e7\u00e3o Nacional do Com\u00e9rcio de Bens, Servi\u00e7os e Turismo acende um alerta importante sobre a sa\u00fade financeira da popula\u00e7\u00e3o. Mais do que n\u00fameros, esse\u2026","rel":"","context":"In &quot;Diversos&quot;","block_context":{"text":"Diversos","link":"https:\/\/maratonadoconsumidor.com.br\/en\/category\/diversos\/"},"img":{"alt_text":"Endividamento das Fam\u00edlias Brasileiras Cresce Mais de 80%: Entenda os Motivos e Como se Proteger","src":"https:\/\/i0.wp.com\/maratonadoconsumidor.com.br\/wp-content\/uploads\/2026\/02\/Design-sem-nome-31-1.jpg?fit=1200%2C800&ssl=1&resize=350%2C200","width":350,"height":200,"srcset":"https:\/\/i0.wp.com\/maratonadoconsumidor.com.br\/wp-content\/uploads\/2026\/02\/Design-sem-nome-31-1.jpg?fit=1200%2C800&ssl=1&resize=350%2C200 1x, https:\/\/i0.wp.com\/maratonadoconsumidor.com.br\/wp-content\/uploads\/2026\/02\/Design-sem-nome-31-1.jpg?fit=1200%2C800&ssl=1&resize=525%2C300 1.5x, https:\/\/i0.wp.com\/maratonadoconsumidor.com.br\/wp-content\/uploads\/2026\/02\/Design-sem-nome-31-1.jpg?fit=1200%2C800&ssl=1&resize=700%2C400 2x, https:\/\/i0.wp.com\/maratonadoconsumidor.com.br\/wp-content\/uploads\/2026\/02\/Design-sem-nome-31-1.jpg?fit=1200%2C800&ssl=1&resize=1050%2C600 3x"},"classes":[]},{"id":810,"url":"https:\/\/maratonadoconsumidor.com.br\/en\/empresas-brasileiras-estao-se-transferindo-para-o-paraguai\/","url_meta":{"origin":914,"position":3},"title":"\ud83c\udde7\ud83c\uddf7\u27a1\ufe0f\ud83c\uddf5\ud83c\uddfe O \u00caxodo Empresarial: Por Que as Empresas Brasileiras Est\u00e3o se Transferindo Para o Paraguai e Quais S\u00e3o as Consequ\u00eancias Reais Desta Mudan\u00e7a?","author":"Emilio de Vicente","date":"28 de October de 2025","format":false,"excerpt":"Nos \u00faltimos anos, um fen\u00f4meno discreto, mas de impacto crescente, tem remodelado o cen\u00e1rio industrial e econ\u00f4mico sul-americano: a migra\u00e7\u00e3o de empresas brasileiras para o vizinho Paraguai. Longe de ser apenas uma tend\u00eancia sazonal, esse movimento representa uma reavalia\u00e7\u00e3o profunda da competitividade e dos custos de produ\u00e7\u00e3o, impulsionada por um\u2026","rel":"","context":"In &quot;Diversos&quot;","block_context":{"text":"Diversos","link":"https:\/\/maratonadoconsumidor.com.br\/en\/category\/diversos\/"},"img":{"alt_text":"O \u00caxodo Empresarial: Por Que as Empresas Brasileiras Est\u00e3o se Transferindo Para o Paraguai","src":"https:\/\/i0.wp.com\/maratonadoconsumidor.com.br\/wp-content\/uploads\/2025\/10\/Design-sem-nome-4-2.jpg?fit=1200%2C800&ssl=1&resize=350%2C200","width":350,"height":200,"srcset":"https:\/\/i0.wp.com\/maratonadoconsumidor.com.br\/wp-content\/uploads\/2025\/10\/Design-sem-nome-4-2.jpg?fit=1200%2C800&ssl=1&resize=350%2C200 1x, https:\/\/i0.wp.com\/maratonadoconsumidor.com.br\/wp-content\/uploads\/2025\/10\/Design-sem-nome-4-2.jpg?fit=1200%2C800&ssl=1&resize=525%2C300 1.5x, https:\/\/i0.wp.com\/maratonadoconsumidor.com.br\/wp-content\/uploads\/2025\/10\/Design-sem-nome-4-2.jpg?fit=1200%2C800&ssl=1&resize=700%2C400 2x, https:\/\/i0.wp.com\/maratonadoconsumidor.com.br\/wp-content\/uploads\/2025\/10\/Design-sem-nome-4-2.jpg?fit=1200%2C800&ssl=1&resize=1050%2C600 3x"},"classes":[]},{"id":1144,"url":"https:\/\/maratonadoconsumidor.com.br\/en\/buenos-aires-ou-santiago-qual-o-melhor-destino\/","url_meta":{"origin":914,"position":4},"title":"Buenos Aires ou Santiago: Qual o Melhor Destino para sua Viagem em 2026?","author":"Emilio de Vicente","date":"19 de March de 2026","format":false,"excerpt":"Planejar a primeira viagem internacional ou a pr\u00f3xima escapada de f\u00e9rias levanta uma d\u00favida cl\u00e1ssica entre os viajantes brasileiros: cruzar a fronteira em dire\u00e7\u00e3o ao charme europeu da Argentina ou buscar a modernidade cercada por montanhas do Chile? No duelo\u00a0Buenos Aires ou Santiago qual o melhor, n\u00e3o existe uma resposta\u2026","rel":"","context":"In &quot;Turismo&quot;","block_context":{"text":"Turismo","link":"https:\/\/maratonadoconsumidor.com.br\/en\/category\/turismo\/"},"img":{"alt_text":"Buenos Aires ou Santiago: Qual o Melhor Destino para sua Viagem em 2026?","src":"https:\/\/i0.wp.com\/maratonadoconsumidor.com.br\/wp-content\/uploads\/2026\/03\/Design-sem-nome-31-1.jpg?fit=1200%2C800&ssl=1&resize=350%2C200","width":350,"height":200,"srcset":"https:\/\/i0.wp.com\/maratonadoconsumidor.com.br\/wp-content\/uploads\/2026\/03\/Design-sem-nome-31-1.jpg?fit=1200%2C800&ssl=1&resize=350%2C200 1x, https:\/\/i0.wp.com\/maratonadoconsumidor.com.br\/wp-content\/uploads\/2026\/03\/Design-sem-nome-31-1.jpg?fit=1200%2C800&ssl=1&resize=525%2C300 1.5x, https:\/\/i0.wp.com\/maratonadoconsumidor.com.br\/wp-content\/uploads\/2026\/03\/Design-sem-nome-31-1.jpg?fit=1200%2C800&ssl=1&resize=700%2C400 2x, https:\/\/i0.wp.com\/maratonadoconsumidor.com.br\/wp-content\/uploads\/2026\/03\/Design-sem-nome-31-1.jpg?fit=1200%2C800&ssl=1&resize=1050%2C600 3x"},"classes":[]},{"id":844,"url":"https:\/\/maratonadoconsumidor.com.br\/en\/inflacao-de-outubro-surpreende-com-009-e-indica-estabilidade\/","url_meta":{"origin":914,"position":5},"title":"Infla\u00e7\u00e3o de outubro surpreende com 0,09% e indica estabilidade nos pre\u00e7os","author":"Emilio de Vicente","date":"11 de November de 2025","format":false,"excerpt":"O m\u00eas de outubro trouxe uma boa not\u00edcia para os consumidores brasileiros: a infla\u00e7\u00e3o oficial, medida pelo \u00cdndice Nacional de Pre\u00e7os ao Consumidor Amplo (IPCA), ficou em 0,09%, o menor resultado para o m\u00eas desde 1998. Em um cen\u00e1rio de incertezas econ\u00f4micas e oscila\u00e7\u00e3o de pre\u00e7os, o dado refor\u00e7a a\u2026","rel":"","context":"In &quot;Diversos&quot;","block_context":{"text":"Diversos","link":"https:\/\/maratonadoconsumidor.com.br\/en\/category\/diversos\/"},"img":{"alt_text":"Infla\u00e7\u00e3o de outubro surpreende com 0,09% e indica estabilidade nos pre\u00e7os","src":"https:\/\/i0.wp.com\/maratonadoconsumidor.com.br\/wp-content\/uploads\/2025\/11\/Design-sem-nome-1-3.jpg?fit=1200%2C800&ssl=1&resize=350%2C200","width":350,"height":200,"srcset":"https:\/\/i0.wp.com\/maratonadoconsumidor.com.br\/wp-content\/uploads\/2025\/11\/Design-sem-nome-1-3.jpg?fit=1200%2C800&ssl=1&resize=350%2C200 1x, https:\/\/i0.wp.com\/maratonadoconsumidor.com.br\/wp-content\/uploads\/2025\/11\/Design-sem-nome-1-3.jpg?fit=1200%2C800&ssl=1&resize=525%2C300 1.5x, https:\/\/i0.wp.com\/maratonadoconsumidor.com.br\/wp-content\/uploads\/2025\/11\/Design-sem-nome-1-3.jpg?fit=1200%2C800&ssl=1&resize=700%2C400 2x, https:\/\/i0.wp.com\/maratonadoconsumidor.com.br\/wp-content\/uploads\/2025\/11\/Design-sem-nome-1-3.jpg?fit=1200%2C800&ssl=1&resize=1050%2C600 3x"},"classes":[]}],"jetpack_sharing_enabled":true,"jetpack_likes_enabled":true,"_links":{"self":[{"href":"https:\/\/maratonadoconsumidor.com.br\/en\/wp-json\/wp\/v2\/posts\/914","targetHints":{"allow":["GET"]}}],"collection":[{"href":"https:\/\/maratonadoconsumidor.com.br\/en\/wp-json\/wp\/v2\/posts"}],"about":[{"href":"https:\/\/maratonadoconsumidor.com.br\/en\/wp-json\/wp\/v2\/types\/post"}],"author":[{"embeddable":true,"href":"https:\/\/maratonadoconsumidor.com.br\/en\/wp-json\/wp\/v2\/users\/1"}],"replies":[{"embeddable":true,"href":"https:\/\/maratonadoconsumidor.com.br\/en\/wp-json\/wp\/v2\/comments?post=914"}],"version-history":[{"count":1,"href":"https:\/\/maratonadoconsumidor.com.br\/en\/wp-json\/wp\/v2\/posts\/914\/revisions"}],"predecessor-version":[{"id":919,"href":"https:\/\/maratonadoconsumidor.com.br\/en\/wp-json\/wp\/v2\/posts\/914\/revisions\/919"}],"wp:featuredmedia":[{"embeddable":true,"href":"https:\/\/maratonadoconsumidor.com.br\/en\/wp-json\/wp\/v2\/media\/916"}],"wp:attachment":[{"href":"https:\/\/maratonadoconsumidor.com.br\/en\/wp-json\/wp\/v2\/media?parent=914"}],"wp:term":[{"taxonomy":"category","embeddable":true,"href":"https:\/\/maratonadoconsumidor.com.br\/en\/wp-json\/wp\/v2\/categories?post=914"},{"taxonomy":"post_tag","embeddable":true,"href":"https:\/\/maratonadoconsumidor.com.br\/en\/wp-json\/wp\/v2\/tags?post=914"}],"curies":[{"name":"wp","href":"https:\/\/api.w.org\/{rel}","templated":true}]}}