{"id":866,"date":"2025-11-13T17:16:00","date_gmt":"2025-11-13T20:16:00","guid":{"rendered":"https:\/\/maratonadoconsumidor.com.br\/?p=866"},"modified":"2025-11-13T17:16:07","modified_gmt":"2025-11-13T20:16:07","slug":"economia-de-viagens-como-organizar-seu-orcamento-para-ferias","status":"publish","type":"post","link":"https:\/\/maratonadoconsumidor.com.br\/en\/economia-de-viagens-como-organizar-seu-orcamento-para-ferias\/","title":{"rendered":"\ud83d\udcb0 Economia de viagens: como organizar seu or\u00e7amento para f\u00e9rias sem comprometer as finan\u00e7as"},"content":{"rendered":"<p>Viajar \u00e9 uma das experi\u00eancias mais enriquecedoras da vida, mas tamb\u00e9m pode ser uma das mais caras se o planejamento financeiro n\u00e3o for bem feito. <br><br>Entre passagens, hospedagem, alimenta\u00e7\u00e3o e passeios, o or\u00e7amento pode facilmente sair do controle. <\/p>\n\n\n\n<p>A boa not\u00edcia \u00e9 que \u00e9 totalmente poss\u00edvel viajar bem e economizar ao mesmo tempo  basta organiza\u00e7\u00e3o, estrat\u00e9gia e consci\u00eancia financeira.<\/p>\n\n\n\n<p>A seguir, veja como montar um plano de viagem eficiente, sem precisar abrir m\u00e3o do conforto ou se endividar no processo.<\/p>\n\n\n\n<h2 class=\"wp-block-heading\">\u2708\ufe0f Passo 1: Defina um or\u00e7amento realista<\/h2>\n\n\n\n<p>O primeiro passo \u00e9 saber quanto voc\u00ea realmente pode gastar. Isso significa olhar para o seu or\u00e7amento mensal e reservar uma quantia que n\u00e3o comprometa suas contas fixas ou reservas de emerg\u00eancia.<\/p>\n\n\n\n<ul class=\"wp-block-list\">\n<li><strong>Estabele\u00e7a um teto de gastos<\/strong>: escolha um valor m\u00e1ximo para a viagem e mantenha-se fiel a ele.<\/li>\n\n\n\n<li><strong>Separe por categorias<\/strong>: transporte, hospedagem, alimenta\u00e7\u00e3o, lazer e imprevistos.<\/li>\n\n\n\n<li><strong>Crie uma conta separada<\/strong>: se poss\u00edvel, abra uma conta digital ou poupan\u00e7a s\u00f3 para o fundo da viagem.<\/li>\n<\/ul>\n\n\n\n<p>\ud83d\udca1 <em>Dica inteligente:<\/em> use aplicativos como <a href=\"https:\/\/lp2.mobills.com.br\/black-do-futuro-2025?utm_source=google&amp;utm_medium=cpc&amp;utm_campaign=blackfriday-2025-mobills-pro&amp;utm_term=mobills-pro&amp;utm_content=pmax-pro-blackfriday-2025&amp;gad_source=1&amp;gad_campaignid=23082402849&amp;gbraid=0AAAAADitDelAn_aBBJSE41lRKBwI1N7K_&amp;gclid=CjwKCAiAoNbIBhB5EiwAZFbYGLdvvwl2hFl4XzN0oRCRdRv3FvGU9Og5-R7-8beAe7uTIIgVOVri2hoC6NcQAvD_BwE\">Mobills<\/a>, GuiaBolso ou Minhas Economias para acompanhar o progresso e controlar despesas espec\u00edficas da viagem.<\/p>\n\n\n\n<h2 class=\"wp-block-heading\">\ud83d\uddd3\ufe0f Passo 2: Planeje com anteced\u00eancia<\/h2>\n\n\n\n<p>Quanto mais cedo voc\u00ea come\u00e7ar a planejar, maiores s\u00e3o as chances de conseguir descontos e promo\u00e7\u00f5es. O planejamento antecipado \u00e9 o segredo dos viajantes que gastam menos.<\/p>\n\n\n\n<ul class=\"wp-block-list\">\n<li><strong>Passagens a\u00e9reas<\/strong>: compre com 2 a 3 meses de anteced\u00eancia para voos nacionais e 4 a 6 meses para internacionais.<\/li>\n\n\n\n<li><strong>Hospedagem<\/strong>: sites como Booking, Airbnb e Trivago oferecem cancelamento gratuito \u2014 use isso a seu favor.<\/li>\n\n\n\n<li><strong>Temporadas<\/strong>: evite feriados e alta temporada; os pre\u00e7os caem at\u00e9 40% em baixa esta\u00e7\u00e3o.<\/li>\n<\/ul>\n\n\n\n<p>\ud83d\udd52 <em>Pro tip:<\/em> configure alertas de pre\u00e7o em sites como Google Flights e Skyscanner. <\/p>\n\n\n\n<p>Assim, voc\u00ea \u00e9 avisado quando o valor das passagens cair.<\/p>\n\n\n\n<h2 class=\"wp-block-heading\">\ud83e\uddf3 Passo 3: Escolha destinos compat\u00edveis com o bolso<\/h2>\n\n\n\n<p>Nem todo destino precisa ser caro para ser inesquec\u00edvel. O segredo est\u00e1 em adaptar o roteiro ao seu or\u00e7amento, sem perder a ess\u00eancia da viagem.<\/p>\n\n\n\n<ul class=\"wp-block-list\">\n<li><strong>Destinos nacionais<\/strong> como Chapada dos Veadeiros, Bonito e Gramado oferecem experi\u00eancias incr\u00edveis sem o custo de uma viagem internacional.<\/li>\n\n\n\n<li><strong>Am\u00e9rica do Sul<\/strong> \u00e9 uma \u00f3tima pedida para quem quer viajar para fora gastando pouco \u2014 Argentina, Chile e Col\u00f4mbia s\u00e3o exemplos de bom custo-benef\u00edcio.<\/li>\n\n\n\n<li><strong>Destinos alternativos<\/strong>: procure cidades vizinhas a grandes centros tur\u00edsticos. Por exemplo, ao inv\u00e9s de ficar em Florian\u00f3polis, hospede-se em S\u00e3o Jos\u00e9, a poucos minutos de dist\u00e2ncia.<\/li>\n<\/ul>\n\n\n\n<p>\ud83c\udf0e <em>Dica b\u00f4nus:<\/em> Pesquise blogs e f\u00f3runs de viajantes econ\u00f4micos, como o \u201cMelhores Destinos\u201d ou \u201cViaje na Viagem\u201d, para descobrir lugares e rotas menos exploradas.<\/p>\n\n\n\n<h2 class=\"wp-block-heading\">\ud83c\udf7d\ufe0f Passo 4: Economize na alimenta\u00e7\u00e3o<\/h2>\n\n\n\n<p>A alimenta\u00e7\u00e3o \u00e9 um dos gastos mais subestimados nas viagens, mas tamb\u00e9m um dos mais f\u00e1ceis de controlar.<\/p>\n\n\n\n<ul class=\"wp-block-list\">\n<li><strong>Evite comer em pontos tur\u00edsticos<\/strong>, onde os pre\u00e7os s\u00e3o inflacionados. Prefira restaurantes frequentados por moradores locais.<\/li>\n\n\n\n<li><strong>Aposte em hospedagens com cozinha<\/strong>, como hostels ou Airbnbs. Preparar parte das refei\u00e7\u00f5es economiza at\u00e9 50% dos gastos di\u00e1rios.<\/li>\n\n\n\n<li><strong>Leve lanches leves<\/strong> para passeios longos e evite compras de \u00faltima hora em locais caros.<\/li>\n<\/ul>\n\n\n\n<p>\ud83e\udd57 <em>Dica esperta:<\/em> Experimente aplicativos como \u201cThe Fork\u201d e \u201cRestorando\u201d, que oferecem descontos em restaurantes de v\u00e1rias cidades brasileiras e do exterior.<\/p>\n\n\n\n<h2 class=\"wp-block-heading\">\ud83c\udfe8 Passo 5: Escolha bem onde se hospedar<\/h2>\n\n\n\n<p>A hospedagem representa uma parte significativa do or\u00e7amento, mas h\u00e1 v\u00e1rias formas de economizar sem abrir m\u00e3o do conforto.<\/p>\n\n\n\n<ul class=\"wp-block-list\">\n<li><strong>Pesquise comparadores de pre\u00e7o<\/strong> e leia avalia\u00e7\u00f5es recentes.<\/li>\n\n\n\n<li><strong>Considere hostels e pousadas<\/strong> \u2014 muitos t\u00eam quartos privativos com \u00f3timo custo-benef\u00edcio.<\/li>\n\n\n\n<li><strong>Programas de fidelidade<\/strong>: sites como Booking.com e Hoteis.com oferecem noites gr\u00e1tis ap\u00f3s um certo n\u00famero de reservas.<\/li>\n<\/ul>\n\n\n\n<p>\ud83c\udf1f <em>Dica estrat\u00e9gica:<\/em> se for viajar com amigos ou fam\u00edlia, divida uma acomoda\u00e7\u00e3o maior. O valor total costuma sair bem mais barato por pessoa.<\/p>\n\n\n\n<h2 class=\"wp-block-heading\">\ud83d\ude97 Passo 6: Otimize transporte e deslocamentos<\/h2>\n\n\n\n<p>Um erro comum \u00e9 ignorar os gastos dentro do destino. Transporte local pode consumir boa parte do dinheiro se n\u00e3o houver planejamento.<\/p>\n\n\n\n<ul class=\"wp-block-list\">\n<li><strong>Pesquise op\u00e7\u00f5es de transporte p\u00fablico<\/strong>: metr\u00f4s e \u00f4nibus s\u00e3o muito mais baratos que t\u00e1xis ou aplicativos.<\/li>\n\n\n\n<li><strong>Alugue bicicletas ou use transporte compartilhado<\/strong> \u2014 al\u00e9m de econ\u00f4mico, \u00e9 uma op\u00e7\u00e3o sustent\u00e1vel.<\/li>\n\n\n\n<li><strong>Aplicativos de mobilidade<\/strong>: use os cupons promocionais para o primeiro uso em cada app.<\/li>\n<\/ul>\n\n\n\n<p>\ud83d\udeb4 <em>Dica extra:<\/em> se o destino for pequeno, opte por caminhar. Al\u00e9m de economizar, voc\u00ea conhece melhor o lugar.<\/p>\n\n\n\n<h2 class=\"wp-block-heading\">\ud83d\udca1 Passo 7: Use estrat\u00e9gias de economia digital<\/h2>\n\n\n\n<figure class=\"wp-block-image size-full\"><img data-recalc-dims=\"1\" fetchpriority=\"high\" decoding=\"async\" width=\"612\" height=\"409\" src=\"https:\/\/i0.wp.com\/maratonadoconsumidor.com.br\/wp-content\/uploads\/2025\/11\/istockphoto-1488704008-612x612-1.jpg?resize=612%2C409&#038;ssl=1\" alt=\"\ud83d\udcb0 Economia de viagens: como organizar seu or\u00e7amento para f\u00e9rias sem comprometer as finan\u00e7as\" class=\"wp-image-868\" srcset=\"https:\/\/i0.wp.com\/maratonadoconsumidor.com.br\/wp-content\/uploads\/2025\/11\/istockphoto-1488704008-612x612-1.jpg?w=612&amp;ssl=1 612w, https:\/\/i0.wp.com\/maratonadoconsumidor.com.br\/wp-content\/uploads\/2025\/11\/istockphoto-1488704008-612x612-1.jpg?resize=300%2C200&amp;ssl=1 300w, https:\/\/i0.wp.com\/maratonadoconsumidor.com.br\/wp-content\/uploads\/2025\/11\/istockphoto-1488704008-612x612-1.jpg?resize=18%2C12&amp;ssl=1 18w, https:\/\/i0.wp.com\/maratonadoconsumidor.com.br\/wp-content\/uploads\/2025\/11\/istockphoto-1488704008-612x612-1.jpg?resize=150%2C100&amp;ssl=1 150w, https:\/\/i0.wp.com\/maratonadoconsumidor.com.br\/wp-content\/uploads\/2025\/11\/istockphoto-1488704008-612x612-1.jpg?resize=330%2C220&amp;ssl=1 330w, https:\/\/i0.wp.com\/maratonadoconsumidor.com.br\/wp-content\/uploads\/2025\/11\/istockphoto-1488704008-612x612-1.jpg?resize=420%2C280&amp;ssl=1 420w, https:\/\/i0.wp.com\/maratonadoconsumidor.com.br\/wp-content\/uploads\/2025\/11\/istockphoto-1488704008-612x612-1.jpg?resize=510%2C340&amp;ssl=1 510w\" sizes=\"(max-width: 612px) 100vw, 612px\" \/><figcaption class=\"wp-element-caption\">International airport terminal. Asian beautiful woman with luggage and walking in airport<\/figcaption><\/figure>\n\n\n\n<p>A tecnologia \u00e9 uma aliada poderosa para quem quer economizar nas f\u00e9rias.<\/p>\n\n\n\n<ul class=\"wp-block-list\">\n<li><strong>Cashback e cupons<\/strong>: sites como M\u00e9liuz, Cuponomia e PegaDesconto oferecem devolu\u00e7\u00f5es e c\u00f3digos para reservas e passagens.<\/li>\n\n\n\n<li><strong>Comparadores de pacotes<\/strong>: plataformas como Decolar, 123Milhas e Kayak ajudam a visualizar o menor pre\u00e7o de voos e hospedagens.<\/li>\n\n\n\n<li><strong>Milhas e pontos<\/strong>: aproveite programas de fidelidade e cart\u00f5es de cr\u00e9dito para reduzir custos de passagens a\u00e9reas.<\/li>\n<\/ul>\n\n\n\n<p>\ud83d\udcf1 <em>Lembre-se:<\/em> verifique sempre se os cupons s\u00e3o v\u00e1lidos para o per\u00edodo da sua viagem e combine cashback com promo\u00e7\u00f5es de cart\u00e3o para potencializar os descontos.<\/p>\n\n\n\n<h2 class=\"wp-block-heading\">\ud83c\udf05 Um novo olhar sobre viajar<\/h2>\n\n\n\n<p>Viajar com economia n\u00e3o \u00e9 sin\u00f4nimo de abrir m\u00e3o do prazer, e sim de fazer escolhas mais inteligentes. Com um pouco de disciplina e pesquisa, \u00e9 poss\u00edvel transformar qualquer viagem em uma experi\u00eancia memor\u00e1vel  sem d\u00edvidas, sem arrependimentos e com a mente tranquila.<\/p>\n\n\n\n<p>Imagine voltar das f\u00e9rias com lembran\u00e7as incr\u00edveis e o bolso equilibrado. Essa \u00e9 a verdadeira defini\u00e7\u00e3o de uma viagem bem-sucedida: quando o retorno \u00e9 t\u00e3o leve quanto a bagagem.<\/p>\n\n\n\n<h3 class=\"wp-block-heading\">\u2753 <strong>FAQ R\u00e1pido<\/strong><\/h3>\n\n\n\n<p><strong>1. Quanto devo guardar por m\u00eas para uma viagem?<\/strong><br>O ideal \u00e9 reservar entre 5% e 10% da renda mensal para o fundo de viagem, come\u00e7ando com anteced\u00eancia m\u00ednima de seis meses.<\/p>\n\n\n\n<p><strong>2. Vale a pena comprar pacotes prontos?<\/strong><br>Depende. Pacotes podem sair mais baratos quando incluem voo + hospedagem, mas sempre compare os valores individuais antes de fechar.<\/p>\n\n\n\n<p><strong>3. Quais os melhores meses para viajar barato?<\/strong><br>Entre mar\u00e7o e junho ou de agosto a novembro, quando h\u00e1 menos turistas e os pre\u00e7os caem significativamente.<\/p>","protected":false},"excerpt":{"rendered":"<p>Viajar \u00e9 uma das experi\u00eancias mais enriquecedoras da vida, mas tamb\u00e9m pode ser uma das mais caras se o planejamento financeiro n\u00e3o for bem feito. Entre passagens, hospedagem, alimenta\u00e7\u00e3o e passeios, o or\u00e7amento pode facilmente sair do controle. A boa not\u00edcia \u00e9 que \u00e9 totalmente poss\u00edvel viajar bem e economizar ao mesmo tempo basta organiza\u00e7\u00e3o,<\/p>","protected":false},"author":1,"featured_media":867,"comment_status":"open","ping_status":"open","sticky":false,"template":"","format":"standard","meta":{"_mbp_gutenberg_autopost":false,"jetpack_post_was_ever_published":false,"_jetpack_newsletter_access":"","_jetpack_dont_email_post_to_subs":false,"_jetpack_newsletter_tier_id":0,"_jetpack_memberships_contains_paywalled_content":false,"_jetpack_memberships_contains_paid_content":false,"footnotes":"","jetpack_publicize_message":"","jetpack_publicize_feature_enabled":true,"jetpack_social_post_already_shared":false,"jetpack_social_options":{"image_generator_settings":{"template":"highway","default_image_id":0,"font":"","enabled":false},"version":2}},"categories":[97],"tags":[104],"class_list":["post-866","post","type-post","status-publish","format-standard","has-post-thumbnail","hentry","category-turismo","tag-economia-de-viagens"],"yoast_head":"<!-- This site is optimized with the Yoast SEO plugin v27.4 - https:\/\/yoast.com\/product\/yoast-seo-wordpress\/ -->\n<title>Economia de viagens: como organizar seu or\u00e7amento para f\u00e9rias<\/title>\n<meta name=\"description\" content=\"Descubra como organizar seu or\u00e7amento de viagem sem comprometer as finan\u00e7as. Dicas pr\u00e1ticas, passo a passo e estrat\u00e9gias para economizar\" \/>\n<meta name=\"robots\" content=\"index, follow, max-snippet:-1, max-image-preview:large, max-video-preview:-1\" \/>\n<link rel=\"canonical\" href=\"https:\/\/maratonadoconsumidor.com.br\/en\/economia-de-viagens-como-organizar-seu-orcamento-para-ferias\/\" \/>\n<meta property=\"og:locale\" content=\"en_US\" \/>\n<meta property=\"og:type\" content=\"article\" \/>\n<meta property=\"og:title\" content=\"Economia de viagens: como organizar seu or\u00e7amento para f\u00e9rias\" \/>\n<meta property=\"og:description\" content=\"Descubra como organizar seu or\u00e7amento de viagem sem comprometer as finan\u00e7as. Dicas pr\u00e1ticas, passo a passo e estrat\u00e9gias para economizar\" \/>\n<meta property=\"og:url\" content=\"https:\/\/maratonadoconsumidor.com.br\/en\/economia-de-viagens-como-organizar-seu-orcamento-para-ferias\/\" \/>\n<meta property=\"article:publisher\" content=\"https:\/\/www.facebook.com\/canaldomaratonadoconsumidor\" \/>\n<meta property=\"article:published_time\" content=\"2025-11-13T20:16:00+00:00\" \/>\n<meta property=\"article:modified_time\" content=\"2025-11-13T20:16:07+00:00\" \/>\n<meta property=\"og:image\" content=\"https:\/\/maratonadoconsumidor.com.br\/wp-content\/uploads\/2025\/11\/istockphoto-1318626303-612x612-1.jpg\" \/>\n\t<meta property=\"og:image:width\" content=\"612\" \/>\n\t<meta property=\"og:image:height\" content=\"408\" \/>\n\t<meta property=\"og:image:type\" content=\"image\/jpeg\" \/>\n<meta name=\"author\" content=\"Emilio de Vicente\" \/>\n<meta name=\"twitter:card\" content=\"summary_large_image\" \/>\n<meta name=\"twitter:creator\" content=\"@MaratonadoCons1\" \/>\n<meta name=\"twitter:site\" content=\"@MaratonadoCons1\" \/>\n<meta name=\"twitter:label1\" content=\"Written by\" \/>\n\t<meta name=\"twitter:data1\" content=\"Emilio de Vicente\" \/>\n\t<meta name=\"twitter:label2\" content=\"Est. reading time\" \/>\n\t<meta name=\"twitter:data2\" content=\"6 minutes\" \/>\n<script type=\"application\/ld+json\" class=\"yoast-schema-graph\">{\"@context\":\"https:\\\/\\\/schema.org\",\"@graph\":[{\"@type\":\"Article\",\"@id\":\"https:\\\/\\\/maratonadoconsumidor.com.br\\\/economia-de-viagens-como-organizar-seu-orcamento-para-ferias\\\/#article\",\"isPartOf\":{\"@id\":\"https:\\\/\\\/maratonadoconsumidor.com.br\\\/economia-de-viagens-como-organizar-seu-orcamento-para-ferias\\\/\"},\"author\":{\"name\":\"Emilio de Vicente\",\"@id\":\"https:\\\/\\\/maratonadoconsumidor.com.br\\\/#\\\/schema\\\/person\\\/01c74586a582dc988d4334293f57343c\"},\"headline\":\"\ud83d\udcb0 Economia de viagens: como organizar seu or\u00e7amento para f\u00e9rias sem comprometer as finan\u00e7as\",\"datePublished\":\"2025-11-13T20:16:00+00:00\",\"dateModified\":\"2025-11-13T20:16:07+00:00\",\"mainEntityOfPage\":{\"@id\":\"https:\\\/\\\/maratonadoconsumidor.com.br\\\/economia-de-viagens-como-organizar-seu-orcamento-para-ferias\\\/\"},\"wordCount\":1051,\"commentCount\":0,\"publisher\":{\"@id\":\"https:\\\/\\\/maratonadoconsumidor.com.br\\\/#organization\"},\"image\":{\"@id\":\"https:\\\/\\\/maratonadoconsumidor.com.br\\\/economia-de-viagens-como-organizar-seu-orcamento-para-ferias\\\/#primaryimage\"},\"thumbnailUrl\":\"https:\\\/\\\/i0.wp.com\\\/maratonadoconsumidor.com.br\\\/wp-content\\\/uploads\\\/2025\\\/11\\\/istockphoto-1318626303-612x612-1.jpg?fit=612%2C408&ssl=1\",\"keywords\":[\"Economia de viagens\"],\"articleSection\":[\"Turismo\"],\"inLanguage\":\"en-US\",\"potentialAction\":[{\"@type\":\"CommentAction\",\"name\":\"Comment\",\"target\":[\"https:\\\/\\\/maratonadoconsumidor.com.br\\\/economia-de-viagens-como-organizar-seu-orcamento-para-ferias\\\/#respond\"]}]},{\"@type\":\"WebPage\",\"@id\":\"https:\\\/\\\/maratonadoconsumidor.com.br\\\/economia-de-viagens-como-organizar-seu-orcamento-para-ferias\\\/\",\"url\":\"https:\\\/\\\/maratonadoconsumidor.com.br\\\/economia-de-viagens-como-organizar-seu-orcamento-para-ferias\\\/\",\"name\":\"Economia de viagens: como organizar seu or\u00e7amento para f\u00e9rias\",\"isPartOf\":{\"@id\":\"https:\\\/\\\/maratonadoconsumidor.com.br\\\/#website\"},\"primaryImageOfPage\":{\"@id\":\"https:\\\/\\\/maratonadoconsumidor.com.br\\\/economia-de-viagens-como-organizar-seu-orcamento-para-ferias\\\/#primaryimage\"},\"image\":{\"@id\":\"https:\\\/\\\/maratonadoconsumidor.com.br\\\/economia-de-viagens-como-organizar-seu-orcamento-para-ferias\\\/#primaryimage\"},\"thumbnailUrl\":\"https:\\\/\\\/i0.wp.com\\\/maratonadoconsumidor.com.br\\\/wp-content\\\/uploads\\\/2025\\\/11\\\/istockphoto-1318626303-612x612-1.jpg?fit=612%2C408&ssl=1\",\"datePublished\":\"2025-11-13T20:16:00+00:00\",\"dateModified\":\"2025-11-13T20:16:07+00:00\",\"description\":\"Descubra como organizar seu or\u00e7amento de viagem sem comprometer as finan\u00e7as. Dicas pr\u00e1ticas, passo a passo e estrat\u00e9gias para economizar\",\"breadcrumb\":{\"@id\":\"https:\\\/\\\/maratonadoconsumidor.com.br\\\/economia-de-viagens-como-organizar-seu-orcamento-para-ferias\\\/#breadcrumb\"},\"inLanguage\":\"en-US\",\"potentialAction\":[{\"@type\":\"ReadAction\",\"target\":[\"https:\\\/\\\/maratonadoconsumidor.com.br\\\/economia-de-viagens-como-organizar-seu-orcamento-para-ferias\\\/\"]}]},{\"@type\":\"ImageObject\",\"inLanguage\":\"en-US\",\"@id\":\"https:\\\/\\\/maratonadoconsumidor.com.br\\\/economia-de-viagens-como-organizar-seu-orcamento-para-ferias\\\/#primaryimage\",\"url\":\"https:\\\/\\\/i0.wp.com\\\/maratonadoconsumidor.com.br\\\/wp-content\\\/uploads\\\/2025\\\/11\\\/istockphoto-1318626303-612x612-1.jpg?fit=612%2C408&ssl=1\",\"contentUrl\":\"https:\\\/\\\/i0.wp.com\\\/maratonadoconsumidor.com.br\\\/wp-content\\\/uploads\\\/2025\\\/11\\\/istockphoto-1318626303-612x612-1.jpg?fit=612%2C408&ssl=1\",\"width\":612,\"height\":408,\"caption\":\"\ud83d\udcb0 Economia de viagens: como organizar seu or\u00e7amento para f\u00e9rias sem comprometer as finan\u00e7as\"},{\"@type\":\"BreadcrumbList\",\"@id\":\"https:\\\/\\\/maratonadoconsumidor.com.br\\\/economia-de-viagens-como-organizar-seu-orcamento-para-ferias\\\/#breadcrumb\",\"itemListElement\":[{\"@type\":\"ListItem\",\"position\":1,\"name\":\"In\u00edcio\",\"item\":\"https:\\\/\\\/maratonadoconsumidor.com.br\\\/\"},{\"@type\":\"ListItem\",\"position\":2,\"name\":\"\ud83d\udcb0 Economia de viagens: como organizar seu or\u00e7amento para f\u00e9rias sem comprometer as finan\u00e7as\"}]},{\"@type\":\"WebSite\",\"@id\":\"https:\\\/\\\/maratonadoconsumidor.com.br\\\/#website\",\"url\":\"https:\\\/\\\/maratonadoconsumidor.com.br\\\/\",\"name\":\"Maratona do Consumidor\",\"description\":\"\",\"publisher\":{\"@id\":\"https:\\\/\\\/maratonadoconsumidor.com.br\\\/#organization\"},\"potentialAction\":[{\"@type\":\"SearchAction\",\"target\":{\"@type\":\"EntryPoint\",\"urlTemplate\":\"https:\\\/\\\/maratonadoconsumidor.com.br\\\/?s={search_term_string}\"},\"query-input\":{\"@type\":\"PropertyValueSpecification\",\"valueRequired\":true,\"valueName\":\"search_term_string\"}}],\"inLanguage\":\"en-US\"},{\"@type\":\"Organization\",\"@id\":\"https:\\\/\\\/maratonadoconsumidor.com.br\\\/#organization\",\"name\":\"Maratona do Consumidor\",\"url\":\"https:\\\/\\\/maratonadoconsumidor.com.br\\\/\",\"logo\":{\"@type\":\"ImageObject\",\"inLanguage\":\"en-US\",\"@id\":\"https:\\\/\\\/maratonadoconsumidor.com.br\\\/#\\\/schema\\\/logo\\\/image\\\/\",\"url\":\"https:\\\/\\\/maratonadoconsumidor.com.br\\\/wp-content\\\/uploads\\\/2025\\\/06\\\/MARATONA-DO-CONSUMIDOR-160.png\",\"contentUrl\":\"https:\\\/\\\/maratonadoconsumidor.com.br\\\/wp-content\\\/uploads\\\/2025\\\/06\\\/MARATONA-DO-CONSUMIDOR-160.png\",\"width\":180,\"height\":60,\"caption\":\"Maratona do Consumidor\"},\"image\":{\"@id\":\"https:\\\/\\\/maratonadoconsumidor.com.br\\\/#\\\/schema\\\/logo\\\/image\\\/\"},\"sameAs\":[\"https:\\\/\\\/www.facebook.com\\\/canaldomaratonadoconsumidor\",\"https:\\\/\\\/x.com\\\/MaratonadoCons1\",\"https:\\\/\\\/www.instagram.com\\\/maratonadoconsumidor\\\/\",\"https:\\\/\\\/www.youtube.com\\\/@MaratonadoConsumidor\"]},{\"@type\":\"Person\",\"@id\":\"https:\\\/\\\/maratonadoconsumidor.com.br\\\/#\\\/schema\\\/person\\\/01c74586a582dc988d4334293f57343c\",\"name\":\"Emilio de Vicente\",\"image\":{\"@type\":\"ImageObject\",\"inLanguage\":\"en-US\",\"@id\":\"https:\\\/\\\/maratonadoconsumidor.com.br\\\/wp-content\\\/uploads\\\/2025\\\/09\\\/cropped-Captura-de-tela-2024-05-15-133101-96x96.png\",\"url\":\"https:\\\/\\\/maratonadoconsumidor.com.br\\\/wp-content\\\/uploads\\\/2025\\\/09\\\/cropped-Captura-de-tela-2024-05-15-133101-96x96.png\",\"contentUrl\":\"https:\\\/\\\/maratonadoconsumidor.com.br\\\/wp-content\\\/uploads\\\/2025\\\/09\\\/cropped-Captura-de-tela-2024-05-15-133101-96x96.png\",\"caption\":\"Emilio de Vicente\"},\"description\":\"Emilio de Vicente \u00e9 o autor e respons\u00e1vel pelos conte\u00fados do site Maratona do Consumidor, trazendo informa\u00e7\u00f5es atualizadas, an\u00e1lises profundas e artigos relevantes sobre diversos temas do cotidiano relacionados dicas, comparativos de produtos e pre\u00e7os, consumo inteligente, finan\u00e7as em geral e muito mais.\",\"sameAs\":[\"https:\\\/\\\/maratonadoconsumidor.com.br\"],\"url\":\"https:\\\/\\\/maratonadoconsumidor.com.br\\\/en\\\/author\\\/emilio\\\/\"}]}<\/script>\n<!-- \/ Yoast SEO plugin. -->","yoast_head_json":{"title":"Economia de viagens: como organizar seu or\u00e7amento para f\u00e9rias","description":"Descubra como organizar seu or\u00e7amento de viagem sem comprometer as finan\u00e7as. Dicas pr\u00e1ticas, passo a passo e estrat\u00e9gias para economizar","robots":{"index":"index","follow":"follow","max-snippet":"max-snippet:-1","max-image-preview":"max-image-preview:large","max-video-preview":"max-video-preview:-1"},"canonical":"https:\/\/maratonadoconsumidor.com.br\/en\/economia-de-viagens-como-organizar-seu-orcamento-para-ferias\/","og_locale":"en_US","og_type":"article","og_title":"Economia de viagens: como organizar seu or\u00e7amento para f\u00e9rias","og_description":"Descubra como organizar seu or\u00e7amento de viagem sem comprometer as finan\u00e7as. Dicas pr\u00e1ticas, passo a passo e estrat\u00e9gias para economizar","og_url":"https:\/\/maratonadoconsumidor.com.br\/en\/economia-de-viagens-como-organizar-seu-orcamento-para-ferias\/","article_publisher":"https:\/\/www.facebook.com\/canaldomaratonadoconsumidor","article_published_time":"2025-11-13T20:16:00+00:00","article_modified_time":"2025-11-13T20:16:07+00:00","og_image":[{"width":612,"height":408,"url":"https:\/\/maratonadoconsumidor.com.br\/wp-content\/uploads\/2025\/11\/istockphoto-1318626303-612x612-1.jpg","type":"image\/jpeg"}],"author":"Emilio de Vicente","twitter_card":"summary_large_image","twitter_creator":"@MaratonadoCons1","twitter_site":"@MaratonadoCons1","twitter_misc":{"Written by":"Emilio de Vicente","Est. reading time":"6 minutes"},"schema":{"@context":"https:\/\/schema.org","@graph":[{"@type":"Article","@id":"https:\/\/maratonadoconsumidor.com.br\/economia-de-viagens-como-organizar-seu-orcamento-para-ferias\/#article","isPartOf":{"@id":"https:\/\/maratonadoconsumidor.com.br\/economia-de-viagens-como-organizar-seu-orcamento-para-ferias\/"},"author":{"name":"Emilio de Vicente","@id":"https:\/\/maratonadoconsumidor.com.br\/#\/schema\/person\/01c74586a582dc988d4334293f57343c"},"headline":"\ud83d\udcb0 Economia de viagens: como organizar seu or\u00e7amento para f\u00e9rias sem comprometer as finan\u00e7as","datePublished":"2025-11-13T20:16:00+00:00","dateModified":"2025-11-13T20:16:07+00:00","mainEntityOfPage":{"@id":"https:\/\/maratonadoconsumidor.com.br\/economia-de-viagens-como-organizar-seu-orcamento-para-ferias\/"},"wordCount":1051,"commentCount":0,"publisher":{"@id":"https:\/\/maratonadoconsumidor.com.br\/#organization"},"image":{"@id":"https:\/\/maratonadoconsumidor.com.br\/economia-de-viagens-como-organizar-seu-orcamento-para-ferias\/#primaryimage"},"thumbnailUrl":"https:\/\/i0.wp.com\/maratonadoconsumidor.com.br\/wp-content\/uploads\/2025\/11\/istockphoto-1318626303-612x612-1.jpg?fit=612%2C408&ssl=1","keywords":["Economia de viagens"],"articleSection":["Turismo"],"inLanguage":"en-US","potentialAction":[{"@type":"CommentAction","name":"Comment","target":["https:\/\/maratonadoconsumidor.com.br\/economia-de-viagens-como-organizar-seu-orcamento-para-ferias\/#respond"]}]},{"@type":"WebPage","@id":"https:\/\/maratonadoconsumidor.com.br\/economia-de-viagens-como-organizar-seu-orcamento-para-ferias\/","url":"https:\/\/maratonadoconsumidor.com.br\/economia-de-viagens-como-organizar-seu-orcamento-para-ferias\/","name":"Economia de viagens: como organizar seu or\u00e7amento para f\u00e9rias","isPartOf":{"@id":"https:\/\/maratonadoconsumidor.com.br\/#website"},"primaryImageOfPage":{"@id":"https:\/\/maratonadoconsumidor.com.br\/economia-de-viagens-como-organizar-seu-orcamento-para-ferias\/#primaryimage"},"image":{"@id":"https:\/\/maratonadoconsumidor.com.br\/economia-de-viagens-como-organizar-seu-orcamento-para-ferias\/#primaryimage"},"thumbnailUrl":"https:\/\/i0.wp.com\/maratonadoconsumidor.com.br\/wp-content\/uploads\/2025\/11\/istockphoto-1318626303-612x612-1.jpg?fit=612%2C408&ssl=1","datePublished":"2025-11-13T20:16:00+00:00","dateModified":"2025-11-13T20:16:07+00:00","description":"Descubra como organizar seu or\u00e7amento de viagem sem comprometer as finan\u00e7as. Dicas pr\u00e1ticas, passo a passo e estrat\u00e9gias para economizar","breadcrumb":{"@id":"https:\/\/maratonadoconsumidor.com.br\/economia-de-viagens-como-organizar-seu-orcamento-para-ferias\/#breadcrumb"},"inLanguage":"en-US","potentialAction":[{"@type":"ReadAction","target":["https:\/\/maratonadoconsumidor.com.br\/economia-de-viagens-como-organizar-seu-orcamento-para-ferias\/"]}]},{"@type":"ImageObject","inLanguage":"en-US","@id":"https:\/\/maratonadoconsumidor.com.br\/economia-de-viagens-como-organizar-seu-orcamento-para-ferias\/#primaryimage","url":"https:\/\/i0.wp.com\/maratonadoconsumidor.com.br\/wp-content\/uploads\/2025\/11\/istockphoto-1318626303-612x612-1.jpg?fit=612%2C408&ssl=1","contentUrl":"https:\/\/i0.wp.com\/maratonadoconsumidor.com.br\/wp-content\/uploads\/2025\/11\/istockphoto-1318626303-612x612-1.jpg?fit=612%2C408&ssl=1","width":612,"height":408,"caption":"\ud83d\udcb0 Economia de viagens: como organizar seu or\u00e7amento para f\u00e9rias sem comprometer as finan\u00e7as"},{"@type":"BreadcrumbList","@id":"https:\/\/maratonadoconsumidor.com.br\/economia-de-viagens-como-organizar-seu-orcamento-para-ferias\/#breadcrumb","itemListElement":[{"@type":"ListItem","position":1,"name":"In\u00edcio","item":"https:\/\/maratonadoconsumidor.com.br\/"},{"@type":"ListItem","position":2,"name":"\ud83d\udcb0 Economia de viagens: como organizar seu or\u00e7amento para f\u00e9rias sem comprometer as finan\u00e7as"}]},{"@type":"WebSite","@id":"https:\/\/maratonadoconsumidor.com.br\/#website","url":"https:\/\/maratonadoconsumidor.com.br\/","name":"Maratona do Consumidor","description":"","publisher":{"@id":"https:\/\/maratonadoconsumidor.com.br\/#organization"},"potentialAction":[{"@type":"SearchAction","target":{"@type":"EntryPoint","urlTemplate":"https:\/\/maratonadoconsumidor.com.br\/?s={search_term_string}"},"query-input":{"@type":"PropertyValueSpecification","valueRequired":true,"valueName":"search_term_string"}}],"inLanguage":"en-US"},{"@type":"Organization","@id":"https:\/\/maratonadoconsumidor.com.br\/#organization","name":"Maratona do Consumidor","url":"https:\/\/maratonadoconsumidor.com.br\/","logo":{"@type":"ImageObject","inLanguage":"en-US","@id":"https:\/\/maratonadoconsumidor.com.br\/#\/schema\/logo\/image\/","url":"https:\/\/maratonadoconsumidor.com.br\/wp-content\/uploads\/2025\/06\/MARATONA-DO-CONSUMIDOR-160.png","contentUrl":"https:\/\/maratonadoconsumidor.com.br\/wp-content\/uploads\/2025\/06\/MARATONA-DO-CONSUMIDOR-160.png","width":180,"height":60,"caption":"Maratona do Consumidor"},"image":{"@id":"https:\/\/maratonadoconsumidor.com.br\/#\/schema\/logo\/image\/"},"sameAs":["https:\/\/www.facebook.com\/canaldomaratonadoconsumidor","https:\/\/x.com\/MaratonadoCons1","https:\/\/www.instagram.com\/maratonadoconsumidor\/","https:\/\/www.youtube.com\/@MaratonadoConsumidor"]},{"@type":"Person","@id":"https:\/\/maratonadoconsumidor.com.br\/#\/schema\/person\/01c74586a582dc988d4334293f57343c","name":"Emilio de Vicente","image":{"@type":"ImageObject","inLanguage":"en-US","@id":"https:\/\/maratonadoconsumidor.com.br\/wp-content\/uploads\/2025\/09\/cropped-Captura-de-tela-2024-05-15-133101-96x96.png","url":"https:\/\/maratonadoconsumidor.com.br\/wp-content\/uploads\/2025\/09\/cropped-Captura-de-tela-2024-05-15-133101-96x96.png","contentUrl":"https:\/\/maratonadoconsumidor.com.br\/wp-content\/uploads\/2025\/09\/cropped-Captura-de-tela-2024-05-15-133101-96x96.png","caption":"Emilio de Vicente"},"description":"Emilio de Vicente \u00e9 o autor e respons\u00e1vel pelos conte\u00fados do site Maratona do Consumidor, trazendo informa\u00e7\u00f5es atualizadas, an\u00e1lises profundas e artigos relevantes sobre diversos temas do cotidiano relacionados dicas, comparativos de produtos e pre\u00e7os, consumo inteligente, finan\u00e7as em geral e muito mais.","sameAs":["https:\/\/maratonadoconsumidor.com.br"],"url":"https:\/\/maratonadoconsumidor.com.br\/en\/author\/emilio\/"}]}},"jetpack_publicize_connections":[],"jetpack_featured_media_url":"https:\/\/i0.wp.com\/maratonadoconsumidor.com.br\/wp-content\/uploads\/2025\/11\/istockphoto-1318626303-612x612-1.jpg?fit=612%2C408&ssl=1","jetpack-related-posts":[{"id":928,"url":"https:\/\/maratonadoconsumidor.com.br\/en\/inicio-de-ano-inicio-de-impostos-quais-sao-e-como-pagar\/","url_meta":{"origin":866,"position":0},"title":"In\u00edcio de Ano, In\u00edcio de Impostos: Quais S\u00e3o e Como Pagar Sem Prejudicar Seu Or\u00e7amento","author":"Emilio de Vicente","date":"25 de January de 2026","format":false,"excerpt":"O come\u00e7o de um novo ano costuma trazer renova\u00e7\u00e3o, planos e expectativas. No entanto, para milh\u00f5es de brasileiros, esse per\u00edodo tamb\u00e9m marca a chegada de uma s\u00e9rie de compromissos financeiros obrigat\u00f3rios. IPVA, IPTU, Imposto de Renda, taxas municipais e outros encargos passam a fazer parte da rotina logo nos primeiros\u2026","rel":"","context":"In &quot;Dicas&quot;","block_context":{"text":"Dicas","link":"https:\/\/maratonadoconsumidor.com.br\/en\/category\/dicas\/"},"img":{"alt_text":"Inicio de ano , inicio de impostos, quais s\u00e3o e como pagar?","src":"https:\/\/i0.wp.com\/maratonadoconsumidor.com.br\/wp-content\/uploads\/2026\/01\/Design-sem-nome-6.jpg?fit=1200%2C800&ssl=1&resize=350%2C200","width":350,"height":200,"srcset":"https:\/\/i0.wp.com\/maratonadoconsumidor.com.br\/wp-content\/uploads\/2026\/01\/Design-sem-nome-6.jpg?fit=1200%2C800&ssl=1&resize=350%2C200 1x, https:\/\/i0.wp.com\/maratonadoconsumidor.com.br\/wp-content\/uploads\/2026\/01\/Design-sem-nome-6.jpg?fit=1200%2C800&ssl=1&resize=525%2C300 1.5x, https:\/\/i0.wp.com\/maratonadoconsumidor.com.br\/wp-content\/uploads\/2026\/01\/Design-sem-nome-6.jpg?fit=1200%2C800&ssl=1&resize=700%2C400 2x, https:\/\/i0.wp.com\/maratonadoconsumidor.com.br\/wp-content\/uploads\/2026\/01\/Design-sem-nome-6.jpg?fit=1200%2C800&ssl=1&resize=1050%2C600 3x"},"classes":[]},{"id":1107,"url":"https:\/\/maratonadoconsumidor.com.br\/en\/o-que-e-preciso-para-uma-viagem-para-exterior\/","url_meta":{"origin":866,"position":1},"title":"O que \u00e9 preciso para uma viagem para exterior?","author":"Emilio de Vicente","date":"13 de March de 2026","format":false,"excerpt":"Viajar para outro pa\u00eds \u00e9 o sonho de muitas pessoas. Conhecer novas culturas, experimentar sabores diferentes, ouvir outros idiomas e explorar paisagens \u00fanicas s\u00e3o experi\u00eancias que transformam a forma como enxergamos o mundo. No entanto, para que uma viagem internacional aconte\u00e7a sem imprevistos, \u00e9 necess\u00e1rio planejamento e aten\u00e7\u00e3o a diversos\u2026","rel":"","context":"In &quot;Dicas&quot;","block_context":{"text":"Dicas","link":"https:\/\/maratonadoconsumidor.com.br\/en\/category\/dicas\/"},"img":{"alt_text":"O que \u00e9 preciso para uma viagem para exterior?","src":"https:\/\/i0.wp.com\/maratonadoconsumidor.com.br\/wp-content\/uploads\/2026\/03\/Design-sem-nome-39.jpg?fit=1200%2C800&ssl=1&resize=350%2C200","width":350,"height":200,"srcset":"https:\/\/i0.wp.com\/maratonadoconsumidor.com.br\/wp-content\/uploads\/2026\/03\/Design-sem-nome-39.jpg?fit=1200%2C800&ssl=1&resize=350%2C200 1x, https:\/\/i0.wp.com\/maratonadoconsumidor.com.br\/wp-content\/uploads\/2026\/03\/Design-sem-nome-39.jpg?fit=1200%2C800&ssl=1&resize=525%2C300 1.5x, https:\/\/i0.wp.com\/maratonadoconsumidor.com.br\/wp-content\/uploads\/2026\/03\/Design-sem-nome-39.jpg?fit=1200%2C800&ssl=1&resize=700%2C400 2x, https:\/\/i0.wp.com\/maratonadoconsumidor.com.br\/wp-content\/uploads\/2026\/03\/Design-sem-nome-39.jpg?fit=1200%2C800&ssl=1&resize=1050%2C600 3x"},"classes":[]},{"id":787,"url":"https:\/\/maratonadoconsumidor.com.br\/en\/primeira-parcela-do-13o-salario-e-o-que-fazer-com-ela\/","url_meta":{"origin":866,"position":2},"title":"Quando sair\u00e1 a primeira parcela do 13\u00ba sal\u00e1rio e o que fazer com ela?","author":"Emilio de Vicente","date":"24 de October de 2025","format":false,"excerpt":"Todo fim de ano, milh\u00f5es de trabalhadores brasileiros aguardam com expectativa o pagamento do 13\u00ba sal\u00e1rio um direito garantido por lei e que, para muitos, representa um al\u00edvio financeiro. No entanto, mais do que apenas contar os dias para receber, \u00e9 fundamental entender quando o dinheiro cai na conta e\u2026","rel":"","context":"In &quot;Direitos&quot;","block_context":{"text":"Direitos","link":"https:\/\/maratonadoconsumidor.com.br\/en\/category\/direitos\/"},"img":{"alt_text":"Quando sair\u00e1 a primeira parcela do 13\u00ba sal\u00e1rio e o que fazer com ela?","src":"https:\/\/i0.wp.com\/maratonadoconsumidor.com.br\/wp-content\/uploads\/2025\/10\/Design-sem-nome-3-2.jpg?fit=1200%2C800&ssl=1&resize=350%2C200","width":350,"height":200,"srcset":"https:\/\/i0.wp.com\/maratonadoconsumidor.com.br\/wp-content\/uploads\/2025\/10\/Design-sem-nome-3-2.jpg?fit=1200%2C800&ssl=1&resize=350%2C200 1x, https:\/\/i0.wp.com\/maratonadoconsumidor.com.br\/wp-content\/uploads\/2025\/10\/Design-sem-nome-3-2.jpg?fit=1200%2C800&ssl=1&resize=525%2C300 1.5x, https:\/\/i0.wp.com\/maratonadoconsumidor.com.br\/wp-content\/uploads\/2025\/10\/Design-sem-nome-3-2.jpg?fit=1200%2C800&ssl=1&resize=700%2C400 2x, https:\/\/i0.wp.com\/maratonadoconsumidor.com.br\/wp-content\/uploads\/2025\/10\/Design-sem-nome-3-2.jpg?fit=1200%2C800&ssl=1&resize=1050%2C600 3x"},"classes":[]},{"id":613,"url":"https:\/\/maratonadoconsumidor.com.br\/en\/qual-e-a-melhor-forma-de-comprar-um-carro-financiado\/","url_meta":{"origin":866,"position":3},"title":"\ud83d\ude97 Qual \u00e9 a melhor forma de comprar um carro financiado?","author":"Emilio de Vicente","date":"15 de August de 2025","format":false,"excerpt":"Comprar um carro \u00e9 uma das decis\u00f5es financeiras mais importantes para muitas pessoas. Quando o financiamento entra em cena, a opera\u00e7\u00e3o pode parecer ainda mais complexa. Escolher a forma certa de financiar n\u00e3o \u00e9 apenas sobre encontrar o menor valor de parcela, mas tamb\u00e9m sobre garantir seguran\u00e7a, planejamento e economia\u2026","rel":"","context":"In &quot;Dicas&quot;","block_context":{"text":"Dicas","link":"https:\/\/maratonadoconsumidor.com.br\/en\/category\/dicas\/"},"img":{"alt_text":"Descubra a melhor forma de comprar um carro financiado em 2025: passo a passo, dicas de planejamento financeiro, tipos de financiamento, seguros e estrat\u00e9gias para economizar e evitar erros.","src":"https:\/\/i0.wp.com\/maratonadoconsumidor.com.br\/wp-content\/uploads\/2025\/08\/Design-sem-nome-11.jpg?fit=1200%2C800&ssl=1&resize=350%2C200","width":350,"height":200,"srcset":"https:\/\/i0.wp.com\/maratonadoconsumidor.com.br\/wp-content\/uploads\/2025\/08\/Design-sem-nome-11.jpg?fit=1200%2C800&ssl=1&resize=350%2C200 1x, https:\/\/i0.wp.com\/maratonadoconsumidor.com.br\/wp-content\/uploads\/2025\/08\/Design-sem-nome-11.jpg?fit=1200%2C800&ssl=1&resize=525%2C300 1.5x, https:\/\/i0.wp.com\/maratonadoconsumidor.com.br\/wp-content\/uploads\/2025\/08\/Design-sem-nome-11.jpg?fit=1200%2C800&ssl=1&resize=700%2C400 2x, https:\/\/i0.wp.com\/maratonadoconsumidor.com.br\/wp-content\/uploads\/2025\/08\/Design-sem-nome-11.jpg?fit=1200%2C800&ssl=1&resize=1050%2C600 3x"},"classes":[]},{"id":914,"url":"https:\/\/maratonadoconsumidor.com.br\/en\/o-que-esperar-da-economia-brasileira-em-2026\/","url_meta":{"origin":866,"position":4},"title":"O que esperar da economia brasileira em 2026?","author":"Emilio de Vicente","date":"1 de January de 2026","format":false,"excerpt":"A economia brasileira entra em 2026 cercada por expectativas, incertezas e oportunidades que exigem aten\u00e7\u00e3o redobrada de consumidores, investidores e empreendedores. Ap\u00f3s anos marcados por infla\u00e7\u00e3o elevada, juros altos e desafios fiscais, o pa\u00eds passa a conviver com um cen\u00e1rio mais complexo, no qual decis\u00f5es internas e fatores globais caminham\u2026","rel":"","context":"In &quot;Diversos&quot;","block_context":{"text":"Diversos","link":"https:\/\/maratonadoconsumidor.com.br\/en\/category\/diversos\/"},"img":{"alt_text":"O que esperar da economia brasileira em 2026?","src":"https:\/\/i0.wp.com\/maratonadoconsumidor.com.br\/wp-content\/uploads\/2026\/01\/Design-sem-nome-12.jpg?fit=1200%2C800&ssl=1&resize=350%2C200","width":350,"height":200,"srcset":"https:\/\/i0.wp.com\/maratonadoconsumidor.com.br\/wp-content\/uploads\/2026\/01\/Design-sem-nome-12.jpg?fit=1200%2C800&ssl=1&resize=350%2C200 1x, https:\/\/i0.wp.com\/maratonadoconsumidor.com.br\/wp-content\/uploads\/2026\/01\/Design-sem-nome-12.jpg?fit=1200%2C800&ssl=1&resize=525%2C300 1.5x, https:\/\/i0.wp.com\/maratonadoconsumidor.com.br\/wp-content\/uploads\/2026\/01\/Design-sem-nome-12.jpg?fit=1200%2C800&ssl=1&resize=700%2C400 2x, https:\/\/i0.wp.com\/maratonadoconsumidor.com.br\/wp-content\/uploads\/2026\/01\/Design-sem-nome-12.jpg?fit=1200%2C800&ssl=1&resize=1050%2C600 3x"},"classes":[]},{"id":399,"url":"https:\/\/maratonadoconsumidor.com.br\/en\/5-habitos-financeiros-que-toda-pessoa-inteligente-precisa-ter\/","url_meta":{"origin":866,"position":5},"title":"5 H\u00e1bitos Financeiros que Toda Pessoa Inteligente Precisa Ter","author":"Emilio de Vicente","date":"2 de July de 2025","format":false,"excerpt":"Administrar bem o dinheiro n\u00e3o \u00e9 um dom reservado a poucos, mas uma habilidade que pode ser desenvolvida com disciplina e consci\u00eancia. O segredo para alcan\u00e7ar uma vida financeira est\u00e1vel e pr\u00f3spera est\u00e1 nos h\u00e1bitos que cultivamos diariamente. Pessoas inteligentes, quando se trata de finan\u00e7as, seguem comportamentos consistentes que garantem\u2026","rel":"","context":"In &quot;Dicas&quot;","block_context":{"text":"Dicas","link":"https:\/\/maratonadoconsumidor.com.br\/en\/category\/dicas\/"},"img":{"alt_text":"5 H\u00e1bitos Financeiros que Toda Pessoa Inteligente Precisa Ter","src":"https:\/\/i0.wp.com\/maratonadoconsumidor.com.br\/wp-content\/uploads\/2025\/07\/Design-sem-nome-2025-07-02T142548.737.jpg?fit=1200%2C738&ssl=1&resize=350%2C200","width":350,"height":200,"srcset":"https:\/\/i0.wp.com\/maratonadoconsumidor.com.br\/wp-content\/uploads\/2025\/07\/Design-sem-nome-2025-07-02T142548.737.jpg?fit=1200%2C738&ssl=1&resize=350%2C200 1x, https:\/\/i0.wp.com\/maratonadoconsumidor.com.br\/wp-content\/uploads\/2025\/07\/Design-sem-nome-2025-07-02T142548.737.jpg?fit=1200%2C738&ssl=1&resize=525%2C300 1.5x, https:\/\/i0.wp.com\/maratonadoconsumidor.com.br\/wp-content\/uploads\/2025\/07\/Design-sem-nome-2025-07-02T142548.737.jpg?fit=1200%2C738&ssl=1&resize=700%2C400 2x, https:\/\/i0.wp.com\/maratonadoconsumidor.com.br\/wp-content\/uploads\/2025\/07\/Design-sem-nome-2025-07-02T142548.737.jpg?fit=1200%2C738&ssl=1&resize=1050%2C600 3x"},"classes":[]}],"jetpack_sharing_enabled":true,"jetpack_likes_enabled":true,"_links":{"self":[{"href":"https:\/\/maratonadoconsumidor.com.br\/en\/wp-json\/wp\/v2\/posts\/866","targetHints":{"allow":["GET"]}}],"collection":[{"href":"https:\/\/maratonadoconsumidor.com.br\/en\/wp-json\/wp\/v2\/posts"}],"about":[{"href":"https:\/\/maratonadoconsumidor.com.br\/en\/wp-json\/wp\/v2\/types\/post"}],"author":[{"embeddable":true,"href":"https:\/\/maratonadoconsumidor.com.br\/en\/wp-json\/wp\/v2\/users\/1"}],"replies":[{"embeddable":true,"href":"https:\/\/maratonadoconsumidor.com.br\/en\/wp-json\/wp\/v2\/comments?post=866"}],"version-history":[{"count":1,"href":"https:\/\/maratonadoconsumidor.com.br\/en\/wp-json\/wp\/v2\/posts\/866\/revisions"}],"predecessor-version":[{"id":870,"href":"https:\/\/maratonadoconsumidor.com.br\/en\/wp-json\/wp\/v2\/posts\/866\/revisions\/870"}],"wp:featuredmedia":[{"embeddable":true,"href":"https:\/\/maratonadoconsumidor.com.br\/en\/wp-json\/wp\/v2\/media\/867"}],"wp:attachment":[{"href":"https:\/\/maratonadoconsumidor.com.br\/en\/wp-json\/wp\/v2\/media?parent=866"}],"wp:term":[{"taxonomy":"category","embeddable":true,"href":"https:\/\/maratonadoconsumidor.com.br\/en\/wp-json\/wp\/v2\/categories?post=866"},{"taxonomy":"post_tag","embeddable":true,"href":"https:\/\/maratonadoconsumidor.com.br\/en\/wp-json\/wp\/v2\/tags?post=866"}],"curies":[{"name":"wp","href":"https:\/\/api.w.org\/{rel}","templated":true}]}}