{"id":850,"date":"2025-11-12T06:23:58","date_gmt":"2025-11-12T09:23:58","guid":{"rendered":"https:\/\/maratonadoconsumidor.com.br\/?p=850"},"modified":"2025-11-12T06:24:03","modified_gmt":"2025-11-12T09:24:03","slug":"mobilidade-urbana-motocicletas-eletricas-para-a-vida-na-cidade","status":"publish","type":"post","link":"https:\/\/maratonadoconsumidor.com.br\/en\/mobilidade-urbana-motocicletas-eletricas-para-a-vida-na-cidade\/","title":{"rendered":"\ud83d\udef5 Mobilidade Urbana: motocicletas el\u00e9tricas para a vida na cidade"},"content":{"rendered":"<p>As grandes cidades brasileiras enfrentam um desafio di\u00e1rio: congestionamentos, polui\u00e7\u00e3o e altos custos com transporte. Nesse cen\u00e1rio, as <strong>motocicletas el\u00e9tricas<\/strong> surgem como uma alternativa moderna, econ\u00f4mica e sustent\u00e1vel. Mais do que uma tend\u00eancia, elas representam uma transforma\u00e7\u00e3o na forma de se deslocar, unindo tecnologia, efici\u00eancia e consci\u00eancia ambiental.<\/p>\n\n\n\n<h2 class=\"wp-block-heading\">\ud83c\udf0d O novo cen\u00e1rio da mobilidade urbana<\/h2>\n\n\n\n<p>O avan\u00e7o das motocicletas el\u00e9tricas n\u00e3o \u00e9 apenas uma moda passageira. Trata-se de uma <strong>mudan\u00e7a estrutural<\/strong> na mobilidade urbana. Cada vez mais pessoas buscam meios de transporte \u00e1geis, de baixo custo e que reduzam o impacto ambiental.<\/p>\n\n\n\n<p>Nos \u00faltimos anos, o Brasil tem acompanhado uma expans\u00e3o significativa do mercado de ve\u00edculos el\u00e9tricos, impulsionada por fatores como:<\/p>\n\n\n\n<ul class=\"wp-block-list\">\n<li><strong>Crescimento das grandes metr\u00f3poles<\/strong>, com tr\u00e2nsito intenso;<\/li>\n\n\n\n<li><strong>Aumento no pre\u00e7o dos combust\u00edveis f\u00f3sseis<\/strong>;<\/li>\n\n\n\n<li><strong>Avan\u00e7o tecnol\u00f3gico das baterias<\/strong>, que hoje possuem maior autonomia e carregamento mais r\u00e1pido;<\/li>\n\n\n\n<li><strong>Incentivos fiscais e ambientais<\/strong> promovendo o uso de energia limpa.<\/li>\n<\/ul>\n\n\n\n<p>Esses fatores tornam as motocicletas el\u00e9tricas uma escolha l\u00f3gica para quem busca praticidade e economia no dia a dia.<\/p>\n\n\n\n<h2 class=\"wp-block-heading\">\u2699\ufe0f Como funcionam as motocicletas el\u00e9tricas<\/h2>\n\n\n\n<p>As motos el\u00e9tricas operam com base em um <strong>motor alimentado por bateria recarreg\u00e1vel<\/strong>, eliminando completamente o uso de combust\u00edveis l\u00edquidos. Isso significa que:<\/p>\n\n\n\n<ul class=\"wp-block-list\">\n<li>O <strong>motor el\u00e9trico<\/strong> transforma energia el\u00e9trica em movimento mec\u00e2nico;<\/li>\n\n\n\n<li>As <strong>baterias de \u00edon-l\u00edtio<\/strong>, as mais comuns, garantem autonomia m\u00e9dia entre 60 km e 120 km;<\/li>\n\n\n\n<li>O <strong>tempo de recarga<\/strong> varia entre 3 a 6 horas, dependendo do modelo e da voltagem;<\/li>\n\n\n\n<li>A <strong>manuten\u00e7\u00e3o \u00e9 mais simples e barata<\/strong>, j\u00e1 que n\u00e3o h\u00e1 troca de \u00f3leo, filtros ou escapamento.<\/li>\n<\/ul>\n\n\n\n<p>A recarga pode ser feita em tomadas dom\u00e9sticas, e alguns modelos permitem o uso de baterias remov\u00edveis, facilitando o carregamento em casa ou no trabalho.<\/p>\n\n\n\n<h2 class=\"wp-block-heading\">\ud83d\udcb0 Economia e benef\u00edcios diretos para o consumidor<\/h2>\n\n\n\n<p>Um dos principais atrativos das motocicletas el\u00e9tricas \u00e9 o <strong>baixo custo de opera\u00e7\u00e3o<\/strong>. O gasto com energia el\u00e9trica \u00e9 muito inferior ao do combust\u00edvel tradicional. Em m\u00e9dia:<\/p>\n\n\n\n<ul class=\"wp-block-list\">\n<li><strong>R$ 1,50 a R$ 2,00<\/strong> para rodar 100 km com eletricidade;<\/li>\n\n\n\n<li>Enquanto uma moto a combust\u00e3o pode custar <strong>R$ 15 a R$ 20<\/strong> para o mesmo trajeto.<\/li>\n<\/ul>\n\n\n\n<p>Al\u00e9m disso, h\u00e1 <strong>benef\u00edcios fiscais<\/strong> em algumas cidades, como isen\u00e7\u00e3o de IPVA, licenciamento mais barato e estacionamento gratuito em \u00e1reas p\u00fablicas. Outro ponto positivo \u00e9 o <strong>baixo ru\u00eddo<\/strong> \u2014 ideal para quem valoriza o sil\u00eancio e quer contribuir com a redu\u00e7\u00e3o da polui\u00e7\u00e3o sonora urbana.<\/p>\n\n\n\n<h2 class=\"wp-block-heading\">\ud83d\udea6 Passo a passo para escolher sua motocicleta el\u00e9trica<\/h2>\n\n\n\n<p>Se voc\u00ea est\u00e1 pensando em adotar uma moto el\u00e9trica, siga este <strong>guia pr\u00e1tico<\/strong> antes de realizar a compra:<\/p>\n\n\n\n<h3 class=\"wp-block-heading\">1\ufe0f\u20e3 Defina o seu perfil de uso<\/h3>\n\n\n\n<p>Pense na dist\u00e2ncia que percorre diariamente e nas rotas mais comuns. Se seu trajeto \u00e9 urbano e de curta dist\u00e2ncia, uma moto com autonomia de 80 km pode ser suficiente.<\/p>\n\n\n\n<h3 class=\"wp-block-heading\">2\ufe0f\u20e3 Pesquise os modelos dispon\u00edveis<\/h3>\n\n\n\n<p>Marcas como Voltz, Shineray, Super Soco e GWS oferecem linhas completas, com varia\u00e7\u00f5es de pot\u00eancia, design e recursos tecnol\u00f3gicos. Compare pre\u00e7os, autonomia e tempo de recarga.<\/p>\n\n\n\n<h3 class=\"wp-block-heading\">3\ufe0f\u20e3 Verifique a infraestrutura de recarga<\/h3>\n\n\n\n<p>Antes de comprar, confira se h\u00e1 <strong>pontos p\u00fablicos de carregamento<\/strong> na sua cidade ou se o carregamento dom\u00e9stico \u00e9 vi\u00e1vel.<\/p>\n\n\n\n<h3 class=\"wp-block-heading\">4\ufe0f\u20e3 Analise os custos e benef\u00edcios<\/h3>\n\n\n\n<p>Considere o investimento inicial (geralmente maior que uma moto a combust\u00e3o) versus a economia a longo prazo em combust\u00edvel e manuten\u00e7\u00e3o.<\/p>\n\n\n\n<h3 class=\"wp-block-heading\">5\ufe0f\u20e3 Fa\u00e7a o test drive<\/h3>\n\n\n\n<p>Nada substitui a experi\u00eancia real de pilotar. Verifique conforto, acelera\u00e7\u00e3o, freios e estabilidade antes de fechar neg\u00f3cio.<\/p>\n\n\n\n<figure class=\"wp-block-embed is-type-video is-provider-youtube wp-block-embed-youtube wp-embed-aspect-16-9 wp-has-aspect-ratio\"><div class=\"wp-block-embed__wrapper\">\n<iframe title=\"Micromobilidade urbana: motos, bikes e patinetes el\u00e9tricos s\u00e3o a solu\u00e7\u00e3o para cidades inteligentes?\" width=\"960\" height=\"540\" src=\"https:\/\/www.youtube.com\/embed\/ZqxnkNGjh-M?feature=oembed\" frameborder=\"0\" allow=\"accelerometer; autoplay; clipboard-write; encrypted-media; gyroscope; picture-in-picture; web-share\" referrerpolicy=\"strict-origin-when-cross-origin\" allowfullscreen><\/iframe>\n<\/div><\/figure>\n\n\n\n<h2 class=\"wp-block-heading\">\ud83c\udf31 Sustentabilidade em movimento<\/h2>\n\n\n\n<p>Ao escolher uma motocicleta el\u00e9trica, o consumidor participa ativamente de uma <strong>mudan\u00e7a ecol\u00f3gica<\/strong>. Esses ve\u00edculos reduzem a emiss\u00e3o de gases de efeito estufa e a depend\u00eancia do petr\u00f3leo, contribuindo para um futuro mais limpo.<\/p>\n\n\n\n<p>Al\u00e9m disso, as montadoras t\u00eam investido em <strong>reciclagem de baterias<\/strong> e programas de log\u00edstica reversa, garantindo que os materiais sejam reaproveitados de forma segura e respons\u00e1vel.<\/p>\n\n\n\n<h2 class=\"wp-block-heading\">\ud83c\udfd9\ufe0f O impacto na vida urbana<\/h2>\n\n\n\n<p>As motos el\u00e9tricas n\u00e3o apenas diminuem o tr\u00e2nsito, mas tamb\u00e9m transformam o cotidiano nas cidades. O deslocamento se torna mais r\u00e1pido, silencioso e econ\u00f4mico, favorecendo tanto o trabalhador que precisa se locomover quanto o entregador que busca reduzir custos operacionais.<\/p>\n\n\n\n<p>Outro impacto positivo \u00e9 o <strong>aumento da mobilidade inclusiva<\/strong> \u2014 pessoas que antes n\u00e3o podiam arcar com os altos custos de combust\u00edvel agora t\u00eam acesso a um transporte moderno e acess\u00edvel.<\/p>\n\n\n\n<h2 class=\"wp-block-heading\">\ud83d\ude80 O futuro da mobilidade el\u00e9trica no Brasil<\/h2>\n\n\n\n<p>Com a amplia\u00e7\u00e3o das ciclovias e a digitaliza\u00e7\u00e3o dos servi\u00e7os urbanos, as motocicletas el\u00e9tricas tendem a se integrar cada vez mais a outros modais, como aplicativos de carona, transporte p\u00fablico e loca\u00e7\u00f5es compartilhadas.<\/p>\n\n\n\n<p>Empresas de delivery, frotas corporativas e at\u00e9 \u00f3rg\u00e3os p\u00fablicos j\u00e1 adotam esses ve\u00edculos, reduzindo despesas e fortalecendo pol\u00edticas de sustentabilidade. A tend\u00eancia \u00e9 que, com o avan\u00e7o da tecnologia, as baterias se tornem mais leves, dur\u00e1veis e baratas, acelerando ainda mais essa transi\u00e7\u00e3o.<\/p>\n\n\n\n<p>Aqui vai uma <strong>grade com diferentes categorias de motos el\u00e9tricas para uso urbano<\/strong>, contendo estimativas de pre\u00e7os no Brasil (quando dispon\u00edveis) e uma an\u00e1lise dos custos envolvidos:<\/p>\n\n\n\n<figure class=\"wp-block-table\"><table class=\"has-fixed-layout\"><thead><tr><th>Categoria \/ Tipo<\/th><th>Exemplos de modelos<\/th><th>Faixa de pre\u00e7o estimado*<\/th><th>Custo de uso \/ observa\u00e7\u00f5es principais<\/th><\/tr><\/thead><\/table><\/figure>\n\n\n\n<figure class=\"wp-block-table\"><table class=\"has-fixed-layout\"><tbody><tr><td class=\"has-text-align-center\" data-align=\"center\"><strong>Scooter el\u00e9trica leve<\/strong> (trajeto urbano curto)<\/td><td>Shineray SE3 \u2014 autonomia ~ 80 km, velocidade ~ 50 km\/h <a href=\"https:\/\/exame.com\/tecnologia\/motos-eletricas-entre-11-e-20-mil-reais-conheca-5-opcoes-no-brasil\/?utm_source=chatgpt.com\" target=\"_blank\" rel=\"noreferrer noopener\">Exame+1<\/a><\/td><td class=\"has-text-align-center\" data-align=\"center\">~ <strong>R$ 11.990<\/strong> <a href=\"https:\/\/exame.com\/tecnologia\/motos-eletricas-entre-11-e-20-mil-reais-conheca-5-opcoes-no-brasil\/?utm_source=chatgpt.com\" target=\"_blank\" rel=\"noreferrer noopener\">Exame+1<\/a><\/td><td>Baixo consumo el\u00e9trico, manuten\u00e7\u00e3o reduzida, ideal para cidade.<\/td><\/tr><\/tbody><\/table><\/figure>\n\n\n\n<figure class=\"wp-block-table\"><table class=\"has-fixed-layout\"><tbody><tr><td class=\"has-text-align-center\" data-align=\"center\"><strong>Scooter\/moto el\u00e9trica urbana m\u00e9dia<\/strong><\/td><td>Voltz EV1 Sport \u2014 autonomia at\u00e9 ~100-180 km (com duas baterias) <a href=\"https:\/\/exame.com\/tecnologia\/motos-eletricas-entre-11-e-20-mil-reais-conheca-5-opcoes-no-brasil\/?utm_source=chatgpt.com\" target=\"_blank\" rel=\"noreferrer noopener\">Exame+1<\/a><\/td><td class=\"has-text-align-center\" data-align=\"center\">~ <strong>R$ 15.890<\/strong> <a href=\"https:\/\/exame.com\/tecnologia\/motos-eletricas-entre-11-e-20-mil-reais-conheca-5-opcoes-no-brasil\/?utm_source=chatgpt.com\" target=\"_blank\" rel=\"noreferrer noopener\">Exame<\/a><\/td><td>Maior autonomia, bateria remov\u00edvel, bom para uso di\u00e1rio mais intenso.<\/td><\/tr><\/tbody><\/table><\/figure>\n\n\n\n<figure class=\"wp-block-table\"><table class=\"has-fixed-layout\"><tbody><tr><td class=\"has-text-align-center\" data-align=\"center\"><strong>Moto el\u00e9trica \u201cstreet\u201d urbana<\/strong><\/td><td>Shineray SHE\u2011S \u2014 estilo moto urbana, motor ~3.000 W <a href=\"https:\/\/exame.com\/tecnologia\/motos-eletricas-entre-11-e-20-mil-reais-conheca-5-opcoes-no-brasil\/?utm_source=chatgpt.com\" target=\"_blank\" rel=\"noreferrer noopener\">Exame+1<\/a><\/td><td class=\"has-text-align-center\" data-align=\"center\">~ <strong>R$ 19.290<\/strong> <a href=\"https:\/\/exame.com\/tecnologia\/motos-eletricas-entre-11-e-20-mil-reais-conheca-5-opcoes-no-brasil\/?utm_source=chatgpt.com\" target=\"_blank\" rel=\"noreferrer noopener\">Exame+1<\/a><\/td><td>Combina visual de moto \u201cnormal\u201d com el\u00e9trica, bom equil\u00edbrio autonomia\/pre\u00e7o.<\/td><\/tr><\/tbody><\/table><\/figure>\n\n\n\n<figure class=\"wp-block-table\"><table class=\"has-fixed-layout\"><tbody><tr><td class=\"has-text-align-center\" data-align=\"center\"><strong>Moto el\u00e9trica mais potente \/ autonomia grande<\/strong><\/td><td>Voltz EVS \u2014 velocidade at\u00e9 ~120 km\/h, autonomia at\u00e9 ~180 km <a href=\"https:\/\/istoedinheiro.com.br\/veja-7-motos-eletricas-que-ja-rodam-no-brasil-confira-precos-e-diferencas?utm_source=chatgpt.com\" target=\"_blank\" rel=\"noreferrer noopener\">Isto\u00c9 Dinheiro+2Exame+2<\/a><\/td><td class=\"has-text-align-center\" data-align=\"center\">~ <strong>R$ 20.390<\/strong> ou mais <a href=\"https:\/\/exame.com\/tecnologia\/motos-eletricas-entre-11-e-20-mil-reais-conheca-5-opcoes-no-brasil\/?utm_source=chatgpt.com\" target=\"_blank\" rel=\"noreferrer noopener\">Exame<\/a><\/td><td>Para quem vai rodar mais, exige mais investimento, bateria mais cara.<\/td><\/tr><\/tbody><\/table><\/figure>\n\n\n\n<p>* Valores com base em levantamentos de in\u00edcio de 2025. Podem variar bastante conforme regi\u00e3o, taxa de c\u00e2mbio, impostos, vers\u00f5es etc.<\/p>\n\n\n\n<figure class=\"wp-block-image size-large\"><img data-recalc-dims=\"1\" fetchpriority=\"high\" decoding=\"async\" width=\"960\" height=\"640\" src=\"https:\/\/i0.wp.com\/maratonadoconsumidor.com.br\/wp-content\/uploads\/2025\/11\/Design-sem-nome-3-1.jpg?resize=960%2C640&#038;ssl=1\" alt=\"Mobilidade Urbana: motocicletas el\u00e9tricas para a vida na cidade \" class=\"wp-image-852\" srcset=\"https:\/\/i0.wp.com\/maratonadoconsumidor.com.br\/wp-content\/uploads\/2025\/11\/Design-sem-nome-3-1.jpg?resize=1024%2C683&amp;ssl=1 1024w, https:\/\/i0.wp.com\/maratonadoconsumidor.com.br\/wp-content\/uploads\/2025\/11\/Design-sem-nome-3-1.jpg?resize=300%2C200&amp;ssl=1 300w, https:\/\/i0.wp.com\/maratonadoconsumidor.com.br\/wp-content\/uploads\/2025\/11\/Design-sem-nome-3-1.jpg?resize=768%2C512&amp;ssl=1 768w, https:\/\/i0.wp.com\/maratonadoconsumidor.com.br\/wp-content\/uploads\/2025\/11\/Design-sem-nome-3-1.jpg?resize=18%2C12&amp;ssl=1 18w, https:\/\/i0.wp.com\/maratonadoconsumidor.com.br\/wp-content\/uploads\/2025\/11\/Design-sem-nome-3-1.jpg?resize=150%2C100&amp;ssl=1 150w, https:\/\/i0.wp.com\/maratonadoconsumidor.com.br\/wp-content\/uploads\/2025\/11\/Design-sem-nome-3-1.jpg?resize=330%2C220&amp;ssl=1 330w, https:\/\/i0.wp.com\/maratonadoconsumidor.com.br\/wp-content\/uploads\/2025\/11\/Design-sem-nome-3-1.jpg?resize=420%2C280&amp;ssl=1 420w, https:\/\/i0.wp.com\/maratonadoconsumidor.com.br\/wp-content\/uploads\/2025\/11\/Design-sem-nome-3-1.jpg?resize=510%2C340&amp;ssl=1 510w, https:\/\/i0.wp.com\/maratonadoconsumidor.com.br\/wp-content\/uploads\/2025\/11\/Design-sem-nome-3-1.jpg?w=1200&amp;ssl=1 1200w\" sizes=\"(max-width: 960px) 100vw, 960px\" \/><\/figure>\n\n\n\n<h3 class=\"wp-block-heading\">\ud83c\udfaf Observa\u00e7\u00f5es sobre custos de uso<\/h3>\n\n\n\n<ul class=\"wp-block-list\">\n<li>A recarga el\u00e9trica tende a custar muito menos que combust\u00edvel tradicional. Por exemplo, usar energia para rodar dezenas de km por dia sai bem mais barato.<\/li>\n\n\n\n<li>A manuten\u00e7\u00e3o de motos el\u00e9tricas costuma ser mais simples: menos pe\u00e7as m\u00f3veis, menos trocas de \u00f3leo\/filtros\/exaust\u00e3o.<\/li>\n\n\n\n<li>Ao avaliar custo-benef\u00edcio, conv\u00e9m olhar: autonomia real (km por carga), tempo de recarga, possibilidade de bateria remov\u00edvel, rede de assist\u00eancia da marca.<\/li>\n\n\n\n<li>No custo total, vale considerar: pre\u00e7o de compra + custo de recarga + custo de manuten\u00e7\u00e3o + deprecia\u00e7\u00e3o.<\/li>\n<\/ul>\n\n\n\n<h2 class=\"wp-block-heading\">\ud83d\udca1 Um novo ritmo para a cidade<\/h2>\n\n\n\n<p>As motocicletas el\u00e9tricas simbolizam uma nova forma de viver o urbano \u2014 mais pr\u00e1tica, limpa e inteligente. Adotar esse meio de transporte \u00e9 investir em <strong>qualidade de vida<\/strong>, <strong>economia<\/strong> e <strong>consci\u00eancia ambiental<\/strong>.<\/p>\n\n\n\n<p>Em um futuro que j\u00e1 come\u00e7a agora, quem se adapta primeiro colhe os melhores resultados. E, no ritmo acelerado das cidades, cada minuto e cada centavo economizado fazem toda a diferen\u00e7a.<\/p>\n\n\n\n<p>\ud83d\udc49 Saiba mais sobre o avan\u00e7o da mobilidade el\u00e9trica no Brasil acessando: <a href=\"https:\/\/agenciabrasil.ebc.com.br\/\" target=\"_blank\" rel=\"noreferrer noopener\">Ag\u00eancia Brasil \u2013 Ve\u00edculos el\u00e9tricos e o futuro da mobilidade<\/a><\/p>\n\n\n\n<h2 class=\"wp-block-heading\">\u2753 Perguntas Frequentes sobre Motocicletas El\u00e9tricas<\/h2>\n\n\n\n<h3 class=\"wp-block-heading\">\ud83c\udfcd\ufe0f 1. As motocicletas el\u00e9tricas precisam de habilita\u00e7\u00e3o?<\/h3>\n\n\n\n<p>Sim. Assim como as motos a combust\u00e3o, os modelos el\u00e9tricos exigem <strong>CNH categoria \u201cA\u201d<\/strong>. Al\u00e9m disso, devem ser <strong>emplacadas e licenciadas<\/strong>, conforme o C\u00f3digo de Tr\u00e2nsito Brasileiro (CTB).<\/p>\n\n\n\n<h3 class=\"wp-block-heading\">\ud83d\udd0b 2. Quanto tempo leva para carregar uma moto el\u00e9trica?<\/h3>\n\n\n\n<p>O tempo m\u00e9dio de recarga varia entre <strong>3 e 6 horas<\/strong>, dependendo do modelo e da capacidade da bateria. Algumas motocicletas oferecem <strong>carregamento r\u00e1pido<\/strong> ou baterias remov\u00edveis que podem ser carregadas em casa.<\/p>\n\n\n\n<h3 class=\"wp-block-heading\">\ud83d\udcb0 3. Qual \u00e9 o custo m\u00e9dio para rodar com uma moto el\u00e9trica?<\/h3>\n\n\n\n<p>O custo \u00e9 <strong>muito inferior ao da gasolina<\/strong>. Em m\u00e9dia, gasta-se <strong>R$ 1,50 a R$ 2,00<\/strong> para percorrer 100 km, enquanto uma moto a combust\u00e3o gasta cerca de <strong>R$ 15 a R$ 20<\/strong> no mesmo trajeto.<\/p>\n\n\n\n<h3 class=\"wp-block-heading\">\ud83d\udd27 4. A manuten\u00e7\u00e3o das motos el\u00e9tricas \u00e9 cara?<\/h3>\n\n\n\n<p>N\u00e3o. A manuten\u00e7\u00e3o \u00e9 <strong>bem mais simples e barata<\/strong>, pois n\u00e3o h\u00e1 troca de \u00f3leo, velas, escapamento ou embreagem. O principal cuidado \u00e9 com a <strong>bateria e o sistema el\u00e9trico<\/strong>, que t\u00eam longa durabilidade quando usados corretamente.<\/p>\n\n\n\n<h3 class=\"wp-block-heading\">\u26a1 5. Onde posso carregar minha moto el\u00e9trica?<\/h3>\n\n\n\n<p>Voc\u00ea pode recarregar em <strong>tomadas convencionais de 110 V ou 220 V<\/strong> em casa, no trabalho ou em pontos p\u00fablicos de recarga que est\u00e3o se tornando cada vez mais comuns nas grandes cidades.<\/p>\n\n\n\n<h3 class=\"wp-block-heading\">\ud83c\udf31 6. As motos el\u00e9tricas realmente ajudam o meio ambiente?<\/h3>\n\n\n\n<p>Sim. Elas <strong>n\u00e3o emitem gases poluentes<\/strong> e contribuem para a redu\u00e7\u00e3o da polui\u00e7\u00e3o sonora. Al\u00e9m disso, as baterias de \u00edon-l\u00edtio podem ser recicladas por programas de log\u00edstica reversa promovidos por diversas marcas.<\/p>\n\n\n\n<h3 class=\"wp-block-heading\">\ud83d\udee0\ufe0f 7. E se a bateria acabar durante o trajeto?<\/h3>\n\n\n\n<p>Assim como um ve\u00edculo a combust\u00e3o sem combust\u00edvel, \u00e9 preciso recarregar. Por isso, \u00e9 essencial <strong>planejar o percurso<\/strong> de acordo com a autonomia da moto. Algumas marcas oferecem <strong>baterias extras remov\u00edveis<\/strong>, que podem ser trocadas rapidamente.<\/p>\n\n\n\n<h3 class=\"wp-block-heading\">\ud83d\ude80 8. As motos el\u00e9tricas s\u00e3o potentes como as motos comuns?<\/h3>\n\n\n\n<p>Sim, muitos modelos j\u00e1 alcan\u00e7am <strong>velocidades de at\u00e9 100 km\/h ou mais<\/strong>, com acelera\u00e7\u00e3o instant\u00e2nea e torque elevado. A principal diferen\u00e7a est\u00e1 na <strong>autonomia<\/strong>, que ainda \u00e9 menor em compara\u00e7\u00e3o aos modelos movidos a gasolina.<\/p>\n\n\n\n<h3 class=\"wp-block-heading\">\ud83e\udeab 9. Qual \u00e9 a vida \u00fatil da bateria?<\/h3>\n\n\n\n<p>As baterias de \u00edon-l\u00edtio t\u00eam vida \u00fatil m\u00e9dia de <strong>1.000 a 2.000 ciclos de carga<\/strong>, o que pode representar <strong>3 a 5 anos de uso di\u00e1rio<\/strong>. Ap\u00f3s esse per\u00edodo, a capacidade tende a diminuir gradualmente, podendo ser substitu\u00edda.<\/p>\n\n\n\n<h3 class=\"wp-block-heading\">\ud83d\udca1 10. Vale a pena comprar uma motocicleta el\u00e9trica em 2025?<\/h3>\n\n\n\n<p>Sim, especialmente para quem busca <strong>economia, praticidade e sustentabilidade<\/strong>. Apesar do investimento inicial ser maior, o custo por quil\u00f4metro rodado e a manuten\u00e7\u00e3o compensam rapidamente. Al\u00e9m disso, h\u00e1 <strong>incentivos fiscais<\/strong> e <strong>redu\u00e7\u00e3o de impostos<\/strong> em algumas regi\u00f5es.<\/p>\n\n\n\n<p><\/p>","protected":false},"excerpt":{"rendered":"<p>As grandes cidades brasileiras enfrentam um desafio di\u00e1rio: congestionamentos, polui\u00e7\u00e3o e altos custos com transporte. Nesse cen\u00e1rio, as motocicletas el\u00e9tricas surgem como uma alternativa moderna, econ\u00f4mica e sustent\u00e1vel. Mais do que uma tend\u00eancia, elas representam uma transforma\u00e7\u00e3o na forma de se deslocar, unindo tecnologia, efici\u00eancia e consci\u00eancia ambiental. \ud83c\udf0d O novo cen\u00e1rio da mobilidade urbana<\/p>","protected":false},"author":1,"featured_media":851,"comment_status":"open","ping_status":"open","sticky":false,"template":"","format":"standard","meta":{"_mbp_gutenberg_autopost":false,"jetpack_post_was_ever_published":false,"_jetpack_newsletter_access":"","_jetpack_dont_email_post_to_subs":false,"_jetpack_newsletter_tier_id":0,"_jetpack_memberships_contains_paywalled_content":false,"_jetpack_memberships_contains_paid_content":false,"footnotes":"","jetpack_publicize_message":"","jetpack_publicize_feature_enabled":true,"jetpack_social_post_already_shared":false,"jetpack_social_options":{"image_generator_settings":{"template":"highway","default_image_id":0,"font":"","enabled":false},"version":2}},"categories":[4],"tags":[101],"class_list":["post-850","post","type-post","status-publish","format-standard","has-post-thumbnail","hentry","category-diversos","tag-mobilidade-urbana"],"yoast_head":"<!-- This site is optimized with the Yoast SEO plugin v27.4 - https:\/\/yoast.com\/product\/yoast-seo-wordpress\/ -->\n<title>Mobilidade Urbana: motocicletas el\u00e9tricas para a vida na cidade<\/title>\n<meta name=\"description\" content=\"Descubra como as motocicletas el\u00e9tricas est\u00e3o revolucionando a mobilidade urbana com economia, sustentabilidade e tecnologia acess\u00edvel\" \/>\n<meta name=\"robots\" content=\"index, follow, max-snippet:-1, max-image-preview:large, max-video-preview:-1\" \/>\n<link rel=\"canonical\" href=\"https:\/\/maratonadoconsumidor.com.br\/en\/mobilidade-urbana-motocicletas-eletricas-para-a-vida-na-cidade\/\" \/>\n<meta property=\"og:locale\" content=\"en_US\" \/>\n<meta property=\"og:type\" content=\"article\" \/>\n<meta property=\"og:title\" content=\"Mobilidade Urbana: motocicletas el\u00e9tricas para a vida na cidade\" \/>\n<meta property=\"og:description\" content=\"Descubra como as motocicletas el\u00e9tricas est\u00e3o revolucionando a mobilidade urbana com economia, sustentabilidade e tecnologia acess\u00edvel\" \/>\n<meta property=\"og:url\" content=\"https:\/\/maratonadoconsumidor.com.br\/en\/mobilidade-urbana-motocicletas-eletricas-para-a-vida-na-cidade\/\" \/>\n<meta property=\"article:publisher\" content=\"https:\/\/www.facebook.com\/canaldomaratonadoconsumidor\" \/>\n<meta property=\"article:published_time\" content=\"2025-11-12T09:23:58+00:00\" \/>\n<meta property=\"article:modified_time\" content=\"2025-11-12T09:24:03+00:00\" \/>\n<meta property=\"og:image\" content=\"https:\/\/maratonadoconsumidor.com.br\/wp-content\/uploads\/2025\/11\/Design-sem-nome-2-2.jpg\" \/>\n\t<meta property=\"og:image:width\" content=\"1200\" \/>\n\t<meta property=\"og:image:height\" content=\"800\" \/>\n\t<meta property=\"og:image:type\" content=\"image\/jpeg\" \/>\n<meta name=\"author\" content=\"Emilio de Vicente\" \/>\n<meta name=\"twitter:card\" content=\"summary_large_image\" \/>\n<meta name=\"twitter:creator\" content=\"@MaratonadoCons1\" \/>\n<meta name=\"twitter:site\" content=\"@MaratonadoCons1\" \/>\n<meta name=\"twitter:label1\" content=\"Written by\" \/>\n\t<meta name=\"twitter:data1\" content=\"Emilio de Vicente\" \/>\n\t<meta name=\"twitter:label2\" content=\"Est. reading time\" \/>\n\t<meta name=\"twitter:data2\" content=\"10 minutes\" \/>\n<script type=\"application\/ld+json\" class=\"yoast-schema-graph\">{\"@context\":\"https:\\\/\\\/schema.org\",\"@graph\":[{\"@type\":\"Article\",\"@id\":\"https:\\\/\\\/maratonadoconsumidor.com.br\\\/mobilidade-urbana-motocicletas-eletricas-para-a-vida-na-cidade\\\/#article\",\"isPartOf\":{\"@id\":\"https:\\\/\\\/maratonadoconsumidor.com.br\\\/mobilidade-urbana-motocicletas-eletricas-para-a-vida-na-cidade\\\/\"},\"author\":{\"name\":\"Emilio de Vicente\",\"@id\":\"https:\\\/\\\/maratonadoconsumidor.com.br\\\/#\\\/schema\\\/person\\\/01c74586a582dc988d4334293f57343c\"},\"headline\":\"\ud83d\udef5 Mobilidade Urbana: motocicletas el\u00e9tricas para a vida na cidade\",\"datePublished\":\"2025-11-12T09:23:58+00:00\",\"dateModified\":\"2025-11-12T09:24:03+00:00\",\"mainEntityOfPage\":{\"@id\":\"https:\\\/\\\/maratonadoconsumidor.com.br\\\/mobilidade-urbana-motocicletas-eletricas-para-a-vida-na-cidade\\\/\"},\"wordCount\":1729,\"commentCount\":0,\"publisher\":{\"@id\":\"https:\\\/\\\/maratonadoconsumidor.com.br\\\/#organization\"},\"image\":{\"@id\":\"https:\\\/\\\/maratonadoconsumidor.com.br\\\/mobilidade-urbana-motocicletas-eletricas-para-a-vida-na-cidade\\\/#primaryimage\"},\"thumbnailUrl\":\"https:\\\/\\\/i0.wp.com\\\/maratonadoconsumidor.com.br\\\/wp-content\\\/uploads\\\/2025\\\/11\\\/Design-sem-nome-2-2.jpg?fit=1200%2C800&ssl=1\",\"keywords\":[\"Mobilidade Urbana\"],\"articleSection\":[\"Diversos\"],\"inLanguage\":\"en-US\",\"potentialAction\":[{\"@type\":\"CommentAction\",\"name\":\"Comment\",\"target\":[\"https:\\\/\\\/maratonadoconsumidor.com.br\\\/mobilidade-urbana-motocicletas-eletricas-para-a-vida-na-cidade\\\/#respond\"]}]},{\"@type\":\"WebPage\",\"@id\":\"https:\\\/\\\/maratonadoconsumidor.com.br\\\/mobilidade-urbana-motocicletas-eletricas-para-a-vida-na-cidade\\\/\",\"url\":\"https:\\\/\\\/maratonadoconsumidor.com.br\\\/mobilidade-urbana-motocicletas-eletricas-para-a-vida-na-cidade\\\/\",\"name\":\"Mobilidade Urbana: motocicletas el\u00e9tricas para a vida na cidade\",\"isPartOf\":{\"@id\":\"https:\\\/\\\/maratonadoconsumidor.com.br\\\/#website\"},\"primaryImageOfPage\":{\"@id\":\"https:\\\/\\\/maratonadoconsumidor.com.br\\\/mobilidade-urbana-motocicletas-eletricas-para-a-vida-na-cidade\\\/#primaryimage\"},\"image\":{\"@id\":\"https:\\\/\\\/maratonadoconsumidor.com.br\\\/mobilidade-urbana-motocicletas-eletricas-para-a-vida-na-cidade\\\/#primaryimage\"},\"thumbnailUrl\":\"https:\\\/\\\/i0.wp.com\\\/maratonadoconsumidor.com.br\\\/wp-content\\\/uploads\\\/2025\\\/11\\\/Design-sem-nome-2-2.jpg?fit=1200%2C800&ssl=1\",\"datePublished\":\"2025-11-12T09:23:58+00:00\",\"dateModified\":\"2025-11-12T09:24:03+00:00\",\"description\":\"Descubra como as motocicletas el\u00e9tricas est\u00e3o revolucionando a mobilidade urbana com economia, sustentabilidade e tecnologia acess\u00edvel\",\"breadcrumb\":{\"@id\":\"https:\\\/\\\/maratonadoconsumidor.com.br\\\/mobilidade-urbana-motocicletas-eletricas-para-a-vida-na-cidade\\\/#breadcrumb\"},\"inLanguage\":\"en-US\",\"potentialAction\":[{\"@type\":\"ReadAction\",\"target\":[\"https:\\\/\\\/maratonadoconsumidor.com.br\\\/mobilidade-urbana-motocicletas-eletricas-para-a-vida-na-cidade\\\/\"]}]},{\"@type\":\"ImageObject\",\"inLanguage\":\"en-US\",\"@id\":\"https:\\\/\\\/maratonadoconsumidor.com.br\\\/mobilidade-urbana-motocicletas-eletricas-para-a-vida-na-cidade\\\/#primaryimage\",\"url\":\"https:\\\/\\\/i0.wp.com\\\/maratonadoconsumidor.com.br\\\/wp-content\\\/uploads\\\/2025\\\/11\\\/Design-sem-nome-2-2.jpg?fit=1200%2C800&ssl=1\",\"contentUrl\":\"https:\\\/\\\/i0.wp.com\\\/maratonadoconsumidor.com.br\\\/wp-content\\\/uploads\\\/2025\\\/11\\\/Design-sem-nome-2-2.jpg?fit=1200%2C800&ssl=1\",\"width\":1200,\"height\":800,\"caption\":\"Mobilidade Urbana: motocicletas el\u00e9tricas para a vida na cidade\"},{\"@type\":\"BreadcrumbList\",\"@id\":\"https:\\\/\\\/maratonadoconsumidor.com.br\\\/mobilidade-urbana-motocicletas-eletricas-para-a-vida-na-cidade\\\/#breadcrumb\",\"itemListElement\":[{\"@type\":\"ListItem\",\"position\":1,\"name\":\"In\u00edcio\",\"item\":\"https:\\\/\\\/maratonadoconsumidor.com.br\\\/\"},{\"@type\":\"ListItem\",\"position\":2,\"name\":\"\ud83d\udef5 Mobilidade Urbana: motocicletas el\u00e9tricas para a vida na cidade\"}]},{\"@type\":\"WebSite\",\"@id\":\"https:\\\/\\\/maratonadoconsumidor.com.br\\\/#website\",\"url\":\"https:\\\/\\\/maratonadoconsumidor.com.br\\\/\",\"name\":\"Maratona do Consumidor\",\"description\":\"\",\"publisher\":{\"@id\":\"https:\\\/\\\/maratonadoconsumidor.com.br\\\/#organization\"},\"potentialAction\":[{\"@type\":\"SearchAction\",\"target\":{\"@type\":\"EntryPoint\",\"urlTemplate\":\"https:\\\/\\\/maratonadoconsumidor.com.br\\\/?s={search_term_string}\"},\"query-input\":{\"@type\":\"PropertyValueSpecification\",\"valueRequired\":true,\"valueName\":\"search_term_string\"}}],\"inLanguage\":\"en-US\"},{\"@type\":\"Organization\",\"@id\":\"https:\\\/\\\/maratonadoconsumidor.com.br\\\/#organization\",\"name\":\"Maratona do Consumidor\",\"url\":\"https:\\\/\\\/maratonadoconsumidor.com.br\\\/\",\"logo\":{\"@type\":\"ImageObject\",\"inLanguage\":\"en-US\",\"@id\":\"https:\\\/\\\/maratonadoconsumidor.com.br\\\/#\\\/schema\\\/logo\\\/image\\\/\",\"url\":\"https:\\\/\\\/maratonadoconsumidor.com.br\\\/wp-content\\\/uploads\\\/2025\\\/06\\\/MARATONA-DO-CONSUMIDOR-160.png\",\"contentUrl\":\"https:\\\/\\\/maratonadoconsumidor.com.br\\\/wp-content\\\/uploads\\\/2025\\\/06\\\/MARATONA-DO-CONSUMIDOR-160.png\",\"width\":180,\"height\":60,\"caption\":\"Maratona do Consumidor\"},\"image\":{\"@id\":\"https:\\\/\\\/maratonadoconsumidor.com.br\\\/#\\\/schema\\\/logo\\\/image\\\/\"},\"sameAs\":[\"https:\\\/\\\/www.facebook.com\\\/canaldomaratonadoconsumidor\",\"https:\\\/\\\/x.com\\\/MaratonadoCons1\",\"https:\\\/\\\/www.instagram.com\\\/maratonadoconsumidor\\\/\",\"https:\\\/\\\/www.youtube.com\\\/@MaratonadoConsumidor\"]},{\"@type\":\"Person\",\"@id\":\"https:\\\/\\\/maratonadoconsumidor.com.br\\\/#\\\/schema\\\/person\\\/01c74586a582dc988d4334293f57343c\",\"name\":\"Emilio de Vicente\",\"image\":{\"@type\":\"ImageObject\",\"inLanguage\":\"en-US\",\"@id\":\"https:\\\/\\\/maratonadoconsumidor.com.br\\\/wp-content\\\/uploads\\\/2025\\\/09\\\/cropped-Captura-de-tela-2024-05-15-133101-96x96.png\",\"url\":\"https:\\\/\\\/maratonadoconsumidor.com.br\\\/wp-content\\\/uploads\\\/2025\\\/09\\\/cropped-Captura-de-tela-2024-05-15-133101-96x96.png\",\"contentUrl\":\"https:\\\/\\\/maratonadoconsumidor.com.br\\\/wp-content\\\/uploads\\\/2025\\\/09\\\/cropped-Captura-de-tela-2024-05-15-133101-96x96.png\",\"caption\":\"Emilio de Vicente\"},\"description\":\"Emilio de Vicente \u00e9 o autor e respons\u00e1vel pelos conte\u00fados do site Maratona do Consumidor, trazendo informa\u00e7\u00f5es atualizadas, an\u00e1lises profundas e artigos relevantes sobre diversos temas do cotidiano relacionados dicas, comparativos de produtos e pre\u00e7os, consumo inteligente, finan\u00e7as em geral e muito mais.\",\"sameAs\":[\"https:\\\/\\\/maratonadoconsumidor.com.br\"],\"url\":\"https:\\\/\\\/maratonadoconsumidor.com.br\\\/en\\\/author\\\/emilio\\\/\"}]}<\/script>\n<!-- \/ Yoast SEO plugin. -->","yoast_head_json":{"title":"Mobilidade Urbana: motocicletas el\u00e9tricas para a vida na cidade","description":"Descubra como as motocicletas el\u00e9tricas est\u00e3o revolucionando a mobilidade urbana com economia, sustentabilidade e tecnologia acess\u00edvel","robots":{"index":"index","follow":"follow","max-snippet":"max-snippet:-1","max-image-preview":"max-image-preview:large","max-video-preview":"max-video-preview:-1"},"canonical":"https:\/\/maratonadoconsumidor.com.br\/en\/mobilidade-urbana-motocicletas-eletricas-para-a-vida-na-cidade\/","og_locale":"en_US","og_type":"article","og_title":"Mobilidade Urbana: motocicletas el\u00e9tricas para a vida na cidade","og_description":"Descubra como as motocicletas el\u00e9tricas est\u00e3o revolucionando a mobilidade urbana com economia, sustentabilidade e tecnologia acess\u00edvel","og_url":"https:\/\/maratonadoconsumidor.com.br\/en\/mobilidade-urbana-motocicletas-eletricas-para-a-vida-na-cidade\/","article_publisher":"https:\/\/www.facebook.com\/canaldomaratonadoconsumidor","article_published_time":"2025-11-12T09:23:58+00:00","article_modified_time":"2025-11-12T09:24:03+00:00","og_image":[{"width":1200,"height":800,"url":"https:\/\/maratonadoconsumidor.com.br\/wp-content\/uploads\/2025\/11\/Design-sem-nome-2-2.jpg","type":"image\/jpeg"}],"author":"Emilio de Vicente","twitter_card":"summary_large_image","twitter_creator":"@MaratonadoCons1","twitter_site":"@MaratonadoCons1","twitter_misc":{"Written by":"Emilio de Vicente","Est. reading time":"10 minutes"},"schema":{"@context":"https:\/\/schema.org","@graph":[{"@type":"Article","@id":"https:\/\/maratonadoconsumidor.com.br\/mobilidade-urbana-motocicletas-eletricas-para-a-vida-na-cidade\/#article","isPartOf":{"@id":"https:\/\/maratonadoconsumidor.com.br\/mobilidade-urbana-motocicletas-eletricas-para-a-vida-na-cidade\/"},"author":{"name":"Emilio de Vicente","@id":"https:\/\/maratonadoconsumidor.com.br\/#\/schema\/person\/01c74586a582dc988d4334293f57343c"},"headline":"\ud83d\udef5 Mobilidade Urbana: motocicletas el\u00e9tricas para a vida na cidade","datePublished":"2025-11-12T09:23:58+00:00","dateModified":"2025-11-12T09:24:03+00:00","mainEntityOfPage":{"@id":"https:\/\/maratonadoconsumidor.com.br\/mobilidade-urbana-motocicletas-eletricas-para-a-vida-na-cidade\/"},"wordCount":1729,"commentCount":0,"publisher":{"@id":"https:\/\/maratonadoconsumidor.com.br\/#organization"},"image":{"@id":"https:\/\/maratonadoconsumidor.com.br\/mobilidade-urbana-motocicletas-eletricas-para-a-vida-na-cidade\/#primaryimage"},"thumbnailUrl":"https:\/\/i0.wp.com\/maratonadoconsumidor.com.br\/wp-content\/uploads\/2025\/11\/Design-sem-nome-2-2.jpg?fit=1200%2C800&ssl=1","keywords":["Mobilidade Urbana"],"articleSection":["Diversos"],"inLanguage":"en-US","potentialAction":[{"@type":"CommentAction","name":"Comment","target":["https:\/\/maratonadoconsumidor.com.br\/mobilidade-urbana-motocicletas-eletricas-para-a-vida-na-cidade\/#respond"]}]},{"@type":"WebPage","@id":"https:\/\/maratonadoconsumidor.com.br\/mobilidade-urbana-motocicletas-eletricas-para-a-vida-na-cidade\/","url":"https:\/\/maratonadoconsumidor.com.br\/mobilidade-urbana-motocicletas-eletricas-para-a-vida-na-cidade\/","name":"Mobilidade Urbana: motocicletas el\u00e9tricas para a vida na cidade","isPartOf":{"@id":"https:\/\/maratonadoconsumidor.com.br\/#website"},"primaryImageOfPage":{"@id":"https:\/\/maratonadoconsumidor.com.br\/mobilidade-urbana-motocicletas-eletricas-para-a-vida-na-cidade\/#primaryimage"},"image":{"@id":"https:\/\/maratonadoconsumidor.com.br\/mobilidade-urbana-motocicletas-eletricas-para-a-vida-na-cidade\/#primaryimage"},"thumbnailUrl":"https:\/\/i0.wp.com\/maratonadoconsumidor.com.br\/wp-content\/uploads\/2025\/11\/Design-sem-nome-2-2.jpg?fit=1200%2C800&ssl=1","datePublished":"2025-11-12T09:23:58+00:00","dateModified":"2025-11-12T09:24:03+00:00","description":"Descubra como as motocicletas el\u00e9tricas est\u00e3o revolucionando a mobilidade urbana com economia, sustentabilidade e tecnologia acess\u00edvel","breadcrumb":{"@id":"https:\/\/maratonadoconsumidor.com.br\/mobilidade-urbana-motocicletas-eletricas-para-a-vida-na-cidade\/#breadcrumb"},"inLanguage":"en-US","potentialAction":[{"@type":"ReadAction","target":["https:\/\/maratonadoconsumidor.com.br\/mobilidade-urbana-motocicletas-eletricas-para-a-vida-na-cidade\/"]}]},{"@type":"ImageObject","inLanguage":"en-US","@id":"https:\/\/maratonadoconsumidor.com.br\/mobilidade-urbana-motocicletas-eletricas-para-a-vida-na-cidade\/#primaryimage","url":"https:\/\/i0.wp.com\/maratonadoconsumidor.com.br\/wp-content\/uploads\/2025\/11\/Design-sem-nome-2-2.jpg?fit=1200%2C800&ssl=1","contentUrl":"https:\/\/i0.wp.com\/maratonadoconsumidor.com.br\/wp-content\/uploads\/2025\/11\/Design-sem-nome-2-2.jpg?fit=1200%2C800&ssl=1","width":1200,"height":800,"caption":"Mobilidade Urbana: motocicletas el\u00e9tricas para a vida na cidade"},{"@type":"BreadcrumbList","@id":"https:\/\/maratonadoconsumidor.com.br\/mobilidade-urbana-motocicletas-eletricas-para-a-vida-na-cidade\/#breadcrumb","itemListElement":[{"@type":"ListItem","position":1,"name":"In\u00edcio","item":"https:\/\/maratonadoconsumidor.com.br\/"},{"@type":"ListItem","position":2,"name":"\ud83d\udef5 Mobilidade Urbana: motocicletas el\u00e9tricas para a vida na cidade"}]},{"@type":"WebSite","@id":"https:\/\/maratonadoconsumidor.com.br\/#website","url":"https:\/\/maratonadoconsumidor.com.br\/","name":"Maratona do Consumidor","description":"","publisher":{"@id":"https:\/\/maratonadoconsumidor.com.br\/#organization"},"potentialAction":[{"@type":"SearchAction","target":{"@type":"EntryPoint","urlTemplate":"https:\/\/maratonadoconsumidor.com.br\/?s={search_term_string}"},"query-input":{"@type":"PropertyValueSpecification","valueRequired":true,"valueName":"search_term_string"}}],"inLanguage":"en-US"},{"@type":"Organization","@id":"https:\/\/maratonadoconsumidor.com.br\/#organization","name":"Maratona do Consumidor","url":"https:\/\/maratonadoconsumidor.com.br\/","logo":{"@type":"ImageObject","inLanguage":"en-US","@id":"https:\/\/maratonadoconsumidor.com.br\/#\/schema\/logo\/image\/","url":"https:\/\/maratonadoconsumidor.com.br\/wp-content\/uploads\/2025\/06\/MARATONA-DO-CONSUMIDOR-160.png","contentUrl":"https:\/\/maratonadoconsumidor.com.br\/wp-content\/uploads\/2025\/06\/MARATONA-DO-CONSUMIDOR-160.png","width":180,"height":60,"caption":"Maratona do Consumidor"},"image":{"@id":"https:\/\/maratonadoconsumidor.com.br\/#\/schema\/logo\/image\/"},"sameAs":["https:\/\/www.facebook.com\/canaldomaratonadoconsumidor","https:\/\/x.com\/MaratonadoCons1","https:\/\/www.instagram.com\/maratonadoconsumidor\/","https:\/\/www.youtube.com\/@MaratonadoConsumidor"]},{"@type":"Person","@id":"https:\/\/maratonadoconsumidor.com.br\/#\/schema\/person\/01c74586a582dc988d4334293f57343c","name":"Emilio de Vicente","image":{"@type":"ImageObject","inLanguage":"en-US","@id":"https:\/\/maratonadoconsumidor.com.br\/wp-content\/uploads\/2025\/09\/cropped-Captura-de-tela-2024-05-15-133101-96x96.png","url":"https:\/\/maratonadoconsumidor.com.br\/wp-content\/uploads\/2025\/09\/cropped-Captura-de-tela-2024-05-15-133101-96x96.png","contentUrl":"https:\/\/maratonadoconsumidor.com.br\/wp-content\/uploads\/2025\/09\/cropped-Captura-de-tela-2024-05-15-133101-96x96.png","caption":"Emilio de Vicente"},"description":"Emilio de Vicente \u00e9 o autor e respons\u00e1vel pelos conte\u00fados do site Maratona do Consumidor, trazendo informa\u00e7\u00f5es atualizadas, an\u00e1lises profundas e artigos relevantes sobre diversos temas do cotidiano relacionados dicas, comparativos de produtos e pre\u00e7os, consumo inteligente, finan\u00e7as em geral e muito mais.","sameAs":["https:\/\/maratonadoconsumidor.com.br"],"url":"https:\/\/maratonadoconsumidor.com.br\/en\/author\/emilio\/"}]}},"jetpack_publicize_connections":[],"jetpack_featured_media_url":"https:\/\/i0.wp.com\/maratonadoconsumidor.com.br\/wp-content\/uploads\/2025\/11\/Design-sem-nome-2-2.jpg?fit=1200%2C800&ssl=1","jetpack-related-posts":[{"id":923,"url":"https:\/\/maratonadoconsumidor.com.br\/en\/floripa-e-um-dos-lugares-mais-importantes-para-o-turismo\/","url_meta":{"origin":850,"position":0},"title":"Por que Floripa \u00e9 um dos lugares mais importantes para o turismo em 2026?","author":"Emilio de Vicente","date":"18 de January de 2026","format":false,"excerpt":"Florian\u00f3polis se consolidou, em 2026, como um dos destinos tur\u00edsticos mais estrat\u00e9gicos do Brasil. A capital catarinense re\u00fane atributos que atendem \u00e0s principais tend\u00eancias do turismo moderno: diversidade de experi\u00eancias, contato com a natureza, infraestrutura urbana, gastronomia de alto n\u00edvel e qualidade de vida. Diferente de destinos que dependem exclusivamente\u2026","rel":"","context":"In &quot;Turismo&quot;","block_context":{"text":"Turismo","link":"https:\/\/maratonadoconsumidor.com.br\/en\/category\/turismo\/"},"img":{"alt_text":"Por que Floripa \u00e9 um dos lugares mais importantes para o turismo em 2026?","src":"https:\/\/i0.wp.com\/maratonadoconsumidor.com.br\/wp-content\/uploads\/2026\/01\/Design-sem-nome-2.jpg?fit=1200%2C800&ssl=1&resize=350%2C200","width":350,"height":200,"srcset":"https:\/\/i0.wp.com\/maratonadoconsumidor.com.br\/wp-content\/uploads\/2026\/01\/Design-sem-nome-2.jpg?fit=1200%2C800&ssl=1&resize=350%2C200 1x, https:\/\/i0.wp.com\/maratonadoconsumidor.com.br\/wp-content\/uploads\/2026\/01\/Design-sem-nome-2.jpg?fit=1200%2C800&ssl=1&resize=525%2C300 1.5x, https:\/\/i0.wp.com\/maratonadoconsumidor.com.br\/wp-content\/uploads\/2026\/01\/Design-sem-nome-2.jpg?fit=1200%2C800&ssl=1&resize=700%2C400 2x, https:\/\/i0.wp.com\/maratonadoconsumidor.com.br\/wp-content\/uploads\/2026\/01\/Design-sem-nome-2.jpg?fit=1200%2C800&ssl=1&resize=1050%2C600 3x"},"classes":[]},{"id":1048,"url":"https:\/\/maratonadoconsumidor.com.br\/en\/idosos-de-60-anos-podem-ter-isencao-de-iptu-e-conta-de-energia\/","url_meta":{"origin":850,"position":1},"title":"Idosos Acima de 60 Anos Podem Ter Isen\u00e7\u00e3o de IPTU e Conta de Energia: Veja Como Solicitar","author":"Emilio de Vicente","date":"8 de March de 2026","format":false,"excerpt":"Um direito que muitos idosos ainda desconhecem Com o avan\u00e7o da idade, muitas pessoas passam a enfrentar novos desafios financeiros. A aposentadoria, em muitos casos, reduz a renda mensal, enquanto despesas fixas como alimenta\u00e7\u00e3o, medicamentos, transporte e moradia continuam aumentando. Nesse cen\u00e1rio, conhecer benef\u00edcios garantidos por lei pode fazer uma\u2026","rel":"","context":"In &quot;Direitos&quot;","block_context":{"text":"Direitos","link":"https:\/\/maratonadoconsumidor.com.br\/en\/category\/direitos\/"},"img":{"alt_text":"Idosos Acima de 60 Anos Podem Ter Isen\u00e7\u00e3o de IPTU e Conta de Energia: Veja Como Solicitar","src":"https:\/\/i0.wp.com\/maratonadoconsumidor.com.br\/wp-content\/uploads\/2026\/03\/Design-sem-nome-2.jpg?fit=1200%2C800&ssl=1&resize=350%2C200","width":350,"height":200,"srcset":"https:\/\/i0.wp.com\/maratonadoconsumidor.com.br\/wp-content\/uploads\/2026\/03\/Design-sem-nome-2.jpg?fit=1200%2C800&ssl=1&resize=350%2C200 1x, https:\/\/i0.wp.com\/maratonadoconsumidor.com.br\/wp-content\/uploads\/2026\/03\/Design-sem-nome-2.jpg?fit=1200%2C800&ssl=1&resize=525%2C300 1.5x, https:\/\/i0.wp.com\/maratonadoconsumidor.com.br\/wp-content\/uploads\/2026\/03\/Design-sem-nome-2.jpg?fit=1200%2C800&ssl=1&resize=700%2C400 2x, https:\/\/i0.wp.com\/maratonadoconsumidor.com.br\/wp-content\/uploads\/2026\/03\/Design-sem-nome-2.jpg?fit=1200%2C800&ssl=1&resize=1050%2C600 3x"},"classes":[]},{"id":1144,"url":"https:\/\/maratonadoconsumidor.com.br\/en\/buenos-aires-ou-santiago-qual-o-melhor-destino\/","url_meta":{"origin":850,"position":2},"title":"Buenos Aires ou Santiago: Qual o Melhor Destino para sua Viagem em 2026?","author":"Emilio de Vicente","date":"19 de March de 2026","format":false,"excerpt":"Planejar a primeira viagem internacional ou a pr\u00f3xima escapada de f\u00e9rias levanta uma d\u00favida cl\u00e1ssica entre os viajantes brasileiros: cruzar a fronteira em dire\u00e7\u00e3o ao charme europeu da Argentina ou buscar a modernidade cercada por montanhas do Chile? No duelo\u00a0Buenos Aires ou Santiago qual o melhor, n\u00e3o existe uma resposta\u2026","rel":"","context":"In &quot;Turismo&quot;","block_context":{"text":"Turismo","link":"https:\/\/maratonadoconsumidor.com.br\/en\/category\/turismo\/"},"img":{"alt_text":"Buenos Aires ou Santiago: Qual o Melhor Destino para sua Viagem em 2026?","src":"https:\/\/i0.wp.com\/maratonadoconsumidor.com.br\/wp-content\/uploads\/2026\/03\/Design-sem-nome-31-1.jpg?fit=1200%2C800&ssl=1&resize=350%2C200","width":350,"height":200,"srcset":"https:\/\/i0.wp.com\/maratonadoconsumidor.com.br\/wp-content\/uploads\/2026\/03\/Design-sem-nome-31-1.jpg?fit=1200%2C800&ssl=1&resize=350%2C200 1x, https:\/\/i0.wp.com\/maratonadoconsumidor.com.br\/wp-content\/uploads\/2026\/03\/Design-sem-nome-31-1.jpg?fit=1200%2C800&ssl=1&resize=525%2C300 1.5x, https:\/\/i0.wp.com\/maratonadoconsumidor.com.br\/wp-content\/uploads\/2026\/03\/Design-sem-nome-31-1.jpg?fit=1200%2C800&ssl=1&resize=700%2C400 2x, https:\/\/i0.wp.com\/maratonadoconsumidor.com.br\/wp-content\/uploads\/2026\/03\/Design-sem-nome-31-1.jpg?fit=1200%2C800&ssl=1&resize=1050%2C600 3x"},"classes":[]},{"id":529,"url":"https:\/\/maratonadoconsumidor.com.br\/en\/automovel-e-melhor-comprar-ou-alugar\/","url_meta":{"origin":850,"position":3},"title":"\ud83d\ude97 Autom\u00f3vel: \u00e9 melhor comprar ou alugar?","author":"Emilio de Vicente","date":"5 de July de 2025","format":false,"excerpt":"Ter um carro pr\u00f3prio j\u00e1 foi sin\u00f4nimo de status e liberdade. Hoje, com mudan\u00e7as no comportamento do consumidor, novas formas de mobilidade e a escalada dos custos, muita gente se pergunta: vale mais a pena comprar ou alugar um carro? A resposta depende de uma s\u00e9rie de fatores, como perfil\u2026","rel":"","context":"In &quot;Comparativos&quot;","block_context":{"text":"Comparativos","link":"https:\/\/maratonadoconsumidor.com.br\/en\/category\/comparativos\/"},"img":{"alt_text":"Autom\u00f3vel: \u00e9 melhor comprar ou alugar?","src":"https:\/\/i0.wp.com\/maratonadoconsumidor.com.br\/wp-content\/uploads\/2025\/07\/Design-sem-nome-2025-07-05T135041.269.jpg?fit=1200%2C738&ssl=1&resize=350%2C200","width":350,"height":200,"srcset":"https:\/\/i0.wp.com\/maratonadoconsumidor.com.br\/wp-content\/uploads\/2025\/07\/Design-sem-nome-2025-07-05T135041.269.jpg?fit=1200%2C738&ssl=1&resize=350%2C200 1x, https:\/\/i0.wp.com\/maratonadoconsumidor.com.br\/wp-content\/uploads\/2025\/07\/Design-sem-nome-2025-07-05T135041.269.jpg?fit=1200%2C738&ssl=1&resize=525%2C300 1.5x, https:\/\/i0.wp.com\/maratonadoconsumidor.com.br\/wp-content\/uploads\/2025\/07\/Design-sem-nome-2025-07-05T135041.269.jpg?fit=1200%2C738&ssl=1&resize=700%2C400 2x, https:\/\/i0.wp.com\/maratonadoconsumidor.com.br\/wp-content\/uploads\/2025\/07\/Design-sem-nome-2025-07-05T135041.269.jpg?fit=1200%2C738&ssl=1&resize=1050%2C600 3x"},"classes":[]},{"id":1211,"url":"https:\/\/maratonadoconsumidor.com.br\/en\/japao-onde-o-futuro-encontra-a-tradicao-milenar\/","url_meta":{"origin":850,"position":4},"title":"Jap\u00e3o, Onde o Futuro Encontra a Tradi\u00e7\u00e3o Milenar","author":"Emilio de Vicente","date":"29 de March de 2026","format":false,"excerpt":"O Jap\u00e3o n\u00e3o \u00e9 apenas um pa\u00eds; \u00e9 um vislumbre do que o resto do mundo ser\u00e1 daqui a algumas d\u00e9cadas. Ao caminhar pelas ruas de Shinjuku em T\u00f3quio ou observar o funcionamento de uma f\u00e1brica em Nagoya, percebe-se que a inova\u00e7\u00e3o tecnol\u00f3gica n\u00e3o \u00e9 um setor isolado da economia,\u2026","rel":"","context":"In &quot;Turismo&quot;","block_context":{"text":"Turismo","link":"https:\/\/maratonadoconsumidor.com.br\/en\/category\/turismo\/"},"img":{"alt_text":"Jap\u00e3o, Onde o Futuro Encontra a Tradi\u00e7\u00e3o Milenar","src":"https:\/\/i0.wp.com\/maratonadoconsumidor.com.br\/wp-content\/uploads\/2026\/03\/Design-sem-nome-6-2.jpg?fit=1200%2C800&ssl=1&resize=350%2C200","width":350,"height":200,"srcset":"https:\/\/i0.wp.com\/maratonadoconsumidor.com.br\/wp-content\/uploads\/2026\/03\/Design-sem-nome-6-2.jpg?fit=1200%2C800&ssl=1&resize=350%2C200 1x, https:\/\/i0.wp.com\/maratonadoconsumidor.com.br\/wp-content\/uploads\/2026\/03\/Design-sem-nome-6-2.jpg?fit=1200%2C800&ssl=1&resize=525%2C300 1.5x, https:\/\/i0.wp.com\/maratonadoconsumidor.com.br\/wp-content\/uploads\/2026\/03\/Design-sem-nome-6-2.jpg?fit=1200%2C800&ssl=1&resize=700%2C400 2x, https:\/\/i0.wp.com\/maratonadoconsumidor.com.br\/wp-content\/uploads\/2026\/03\/Design-sem-nome-6-2.jpg?fit=1200%2C800&ssl=1&resize=1050%2C600 3x"},"classes":[]},{"id":777,"url":"https:\/\/maratonadoconsumidor.com.br\/en\/5-maneiras-inteligentes-de-economizar-no-combustivel-em-2025\/","url_meta":{"origin":850,"position":5},"title":"\u26fd 5 maneiras inteligentes de economizar no combust\u00edvel em 2025","author":"Emilio de Vicente","date":"21 de October de 2025","format":false,"excerpt":"Com o pre\u00e7o dos combust\u00edveis variando constantemente e o custo de vida cada vez mais alto, economizar no abastecimento tornou-se uma prioridade para motoristas em todo o Brasil. Em 2025, com novas tecnologias e h\u00e1bitos de consumo mais conscientes, existem formas pr\u00e1ticas e eficazes de gastar menos no combust\u00edvel sem\u2026","rel":"","context":"In &quot;Dicas&quot;","block_context":{"text":"Dicas","link":"https:\/\/maratonadoconsumidor.com.br\/en\/category\/dicas\/"},"img":{"alt_text":"5 maneiras inteligentes de economizar no combust\u00edvel em 2025","src":"https:\/\/i0.wp.com\/maratonadoconsumidor.com.br\/wp-content\/uploads\/2025\/10\/Design-sem-nome-2-1.jpg?fit=1200%2C800&ssl=1&resize=350%2C200","width":350,"height":200,"srcset":"https:\/\/i0.wp.com\/maratonadoconsumidor.com.br\/wp-content\/uploads\/2025\/10\/Design-sem-nome-2-1.jpg?fit=1200%2C800&ssl=1&resize=350%2C200 1x, https:\/\/i0.wp.com\/maratonadoconsumidor.com.br\/wp-content\/uploads\/2025\/10\/Design-sem-nome-2-1.jpg?fit=1200%2C800&ssl=1&resize=525%2C300 1.5x, https:\/\/i0.wp.com\/maratonadoconsumidor.com.br\/wp-content\/uploads\/2025\/10\/Design-sem-nome-2-1.jpg?fit=1200%2C800&ssl=1&resize=700%2C400 2x, https:\/\/i0.wp.com\/maratonadoconsumidor.com.br\/wp-content\/uploads\/2025\/10\/Design-sem-nome-2-1.jpg?fit=1200%2C800&ssl=1&resize=1050%2C600 3x"},"classes":[]}],"jetpack_sharing_enabled":true,"jetpack_likes_enabled":true,"_links":{"self":[{"href":"https:\/\/maratonadoconsumidor.com.br\/en\/wp-json\/wp\/v2\/posts\/850","targetHints":{"allow":["GET"]}}],"collection":[{"href":"https:\/\/maratonadoconsumidor.com.br\/en\/wp-json\/wp\/v2\/posts"}],"about":[{"href":"https:\/\/maratonadoconsumidor.com.br\/en\/wp-json\/wp\/v2\/types\/post"}],"author":[{"embeddable":true,"href":"https:\/\/maratonadoconsumidor.com.br\/en\/wp-json\/wp\/v2\/users\/1"}],"replies":[{"embeddable":true,"href":"https:\/\/maratonadoconsumidor.com.br\/en\/wp-json\/wp\/v2\/comments?post=850"}],"version-history":[{"count":1,"href":"https:\/\/maratonadoconsumidor.com.br\/en\/wp-json\/wp\/v2\/posts\/850\/revisions"}],"predecessor-version":[{"id":854,"href":"https:\/\/maratonadoconsumidor.com.br\/en\/wp-json\/wp\/v2\/posts\/850\/revisions\/854"}],"wp:featuredmedia":[{"embeddable":true,"href":"https:\/\/maratonadoconsumidor.com.br\/en\/wp-json\/wp\/v2\/media\/851"}],"wp:attachment":[{"href":"https:\/\/maratonadoconsumidor.com.br\/en\/wp-json\/wp\/v2\/media?parent=850"}],"wp:term":[{"taxonomy":"category","embeddable":true,"href":"https:\/\/maratonadoconsumidor.com.br\/en\/wp-json\/wp\/v2\/categories?post=850"},{"taxonomy":"post_tag","embeddable":true,"href":"https:\/\/maratonadoconsumidor.com.br\/en\/wp-json\/wp\/v2\/tags?post=850"}],"curies":[{"name":"wp","href":"https:\/\/api.w.org\/{rel}","templated":true}]}}