{"id":844,"date":"2025-11-11T09:54:27","date_gmt":"2025-11-11T12:54:27","guid":{"rendered":"https:\/\/maratonadoconsumidor.com.br\/?p=844"},"modified":"2025-11-11T09:54:29","modified_gmt":"2025-11-11T12:54:29","slug":"inflacao-de-outubro-surpreende-com-009-e-indica-estabilidade","status":"publish","type":"post","link":"https:\/\/maratonadoconsumidor.com.br\/en\/inflacao-de-outubro-surpreende-com-009-e-indica-estabilidade\/","title":{"rendered":"Infla\u00e7\u00e3o de outubro surpreende com 0,09% e indica estabilidade nos pre\u00e7os"},"content":{"rendered":"<p>O m\u00eas de outubro trouxe uma boa not\u00edcia para os consumidores brasileiros: a infla\u00e7\u00e3o oficial, medida pelo \u00cdndice Nacional de Pre\u00e7os ao Consumidor Amplo (IPCA), ficou em <strong>0,09%<\/strong>, o menor resultado para o m\u00eas desde 1998. Em um cen\u00e1rio de incertezas econ\u00f4micas e oscila\u00e7\u00e3o de pre\u00e7os, o dado refor\u00e7a a percep\u00e7\u00e3o de que o custo de vida come\u00e7a a se estabilizar  ainda que de forma t\u00edmida.<\/p>\n\n\n\n<p>Mas o que explica essa desacelera\u00e7\u00e3o? E como isso impacta o bolso das fam\u00edlias, o com\u00e9rcio e o planejamento financeiro?<\/p>\n\n\n\n<p> A seguir, entenda em detalhes o que est\u00e1 por tr\u00e1s dessa queda hist\u00f3rica e o que esperar dos pr\u00f3ximos meses.<\/p>\n\n\n\n<h2 class=\"wp-block-heading\">\ud83d\udcc9 O que levou \u00e0 queda da infla\u00e7\u00e3o em outubro<\/h2>\n\n\n\n<p>A redu\u00e7\u00e3o do IPCA em outubro foi impulsionada por uma combina\u00e7\u00e3o de fatores que afetaram principalmente os <strong>grupos de alimentos e transportes<\/strong>, dois dos mais sens\u00edveis ao or\u00e7amento das fam\u00edlias.<\/p>\n\n\n\n<h3 class=\"wp-block-heading\">1. Alimenta\u00e7\u00e3o mais barata<\/h3>\n\n\n\n<p>Depois de meses de alta, o pre\u00e7o dos alimentos mostrou al\u00edvio em v\u00e1rios itens. <a href=\"https:\/\/maratonadoconsumidor.com.br\/en\/como-andam-os-precos-das-frutas-e-legumes-nos-sacoloes\/\" target=\"_blank\" rel=\"noreferrer noopener\">Frutas<\/a>, legumes e produtos in natura ficaram mais baratos com o aumento da oferta em algumas regi\u00f5es. <\/p>\n\n\n\n<p>Produtos como <strong>tomate, batata-inglesa e cebola<\/strong> tiveram quedas expressivas, contribuindo diretamente para o \u00edndice mais baixo.<\/p>\n\n\n\n<p>Al\u00e9m disso, o per\u00edodo de <strong>safra agr\u00edcola<\/strong> e a melhora nas condi\u00e7\u00f5es clim\u00e1ticas ajudaram a conter os custos de produ\u00e7\u00e3o e transporte, aliviando a press\u00e3o sobre os pre\u00e7os nas g\u00f4ndolas.<\/p>\n\n\n\n<h3 class=\"wp-block-heading\">2. Combust\u00edveis em leve retra\u00e7\u00e3o<\/h3>\n\n\n\n<p>Outro fator determinante foi o comportamento dos combust\u00edveis. Apesar de oscila\u00e7\u00f5es no mercado internacional, o <strong>pre\u00e7o da gasolina recuou ligeiramente<\/strong>, assim como o etanol, refletindo pol\u00edticas pontuais de ajustes nas refinarias e varia\u00e7\u00f5es cambiais mais controladas.<\/p>\n\n\n\n<p>Essa redu\u00e7\u00e3o impacta n\u00e3o apenas o motorista, mas toda a cadeia produtiva, j\u00e1 que o transporte de mercadorias se torna mais barato.<\/p>\n\n\n\n<h3 class=\"wp-block-heading\">3. Energia e habita\u00e7\u00e3o sob controle<\/h3>\n\n\n\n<p>O grupo <strong>habita\u00e7\u00e3o<\/strong> tamb\u00e9m apresentou varia\u00e7\u00f5es menores, especialmente por conta da aus\u00eancia de bandeiras tarif\u00e1rias mais pesadas na conta de luz. <\/p>\n\n\n\n<p>A <strong>energia el\u00e9trica<\/strong> teve impacto neutro ou at\u00e9 positivo em algumas regi\u00f5es, ajudando a conter o avan\u00e7o do \u00edndice geral.<\/p>\n\n\n\n<h2 class=\"wp-block-heading\">\ud83c\udfe0 Como o resultado afeta o cotidiano dos consumidores<\/h2>\n\n\n\n<p>A queda na infla\u00e7\u00e3o de outubro tem reflexos diretos no <strong>poder de compra<\/strong> das fam\u00edlias. Mesmo que o recuo pare\u00e7a pequeno, ele indica uma <strong>desacelera\u00e7\u00e3o do ritmo de aumento de pre\u00e7os<\/strong>, o que pode trazer al\u00edvio para quem vinha sentindo o peso das despesas mensais.<\/p>\n\n\n\n<h3 class=\"wp-block-heading\">Mais f\u00f4lego no or\u00e7amento<\/h3>\n\n\n\n<p>Com pre\u00e7os mais est\u00e1veis, h\u00e1 espa\u00e7o para reorganizar as finan\u00e7as pessoais e at\u00e9 <strong>retomar o consumo de itens antes cortados<\/strong>. \u00c9 um momento favor\u00e1vel para equilibrar d\u00edvidas e planejar compras de fim de ano com mais cautela.<\/p>\n\n\n\n<h3 class=\"wp-block-heading\">Redu\u00e7\u00e3o na taxa de juros pode estar pr\u00f3xima<\/h3>\n\n\n\n<p>Uma infla\u00e7\u00e3o controlada tamb\u00e9m abre caminho para o <strong><a href=\"https:\/\/www.bcb.gov.br\/\" target=\"_blank\" rel=\"noreferrer noopener\">Banco Central<\/a><\/strong> continuar reduzindo a <strong>taxa Selic<\/strong>, o que tende a baratear o cr\u00e9dito. Em outras palavras, <strong>empr\u00e9stimos e financiamentos<\/strong> podem ficar mais acess\u00edveis  um cen\u00e1rio positivo para consumidores e empres\u00e1rios.<\/p>\n\n\n\n<h3 class=\"wp-block-heading\">Impactos sobre o com\u00e9rcio e a economia<\/h3>\n\n\n\n<p>Para o com\u00e9rcio, o resultado significa <strong>maior previsibilidade<\/strong>. Empres\u00e1rios podem planejar melhor pre\u00e7os e estoques, sem temer grandes repasses de custos. <\/p>\n\n\n\n<p>J\u00e1 para o governo, o n\u00famero refor\u00e7a o sucesso de pol\u00edticas de conten\u00e7\u00e3o inflacion\u00e1ria e mant\u00e9m o pa\u00eds em um ambiente econ\u00f4mico mais est\u00e1vel.<\/p>\n\n\n\n<h2 class=\"wp-block-heading\">\ud83d\udcca Setores que mais influenciaram o \u00edndice<\/h2>\n\n\n\n<p>Segundo dados do IBGE, os principais grupos que comp\u00f5em o IPCA tiveram comportamentos distintos em outubro:<\/p>\n\n\n\n<figure class=\"wp-block-table\"><table class=\"has-fixed-layout\"><thead><tr><th class=\"has-text-align-center\" data-align=\"center\">Grupo<\/th><th class=\"has-text-align-center\" data-align=\"center\">Varia\u00e7\u00e3o em outubro<\/th><th class=\"has-text-align-center\" data-align=\"center\">Destaques<\/th><\/tr><\/thead><tbody><tr><td class=\"has-text-align-center\" data-align=\"center\">Alimenta\u00e7\u00e3o e bebidas<\/td><td class=\"has-text-align-center\" data-align=\"center\">-0,12%<\/td><td class=\"has-text-align-center\" data-align=\"center\">Queda no pre\u00e7o de frutas, batata e tomate<\/td><\/tr><tr><td class=\"has-text-align-center\" data-align=\"center\">Transportes<\/td><td class=\"has-text-align-center\" data-align=\"center\">-0,18%<\/td><td class=\"has-text-align-center\" data-align=\"center\">Gasolina e etanol mais baratos<\/td><\/tr><tr><td class=\"has-text-align-center\" data-align=\"center\">Habita\u00e7\u00e3o<\/td><td class=\"has-text-align-center\" data-align=\"center\">+0,04%<\/td><td class=\"has-text-align-center\" data-align=\"center\">Estabilidade na conta de luz<\/td><\/tr><tr><td class=\"has-text-align-center\" data-align=\"center\">Vestu\u00e1rio<\/td><td class=\"has-text-align-center\" data-align=\"center\">+0,45%<\/td><td class=\"has-text-align-center\" data-align=\"center\">Alta com chegada da nova cole\u00e7\u00e3o de ver\u00e3o<\/td><\/tr><tr><td class=\"has-text-align-center\" data-align=\"center\">Sa\u00fade e cuidados pessoais<\/td><td class=\"has-text-align-center\" data-align=\"center\">+0,32%<\/td><td class=\"has-text-align-center\" data-align=\"center\">Aumento em produtos de higiene<\/td><\/tr><tr><td class=\"has-text-align-center\" data-align=\"center\">Educa\u00e7\u00e3o<\/td><td class=\"has-text-align-center\" data-align=\"center\">+0,05%<\/td><td class=\"has-text-align-center\" data-align=\"center\">Ajustes pontuais em mensalidades<\/td><\/tr><\/tbody><\/table><\/figure>\n\n\n\n<p>Mesmo com pequenas altas em setores espec\u00edficos, a m\u00e9dia geral ficou pr\u00f3xima da estabilidade \u2014 um sinal de <strong>desinfla\u00e7\u00e3o consolidada<\/strong>.<\/p>\n\n\n\n<h2 class=\"wp-block-heading\">\ud83d\udd0d O que esperar para os pr\u00f3ximos meses<\/h2>\n\n\n\n<p>Especialistas projetam que a infla\u00e7\u00e3o deve <strong>seguir sob controle at\u00e9 o fim do ano<\/strong>, especialmente com o recuo nos pre\u00e7os de commodities e o comportamento est\u00e1vel do c\u00e2mbio. No entanto, \u00e9 importante ficar atento a alguns riscos.<\/p>\n\n\n\n<h3 class=\"wp-block-heading\">1. Press\u00f5es sazonais de fim de ano<\/h3>\n\n\n\n<p>Com a chegada das festas e maior demanda por alimentos e produtos, \u00e9 natural que haja <strong>pequenas altas em dezembro<\/strong>. O importante \u00e9 que essas varia\u00e7\u00f5es sejam tempor\u00e1rias e n\u00e3o indiquem uma retomada da infla\u00e7\u00e3o alta.<\/p>\n\n\n\n<h3 class=\"wp-block-heading\">2. Clima e produ\u00e7\u00e3o agr\u00edcola<\/h3>\n\n\n\n<p>O impacto do <strong>El Ni\u00f1o<\/strong> ainda preocupa produtores, podendo afetar a oferta de alimentos e gerar press\u00f5es pontuais de pre\u00e7os no in\u00edcio de 2026. Por isso, acompanhar o comportamento dos produtos in natura continua sendo essencial.<\/p>\n\n\n\n<h3 class=\"wp-block-heading\">3. Pol\u00edtica monet\u00e1ria e fiscal<\/h3>\n\n\n\n<p>As decis\u00f5es do governo sobre gastos p\u00fablicos e ajustes tribut\u00e1rios tamb\u00e9m influenciam as expectativas futuras. A <strong>continuidade da pol\u00edtica de responsabilidade fiscal<\/strong> ser\u00e1 fundamental para manter o cen\u00e1rio de estabilidade.<\/p>\n\n\n\n<figure class=\"wp-block-image size-large\"><img data-recalc-dims=\"1\" fetchpriority=\"high\" decoding=\"async\" width=\"960\" height=\"640\" src=\"https:\/\/i0.wp.com\/maratonadoconsumidor.com.br\/wp-content\/uploads\/2025\/11\/Design-sem-nome-4.jpg?resize=960%2C640&#038;ssl=1\" alt=\"Infla\u00e7\u00e3o de outubro surpreende com 0,09% e indica estabilidade nos pre\u00e7os\" class=\"wp-image-846\" srcset=\"https:\/\/i0.wp.com\/maratonadoconsumidor.com.br\/wp-content\/uploads\/2025\/11\/Design-sem-nome-4.jpg?resize=1024%2C683&amp;ssl=1 1024w, https:\/\/i0.wp.com\/maratonadoconsumidor.com.br\/wp-content\/uploads\/2025\/11\/Design-sem-nome-4.jpg?resize=300%2C200&amp;ssl=1 300w, https:\/\/i0.wp.com\/maratonadoconsumidor.com.br\/wp-content\/uploads\/2025\/11\/Design-sem-nome-4.jpg?resize=768%2C512&amp;ssl=1 768w, https:\/\/i0.wp.com\/maratonadoconsumidor.com.br\/wp-content\/uploads\/2025\/11\/Design-sem-nome-4.jpg?resize=18%2C12&amp;ssl=1 18w, https:\/\/i0.wp.com\/maratonadoconsumidor.com.br\/wp-content\/uploads\/2025\/11\/Design-sem-nome-4.jpg?resize=150%2C100&amp;ssl=1 150w, https:\/\/i0.wp.com\/maratonadoconsumidor.com.br\/wp-content\/uploads\/2025\/11\/Design-sem-nome-4.jpg?resize=330%2C220&amp;ssl=1 330w, https:\/\/i0.wp.com\/maratonadoconsumidor.com.br\/wp-content\/uploads\/2025\/11\/Design-sem-nome-4.jpg?resize=420%2C280&amp;ssl=1 420w, https:\/\/i0.wp.com\/maratonadoconsumidor.com.br\/wp-content\/uploads\/2025\/11\/Design-sem-nome-4.jpg?resize=510%2C340&amp;ssl=1 510w, https:\/\/i0.wp.com\/maratonadoconsumidor.com.br\/wp-content\/uploads\/2025\/11\/Design-sem-nome-4.jpg?w=1200&amp;ssl=1 1200w\" sizes=\"(max-width: 960px) 100vw, 960px\" \/><\/figure>\n\n\n\n<h2 class=\"wp-block-heading\">\ud83d\udca1 Como o consumidor pode aproveitar o momento<\/h2>\n\n\n\n<p>Mesmo com uma infla\u00e7\u00e3o baixa, \u00e9 importante usar o momento de estabilidade a favor das finan\u00e7as pessoais. Veja algumas estrat\u00e9gias pr\u00e1ticas:<\/p>\n\n\n\n<ol class=\"wp-block-list\">\n<li><strong>Reveja suas despesas fixas<\/strong>: aproveite o al\u00edvio nos pre\u00e7os para quitar d\u00edvidas e reduzir juros acumulados.<\/li>\n\n\n\n<li><strong>Planeje as compras de fim de ano com anteced\u00eancia<\/strong>: evite compras por impulso e busque promo\u00e7\u00f5es leg\u00edtimas.<\/li>\n\n\n\n<li><strong>Invista em educa\u00e7\u00e3o financeira<\/strong>: mantenha o foco em poupar e investir de forma inteligente.<\/li>\n\n\n\n<li><strong>Compare pre\u00e7os e use ferramentas de cashback<\/strong>: plataformas de compara\u00e7\u00e3o e cupons ajudam a maximizar o poder de compra.<\/li>\n<\/ol>\n\n\n\n<p>Essas a\u00e7\u00f5es simples ajudam a transformar um momento macroecon\u00f4mico favor\u00e1vel em <strong>ganhos reais no dia a dia<\/strong>.<\/p>\n\n\n\n<h2 class=\"wp-block-heading\">\ud83c\udf1f Um novo f\u00f4lego para o bolso brasileiro<\/h2>\n\n\n\n<p>A infla\u00e7\u00e3o em 0,09% \u00e9 mais do que um n\u00famero hist\u00f3rico  \u00e9 um <strong>sinal de respiro para o consumidor<\/strong>. Depois de anos de press\u00e3o sobre o or\u00e7amento, o brasileiro come\u00e7a a sentir um al\u00edvio no bolso e a esperan\u00e7a de dias mais previs\u00edveis.<\/p>\n\n\n\n<p>Se esse ritmo se mantiver, o cen\u00e1rio para 2026 pode ser de <strong>crescimento com estabilidade<\/strong>, onde planejamento e consumo consciente se tornam os grandes aliados do progresso individual e coletivo.<\/p>\n\n\n\n<h2 class=\"wp-block-heading\">\u2753 Perguntas Frequentes (FAQ)<\/h2>\n\n\n\n<h3 class=\"wp-block-heading\"><strong>1. O que significa o IPCA ter ficado em 0,09% em outubro?<\/strong><\/h3>\n\n\n\n<p>O IPCA de 0,09% indica que os pre\u00e7os subiram muito pouco em rela\u00e7\u00e3o ao m\u00eas anterior, mostrando <strong>estabilidade nos custos de produtos e servi\u00e7os<\/strong>. \u00c9 o menor \u00edndice para outubro desde 1998, sinalizando que a infla\u00e7\u00e3o est\u00e1 sob controle.<\/p>\n\n\n\n<h3 class=\"wp-block-heading\"><strong>2. Quais setores mais contribu\u00edram para a queda da infla\u00e7\u00e3o?<\/strong><\/h3>\n\n\n\n<p>Os principais respons\u00e1veis foram <strong>alimenta\u00e7\u00e3o e bebidas<\/strong>, com redu\u00e7\u00e3o nos pre\u00e7os de frutas e legumes, e o grupo <strong>transportes<\/strong>, influenciado pela leve queda no pre\u00e7o dos combust\u00edveis. Esses dois setores t\u00eam grande peso no or\u00e7amento das fam\u00edlias.<\/p>\n\n\n\n<h3 class=\"wp-block-heading\"><strong>3. Essa redu\u00e7\u00e3o significa que os pre\u00e7os v\u00e3o cair?<\/strong><\/h3>\n\n\n\n<p>N\u00e3o necessariamente. A infla\u00e7\u00e3o menor indica que os <strong>pre\u00e7os est\u00e3o subindo em ritmo mais lento<\/strong>, mas n\u00e3o quer dizer que eles estejam diminuindo. Em alguns produtos espec\u00edficos, pode haver queda, mas o \u00edndice geral mostra apenas a desacelera\u00e7\u00e3o.<\/p>\n\n\n\n<h3 class=\"wp-block-heading\"><strong>4. A queda da infla\u00e7\u00e3o pode influenciar os juros e os empr\u00e9stimos?<\/strong><\/h3>\n\n\n\n<p>Sim. Quando a infla\u00e7\u00e3o est\u00e1 controlada, o <strong>Banco Central<\/strong> tende a <strong>reduzir a taxa Selic<\/strong>, o que torna o cr\u00e9dito mais barato. Isso pode facilitar o acesso a empr\u00e9stimos, financiamentos e renegocia\u00e7\u00f5es de d\u00edvidas.<\/p>\n\n\n\n<h3 class=\"wp-block-heading\"><strong>5. O que esperar da infla\u00e7\u00e3o para os pr\u00f3ximos meses?<\/strong><\/h3>\n\n\n\n<p>Especialistas projetam <strong>estabilidade at\u00e9 o fim do ano<\/strong>, com varia\u00e7\u00f5es pontuais por conta do aumento da demanda de fim de ano. A expectativa \u00e9 que 2026 comece com infla\u00e7\u00e3o sob controle, desde que n\u00e3o ocorram choques externos ou clim\u00e1ticos.<\/p>\n\n\n\n<h3 class=\"wp-block-heading\"><strong>6. Como o consumidor pode aproveitar o momento de baixa infla\u00e7\u00e3o?<\/strong><\/h3>\n\n\n\n<p>Com pre\u00e7os mais est\u00e1veis, \u00e9 hora de <strong>organizar o or\u00e7amento, quitar d\u00edvidas e planejar compras com anteced\u00eancia<\/strong>. Aproveite o per\u00edodo para economizar e investir, evitando gastos por impulso \u2014 especialmente com as promo\u00e7\u00f5es de fim de ano.<\/p>","protected":false},"excerpt":{"rendered":"<p>O m\u00eas de outubro trouxe uma boa not\u00edcia para os consumidores brasileiros: a infla\u00e7\u00e3o oficial, medida pelo \u00cdndice Nacional de Pre\u00e7os ao Consumidor Amplo (IPCA), ficou em 0,09%, o menor resultado para o m\u00eas desde 1998. Em um cen\u00e1rio de incertezas econ\u00f4micas e oscila\u00e7\u00e3o de pre\u00e7os, o dado refor\u00e7a a percep\u00e7\u00e3o de que o custo<\/p>","protected":false},"author":1,"featured_media":845,"comment_status":"open","ping_status":"open","sticky":false,"template":"","format":"standard","meta":{"_mbp_gutenberg_autopost":false,"jetpack_post_was_ever_published":false,"_jetpack_newsletter_access":"","_jetpack_dont_email_post_to_subs":false,"_jetpack_newsletter_tier_id":0,"_jetpack_memberships_contains_paywalled_content":false,"_jetpack_memberships_contains_paid_content":false,"footnotes":"","jetpack_publicize_message":"","jetpack_publicize_feature_enabled":true,"jetpack_social_post_already_shared":false,"jetpack_social_options":{"image_generator_settings":{"template":"highway","default_image_id":0,"font":"","enabled":false},"version":2}},"categories":[4],"tags":[100],"class_list":["post-844","post","type-post","status-publish","format-standard","has-post-thumbnail","hentry","category-diversos","tag-inflacao-de-outubro"],"yoast_head":"<!-- This site is optimized with the Yoast SEO plugin v27.4 - https:\/\/yoast.com\/product\/yoast-seo-wordpress\/ -->\n<title>Infla\u00e7\u00e3o de outubro surpreende com 0,09% e indica estabilidade<\/title>\n<meta name=\"description\" content=\"Infla\u00e7\u00e3o de outubro recua para 0,09%, menor taxa em 27 anos. Entenda o que puxou os pre\u00e7os para baixo e como isso afeta o bolso\" \/>\n<meta name=\"robots\" content=\"index, follow, max-snippet:-1, max-image-preview:large, max-video-preview:-1\" \/>\n<link rel=\"canonical\" href=\"https:\/\/maratonadoconsumidor.com.br\/en\/inflacao-de-outubro-surpreende-com-009-e-indica-estabilidade\/\" \/>\n<meta property=\"og:locale\" content=\"en_US\" \/>\n<meta property=\"og:type\" content=\"article\" \/>\n<meta property=\"og:title\" content=\"Infla\u00e7\u00e3o de outubro surpreende com 0,09% e indica estabilidade\" \/>\n<meta property=\"og:description\" content=\"Infla\u00e7\u00e3o de outubro recua para 0,09%, menor taxa em 27 anos. Entenda o que puxou os pre\u00e7os para baixo e como isso afeta o bolso\" \/>\n<meta property=\"og:url\" content=\"https:\/\/maratonadoconsumidor.com.br\/en\/inflacao-de-outubro-surpreende-com-009-e-indica-estabilidade\/\" \/>\n<meta property=\"article:publisher\" content=\"https:\/\/www.facebook.com\/canaldomaratonadoconsumidor\" \/>\n<meta property=\"article:published_time\" content=\"2025-11-11T12:54:27+00:00\" \/>\n<meta property=\"article:modified_time\" content=\"2025-11-11T12:54:29+00:00\" \/>\n<meta property=\"og:image\" content=\"https:\/\/maratonadoconsumidor.com.br\/wp-content\/uploads\/2025\/11\/Design-sem-nome-1-3.jpg\" \/>\n\t<meta property=\"og:image:width\" content=\"1200\" \/>\n\t<meta property=\"og:image:height\" content=\"800\" \/>\n\t<meta property=\"og:image:type\" content=\"image\/jpeg\" \/>\n<meta name=\"author\" content=\"Emilio de Vicente\" \/>\n<meta name=\"twitter:card\" content=\"summary_large_image\" \/>\n<meta name=\"twitter:creator\" content=\"@MaratonadoCons1\" \/>\n<meta name=\"twitter:site\" content=\"@MaratonadoCons1\" \/>\n<meta name=\"twitter:label1\" content=\"Written by\" \/>\n\t<meta name=\"twitter:data1\" content=\"Emilio de Vicente\" \/>\n\t<meta name=\"twitter:label2\" content=\"Est. reading time\" \/>\n\t<meta name=\"twitter:data2\" content=\"8 minutes\" \/>\n<script type=\"application\/ld+json\" class=\"yoast-schema-graph\">{\"@context\":\"https:\\\/\\\/schema.org\",\"@graph\":[{\"@type\":\"Article\",\"@id\":\"https:\\\/\\\/maratonadoconsumidor.com.br\\\/inflacao-de-outubro-surpreende-com-009-e-indica-estabilidade\\\/#article\",\"isPartOf\":{\"@id\":\"https:\\\/\\\/maratonadoconsumidor.com.br\\\/inflacao-de-outubro-surpreende-com-009-e-indica-estabilidade\\\/\"},\"author\":{\"name\":\"Emilio de Vicente\",\"@id\":\"https:\\\/\\\/maratonadoconsumidor.com.br\\\/#\\\/schema\\\/person\\\/01c74586a582dc988d4334293f57343c\"},\"headline\":\"Infla\u00e7\u00e3o de outubro surpreende com 0,09% e indica estabilidade nos pre\u00e7os\",\"datePublished\":\"2025-11-11T12:54:27+00:00\",\"dateModified\":\"2025-11-11T12:54:29+00:00\",\"mainEntityOfPage\":{\"@id\":\"https:\\\/\\\/maratonadoconsumidor.com.br\\\/inflacao-de-outubro-surpreende-com-009-e-indica-estabilidade\\\/\"},\"wordCount\":1452,\"commentCount\":0,\"publisher\":{\"@id\":\"https:\\\/\\\/maratonadoconsumidor.com.br\\\/#organization\"},\"image\":{\"@id\":\"https:\\\/\\\/maratonadoconsumidor.com.br\\\/inflacao-de-outubro-surpreende-com-009-e-indica-estabilidade\\\/#primaryimage\"},\"thumbnailUrl\":\"https:\\\/\\\/i0.wp.com\\\/maratonadoconsumidor.com.br\\\/wp-content\\\/uploads\\\/2025\\\/11\\\/Design-sem-nome-1-3.jpg?fit=1200%2C800&ssl=1\",\"keywords\":[\"Infla\u00e7\u00e3o de outubro\"],\"articleSection\":[\"Diversos\"],\"inLanguage\":\"en-US\",\"potentialAction\":[{\"@type\":\"CommentAction\",\"name\":\"Comment\",\"target\":[\"https:\\\/\\\/maratonadoconsumidor.com.br\\\/inflacao-de-outubro-surpreende-com-009-e-indica-estabilidade\\\/#respond\"]}]},{\"@type\":\"WebPage\",\"@id\":\"https:\\\/\\\/maratonadoconsumidor.com.br\\\/inflacao-de-outubro-surpreende-com-009-e-indica-estabilidade\\\/\",\"url\":\"https:\\\/\\\/maratonadoconsumidor.com.br\\\/inflacao-de-outubro-surpreende-com-009-e-indica-estabilidade\\\/\",\"name\":\"Infla\u00e7\u00e3o de outubro surpreende com 0,09% e indica estabilidade\",\"isPartOf\":{\"@id\":\"https:\\\/\\\/maratonadoconsumidor.com.br\\\/#website\"},\"primaryImageOfPage\":{\"@id\":\"https:\\\/\\\/maratonadoconsumidor.com.br\\\/inflacao-de-outubro-surpreende-com-009-e-indica-estabilidade\\\/#primaryimage\"},\"image\":{\"@id\":\"https:\\\/\\\/maratonadoconsumidor.com.br\\\/inflacao-de-outubro-surpreende-com-009-e-indica-estabilidade\\\/#primaryimage\"},\"thumbnailUrl\":\"https:\\\/\\\/i0.wp.com\\\/maratonadoconsumidor.com.br\\\/wp-content\\\/uploads\\\/2025\\\/11\\\/Design-sem-nome-1-3.jpg?fit=1200%2C800&ssl=1\",\"datePublished\":\"2025-11-11T12:54:27+00:00\",\"dateModified\":\"2025-11-11T12:54:29+00:00\",\"description\":\"Infla\u00e7\u00e3o de outubro recua para 0,09%, menor taxa em 27 anos. Entenda o que puxou os pre\u00e7os para baixo e como isso afeta o bolso\",\"breadcrumb\":{\"@id\":\"https:\\\/\\\/maratonadoconsumidor.com.br\\\/inflacao-de-outubro-surpreende-com-009-e-indica-estabilidade\\\/#breadcrumb\"},\"inLanguage\":\"en-US\",\"potentialAction\":[{\"@type\":\"ReadAction\",\"target\":[\"https:\\\/\\\/maratonadoconsumidor.com.br\\\/inflacao-de-outubro-surpreende-com-009-e-indica-estabilidade\\\/\"]}]},{\"@type\":\"ImageObject\",\"inLanguage\":\"en-US\",\"@id\":\"https:\\\/\\\/maratonadoconsumidor.com.br\\\/inflacao-de-outubro-surpreende-com-009-e-indica-estabilidade\\\/#primaryimage\",\"url\":\"https:\\\/\\\/i0.wp.com\\\/maratonadoconsumidor.com.br\\\/wp-content\\\/uploads\\\/2025\\\/11\\\/Design-sem-nome-1-3.jpg?fit=1200%2C800&ssl=1\",\"contentUrl\":\"https:\\\/\\\/i0.wp.com\\\/maratonadoconsumidor.com.br\\\/wp-content\\\/uploads\\\/2025\\\/11\\\/Design-sem-nome-1-3.jpg?fit=1200%2C800&ssl=1\",\"width\":1200,\"height\":800,\"caption\":\"Infla\u00e7\u00e3o de outubro surpreende com 0,09% e indica estabilidade nos pre\u00e7os\"},{\"@type\":\"BreadcrumbList\",\"@id\":\"https:\\\/\\\/maratonadoconsumidor.com.br\\\/inflacao-de-outubro-surpreende-com-009-e-indica-estabilidade\\\/#breadcrumb\",\"itemListElement\":[{\"@type\":\"ListItem\",\"position\":1,\"name\":\"In\u00edcio\",\"item\":\"https:\\\/\\\/maratonadoconsumidor.com.br\\\/\"},{\"@type\":\"ListItem\",\"position\":2,\"name\":\"Infla\u00e7\u00e3o de outubro surpreende com 0,09% e indica estabilidade nos pre\u00e7os\"}]},{\"@type\":\"WebSite\",\"@id\":\"https:\\\/\\\/maratonadoconsumidor.com.br\\\/#website\",\"url\":\"https:\\\/\\\/maratonadoconsumidor.com.br\\\/\",\"name\":\"Maratona do Consumidor\",\"description\":\"\",\"publisher\":{\"@id\":\"https:\\\/\\\/maratonadoconsumidor.com.br\\\/#organization\"},\"potentialAction\":[{\"@type\":\"SearchAction\",\"target\":{\"@type\":\"EntryPoint\",\"urlTemplate\":\"https:\\\/\\\/maratonadoconsumidor.com.br\\\/?s={search_term_string}\"},\"query-input\":{\"@type\":\"PropertyValueSpecification\",\"valueRequired\":true,\"valueName\":\"search_term_string\"}}],\"inLanguage\":\"en-US\"},{\"@type\":\"Organization\",\"@id\":\"https:\\\/\\\/maratonadoconsumidor.com.br\\\/#organization\",\"name\":\"Maratona do Consumidor\",\"url\":\"https:\\\/\\\/maratonadoconsumidor.com.br\\\/\",\"logo\":{\"@type\":\"ImageObject\",\"inLanguage\":\"en-US\",\"@id\":\"https:\\\/\\\/maratonadoconsumidor.com.br\\\/#\\\/schema\\\/logo\\\/image\\\/\",\"url\":\"https:\\\/\\\/maratonadoconsumidor.com.br\\\/wp-content\\\/uploads\\\/2025\\\/06\\\/MARATONA-DO-CONSUMIDOR-160.png\",\"contentUrl\":\"https:\\\/\\\/maratonadoconsumidor.com.br\\\/wp-content\\\/uploads\\\/2025\\\/06\\\/MARATONA-DO-CONSUMIDOR-160.png\",\"width\":180,\"height\":60,\"caption\":\"Maratona do Consumidor\"},\"image\":{\"@id\":\"https:\\\/\\\/maratonadoconsumidor.com.br\\\/#\\\/schema\\\/logo\\\/image\\\/\"},\"sameAs\":[\"https:\\\/\\\/www.facebook.com\\\/canaldomaratonadoconsumidor\",\"https:\\\/\\\/x.com\\\/MaratonadoCons1\",\"https:\\\/\\\/www.instagram.com\\\/maratonadoconsumidor\\\/\",\"https:\\\/\\\/www.youtube.com\\\/@MaratonadoConsumidor\"]},{\"@type\":\"Person\",\"@id\":\"https:\\\/\\\/maratonadoconsumidor.com.br\\\/#\\\/schema\\\/person\\\/01c74586a582dc988d4334293f57343c\",\"name\":\"Emilio de Vicente\",\"image\":{\"@type\":\"ImageObject\",\"inLanguage\":\"en-US\",\"@id\":\"https:\\\/\\\/maratonadoconsumidor.com.br\\\/wp-content\\\/uploads\\\/2025\\\/09\\\/cropped-Captura-de-tela-2024-05-15-133101-96x96.png\",\"url\":\"https:\\\/\\\/maratonadoconsumidor.com.br\\\/wp-content\\\/uploads\\\/2025\\\/09\\\/cropped-Captura-de-tela-2024-05-15-133101-96x96.png\",\"contentUrl\":\"https:\\\/\\\/maratonadoconsumidor.com.br\\\/wp-content\\\/uploads\\\/2025\\\/09\\\/cropped-Captura-de-tela-2024-05-15-133101-96x96.png\",\"caption\":\"Emilio de Vicente\"},\"description\":\"Emilio de Vicente \u00e9 o autor e respons\u00e1vel pelos conte\u00fados do site Maratona do Consumidor, trazendo informa\u00e7\u00f5es atualizadas, an\u00e1lises profundas e artigos relevantes sobre diversos temas do cotidiano relacionados dicas, comparativos de produtos e pre\u00e7os, consumo inteligente, finan\u00e7as em geral e muito mais.\",\"sameAs\":[\"https:\\\/\\\/maratonadoconsumidor.com.br\"],\"url\":\"https:\\\/\\\/maratonadoconsumidor.com.br\\\/en\\\/author\\\/emilio\\\/\"}]}<\/script>\n<!-- \/ Yoast SEO plugin. -->","yoast_head_json":{"title":"Infla\u00e7\u00e3o de outubro surpreende com 0,09% e indica estabilidade","description":"Infla\u00e7\u00e3o de outubro recua para 0,09%, menor taxa em 27 anos. Entenda o que puxou os pre\u00e7os para baixo e como isso afeta o bolso","robots":{"index":"index","follow":"follow","max-snippet":"max-snippet:-1","max-image-preview":"max-image-preview:large","max-video-preview":"max-video-preview:-1"},"canonical":"https:\/\/maratonadoconsumidor.com.br\/en\/inflacao-de-outubro-surpreende-com-009-e-indica-estabilidade\/","og_locale":"en_US","og_type":"article","og_title":"Infla\u00e7\u00e3o de outubro surpreende com 0,09% e indica estabilidade","og_description":"Infla\u00e7\u00e3o de outubro recua para 0,09%, menor taxa em 27 anos. Entenda o que puxou os pre\u00e7os para baixo e como isso afeta o bolso","og_url":"https:\/\/maratonadoconsumidor.com.br\/en\/inflacao-de-outubro-surpreende-com-009-e-indica-estabilidade\/","article_publisher":"https:\/\/www.facebook.com\/canaldomaratonadoconsumidor","article_published_time":"2025-11-11T12:54:27+00:00","article_modified_time":"2025-11-11T12:54:29+00:00","og_image":[{"width":1200,"height":800,"url":"https:\/\/maratonadoconsumidor.com.br\/wp-content\/uploads\/2025\/11\/Design-sem-nome-1-3.jpg","type":"image\/jpeg"}],"author":"Emilio de Vicente","twitter_card":"summary_large_image","twitter_creator":"@MaratonadoCons1","twitter_site":"@MaratonadoCons1","twitter_misc":{"Written by":"Emilio de Vicente","Est. reading time":"8 minutes"},"schema":{"@context":"https:\/\/schema.org","@graph":[{"@type":"Article","@id":"https:\/\/maratonadoconsumidor.com.br\/inflacao-de-outubro-surpreende-com-009-e-indica-estabilidade\/#article","isPartOf":{"@id":"https:\/\/maratonadoconsumidor.com.br\/inflacao-de-outubro-surpreende-com-009-e-indica-estabilidade\/"},"author":{"name":"Emilio de Vicente","@id":"https:\/\/maratonadoconsumidor.com.br\/#\/schema\/person\/01c74586a582dc988d4334293f57343c"},"headline":"Infla\u00e7\u00e3o de outubro surpreende com 0,09% e indica estabilidade nos pre\u00e7os","datePublished":"2025-11-11T12:54:27+00:00","dateModified":"2025-11-11T12:54:29+00:00","mainEntityOfPage":{"@id":"https:\/\/maratonadoconsumidor.com.br\/inflacao-de-outubro-surpreende-com-009-e-indica-estabilidade\/"},"wordCount":1452,"commentCount":0,"publisher":{"@id":"https:\/\/maratonadoconsumidor.com.br\/#organization"},"image":{"@id":"https:\/\/maratonadoconsumidor.com.br\/inflacao-de-outubro-surpreende-com-009-e-indica-estabilidade\/#primaryimage"},"thumbnailUrl":"https:\/\/i0.wp.com\/maratonadoconsumidor.com.br\/wp-content\/uploads\/2025\/11\/Design-sem-nome-1-3.jpg?fit=1200%2C800&ssl=1","keywords":["Infla\u00e7\u00e3o de outubro"],"articleSection":["Diversos"],"inLanguage":"en-US","potentialAction":[{"@type":"CommentAction","name":"Comment","target":["https:\/\/maratonadoconsumidor.com.br\/inflacao-de-outubro-surpreende-com-009-e-indica-estabilidade\/#respond"]}]},{"@type":"WebPage","@id":"https:\/\/maratonadoconsumidor.com.br\/inflacao-de-outubro-surpreende-com-009-e-indica-estabilidade\/","url":"https:\/\/maratonadoconsumidor.com.br\/inflacao-de-outubro-surpreende-com-009-e-indica-estabilidade\/","name":"Infla\u00e7\u00e3o de outubro surpreende com 0,09% e indica estabilidade","isPartOf":{"@id":"https:\/\/maratonadoconsumidor.com.br\/#website"},"primaryImageOfPage":{"@id":"https:\/\/maratonadoconsumidor.com.br\/inflacao-de-outubro-surpreende-com-009-e-indica-estabilidade\/#primaryimage"},"image":{"@id":"https:\/\/maratonadoconsumidor.com.br\/inflacao-de-outubro-surpreende-com-009-e-indica-estabilidade\/#primaryimage"},"thumbnailUrl":"https:\/\/i0.wp.com\/maratonadoconsumidor.com.br\/wp-content\/uploads\/2025\/11\/Design-sem-nome-1-3.jpg?fit=1200%2C800&ssl=1","datePublished":"2025-11-11T12:54:27+00:00","dateModified":"2025-11-11T12:54:29+00:00","description":"Infla\u00e7\u00e3o de outubro recua para 0,09%, menor taxa em 27 anos. Entenda o que puxou os pre\u00e7os para baixo e como isso afeta o bolso","breadcrumb":{"@id":"https:\/\/maratonadoconsumidor.com.br\/inflacao-de-outubro-surpreende-com-009-e-indica-estabilidade\/#breadcrumb"},"inLanguage":"en-US","potentialAction":[{"@type":"ReadAction","target":["https:\/\/maratonadoconsumidor.com.br\/inflacao-de-outubro-surpreende-com-009-e-indica-estabilidade\/"]}]},{"@type":"ImageObject","inLanguage":"en-US","@id":"https:\/\/maratonadoconsumidor.com.br\/inflacao-de-outubro-surpreende-com-009-e-indica-estabilidade\/#primaryimage","url":"https:\/\/i0.wp.com\/maratonadoconsumidor.com.br\/wp-content\/uploads\/2025\/11\/Design-sem-nome-1-3.jpg?fit=1200%2C800&ssl=1","contentUrl":"https:\/\/i0.wp.com\/maratonadoconsumidor.com.br\/wp-content\/uploads\/2025\/11\/Design-sem-nome-1-3.jpg?fit=1200%2C800&ssl=1","width":1200,"height":800,"caption":"Infla\u00e7\u00e3o de outubro surpreende com 0,09% e indica estabilidade nos pre\u00e7os"},{"@type":"BreadcrumbList","@id":"https:\/\/maratonadoconsumidor.com.br\/inflacao-de-outubro-surpreende-com-009-e-indica-estabilidade\/#breadcrumb","itemListElement":[{"@type":"ListItem","position":1,"name":"In\u00edcio","item":"https:\/\/maratonadoconsumidor.com.br\/"},{"@type":"ListItem","position":2,"name":"Infla\u00e7\u00e3o de outubro surpreende com 0,09% e indica estabilidade nos pre\u00e7os"}]},{"@type":"WebSite","@id":"https:\/\/maratonadoconsumidor.com.br\/#website","url":"https:\/\/maratonadoconsumidor.com.br\/","name":"Maratona do Consumidor","description":"","publisher":{"@id":"https:\/\/maratonadoconsumidor.com.br\/#organization"},"potentialAction":[{"@type":"SearchAction","target":{"@type":"EntryPoint","urlTemplate":"https:\/\/maratonadoconsumidor.com.br\/?s={search_term_string}"},"query-input":{"@type":"PropertyValueSpecification","valueRequired":true,"valueName":"search_term_string"}}],"inLanguage":"en-US"},{"@type":"Organization","@id":"https:\/\/maratonadoconsumidor.com.br\/#organization","name":"Maratona do Consumidor","url":"https:\/\/maratonadoconsumidor.com.br\/","logo":{"@type":"ImageObject","inLanguage":"en-US","@id":"https:\/\/maratonadoconsumidor.com.br\/#\/schema\/logo\/image\/","url":"https:\/\/maratonadoconsumidor.com.br\/wp-content\/uploads\/2025\/06\/MARATONA-DO-CONSUMIDOR-160.png","contentUrl":"https:\/\/maratonadoconsumidor.com.br\/wp-content\/uploads\/2025\/06\/MARATONA-DO-CONSUMIDOR-160.png","width":180,"height":60,"caption":"Maratona do Consumidor"},"image":{"@id":"https:\/\/maratonadoconsumidor.com.br\/#\/schema\/logo\/image\/"},"sameAs":["https:\/\/www.facebook.com\/canaldomaratonadoconsumidor","https:\/\/x.com\/MaratonadoCons1","https:\/\/www.instagram.com\/maratonadoconsumidor\/","https:\/\/www.youtube.com\/@MaratonadoConsumidor"]},{"@type":"Person","@id":"https:\/\/maratonadoconsumidor.com.br\/#\/schema\/person\/01c74586a582dc988d4334293f57343c","name":"Emilio de Vicente","image":{"@type":"ImageObject","inLanguage":"en-US","@id":"https:\/\/maratonadoconsumidor.com.br\/wp-content\/uploads\/2025\/09\/cropped-Captura-de-tela-2024-05-15-133101-96x96.png","url":"https:\/\/maratonadoconsumidor.com.br\/wp-content\/uploads\/2025\/09\/cropped-Captura-de-tela-2024-05-15-133101-96x96.png","contentUrl":"https:\/\/maratonadoconsumidor.com.br\/wp-content\/uploads\/2025\/09\/cropped-Captura-de-tela-2024-05-15-133101-96x96.png","caption":"Emilio de Vicente"},"description":"Emilio de Vicente \u00e9 o autor e respons\u00e1vel pelos conte\u00fados do site Maratona do Consumidor, trazendo informa\u00e7\u00f5es atualizadas, an\u00e1lises profundas e artigos relevantes sobre diversos temas do cotidiano relacionados dicas, comparativos de produtos e pre\u00e7os, consumo inteligente, finan\u00e7as em geral e muito mais.","sameAs":["https:\/\/maratonadoconsumidor.com.br"],"url":"https:\/\/maratonadoconsumidor.com.br\/en\/author\/emilio\/"}]}},"jetpack_publicize_connections":[],"jetpack_featured_media_url":"https:\/\/i0.wp.com\/maratonadoconsumidor.com.br\/wp-content\/uploads\/2025\/11\/Design-sem-nome-1-3.jpg?fit=1200%2C800&ssl=1","jetpack-related-posts":[{"id":679,"url":"https:\/\/maratonadoconsumidor.com.br\/en\/inflacao-no-brasil-saiba-como-anda-os-precos-das-coisas\/","url_meta":{"origin":844,"position":0},"title":"Infla\u00e7\u00e3o no Brasil, saiba como anda os pre\u00e7os das coisas?","author":"Emilio de Vicente","date":"14 de September de 2025","format":false,"excerpt":"\ud83d\udcc8 A infla\u00e7\u00e3o \u00e9 um tema que afeta diretamente a vida dos brasileiros, independentemente da classe social ou da regi\u00e3o do pa\u00eds. Quando os pre\u00e7os sobem, o poder de compra diminui, e isso impacta desde o caf\u00e9 da manh\u00e3 at\u00e9 a conta de luz no final do m\u00eas. Entender como\u2026","rel":"","context":"In &quot;Diversos&quot;","block_context":{"text":"Diversos","link":"https:\/\/maratonadoconsumidor.com.br\/en\/category\/diversos\/"},"img":{"alt_text":"Infla\u00e7\u00e3o no Brasil, saiba como anda os pre\u00e7os das coisas?","src":"https:\/\/i0.wp.com\/maratonadoconsumidor.com.br\/wp-content\/uploads\/2025\/09\/Design-sem-nome-3-1.jpg?fit=1200%2C800&ssl=1&resize=350%2C200","width":350,"height":200,"srcset":"https:\/\/i0.wp.com\/maratonadoconsumidor.com.br\/wp-content\/uploads\/2025\/09\/Design-sem-nome-3-1.jpg?fit=1200%2C800&ssl=1&resize=350%2C200 1x, https:\/\/i0.wp.com\/maratonadoconsumidor.com.br\/wp-content\/uploads\/2025\/09\/Design-sem-nome-3-1.jpg?fit=1200%2C800&ssl=1&resize=525%2C300 1.5x, https:\/\/i0.wp.com\/maratonadoconsumidor.com.br\/wp-content\/uploads\/2025\/09\/Design-sem-nome-3-1.jpg?fit=1200%2C800&ssl=1&resize=700%2C400 2x, https:\/\/i0.wp.com\/maratonadoconsumidor.com.br\/wp-content\/uploads\/2025\/09\/Design-sem-nome-3-1.jpg?fit=1200%2C800&ssl=1&resize=1050%2C600 3x"},"classes":[]},{"id":914,"url":"https:\/\/maratonadoconsumidor.com.br\/en\/o-que-esperar-da-economia-brasileira-em-2026\/","url_meta":{"origin":844,"position":1},"title":"O que esperar da economia brasileira em 2026?","author":"Emilio de Vicente","date":"1 de January de 2026","format":false,"excerpt":"A economia brasileira entra em 2026 cercada por expectativas, incertezas e oportunidades que exigem aten\u00e7\u00e3o redobrada de consumidores, investidores e empreendedores. Ap\u00f3s anos marcados por infla\u00e7\u00e3o elevada, juros altos e desafios fiscais, o pa\u00eds passa a conviver com um cen\u00e1rio mais complexo, no qual decis\u00f5es internas e fatores globais caminham\u2026","rel":"","context":"In &quot;Diversos&quot;","block_context":{"text":"Diversos","link":"https:\/\/maratonadoconsumidor.com.br\/en\/category\/diversos\/"},"img":{"alt_text":"O que esperar da economia brasileira em 2026?","src":"https:\/\/i0.wp.com\/maratonadoconsumidor.com.br\/wp-content\/uploads\/2026\/01\/Design-sem-nome-12.jpg?fit=1200%2C800&ssl=1&resize=350%2C200","width":350,"height":200,"srcset":"https:\/\/i0.wp.com\/maratonadoconsumidor.com.br\/wp-content\/uploads\/2026\/01\/Design-sem-nome-12.jpg?fit=1200%2C800&ssl=1&resize=350%2C200 1x, https:\/\/i0.wp.com\/maratonadoconsumidor.com.br\/wp-content\/uploads\/2026\/01\/Design-sem-nome-12.jpg?fit=1200%2C800&ssl=1&resize=525%2C300 1.5x, https:\/\/i0.wp.com\/maratonadoconsumidor.com.br\/wp-content\/uploads\/2026\/01\/Design-sem-nome-12.jpg?fit=1200%2C800&ssl=1&resize=700%2C400 2x, https:\/\/i0.wp.com\/maratonadoconsumidor.com.br\/wp-content\/uploads\/2026\/01\/Design-sem-nome-12.jpg?fit=1200%2C800&ssl=1&resize=1050%2C600 3x"},"classes":[]},{"id":1320,"url":"https:\/\/maratonadoconsumidor.com.br\/en\/como-anda-o-mercado-imobiliario-hoje-no-pais\/","url_meta":{"origin":844,"position":2},"title":"Como anda o Mercado Imobili\u00e1rio hoje no pa\u00eds?","author":"Emilio de Vicente","date":"16 de April de 2026","format":false,"excerpt":"O mercado imobili\u00e1rio brasileiro atravessa um per\u00edodo de transforma\u00e7\u00e3o profunda e resili\u00eancia surpreendente. Ap\u00f3s anos de incertezas macroecon\u00f4micas, o setor encerrou 2025 com recordes hist\u00f3ricos de lan\u00e7amentos e vendas, consolidando-se como um dos principais motores da economia nacional. Para quem deseja comprar, vender ou investir, entender o cen\u00e1rio atual n\u00e3o\u2026","rel":"","context":"In &quot;Dicas&quot;","block_context":{"text":"Dicas","link":"https:\/\/maratonadoconsumidor.com.br\/en\/category\/dicas\/"},"img":{"alt_text":"Como anda o Mercado Imobili\u00e1rio hoje no pa\u00eds?","src":"https:\/\/i0.wp.com\/maratonadoconsumidor.com.br\/wp-content\/uploads\/2026\/04\/Design-sem-nome-14-1.jpg?fit=1200%2C800&ssl=1&resize=350%2C200","width":350,"height":200,"srcset":"https:\/\/i0.wp.com\/maratonadoconsumidor.com.br\/wp-content\/uploads\/2026\/04\/Design-sem-nome-14-1.jpg?fit=1200%2C800&ssl=1&resize=350%2C200 1x, https:\/\/i0.wp.com\/maratonadoconsumidor.com.br\/wp-content\/uploads\/2026\/04\/Design-sem-nome-14-1.jpg?fit=1200%2C800&ssl=1&resize=525%2C300 1.5x, https:\/\/i0.wp.com\/maratonadoconsumidor.com.br\/wp-content\/uploads\/2026\/04\/Design-sem-nome-14-1.jpg?fit=1200%2C800&ssl=1&resize=700%2C400 2x, https:\/\/i0.wp.com\/maratonadoconsumidor.com.br\/wp-content\/uploads\/2026\/04\/Design-sem-nome-14-1.jpg?fit=1200%2C800&ssl=1&resize=1050%2C600 3x"},"classes":[]},{"id":620,"url":"https:\/\/maratonadoconsumidor.com.br\/en\/qual-e-a-melhor-forma-de-proteger-e-aplicar-o-seu-dinheiro\/","url_meta":{"origin":844,"position":3},"title":"\ud83d\udcb0 Qual \u00e9 a melhor forma de proteger e aplicar o seu dinheiro?","author":"Emilio de Vicente","date":"17 de August de 2025","format":false,"excerpt":"Cuidar do dinheiro n\u00e3o \u00e9 apenas uma quest\u00e3o de economizar, mas de saber proteg\u00ea-lo e multiplic\u00e1-lo de maneira inteligente. Muitas pessoas deixam suas economias paradas na conta corrente, perdendo poder de compra diante da infla\u00e7\u00e3o, enquanto outras aplicam sem entender os riscos envolvidos. A verdade \u00e9 que existe um equil\u00edbrio\u2026","rel":"","context":"In &quot;Dicas&quot;","block_context":{"text":"Dicas","link":"https:\/\/maratonadoconsumidor.com.br\/en\/category\/dicas\/"},"img":{"alt_text":"Qual \u00e9 a melhor forma de proteger e aplicar o seu dinheiro?","src":"https:\/\/i0.wp.com\/maratonadoconsumidor.com.br\/wp-content\/uploads\/2025\/08\/Design-sem-nome.jpg?fit=1200%2C800&ssl=1&resize=350%2C200","width":350,"height":200,"srcset":"https:\/\/i0.wp.com\/maratonadoconsumidor.com.br\/wp-content\/uploads\/2025\/08\/Design-sem-nome.jpg?fit=1200%2C800&ssl=1&resize=350%2C200 1x, https:\/\/i0.wp.com\/maratonadoconsumidor.com.br\/wp-content\/uploads\/2025\/08\/Design-sem-nome.jpg?fit=1200%2C800&ssl=1&resize=525%2C300 1.5x, https:\/\/i0.wp.com\/maratonadoconsumidor.com.br\/wp-content\/uploads\/2025\/08\/Design-sem-nome.jpg?fit=1200%2C800&ssl=1&resize=700%2C400 2x, https:\/\/i0.wp.com\/maratonadoconsumidor.com.br\/wp-content\/uploads\/2025\/08\/Design-sem-nome.jpg?fit=1200%2C800&ssl=1&resize=1050%2C600 3x"},"classes":[]},{"id":1011,"url":"https:\/\/maratonadoconsumidor.com.br\/en\/economia-das-pequenas-e-medias-empresas-em-2026\/","url_meta":{"origin":844,"position":4},"title":"Como anda a economia das pequenas e m\u00e9dias empresas em 2026?","author":"Emilio de Vicente","date":"22 de February de 2026","format":false,"excerpt":"Ao entrar em 2026, pequenas e m\u00e9dias empresas (PMEs) continuam desempenhando papel central na economia no Brasil e no mundo impulsionando mercados, empregos e inova\u00e7\u00e3o. No entanto, esse cen\u00e1rio \u00e9 marcado por desafios macroecon\u00f4micos, transforma\u00e7\u00f5es tecnol\u00f3gicas e novas exig\u00eancias regulat\u00f3rias que moldam como os pequenos neg\u00f3cios operam, competem e crescem.\u2026","rel":"","context":"In &quot;Comparativos&quot;","block_context":{"text":"Comparativos","link":"https:\/\/maratonadoconsumidor.com.br\/en\/category\/comparativos\/"},"img":{"alt_text":"Como anda a economia das pequenas e m\u00e9dias empresas em 2026?","src":"https:\/\/i0.wp.com\/maratonadoconsumidor.com.br\/wp-content\/uploads\/2026\/02\/Design-sem-nome-37-1.jpg?fit=1200%2C800&ssl=1&resize=350%2C200","width":350,"height":200,"srcset":"https:\/\/i0.wp.com\/maratonadoconsumidor.com.br\/wp-content\/uploads\/2026\/02\/Design-sem-nome-37-1.jpg?fit=1200%2C800&ssl=1&resize=350%2C200 1x, https:\/\/i0.wp.com\/maratonadoconsumidor.com.br\/wp-content\/uploads\/2026\/02\/Design-sem-nome-37-1.jpg?fit=1200%2C800&ssl=1&resize=525%2C300 1.5x, https:\/\/i0.wp.com\/maratonadoconsumidor.com.br\/wp-content\/uploads\/2026\/02\/Design-sem-nome-37-1.jpg?fit=1200%2C800&ssl=1&resize=700%2C400 2x, https:\/\/i0.wp.com\/maratonadoconsumidor.com.br\/wp-content\/uploads\/2026\/02\/Design-sem-nome-37-1.jpg?fit=1200%2C800&ssl=1&resize=1050%2C600 3x"},"classes":[]},{"id":837,"url":"https:\/\/maratonadoconsumidor.com.br\/en\/como-andam-os-precos-das-frutas-e-legumes-nos-sacoloes\/","url_meta":{"origin":844,"position":5},"title":"Como andam os pre\u00e7os das frutas e legumes nos sacol\u00f5es?","author":"Emilio de Vicente","date":"7 de November de 2025","format":false,"excerpt":"Os pre\u00e7os das frutas e legumes t\u00eam chamado a aten\u00e7\u00e3o dos consumidores em todo o Brasil. Ir ao sacol\u00e3o, que antes era sin\u00f4nimo de economia, passou a exigir mais planejamento e compara\u00e7\u00e3o. Mas ser\u00e1 que os alimentos realmente encareceram tanto? E o que o consumidor pode fazer para continuar comprando\u2026","rel":"","context":"In &quot;Diversos&quot;","block_context":{"text":"Diversos","link":"https:\/\/maratonadoconsumidor.com.br\/en\/category\/diversos\/"},"img":{"alt_text":"Como andam os pre\u00e7os das frutas e legumes nos sacol\u00f5es?","src":"https:\/\/i0.wp.com\/maratonadoconsumidor.com.br\/wp-content\/uploads\/2025\/11\/Design-sem-nome-2-1.jpg?fit=1200%2C800&ssl=1&resize=350%2C200","width":350,"height":200,"srcset":"https:\/\/i0.wp.com\/maratonadoconsumidor.com.br\/wp-content\/uploads\/2025\/11\/Design-sem-nome-2-1.jpg?fit=1200%2C800&ssl=1&resize=350%2C200 1x, https:\/\/i0.wp.com\/maratonadoconsumidor.com.br\/wp-content\/uploads\/2025\/11\/Design-sem-nome-2-1.jpg?fit=1200%2C800&ssl=1&resize=525%2C300 1.5x, https:\/\/i0.wp.com\/maratonadoconsumidor.com.br\/wp-content\/uploads\/2025\/11\/Design-sem-nome-2-1.jpg?fit=1200%2C800&ssl=1&resize=700%2C400 2x, https:\/\/i0.wp.com\/maratonadoconsumidor.com.br\/wp-content\/uploads\/2025\/11\/Design-sem-nome-2-1.jpg?fit=1200%2C800&ssl=1&resize=1050%2C600 3x"},"classes":[]}],"jetpack_sharing_enabled":true,"jetpack_likes_enabled":true,"_links":{"self":[{"href":"https:\/\/maratonadoconsumidor.com.br\/en\/wp-json\/wp\/v2\/posts\/844","targetHints":{"allow":["GET"]}}],"collection":[{"href":"https:\/\/maratonadoconsumidor.com.br\/en\/wp-json\/wp\/v2\/posts"}],"about":[{"href":"https:\/\/maratonadoconsumidor.com.br\/en\/wp-json\/wp\/v2\/types\/post"}],"author":[{"embeddable":true,"href":"https:\/\/maratonadoconsumidor.com.br\/en\/wp-json\/wp\/v2\/users\/1"}],"replies":[{"embeddable":true,"href":"https:\/\/maratonadoconsumidor.com.br\/en\/wp-json\/wp\/v2\/comments?post=844"}],"version-history":[{"count":1,"href":"https:\/\/maratonadoconsumidor.com.br\/en\/wp-json\/wp\/v2\/posts\/844\/revisions"}],"predecessor-version":[{"id":848,"href":"https:\/\/maratonadoconsumidor.com.br\/en\/wp-json\/wp\/v2\/posts\/844\/revisions\/848"}],"wp:featuredmedia":[{"embeddable":true,"href":"https:\/\/maratonadoconsumidor.com.br\/en\/wp-json\/wp\/v2\/media\/845"}],"wp:attachment":[{"href":"https:\/\/maratonadoconsumidor.com.br\/en\/wp-json\/wp\/v2\/media?parent=844"}],"wp:term":[{"taxonomy":"category","embeddable":true,"href":"https:\/\/maratonadoconsumidor.com.br\/en\/wp-json\/wp\/v2\/categories?post=844"},{"taxonomy":"post_tag","embeddable":true,"href":"https:\/\/maratonadoconsumidor.com.br\/en\/wp-json\/wp\/v2\/tags?post=844"}],"curies":[{"name":"wp","href":"https:\/\/api.w.org\/{rel}","templated":true}]}}