{"id":744,"date":"2025-09-20T17:48:19","date_gmt":"2025-09-20T20:48:19","guid":{"rendered":"https:\/\/maratonadoconsumidor.com.br\/?p=744"},"modified":"2025-09-20T17:48:23","modified_gmt":"2025-09-20T20:48:23","slug":"o-que-e-melhor-abrir-uma-loja-fisica-ou-e-commerce","status":"publish","type":"post","link":"https:\/\/maratonadoconsumidor.com.br\/en\/o-que-e-melhor-abrir-uma-loja-fisica-ou-e-commerce\/","title":{"rendered":"O que \u00e9 melhor, abrir uma loja f\u00edsica ou e-commerce?"},"content":{"rendered":"<p>\ud83d\udca1 Decidir entre abrir uma loja f\u00edsica ou investir em um e-commerce \u00e9 uma das grandes quest\u00f5es para quem deseja empreender em 2025. <\/p>\n\n\n\n<p>O avan\u00e7o da <a href=\"https:\/\/maratonadoconsumidor.com.br\/en\/tecnologia-e-qualidade-de-vida-facilitando-o-cotidiano\/\" target=\"_blank\" rel=\"noreferrer noopener\">tecnologia<\/a>, as mudan\u00e7as no comportamento de consumo e as oportunidades de mercado fazem com que cada modelo tenha vantagens e desafios distintos. <\/p>\n\n\n\n<p>Escolher o caminho certo depende do perfil do empreendedor, dos recursos dispon\u00edveis e do p\u00fablico que se deseja alcan\u00e7ar.<\/p>\n\n\n\n<h2 class=\"wp-block-heading\">\ud83d\udcca Panorama atual do varejo no Brasil<\/h2>\n\n\n\n<p>Nos \u00faltimos anos, o com\u00e9rcio eletr\u00f4nico ganhou for\u00e7a, mas isso n\u00e3o significa que as lojas f\u00edsicas perderam relev\u00e2ncia. <\/p>\n\n\n\n<p>Segundo dados da <a href=\"https:\/\/abcomm.org\/\" target=\"_blank\" rel=\"noreferrer noopener\">Associa\u00e7\u00e3o Brasileira de Com\u00e9rcio Eletr\u00f4nico<\/a> (ABComm), o e-commerce brasileiro movimentou <strong>mais de R$ 185 bilh\u00f5es em 2024<\/strong>, e a tend\u00eancia \u00e9 de crescimento cont\u00ednuo.<\/p>\n\n\n\n<p>Ao mesmo tempo, o com\u00e9rcio presencial ainda representa uma fatia importante do consumo, especialmente em setores como moda, alimentos, sa\u00fade e servi\u00e7os locais. <\/p>\n\n\n\n<p>Muitas pessoas ainda valorizam a experi\u00eancia de visitar uma loja, sentir o produto e ter contato direto com vendedores.<\/p>\n\n\n\n<h2 class=\"wp-block-heading\">\ud83c\udfec Vantagens de abrir uma loja f\u00edsica<\/h2>\n\n\n\n<p>Abrir um espa\u00e7o f\u00edsico ainda \u00e9 o sonho de muitos empreendedores. As raz\u00f5es s\u00e3o claras:<\/p>\n\n\n\n<ul class=\"wp-block-list\">\n<li>\ud83d\udc65 <strong>Relacionamento humano:<\/strong> contato direto com o cliente cria v\u00ednculos mais fortes e aumenta a confian\u00e7a.<\/li>\n\n\n\n<li>\ud83d\udc40 <strong>Experi\u00eancia sensorial:<\/strong> o cliente pode tocar, experimentar e avaliar o produto na hora.<\/li>\n\n\n\n<li>\ud83c\udf0e <strong>Presen\u00e7a local:<\/strong> a loja f\u00edsica se torna um ponto de refer\u00eancia na regi\u00e3o, fortalecendo a marca.<\/li>\n\n\n\n<li>\ud83d\ude80 <strong>Impulso nas vendas:<\/strong> compras por impulso acontecem com frequ\u00eancia em ambientes f\u00edsicos.<\/li>\n<\/ul>\n\n\n\n<p>No entanto, esse modelo tamb\u00e9m exige investimento alto em aluguel, reformas, equipe e estoque, al\u00e9m da limita\u00e7\u00e3o geogr\u00e1fica para atrair clientes.<\/p>\n\n\n\n<h2 class=\"wp-block-heading\">\ud83d\udcbb Vantagens de abrir um e-commerce<\/h2>\n\n\n\n<p>O com\u00e9rcio eletr\u00f4nico cresce em ritmo acelerado por causa da praticidade e da expans\u00e3o da internet.<\/p>\n\n\n\n<ul class=\"wp-block-list\">\n<li>\ud83c\udf10 <strong>Acesso ilimitado:<\/strong> vendas para qualquer regi\u00e3o do Brasil e at\u00e9 do mundo.<\/li>\n\n\n\n<li>\ud83d\udcb0 <strong>Custo reduzido:<\/strong> n\u00e3o h\u00e1 necessidade de aluguel de ponto f\u00edsico e gastos fixos elevados.<\/li>\n\n\n\n<li>\u23f0 <strong>Disponibilidade 24\/7:<\/strong> a loja fica aberta o tempo todo, sem restri\u00e7\u00f5es de hor\u00e1rio.<\/li>\n\n\n\n<li>\ud83d\udcc8 <strong>Escalabilidade:<\/strong> \u00e9 mais f\u00e1cil aumentar a opera\u00e7\u00e3o e diversificar produtos.<\/li>\n\n\n\n<li>\ud83d\udcca <strong>M\u00e9tricas de desempenho:<\/strong> dados e relat\u00f3rios ajudam a tomar decis\u00f5es mais assertivas.<\/li>\n<\/ul>\n\n\n\n<p>Por outro lado, o e-commerce enfrenta desafios como a log\u00edstica de entregas, a concorr\u00eancia intensa e a dificuldade de transmitir confian\u00e7a a novos clientes.<\/p>\n\n\n\n<h2 class=\"wp-block-heading\">\ud83d\udd04 Loja f\u00edsica x E-commerce: Compara\u00e7\u00e3o direta<\/h2>\n\n\n\n<figure class=\"wp-block-table\"><table class=\"has-fixed-layout\"><thead><tr><th class=\"has-text-align-center\" data-align=\"center\">Crit\u00e9rio<\/th><th class=\"has-text-align-center\" data-align=\"center\">Loja F\u00edsica \ud83c\udfec<\/th><th class=\"has-text-align-center\" data-align=\"center\">E-commerce \ud83d\udcbb<\/th><\/tr><\/thead><tbody><tr><td class=\"has-text-align-center\" data-align=\"center\">Investimento inicial<\/td><td class=\"has-text-align-center\" data-align=\"center\">Alto (aluguel, estrutura, equipe)<\/td><td class=\"has-text-align-center\" data-align=\"center\">M\u00e9dio\/baixo (plataforma, estoque inicial)<\/td><\/tr><tr><td class=\"has-text-align-center\" data-align=\"center\">Alcance<\/td><td class=\"has-text-align-center\" data-align=\"center\">Local<\/td><td class=\"has-text-align-center\" data-align=\"center\">Nacional\/Global<\/td><\/tr><tr><td class=\"has-text-align-center\" data-align=\"center\">Atendimento<\/td><td class=\"has-text-align-center\" data-align=\"center\">Presencial e pessoal<\/td><td class=\"has-text-align-center\" data-align=\"center\">Digital, via chat, e-mail ou telefone<\/td><\/tr><tr><td class=\"has-text-align-center\" data-align=\"center\">Experi\u00eancia de compra<\/td><td class=\"has-text-align-center\" data-align=\"center\">Sensorial, imediata<\/td><td class=\"has-text-align-center\" data-align=\"center\">Conveniente, 24\/7<\/td><\/tr><tr><td class=\"has-text-align-center\" data-align=\"center\">Escalabilidade<\/td><td class=\"has-text-align-center\" data-align=\"center\">Limitada ao espa\u00e7o f\u00edsico<\/td><td class=\"has-text-align-center\" data-align=\"center\">Alta, com baixo custo<\/td><\/tr><tr><td class=\"has-text-align-center\" data-align=\"center\">Concorr\u00eancia<\/td><td class=\"has-text-align-center\" data-align=\"center\">Regional<\/td><td class=\"has-text-align-center\" data-align=\"center\">Nacional\/global<\/td><\/tr><\/tbody><\/table><\/figure>\n\n\n\n<h2 class=\"wp-block-heading\">\ud83d\udee0\ufe0f Passo a passo para escolher o modelo ideal<\/h2>\n\n\n\n<p>Se voc\u00ea est\u00e1 em d\u00favida sobre qual caminho seguir, siga este guia pr\u00e1tico:<\/p>\n\n\n\n<h3 class=\"wp-block-heading\">1\ufe0f\u20e3 Analise seu p\u00fablico-alvo<\/h3>\n\n\n\n<ul class=\"wp-block-list\">\n<li>Se seu p\u00fablico valoriza contato pessoal e experi\u00eancia, a loja f\u00edsica pode ser mais atraente.<\/li>\n\n\n\n<li>Se busca praticidade e compra online, o e-commerce \u00e9 a melhor escolha.<\/li>\n<\/ul>\n\n\n\n<h3 class=\"wp-block-heading\">2\ufe0f\u20e3 Avalie sua capacidade de investimento<\/h3>\n\n\n\n<ul class=\"wp-block-list\">\n<li>Loja f\u00edsica requer mais capital inicial para estrutura e manuten\u00e7\u00e3o.<\/li>\n\n\n\n<li>E-commerce pode come\u00e7ar pequeno e expandir aos poucos.<\/li>\n<\/ul>\n\n\n\n<h3 class=\"wp-block-heading\">3\ufe0f\u20e3 Pense na log\u00edstica<\/h3>\n\n\n\n<ul class=\"wp-block-list\">\n<li>Loja f\u00edsica depende de estoque local.<\/li>\n\n\n\n<li>E-commerce exige organiza\u00e7\u00e3o de envios, prazos e parceiros de entrega.<\/li>\n<\/ul>\n\n\n\n<h3 class=\"wp-block-heading\">4\ufe0f\u20e3 Planeje o marketing<\/h3>\n\n\n\n<ul class=\"wp-block-list\">\n<li>Neg\u00f3cios locais se beneficiam de panfletos, r\u00e1dio e presen\u00e7a em bairros.<\/li>\n\n\n\n<li>Online, a for\u00e7a est\u00e1 em an\u00fancios digitais, SEO e redes sociais.<\/li>\n<\/ul>\n\n\n\n<h3 class=\"wp-block-heading\">5\ufe0f\u20e3 Considere um modelo h\u00edbrido<\/h3>\n\n\n\n<ul class=\"wp-block-list\">\n<li>Muitos neg\u00f3cios hoje combinam loja f\u00edsica e e-commerce, criando um ecossistema completo.<\/li>\n\n\n\n<li>Exemplo: o cliente conhece o produto na loja e depois compra online, ou vice-versa.<\/li>\n<\/ul>\n\n\n\n<h2 class=\"wp-block-heading\">\ud83d\ude80 Tend\u00eancias para 2025<\/h2>\n\n\n\n<ul class=\"wp-block-list\">\n<li><strong>Omnichannel:<\/strong> integra\u00e7\u00e3o total entre loja f\u00edsica e digital.<\/li>\n\n\n\n<li><strong>Realidade aumentada (RA):<\/strong> clientes testando produtos virtualmente antes da compra.<\/li>\n\n\n\n<li><strong>Pagamentos instant\u00e2neos:<\/strong> PIX consolidado como principal meio no Brasil.<\/li>\n\n\n\n<li><strong>Sustentabilidade:<\/strong> consumidores cada vez mais atentos ao impacto ambiental das compras.<\/li>\n<\/ul>\n\n\n\n<p>Essas tend\u00eancias mostram que o futuro n\u00e3o est\u00e1 em escolher apenas um modelo, mas em integrar canais para oferecer a melhor experi\u00eancia.<\/p>\n\n\n\n<figure class=\"wp-block-image size-large\"><img data-recalc-dims=\"1\" fetchpriority=\"high\" decoding=\"async\" width=\"960\" height=\"640\" src=\"https:\/\/i0.wp.com\/maratonadoconsumidor.com.br\/wp-content\/uploads\/2025\/09\/Design-sem-nome-12.jpg?resize=960%2C640&#038;ssl=1\" alt=\"O que \u00e9 melhor, abrir uma loja f\u00edsica ou e-commerce?\" class=\"wp-image-746\" srcset=\"https:\/\/i0.wp.com\/maratonadoconsumidor.com.br\/wp-content\/uploads\/2025\/09\/Design-sem-nome-12.jpg?resize=1024%2C683&amp;ssl=1 1024w, https:\/\/i0.wp.com\/maratonadoconsumidor.com.br\/wp-content\/uploads\/2025\/09\/Design-sem-nome-12.jpg?resize=300%2C200&amp;ssl=1 300w, https:\/\/i0.wp.com\/maratonadoconsumidor.com.br\/wp-content\/uploads\/2025\/09\/Design-sem-nome-12.jpg?resize=768%2C512&amp;ssl=1 768w, https:\/\/i0.wp.com\/maratonadoconsumidor.com.br\/wp-content\/uploads\/2025\/09\/Design-sem-nome-12.jpg?resize=18%2C12&amp;ssl=1 18w, https:\/\/i0.wp.com\/maratonadoconsumidor.com.br\/wp-content\/uploads\/2025\/09\/Design-sem-nome-12.jpg?resize=150%2C100&amp;ssl=1 150w, https:\/\/i0.wp.com\/maratonadoconsumidor.com.br\/wp-content\/uploads\/2025\/09\/Design-sem-nome-12.jpg?resize=330%2C220&amp;ssl=1 330w, https:\/\/i0.wp.com\/maratonadoconsumidor.com.br\/wp-content\/uploads\/2025\/09\/Design-sem-nome-12.jpg?resize=420%2C280&amp;ssl=1 420w, https:\/\/i0.wp.com\/maratonadoconsumidor.com.br\/wp-content\/uploads\/2025\/09\/Design-sem-nome-12.jpg?resize=510%2C340&amp;ssl=1 510w, https:\/\/i0.wp.com\/maratonadoconsumidor.com.br\/wp-content\/uploads\/2025\/09\/Design-sem-nome-12.jpg?w=1200&amp;ssl=1 1200w\" sizes=\"(max-width: 960px) 100vw, 960px\" \/><\/figure>\n\n\n\n<h2 class=\"wp-block-heading\">\ud83c\udf1f Qual caminho seguir?<\/h2>\n\n\n\n<p>A escolha depende do seu perfil empreendedor:<\/p>\n\n\n\n<ul class=\"wp-block-list\">\n<li>Se voc\u00ea \u00e9 comunicativo, gosta de lidar com pessoas e tem capital inicial, abrir uma loja f\u00edsica pode ser mais gratificante.<\/li>\n\n\n\n<li>Se prefere operar de forma flex\u00edvel, explorar tecnologia e come\u00e7ar com menos recursos, o e-commerce \u00e9 a op\u00e7\u00e3o mais vi\u00e1vel.<\/li>\n\n\n\n<li>Se puder unir os dois, ter\u00e1 mais chances de sucesso e crescimento sustent\u00e1vel.<\/li>\n<\/ul>\n\n\n\n<h2 class=\"wp-block-heading\">\u2728 O pr\u00f3ximo passo \u00e9 seu<\/h2>\n\n\n\n<p>Empreender \u00e9 sempre uma decis\u00e3o de coragem. <\/p>\n\n\n\n<p>N\u00e3o existe resposta universal sobre o que \u00e9 melhor o segredo est\u00e1 em alinhar seu neg\u00f3cio com seu p\u00fablico, seus recursos e sua vis\u00e3o de futuro.<\/p>\n\n\n\n<p>Quer se aprofundar ainda mais sobre o assunto? Confira este guia pr\u00e1tico da <strong>ABComm sobre com\u00e9rcio eletr\u00f4nico<\/strong> e descubra estrat\u00e9gias que podem transformar sua ideia em um neg\u00f3cio s\u00f3lido e lucrativo.<\/p>\n\n\n\n<p>\ud83d\udc49 Seja loja f\u00edsica ou e-commerce, o mais importante \u00e9 come\u00e7ar com planejamento, paix\u00e3o e disposi\u00e7\u00e3o para aprender com cada etapa. O mercado est\u00e1 em constante mudan\u00e7a, e quem se adapta tem mais chances de prosperar.<\/p>","protected":false},"excerpt":{"rendered":"<p>\ud83d\udca1 Decidir entre abrir uma loja f\u00edsica ou investir em um e-commerce \u00e9 uma das grandes quest\u00f5es para quem deseja empreender em 2025. O avan\u00e7o da tecnologia, as mudan\u00e7as no comportamento de consumo e as oportunidades de mercado fazem com que cada modelo tenha vantagens e desafios distintos. Escolher o caminho certo depende do perfil<\/p>","protected":false},"author":1,"featured_media":745,"comment_status":"open","ping_status":"open","sticky":false,"template":"","format":"standard","meta":{"_mbp_gutenberg_autopost":false,"jetpack_post_was_ever_published":false,"_jetpack_newsletter_access":"","_jetpack_dont_email_post_to_subs":false,"_jetpack_newsletter_tier_id":0,"_jetpack_memberships_contains_paywalled_content":false,"_jetpack_memberships_contains_paid_content":false,"footnotes":"","jetpack_publicize_message":"","jetpack_publicize_feature_enabled":true,"jetpack_social_post_already_shared":false,"jetpack_social_options":{"image_generator_settings":{"template":"highway","default_image_id":0,"font":"","enabled":false},"version":2}},"categories":[1],"tags":[86],"class_list":["post-744","post","type-post","status-publish","format-standard","has-post-thumbnail","hentry","category-comparativos","tag-loja-fisica-ou-e-commerce"],"yoast_head":"<!-- This site is optimized with the Yoast SEO plugin v27.4 - https:\/\/yoast.com\/product\/yoast-seo-wordpress\/ -->\n<title>O que \u00e9 melhor, abrir uma loja f\u00edsica ou e-commerce?<\/title>\n<meta name=\"description\" content=\"Descubra se \u00e9 melhor abrir uma loja f\u00edsica ou investir em e-commerce em 2025. Veja vantagens, desafios, compara\u00e7\u00f5es e um passo a passo\" \/>\n<meta name=\"robots\" content=\"index, follow, max-snippet:-1, max-image-preview:large, max-video-preview:-1\" \/>\n<link rel=\"canonical\" href=\"https:\/\/maratonadoconsumidor.com.br\/en\/o-que-e-melhor-abrir-uma-loja-fisica-ou-e-commerce\/\" \/>\n<meta property=\"og:locale\" content=\"en_US\" \/>\n<meta property=\"og:type\" content=\"article\" \/>\n<meta property=\"og:title\" content=\"O que \u00e9 melhor, abrir uma loja f\u00edsica ou e-commerce?\" \/>\n<meta property=\"og:description\" content=\"Descubra se \u00e9 melhor abrir uma loja f\u00edsica ou investir em e-commerce em 2025. Veja vantagens, desafios, compara\u00e7\u00f5es e um passo a passo\" \/>\n<meta property=\"og:url\" content=\"https:\/\/maratonadoconsumidor.com.br\/en\/o-que-e-melhor-abrir-uma-loja-fisica-ou-e-commerce\/\" \/>\n<meta property=\"article:publisher\" content=\"https:\/\/www.facebook.com\/canaldomaratonadoconsumidor\" \/>\n<meta property=\"article:published_time\" content=\"2025-09-20T20:48:19+00:00\" \/>\n<meta property=\"article:modified_time\" content=\"2025-09-20T20:48:23+00:00\" \/>\n<meta property=\"og:image\" content=\"https:\/\/maratonadoconsumidor.com.br\/wp-content\/uploads\/2025\/09\/Design-sem-nome-1-3.jpg\" \/>\n\t<meta property=\"og:image:width\" content=\"1200\" \/>\n\t<meta property=\"og:image:height\" content=\"800\" \/>\n\t<meta property=\"og:image:type\" content=\"image\/jpeg\" \/>\n<meta name=\"author\" content=\"Emilio de Vicente\" \/>\n<meta name=\"twitter:card\" content=\"summary_large_image\" \/>\n<meta name=\"twitter:creator\" content=\"@MaratonadoCons1\" \/>\n<meta name=\"twitter:site\" content=\"@MaratonadoCons1\" \/>\n<meta name=\"twitter:label1\" content=\"Written by\" \/>\n\t<meta name=\"twitter:data1\" content=\"Emilio de Vicente\" \/>\n\t<meta name=\"twitter:label2\" content=\"Est. reading time\" \/>\n\t<meta name=\"twitter:data2\" content=\"5 minutes\" \/>\n<script type=\"application\/ld+json\" class=\"yoast-schema-graph\">{\"@context\":\"https:\\\/\\\/schema.org\",\"@graph\":[{\"@type\":\"Article\",\"@id\":\"https:\\\/\\\/maratonadoconsumidor.com.br\\\/o-que-e-melhor-abrir-uma-loja-fisica-ou-e-commerce\\\/#article\",\"isPartOf\":{\"@id\":\"https:\\\/\\\/maratonadoconsumidor.com.br\\\/o-que-e-melhor-abrir-uma-loja-fisica-ou-e-commerce\\\/\"},\"author\":{\"name\":\"Emilio de Vicente\",\"@id\":\"https:\\\/\\\/maratonadoconsumidor.com.br\\\/#\\\/schema\\\/person\\\/01c74586a582dc988d4334293f57343c\"},\"headline\":\"O que \u00e9 melhor, abrir uma loja f\u00edsica ou e-commerce?\",\"datePublished\":\"2025-09-20T20:48:19+00:00\",\"dateModified\":\"2025-09-20T20:48:23+00:00\",\"mainEntityOfPage\":{\"@id\":\"https:\\\/\\\/maratonadoconsumidor.com.br\\\/o-que-e-melhor-abrir-uma-loja-fisica-ou-e-commerce\\\/\"},\"wordCount\":906,\"commentCount\":0,\"publisher\":{\"@id\":\"https:\\\/\\\/maratonadoconsumidor.com.br\\\/#organization\"},\"image\":{\"@id\":\"https:\\\/\\\/maratonadoconsumidor.com.br\\\/o-que-e-melhor-abrir-uma-loja-fisica-ou-e-commerce\\\/#primaryimage\"},\"thumbnailUrl\":\"https:\\\/\\\/i0.wp.com\\\/maratonadoconsumidor.com.br\\\/wp-content\\\/uploads\\\/2025\\\/09\\\/Design-sem-nome-1-3.jpg?fit=1200%2C800&ssl=1\",\"keywords\":[\"loja f\u00edsica ou e-commerce\"],\"articleSection\":[\"Comparativos\"],\"inLanguage\":\"en-US\",\"potentialAction\":[{\"@type\":\"CommentAction\",\"name\":\"Comment\",\"target\":[\"https:\\\/\\\/maratonadoconsumidor.com.br\\\/o-que-e-melhor-abrir-uma-loja-fisica-ou-e-commerce\\\/#respond\"]}]},{\"@type\":\"WebPage\",\"@id\":\"https:\\\/\\\/maratonadoconsumidor.com.br\\\/o-que-e-melhor-abrir-uma-loja-fisica-ou-e-commerce\\\/\",\"url\":\"https:\\\/\\\/maratonadoconsumidor.com.br\\\/o-que-e-melhor-abrir-uma-loja-fisica-ou-e-commerce\\\/\",\"name\":\"O que \u00e9 melhor, abrir uma loja f\u00edsica ou e-commerce?\",\"isPartOf\":{\"@id\":\"https:\\\/\\\/maratonadoconsumidor.com.br\\\/#website\"},\"primaryImageOfPage\":{\"@id\":\"https:\\\/\\\/maratonadoconsumidor.com.br\\\/o-que-e-melhor-abrir-uma-loja-fisica-ou-e-commerce\\\/#primaryimage\"},\"image\":{\"@id\":\"https:\\\/\\\/maratonadoconsumidor.com.br\\\/o-que-e-melhor-abrir-uma-loja-fisica-ou-e-commerce\\\/#primaryimage\"},\"thumbnailUrl\":\"https:\\\/\\\/i0.wp.com\\\/maratonadoconsumidor.com.br\\\/wp-content\\\/uploads\\\/2025\\\/09\\\/Design-sem-nome-1-3.jpg?fit=1200%2C800&ssl=1\",\"datePublished\":\"2025-09-20T20:48:19+00:00\",\"dateModified\":\"2025-09-20T20:48:23+00:00\",\"description\":\"Descubra se \u00e9 melhor abrir uma loja f\u00edsica ou investir em e-commerce em 2025. Veja vantagens, desafios, compara\u00e7\u00f5es e um passo a passo\",\"breadcrumb\":{\"@id\":\"https:\\\/\\\/maratonadoconsumidor.com.br\\\/o-que-e-melhor-abrir-uma-loja-fisica-ou-e-commerce\\\/#breadcrumb\"},\"inLanguage\":\"en-US\",\"potentialAction\":[{\"@type\":\"ReadAction\",\"target\":[\"https:\\\/\\\/maratonadoconsumidor.com.br\\\/o-que-e-melhor-abrir-uma-loja-fisica-ou-e-commerce\\\/\"]}]},{\"@type\":\"ImageObject\",\"inLanguage\":\"en-US\",\"@id\":\"https:\\\/\\\/maratonadoconsumidor.com.br\\\/o-que-e-melhor-abrir-uma-loja-fisica-ou-e-commerce\\\/#primaryimage\",\"url\":\"https:\\\/\\\/i0.wp.com\\\/maratonadoconsumidor.com.br\\\/wp-content\\\/uploads\\\/2025\\\/09\\\/Design-sem-nome-1-3.jpg?fit=1200%2C800&ssl=1\",\"contentUrl\":\"https:\\\/\\\/i0.wp.com\\\/maratonadoconsumidor.com.br\\\/wp-content\\\/uploads\\\/2025\\\/09\\\/Design-sem-nome-1-3.jpg?fit=1200%2C800&ssl=1\",\"width\":1200,\"height\":800,\"caption\":\"O que \u00e9 melhor, abrir uma loja f\u00edsica ou e-commerce?\"},{\"@type\":\"BreadcrumbList\",\"@id\":\"https:\\\/\\\/maratonadoconsumidor.com.br\\\/o-que-e-melhor-abrir-uma-loja-fisica-ou-e-commerce\\\/#breadcrumb\",\"itemListElement\":[{\"@type\":\"ListItem\",\"position\":1,\"name\":\"In\u00edcio\",\"item\":\"https:\\\/\\\/maratonadoconsumidor.com.br\\\/\"},{\"@type\":\"ListItem\",\"position\":2,\"name\":\"O que \u00e9 melhor, abrir uma loja f\u00edsica ou e-commerce?\"}]},{\"@type\":\"WebSite\",\"@id\":\"https:\\\/\\\/maratonadoconsumidor.com.br\\\/#website\",\"url\":\"https:\\\/\\\/maratonadoconsumidor.com.br\\\/\",\"name\":\"Maratona do Consumidor\",\"description\":\"\",\"publisher\":{\"@id\":\"https:\\\/\\\/maratonadoconsumidor.com.br\\\/#organization\"},\"potentialAction\":[{\"@type\":\"SearchAction\",\"target\":{\"@type\":\"EntryPoint\",\"urlTemplate\":\"https:\\\/\\\/maratonadoconsumidor.com.br\\\/?s={search_term_string}\"},\"query-input\":{\"@type\":\"PropertyValueSpecification\",\"valueRequired\":true,\"valueName\":\"search_term_string\"}}],\"inLanguage\":\"en-US\"},{\"@type\":\"Organization\",\"@id\":\"https:\\\/\\\/maratonadoconsumidor.com.br\\\/#organization\",\"name\":\"Maratona do Consumidor\",\"url\":\"https:\\\/\\\/maratonadoconsumidor.com.br\\\/\",\"logo\":{\"@type\":\"ImageObject\",\"inLanguage\":\"en-US\",\"@id\":\"https:\\\/\\\/maratonadoconsumidor.com.br\\\/#\\\/schema\\\/logo\\\/image\\\/\",\"url\":\"https:\\\/\\\/maratonadoconsumidor.com.br\\\/wp-content\\\/uploads\\\/2025\\\/06\\\/MARATONA-DO-CONSUMIDOR-160.png\",\"contentUrl\":\"https:\\\/\\\/maratonadoconsumidor.com.br\\\/wp-content\\\/uploads\\\/2025\\\/06\\\/MARATONA-DO-CONSUMIDOR-160.png\",\"width\":180,\"height\":60,\"caption\":\"Maratona do Consumidor\"},\"image\":{\"@id\":\"https:\\\/\\\/maratonadoconsumidor.com.br\\\/#\\\/schema\\\/logo\\\/image\\\/\"},\"sameAs\":[\"https:\\\/\\\/www.facebook.com\\\/canaldomaratonadoconsumidor\",\"https:\\\/\\\/x.com\\\/MaratonadoCons1\",\"https:\\\/\\\/www.instagram.com\\\/maratonadoconsumidor\\\/\",\"https:\\\/\\\/www.youtube.com\\\/@MaratonadoConsumidor\"]},{\"@type\":\"Person\",\"@id\":\"https:\\\/\\\/maratonadoconsumidor.com.br\\\/#\\\/schema\\\/person\\\/01c74586a582dc988d4334293f57343c\",\"name\":\"Emilio de Vicente\",\"image\":{\"@type\":\"ImageObject\",\"inLanguage\":\"en-US\",\"@id\":\"https:\\\/\\\/maratonadoconsumidor.com.br\\\/wp-content\\\/uploads\\\/2025\\\/09\\\/cropped-Captura-de-tela-2024-05-15-133101-96x96.png\",\"url\":\"https:\\\/\\\/maratonadoconsumidor.com.br\\\/wp-content\\\/uploads\\\/2025\\\/09\\\/cropped-Captura-de-tela-2024-05-15-133101-96x96.png\",\"contentUrl\":\"https:\\\/\\\/maratonadoconsumidor.com.br\\\/wp-content\\\/uploads\\\/2025\\\/09\\\/cropped-Captura-de-tela-2024-05-15-133101-96x96.png\",\"caption\":\"Emilio de Vicente\"},\"description\":\"Emilio de Vicente \u00e9 o autor e respons\u00e1vel pelos conte\u00fados do site Maratona do Consumidor, trazendo informa\u00e7\u00f5es atualizadas, an\u00e1lises profundas e artigos relevantes sobre diversos temas do cotidiano relacionados dicas, comparativos de produtos e pre\u00e7os, consumo inteligente, finan\u00e7as em geral e muito mais.\",\"sameAs\":[\"https:\\\/\\\/maratonadoconsumidor.com.br\"],\"url\":\"https:\\\/\\\/maratonadoconsumidor.com.br\\\/en\\\/author\\\/emilio\\\/\"}]}<\/script>\n<!-- \/ Yoast SEO plugin. -->","yoast_head_json":{"title":"O que \u00e9 melhor, abrir uma loja f\u00edsica ou e-commerce?","description":"Descubra se \u00e9 melhor abrir uma loja f\u00edsica ou investir em e-commerce em 2025. Veja vantagens, desafios, compara\u00e7\u00f5es e um passo a passo","robots":{"index":"index","follow":"follow","max-snippet":"max-snippet:-1","max-image-preview":"max-image-preview:large","max-video-preview":"max-video-preview:-1"},"canonical":"https:\/\/maratonadoconsumidor.com.br\/en\/o-que-e-melhor-abrir-uma-loja-fisica-ou-e-commerce\/","og_locale":"en_US","og_type":"article","og_title":"O que \u00e9 melhor, abrir uma loja f\u00edsica ou e-commerce?","og_description":"Descubra se \u00e9 melhor abrir uma loja f\u00edsica ou investir em e-commerce em 2025. Veja vantagens, desafios, compara\u00e7\u00f5es e um passo a passo","og_url":"https:\/\/maratonadoconsumidor.com.br\/en\/o-que-e-melhor-abrir-uma-loja-fisica-ou-e-commerce\/","article_publisher":"https:\/\/www.facebook.com\/canaldomaratonadoconsumidor","article_published_time":"2025-09-20T20:48:19+00:00","article_modified_time":"2025-09-20T20:48:23+00:00","og_image":[{"width":1200,"height":800,"url":"https:\/\/maratonadoconsumidor.com.br\/wp-content\/uploads\/2025\/09\/Design-sem-nome-1-3.jpg","type":"image\/jpeg"}],"author":"Emilio de Vicente","twitter_card":"summary_large_image","twitter_creator":"@MaratonadoCons1","twitter_site":"@MaratonadoCons1","twitter_misc":{"Written by":"Emilio de Vicente","Est. reading time":"5 minutes"},"schema":{"@context":"https:\/\/schema.org","@graph":[{"@type":"Article","@id":"https:\/\/maratonadoconsumidor.com.br\/o-que-e-melhor-abrir-uma-loja-fisica-ou-e-commerce\/#article","isPartOf":{"@id":"https:\/\/maratonadoconsumidor.com.br\/o-que-e-melhor-abrir-uma-loja-fisica-ou-e-commerce\/"},"author":{"name":"Emilio de Vicente","@id":"https:\/\/maratonadoconsumidor.com.br\/#\/schema\/person\/01c74586a582dc988d4334293f57343c"},"headline":"O que \u00e9 melhor, abrir uma loja f\u00edsica ou e-commerce?","datePublished":"2025-09-20T20:48:19+00:00","dateModified":"2025-09-20T20:48:23+00:00","mainEntityOfPage":{"@id":"https:\/\/maratonadoconsumidor.com.br\/o-que-e-melhor-abrir-uma-loja-fisica-ou-e-commerce\/"},"wordCount":906,"commentCount":0,"publisher":{"@id":"https:\/\/maratonadoconsumidor.com.br\/#organization"},"image":{"@id":"https:\/\/maratonadoconsumidor.com.br\/o-que-e-melhor-abrir-uma-loja-fisica-ou-e-commerce\/#primaryimage"},"thumbnailUrl":"https:\/\/i0.wp.com\/maratonadoconsumidor.com.br\/wp-content\/uploads\/2025\/09\/Design-sem-nome-1-3.jpg?fit=1200%2C800&ssl=1","keywords":["loja f\u00edsica ou e-commerce"],"articleSection":["Comparativos"],"inLanguage":"en-US","potentialAction":[{"@type":"CommentAction","name":"Comment","target":["https:\/\/maratonadoconsumidor.com.br\/o-que-e-melhor-abrir-uma-loja-fisica-ou-e-commerce\/#respond"]}]},{"@type":"WebPage","@id":"https:\/\/maratonadoconsumidor.com.br\/o-que-e-melhor-abrir-uma-loja-fisica-ou-e-commerce\/","url":"https:\/\/maratonadoconsumidor.com.br\/o-que-e-melhor-abrir-uma-loja-fisica-ou-e-commerce\/","name":"O que \u00e9 melhor, abrir uma loja f\u00edsica ou e-commerce?","isPartOf":{"@id":"https:\/\/maratonadoconsumidor.com.br\/#website"},"primaryImageOfPage":{"@id":"https:\/\/maratonadoconsumidor.com.br\/o-que-e-melhor-abrir-uma-loja-fisica-ou-e-commerce\/#primaryimage"},"image":{"@id":"https:\/\/maratonadoconsumidor.com.br\/o-que-e-melhor-abrir-uma-loja-fisica-ou-e-commerce\/#primaryimage"},"thumbnailUrl":"https:\/\/i0.wp.com\/maratonadoconsumidor.com.br\/wp-content\/uploads\/2025\/09\/Design-sem-nome-1-3.jpg?fit=1200%2C800&ssl=1","datePublished":"2025-09-20T20:48:19+00:00","dateModified":"2025-09-20T20:48:23+00:00","description":"Descubra se \u00e9 melhor abrir uma loja f\u00edsica ou investir em e-commerce em 2025. Veja vantagens, desafios, compara\u00e7\u00f5es e um passo a passo","breadcrumb":{"@id":"https:\/\/maratonadoconsumidor.com.br\/o-que-e-melhor-abrir-uma-loja-fisica-ou-e-commerce\/#breadcrumb"},"inLanguage":"en-US","potentialAction":[{"@type":"ReadAction","target":["https:\/\/maratonadoconsumidor.com.br\/o-que-e-melhor-abrir-uma-loja-fisica-ou-e-commerce\/"]}]},{"@type":"ImageObject","inLanguage":"en-US","@id":"https:\/\/maratonadoconsumidor.com.br\/o-que-e-melhor-abrir-uma-loja-fisica-ou-e-commerce\/#primaryimage","url":"https:\/\/i0.wp.com\/maratonadoconsumidor.com.br\/wp-content\/uploads\/2025\/09\/Design-sem-nome-1-3.jpg?fit=1200%2C800&ssl=1","contentUrl":"https:\/\/i0.wp.com\/maratonadoconsumidor.com.br\/wp-content\/uploads\/2025\/09\/Design-sem-nome-1-3.jpg?fit=1200%2C800&ssl=1","width":1200,"height":800,"caption":"O que \u00e9 melhor, abrir uma loja f\u00edsica ou e-commerce?"},{"@type":"BreadcrumbList","@id":"https:\/\/maratonadoconsumidor.com.br\/o-que-e-melhor-abrir-uma-loja-fisica-ou-e-commerce\/#breadcrumb","itemListElement":[{"@type":"ListItem","position":1,"name":"In\u00edcio","item":"https:\/\/maratonadoconsumidor.com.br\/"},{"@type":"ListItem","position":2,"name":"O que \u00e9 melhor, abrir uma loja f\u00edsica ou e-commerce?"}]},{"@type":"WebSite","@id":"https:\/\/maratonadoconsumidor.com.br\/#website","url":"https:\/\/maratonadoconsumidor.com.br\/","name":"Maratona do Consumidor","description":"","publisher":{"@id":"https:\/\/maratonadoconsumidor.com.br\/#organization"},"potentialAction":[{"@type":"SearchAction","target":{"@type":"EntryPoint","urlTemplate":"https:\/\/maratonadoconsumidor.com.br\/?s={search_term_string}"},"query-input":{"@type":"PropertyValueSpecification","valueRequired":true,"valueName":"search_term_string"}}],"inLanguage":"en-US"},{"@type":"Organization","@id":"https:\/\/maratonadoconsumidor.com.br\/#organization","name":"Maratona do Consumidor","url":"https:\/\/maratonadoconsumidor.com.br\/","logo":{"@type":"ImageObject","inLanguage":"en-US","@id":"https:\/\/maratonadoconsumidor.com.br\/#\/schema\/logo\/image\/","url":"https:\/\/maratonadoconsumidor.com.br\/wp-content\/uploads\/2025\/06\/MARATONA-DO-CONSUMIDOR-160.png","contentUrl":"https:\/\/maratonadoconsumidor.com.br\/wp-content\/uploads\/2025\/06\/MARATONA-DO-CONSUMIDOR-160.png","width":180,"height":60,"caption":"Maratona do Consumidor"},"image":{"@id":"https:\/\/maratonadoconsumidor.com.br\/#\/schema\/logo\/image\/"},"sameAs":["https:\/\/www.facebook.com\/canaldomaratonadoconsumidor","https:\/\/x.com\/MaratonadoCons1","https:\/\/www.instagram.com\/maratonadoconsumidor\/","https:\/\/www.youtube.com\/@MaratonadoConsumidor"]},{"@type":"Person","@id":"https:\/\/maratonadoconsumidor.com.br\/#\/schema\/person\/01c74586a582dc988d4334293f57343c","name":"Emilio de Vicente","image":{"@type":"ImageObject","inLanguage":"en-US","@id":"https:\/\/maratonadoconsumidor.com.br\/wp-content\/uploads\/2025\/09\/cropped-Captura-de-tela-2024-05-15-133101-96x96.png","url":"https:\/\/maratonadoconsumidor.com.br\/wp-content\/uploads\/2025\/09\/cropped-Captura-de-tela-2024-05-15-133101-96x96.png","contentUrl":"https:\/\/maratonadoconsumidor.com.br\/wp-content\/uploads\/2025\/09\/cropped-Captura-de-tela-2024-05-15-133101-96x96.png","caption":"Emilio de Vicente"},"description":"Emilio de Vicente \u00e9 o autor e respons\u00e1vel pelos conte\u00fados do site Maratona do Consumidor, trazendo informa\u00e7\u00f5es atualizadas, an\u00e1lises profundas e artigos relevantes sobre diversos temas do cotidiano relacionados dicas, comparativos de produtos e pre\u00e7os, consumo inteligente, finan\u00e7as em geral e muito mais.","sameAs":["https:\/\/maratonadoconsumidor.com.br"],"url":"https:\/\/maratonadoconsumidor.com.br\/en\/author\/emilio\/"}]}},"jetpack_publicize_connections":[],"jetpack_featured_media_url":"https:\/\/i0.wp.com\/maratonadoconsumidor.com.br\/wp-content\/uploads\/2025\/09\/Design-sem-nome-1-3.jpg?fit=1200%2C800&ssl=1","jetpack-related-posts":[{"id":549,"url":"https:\/\/maratonadoconsumidor.com.br\/en\/direito-de-arrependimento-como-devolver-compras-realizadas\/","url_meta":{"origin":744,"position":0},"title":"Direito de Arrependimento: Como Devolver Compras Realizadas pela Internet em at\u00e9 7 Dias\ud83d\udecd\ufe0f","author":"Emilio de Vicente","date":"6 de July de 2025","format":false,"excerpt":"As compras online se tornaram parte do cotidiano de milh\u00f5es de brasileiros. Roupas, eletr\u00f4nicos, alimentos e at\u00e9 servi\u00e7os s\u00e3o adquiridos com poucos cliques. Mas e quando o produto chega e voc\u00ea percebe que n\u00e3o era bem o que esperava? A boa not\u00edcia \u00e9 que a legisla\u00e7\u00e3o brasileira garante um direito\u2026","rel":"","context":"In &quot;Direitos&quot;","block_context":{"text":"Direitos","link":"https:\/\/maratonadoconsumidor.com.br\/en\/category\/direitos\/"},"img":{"alt_text":"Direito de Arrependimento: Como Devolver Compras Realizadas","src":"https:\/\/i0.wp.com\/maratonadoconsumidor.com.br\/wp-content\/uploads\/2025\/07\/Design-sem-nome-2025-07-06T090235.567.jpg?fit=1200%2C738&ssl=1&resize=350%2C200","width":350,"height":200,"srcset":"https:\/\/i0.wp.com\/maratonadoconsumidor.com.br\/wp-content\/uploads\/2025\/07\/Design-sem-nome-2025-07-06T090235.567.jpg?fit=1200%2C738&ssl=1&resize=350%2C200 1x, https:\/\/i0.wp.com\/maratonadoconsumidor.com.br\/wp-content\/uploads\/2025\/07\/Design-sem-nome-2025-07-06T090235.567.jpg?fit=1200%2C738&ssl=1&resize=525%2C300 1.5x, https:\/\/i0.wp.com\/maratonadoconsumidor.com.br\/wp-content\/uploads\/2025\/07\/Design-sem-nome-2025-07-06T090235.567.jpg?fit=1200%2C738&ssl=1&resize=700%2C400 2x, https:\/\/i0.wp.com\/maratonadoconsumidor.com.br\/wp-content\/uploads\/2025\/07\/Design-sem-nome-2025-07-06T090235.567.jpg?fit=1200%2C738&ssl=1&resize=1050%2C600 3x"},"classes":[]},{"id":878,"url":"https:\/\/maratonadoconsumidor.com.br\/en\/porque-a-live-shop-virou-febre-mundial-no-mundo-digital\/","url_meta":{"origin":744,"position":1},"title":"Porque a Live Shop virou febre mundial no mundo digital?","author":"Emilio de Vicente","date":"19 de November de 2025","format":false,"excerpt":"Nos \u00faltimos anos, uma tend\u00eancia tomou conta do com\u00e9rcio eletr\u00f4nico e do consumo de conte\u00fado: a Live Shop, tamb\u00e9m chamada de live commerce ou com\u00e9rcio ao vivo. A pr\u00e1tica combina transmiss\u00e3o em tempo real com demonstra\u00e7\u00f5es de produtos e bot\u00f5es de compra instant\u00e2nea, criando uma experi\u00eancia que mistura entretenimento, intera\u00e7\u00e3o\u2026","rel":"","context":"In &quot;Comparativos&quot;","block_context":{"text":"Comparativos","link":"https:\/\/maratonadoconsumidor.com.br\/en\/category\/comparativos\/"},"img":{"alt_text":"Porque a Live Shop virou febre mundial no mundo digital?","src":"https:\/\/i0.wp.com\/maratonadoconsumidor.com.br\/wp-content\/uploads\/2025\/11\/Design-sem-nome-6-2.jpg?fit=1200%2C800&ssl=1&resize=350%2C200","width":350,"height":200,"srcset":"https:\/\/i0.wp.com\/maratonadoconsumidor.com.br\/wp-content\/uploads\/2025\/11\/Design-sem-nome-6-2.jpg?fit=1200%2C800&ssl=1&resize=350%2C200 1x, https:\/\/i0.wp.com\/maratonadoconsumidor.com.br\/wp-content\/uploads\/2025\/11\/Design-sem-nome-6-2.jpg?fit=1200%2C800&ssl=1&resize=525%2C300 1.5x, https:\/\/i0.wp.com\/maratonadoconsumidor.com.br\/wp-content\/uploads\/2025\/11\/Design-sem-nome-6-2.jpg?fit=1200%2C800&ssl=1&resize=700%2C400 2x, https:\/\/i0.wp.com\/maratonadoconsumidor.com.br\/wp-content\/uploads\/2025\/11\/Design-sem-nome-6-2.jpg?fit=1200%2C800&ssl=1&resize=1050%2C600 3x"},"classes":[]},{"id":1134,"url":"https:\/\/maratonadoconsumidor.com.br\/en\/o-arrependimento-pos-compra-seu-guia-legal-para-cancelar\/","url_meta":{"origin":744,"position":2},"title":"O Arrependimento P\u00f3s-Compra: Seu Guia Legal para Cancelar Gastos por Impulso","author":"Emilio de Vicente","date":"18 de March de 2026","format":false,"excerpt":"O brilho das ofertas do\u00a0Dia do Consumidor\u00a0\u00e9 hipn\u00f3tico. Notifica\u00e7\u00f5es de \"\u00faltimas unidades\", cron\u00f4metros em regressiva e descontos agressivos criam o cen\u00e1rio perfeito para o\u00a0consumismo impulsivo. No entanto, quando a caixa chega ou a fatura do cart\u00e3o atualiza, a euforia costuma dar lugar ao peso no or\u00e7amento. Se voc\u00ea est\u00e1 olhando\u2026","rel":"","context":"In &quot;Dicas&quot;","block_context":{"text":"Dicas","link":"https:\/\/maratonadoconsumidor.com.br\/en\/category\/dicas\/"},"img":{"alt_text":"O Arrependimento P\u00f3s-Compra: Seu Guia Legal para Cancelar Gastos por Impulso","src":"https:\/\/i0.wp.com\/maratonadoconsumidor.com.br\/wp-content\/uploads\/2026\/03\/Design-sem-nome-25.jpg?fit=1200%2C800&ssl=1&resize=350%2C200","width":350,"height":200,"srcset":"https:\/\/i0.wp.com\/maratonadoconsumidor.com.br\/wp-content\/uploads\/2026\/03\/Design-sem-nome-25.jpg?fit=1200%2C800&ssl=1&resize=350%2C200 1x, https:\/\/i0.wp.com\/maratonadoconsumidor.com.br\/wp-content\/uploads\/2026\/03\/Design-sem-nome-25.jpg?fit=1200%2C800&ssl=1&resize=525%2C300 1.5x, https:\/\/i0.wp.com\/maratonadoconsumidor.com.br\/wp-content\/uploads\/2026\/03\/Design-sem-nome-25.jpg?fit=1200%2C800&ssl=1&resize=700%2C400 2x, https:\/\/i0.wp.com\/maratonadoconsumidor.com.br\/wp-content\/uploads\/2026\/03\/Design-sem-nome-25.jpg?fit=1200%2C800&ssl=1&resize=1050%2C600 3x"},"classes":[]},{"id":1011,"url":"https:\/\/maratonadoconsumidor.com.br\/en\/economia-das-pequenas-e-medias-empresas-em-2026\/","url_meta":{"origin":744,"position":3},"title":"Como anda a economia das pequenas e m\u00e9dias empresas em 2026?","author":"Emilio de Vicente","date":"22 de February de 2026","format":false,"excerpt":"Ao entrar em 2026, pequenas e m\u00e9dias empresas (PMEs) continuam desempenhando papel central na economia no Brasil e no mundo impulsionando mercados, empregos e inova\u00e7\u00e3o. No entanto, esse cen\u00e1rio \u00e9 marcado por desafios macroecon\u00f4micos, transforma\u00e7\u00f5es tecnol\u00f3gicas e novas exig\u00eancias regulat\u00f3rias que moldam como os pequenos neg\u00f3cios operam, competem e crescem.\u2026","rel":"","context":"In &quot;Comparativos&quot;","block_context":{"text":"Comparativos","link":"https:\/\/maratonadoconsumidor.com.br\/en\/category\/comparativos\/"},"img":{"alt_text":"Como anda a economia das pequenas e m\u00e9dias empresas em 2026?","src":"https:\/\/i0.wp.com\/maratonadoconsumidor.com.br\/wp-content\/uploads\/2026\/02\/Design-sem-nome-37-1.jpg?fit=1200%2C800&ssl=1&resize=350%2C200","width":350,"height":200,"srcset":"https:\/\/i0.wp.com\/maratonadoconsumidor.com.br\/wp-content\/uploads\/2026\/02\/Design-sem-nome-37-1.jpg?fit=1200%2C800&ssl=1&resize=350%2C200 1x, https:\/\/i0.wp.com\/maratonadoconsumidor.com.br\/wp-content\/uploads\/2026\/02\/Design-sem-nome-37-1.jpg?fit=1200%2C800&ssl=1&resize=525%2C300 1.5x, https:\/\/i0.wp.com\/maratonadoconsumidor.com.br\/wp-content\/uploads\/2026\/02\/Design-sem-nome-37-1.jpg?fit=1200%2C800&ssl=1&resize=700%2C400 2x, https:\/\/i0.wp.com\/maratonadoconsumidor.com.br\/wp-content\/uploads\/2026\/02\/Design-sem-nome-37-1.jpg?fit=1200%2C800&ssl=1&resize=1050%2C600 3x"},"classes":[]},{"id":1273,"url":"https:\/\/maratonadoconsumidor.com.br\/en\/tiktok-shop-a-nova-onda-da-internet-que-voce-precisa-conhecer\/","url_meta":{"origin":744,"position":4},"title":"TikTok Shop: A Nova Onda da Internet que Voc\u00ea Precisa Conhecer","author":"Emilio de Vicente","date":"5 de April de 2026","format":false,"excerpt":"O cen\u00e1rio do\u00a0e-commerce global\u00a0est\u00e1 passando por uma metamorfose sem precedentes. Se antes o processo de compra era uma jornada linear onde voc\u00ea sentia uma necessidade, pesquisava no Google e entrava em um site de vendas hoje, essa linha foi completamente fragmentada. No centro dessa revolu\u00e7\u00e3o est\u00e1 o\u00a0TikTok Shop, uma funcionalidade\u2026","rel":"","context":"In &quot;Dicas&quot;","block_context":{"text":"Dicas","link":"https:\/\/maratonadoconsumidor.com.br\/en\/category\/dicas\/"},"img":{"alt_text":"TikTok Shop: A Nova Onda da Internet que Voc\u00ea Precisa Conhecer","src":"https:\/\/i0.wp.com\/maratonadoconsumidor.com.br\/wp-content\/uploads\/2026\/04\/Design-sem-nome-8.jpg?fit=1200%2C800&ssl=1&resize=350%2C200","width":350,"height":200,"srcset":"https:\/\/i0.wp.com\/maratonadoconsumidor.com.br\/wp-content\/uploads\/2026\/04\/Design-sem-nome-8.jpg?fit=1200%2C800&ssl=1&resize=350%2C200 1x, https:\/\/i0.wp.com\/maratonadoconsumidor.com.br\/wp-content\/uploads\/2026\/04\/Design-sem-nome-8.jpg?fit=1200%2C800&ssl=1&resize=525%2C300 1.5x, https:\/\/i0.wp.com\/maratonadoconsumidor.com.br\/wp-content\/uploads\/2026\/04\/Design-sem-nome-8.jpg?fit=1200%2C800&ssl=1&resize=700%2C400 2x, https:\/\/i0.wp.com\/maratonadoconsumidor.com.br\/wp-content\/uploads\/2026\/04\/Design-sem-nome-8.jpg?fit=1200%2C800&ssl=1&resize=1050%2C600 3x"},"classes":[]},{"id":949,"url":"https:\/\/maratonadoconsumidor.com.br\/en\/carnaval-2026-o-que-muda-no-comercio-neste-periodo\/","url_meta":{"origin":744,"position":5},"title":"\ud83c\udfad Carnaval 2026: O que muda no com\u00e9rcio neste per\u00edodo?","author":"Emilio de Vicente","date":"8 de February de 2026","format":false,"excerpt":"Todos os anos, o Carnaval transforma o Brasil em um grande palco de celebra\u00e7\u00e3o, cultura e turismo. Em 2026, essa tradi\u00e7\u00e3o continua forte, mas com mudan\u00e7as importantes no comportamento do consumidor, na din\u00e2mica do varejo e nas estrat\u00e9gias das empresas. Para comerciantes, empreendedores e consumidores atentos, esse per\u00edodo representa muito\u2026","rel":"","context":"In &quot;Diversos&quot;","block_context":{"text":"Diversos","link":"https:\/\/maratonadoconsumidor.com.br\/en\/category\/diversos\/"},"img":{"alt_text":"Carnaval 2026, o que muda no comercio neste per\u00edodo?","src":"https:\/\/i0.wp.com\/maratonadoconsumidor.com.br\/wp-content\/uploads\/2026\/02\/Design-sem-nome-26.jpg?fit=1200%2C800&ssl=1&resize=350%2C200","width":350,"height":200,"srcset":"https:\/\/i0.wp.com\/maratonadoconsumidor.com.br\/wp-content\/uploads\/2026\/02\/Design-sem-nome-26.jpg?fit=1200%2C800&ssl=1&resize=350%2C200 1x, https:\/\/i0.wp.com\/maratonadoconsumidor.com.br\/wp-content\/uploads\/2026\/02\/Design-sem-nome-26.jpg?fit=1200%2C800&ssl=1&resize=525%2C300 1.5x, https:\/\/i0.wp.com\/maratonadoconsumidor.com.br\/wp-content\/uploads\/2026\/02\/Design-sem-nome-26.jpg?fit=1200%2C800&ssl=1&resize=700%2C400 2x, https:\/\/i0.wp.com\/maratonadoconsumidor.com.br\/wp-content\/uploads\/2026\/02\/Design-sem-nome-26.jpg?fit=1200%2C800&ssl=1&resize=1050%2C600 3x"},"classes":[]}],"jetpack_sharing_enabled":true,"jetpack_likes_enabled":true,"_links":{"self":[{"href":"https:\/\/maratonadoconsumidor.com.br\/en\/wp-json\/wp\/v2\/posts\/744","targetHints":{"allow":["GET"]}}],"collection":[{"href":"https:\/\/maratonadoconsumidor.com.br\/en\/wp-json\/wp\/v2\/posts"}],"about":[{"href":"https:\/\/maratonadoconsumidor.com.br\/en\/wp-json\/wp\/v2\/types\/post"}],"author":[{"embeddable":true,"href":"https:\/\/maratonadoconsumidor.com.br\/en\/wp-json\/wp\/v2\/users\/1"}],"replies":[{"embeddable":true,"href":"https:\/\/maratonadoconsumidor.com.br\/en\/wp-json\/wp\/v2\/comments?post=744"}],"version-history":[{"count":1,"href":"https:\/\/maratonadoconsumidor.com.br\/en\/wp-json\/wp\/v2\/posts\/744\/revisions"}],"predecessor-version":[{"id":748,"href":"https:\/\/maratonadoconsumidor.com.br\/en\/wp-json\/wp\/v2\/posts\/744\/revisions\/748"}],"wp:featuredmedia":[{"embeddable":true,"href":"https:\/\/maratonadoconsumidor.com.br\/en\/wp-json\/wp\/v2\/media\/745"}],"wp:attachment":[{"href":"https:\/\/maratonadoconsumidor.com.br\/en\/wp-json\/wp\/v2\/media?parent=744"}],"wp:term":[{"taxonomy":"category","embeddable":true,"href":"https:\/\/maratonadoconsumidor.com.br\/en\/wp-json\/wp\/v2\/categories?post=744"},{"taxonomy":"post_tag","embeddable":true,"href":"https:\/\/maratonadoconsumidor.com.br\/en\/wp-json\/wp\/v2\/tags?post=744"}],"curies":[{"name":"wp","href":"https:\/\/api.w.org\/{rel}","templated":true}]}}