{"id":1360,"date":"2026-05-01T07:06:36","date_gmt":"2026-05-01T10:06:36","guid":{"rendered":"https:\/\/maratonadoconsumidor.com.br\/?p=1360"},"modified":"2026-05-01T07:06:45","modified_gmt":"2026-05-01T10:06:45","slug":"como-anda-o-custo-de-vida-do-brasileiro-em-2026","status":"publish","type":"post","link":"https:\/\/maratonadoconsumidor.com.br\/en\/como-anda-o-custo-de-vida-do-brasileiro-em-2026\/","title":{"rendered":"Como anda o Custo de Vida do Brasileiro em 2026"},"content":{"rendered":"\n<p>Viver no Brasil em 2026 exige mais do que apenas trabalho duro; requer uma engenharia financeira precisa para equilibrar um cen\u00e1rio de <strong>infla\u00e7\u00e3o persistente<\/strong> e mudan\u00e7as estruturais no consumo. <\/p>\n\n\n\n<p>O sentimento de 70% da popula\u00e7\u00e3o, segundo dados recentes do <a href=\"https:\/\/www.spacemoney.com.br\/noticias\/70-por-cento-dos-brasileiros-sentem-alta-no-custo-de-vida\/\" target=\"_blank\" rel=\"noreferrer noopener\">SpaceMoney<\/a>, \u00e9 de que os pre\u00e7os continuam a pressionar o or\u00e7amento dom\u00e9stico de forma implac\u00e1vel. <\/p>\n\n\n\n<p>Embora o <strong>sal\u00e1rio m\u00ednimo<\/strong> tenha subido para <strong>R$ 1.621,00<\/strong>, o ganho real \u00e9 frequentemente dilu\u00eddo por aumentos silenciosos em servi\u00e7os essenciais e na prateleira do supermercado.<\/p>\n\n\n\n<p>Este artigo mergulha nas camadas do que comp\u00f5e o custo de vida atual, analisando desde a <strong>cesta b\u00e1sica<\/strong> at\u00e9 o impacto dos juros no endividamento das fam\u00edlias. <\/p>\n\n\n\n<p>Prepare-se para entender n\u00e3o apenas para onde seu dinheiro est\u00e1 indo, mas como navegar por este mar econ\u00f4mico com estrat\u00e9gia e clareza.<\/p>\n\n\n\n<h2 class=\"wp-block-heading\">O Raio-X da Infla\u00e7\u00e3o e o Poder de Compra em 2026<\/h2>\n\n\n\n<p>O ano de 2026 consolidou um cen\u00e1rio de <strong>infla\u00e7\u00e3o oficial (IPCA)<\/strong> que orbita a casa dos <strong>4,86%<\/strong>, conforme as proje\u00e7\u00f5es mais recentes do Relat\u00f3rio Focus do Banco Central. <\/p>\n\n\n\n<p>Embora o n\u00famero pare\u00e7a controlado sob a \u00f3tica macroecon\u00f4mica, a percep\u00e7\u00e3o nas ruas \u00e9 diferente. Isso ocorre porque a &#8220;infla\u00e7\u00e3o do dia a dia&#8221;  que inclui comida, energia e transporte tende a ser mais agressiva do que o \u00edndice geral.<\/p>\n\n\n\n<h2 class=\"wp-block-heading\">A Dieta do Or\u00e7amento: O Peso da Alimenta\u00e7\u00e3o<\/h2>\n\n\n\n<p>A alimenta\u00e7\u00e3o continua sendo o principal vil\u00e3o do or\u00e7amento para as classes C, D e E. Em mar\u00e7o de 2026, o custo da <strong>cesta b\u00e1sica<\/strong> subiu em todas as capitais brasileiras, com S\u00e3o Paulo liderando o ranking com um valor m\u00e9dio de <strong>R$ 883,94<\/strong>, segundo o <a target=\"_blank\" rel=\"noreferrer noopener\" href=\"https:\/\/www.dieese.org.br\/analisecestabasica\/2026\/202602cestabasica.html\">DIEESE<\/a>.<\/p>\n\n\n\n<ul class=\"wp-block-list\">\n<li><strong>Prote\u00ednas<\/strong>: O pre\u00e7o da carne bovina teve repiques devido \u00e0 entressafra e \u00e0 demanda externa.<\/li>\n\n\n\n<li><strong>Hortifruti<\/strong>: Eventos clim\u00e1ticos extremos no in\u00edcio do ano encareceram itens b\u00e1sicos como o tomate e a batata.<\/li>\n\n\n\n<li><strong>\u00d3leo de Soja<\/strong>: Um dos poucos itens que apresentou leve defla\u00e7\u00e3o, aliviando minimamente o custo de preparo das refei\u00e7\u00f5es.<\/li>\n<\/ul>\n\n\n\n<h2 class=\"wp-block-heading\">Moradia e Energia: O Custo de &#8220;Ter um Teto&#8221;<\/h2>\n\n\n\n<p>O mercado imobili\u00e1rio em 2026 reflete a manuten\u00e7\u00e3o da <strong>taxa Selic<\/strong> em patamares elevados (em torno de <strong>13%<\/strong>), o que encarece o financiamento e empurra mais brasileiros para o aluguel. <\/p>\n\n\n\n<p>Os contratos de loca\u00e7\u00e3o, muitas vezes atrelados ao <strong>IGP-M<\/strong>, sofrem reajustes que consomem fatias maiores da renda mensal.<\/p>\n\n\n\n<p>A energia el\u00e9trica tamb\u00e9m n\u00e3o deu tr\u00e9gua. Com o sistema operando sob bandeiras tarif\u00e1rias vari\u00e1veis para financiar a transi\u00e7\u00e3o energ\u00e9tica e lidar com per\u00edodos de seca, a conta de luz tornou-se uma despesa imprevis\u00edvel para muitos lares.<\/p>\n\n\n\n<h2 class=\"wp-block-heading\">Estrutura do Custo de Vida por Capitais<\/h2>\n\n\n\n<p>N\u00e3o existe um &#8220;Brasil \u00fanico&#8221; quando falamos em pre\u00e7os. O custo de vida \u00e9 uma colcha de retalhos geogr\u00e1fica.<\/p>\n\n\n\n<h3 class=\"wp-block-heading\">O Sudeste como Eixo do Alto Custo<\/h3>\n\n\n\n<p>Cidades como <strong>S\u00e3o Paulo<\/strong> e <strong>Rio de Janeiro<\/strong> mant\u00eam-se como as mais caras do pa\u00eds. Al\u00e9m da alimenta\u00e7\u00e3o, o custo com <strong>transporte e lazer<\/strong> nessas metr\u00f3poles \u00e9 significativamente superior. O transporte p\u00fablico, apesar de subs\u00eddios, sofreu ajustes que impactam diretamente quem depende de m\u00faltiplas integra\u00e7\u00f5es.<\/p>\n\n\n\n<h3 class=\"wp-block-heading\">O Nordeste e o Desafio da Cesta B\u00e1sica<\/h3>\n\n\n\n<p>Embora o custo de servi\u00e7os possa ser menor no Nordeste, o pre\u00e7o dos alimentos industrializados e prote\u00ednas tem subido de forma acelerada em capitais como <strong>Aracaju<\/strong> e <strong>Salvador<\/strong>, muitas vezes superando a m\u00e9dia nacional de reajuste anual.<\/p>\n\n\n\n<h2 class=\"wp-block-heading\">O Impacto do Novo Sal\u00e1rio M\u00ednimo de R$ 1.621<\/h2>\n\n\n\n<p>O reajuste de <strong>6,79%<\/strong> no sal\u00e1rio m\u00ednimo, oficializado no in\u00edcio de 2026, buscou repor a infla\u00e7\u00e3o e oferecer um pequeno ganho real baseado no PIB de anos anteriores. No entanto, o desafio \u00e9 a <strong>convers\u00e3o desse valor em bem-estar<\/strong>.<\/p>\n\n\n\n<ul class=\"wp-block-list\">\n<li><strong>Poder de Compra Real<\/strong>: Especialistas apontam que, descontando a infla\u00e7\u00e3o de itens de primeira necessidade, o aumento de <strong>R$ 103,00<\/strong> em rela\u00e7\u00e3o a 2025 mal cobre a alta nos pre\u00e7os dos medicamentos e da energia.<br><\/li>\n\n\n\n<li><strong>Impacto nos Benef\u00edcios<\/strong>: O novo valor tamb\u00e9m reajusta o <strong>BPC (Benef\u00edcio de Presta\u00e7\u00e3o Continuada)<\/strong> e aposentadorias do INSS, servindo como uma boia de salva\u00e7\u00e3o para milh\u00f5es, mas mantendo-os no limite da subsist\u00eancia.<\/li>\n<\/ul>\n\n\n\n<h2 class=\"wp-block-heading\">Guia Pr\u00e1tico: Como Blindar seu Bolso em 2026<\/h2>\n\n\n\n<p>Navegar por este cen\u00e1rio exige estrat\u00e9gia. Abaixo, um passo a passo para otimizar suas finan\u00e7as diante do atual custo de vida:<\/p>\n\n\n\n<ol class=\"wp-block-list\">\n<li><strong>Mapeamento de Gastos Fantasmas<\/strong>: Identifique assinaturas de streaming, taxas banc\u00e1rias e pequenos gastos di\u00e1rios que, somados, podem representar at\u00e9 15% do seu or\u00e7amento. Use o Simulador de Or\u00e7amento da Serasa para visualizar esses dados.<br><\/li>\n\n\n\n<li><strong>Substitui\u00e7\u00e3o Estrat\u00e9gica<\/strong>: No supermercado, prefira marcas pr\u00f3prias das redes varejistas e substitua prote\u00ednas caras (carne vermelha) por op\u00e7\u00f5es sazonais ou alternativas como ovos e frango.<br><\/li>\n\n\n\n<li><strong>Reserva de Emerg\u00eancia Ativa<\/strong>: Com a Selic em <strong>13%<\/strong>, manter dinheiro em CDBs de liquidez di\u00e1ria ou no Tesouro Selic \u00e9 uma forma de fazer seu dinheiro trabalhar contra a infla\u00e7\u00e3o enquanto voc\u00ea economiza.<br><\/li>\n\n\n\n<li><strong>Negocia\u00e7\u00e3o de D\u00edvidas<\/strong>: Se o endividamento bateu \u00e0 porta, aproveite os feir\u00f5es de renegocia\u00e7\u00e3o. Em 2026, as institui\u00e7\u00f5es financeiras est\u00e3o mais abertas a acordos para reduzir a inadimpl\u00eancia recorde.<\/li>\n<\/ol>\n\n\n\n<p>Para entender o impacto real no bolso, comparei os pre\u00e7os m\u00e9dios de itens essenciais em <strong>maio de 2021<\/strong> (auge das press\u00f5es inflacion\u00e1rias da pandemia) com os valores atuais de <strong>maio de 2026<\/strong>.<\/p>\n\n\n\n<p>Abaixo, a tabela detalha a varia\u00e7\u00e3o de pre\u00e7os em produtos de alto consumo, baseada em dados hist\u00f3ricos do <a target=\"_blank\" rel=\"noreferrer noopener\" href=\"https:\/\/www.dieese.org.br\/analisecestabasica\/2026\/202602cestabasica.html\">DIEESE<\/a> e \u00edndices oficiais de infla\u00e7\u00e3o: [<a href=\"https:\/\/www.youtube.com\/watch?v=3KqRm8n9hak\">1<\/a>, <a href=\"https:\/\/www.bcb.gov.br\/content\/ri\/relatorioinflacao\/202309\/ri202309b5p.pdf\">2<\/a>]<\/p>\n\n\n\n<figure class=\"wp-block-table\"><table class=\"has-fixed-layout\"><tbody><tr><th class=\"has-text-align-center\" data-align=\"center\">Produto [<a href=\"https:\/\/globorural.globo.com\/economia\/noticia\/2026\/03\/quais-sao-os-dez-alimentos-que-mais-subiram-de-preco-nos-ultimos-12-meses.ghtml\">1<\/a>]<\/th><th class=\"has-text-align-center\" data-align=\"center\">Valor M\u00e9dio (2021)<\/th><th class=\"has-text-align-center\" data-align=\"center\">Valor M\u00e9dio (2026)<\/th><th class=\"has-text-align-center\" data-align=\"center\">Varia\u00e7\u00e3o (%)<\/th><\/tr><tr><td class=\"has-text-align-center\" data-align=\"center\"><strong>Arroz Agulhinha (5kg)<\/strong><\/td><td class=\"has-text-align-center\" data-align=\"center\">R$ 24,50<\/td><td class=\"has-text-align-center\" data-align=\"center\">R$ 32,80<\/td><td class=\"has-text-align-center\" data-align=\"center\">+33,8%<\/td><\/tr><tr><td class=\"has-text-align-center\" data-align=\"center\"><strong>Feij\u00e3o Carioca (1kg)<\/strong><\/td><td class=\"has-text-align-center\" data-align=\"center\">R$ 7,15<\/td><td class=\"has-text-align-center\" data-align=\"center\">R$ 9,45<\/td><td class=\"has-text-align-center\" data-align=\"center\">+32,1%<\/td><\/tr><tr><td class=\"has-text-align-center\" data-align=\"center\"><strong>\u00d3leo de Soja (900ml)<\/strong><\/td><td class=\"has-text-align-center\" data-align=\"center\">R$ 6,80<\/td><td class=\"has-text-align-center\" data-align=\"center\">R$ 7,90<\/td><td class=\"has-text-align-center\" data-align=\"center\">+16,2%<\/td><\/tr><tr><td class=\"has-text-align-center\" data-align=\"center\"><strong>Leite Longa Vida (1L)<\/strong><\/td><td class=\"has-text-align-center\" data-align=\"center\">R$ 4,20<\/td><td class=\"has-text-align-center\" data-align=\"center\">R$ 6,10<\/td><td class=\"has-text-align-center\" data-align=\"center\">+45,2%<\/td><\/tr><tr><td class=\"has-text-align-center\" data-align=\"center\"><strong>Carne de Primeira (1kg)<\/strong><\/td><td class=\"has-text-align-center\" data-align=\"center\">R$ 36,40<\/td><td class=\"has-text-align-center\" data-align=\"center\">R$ 48,90<\/td><td class=\"has-text-align-center\" data-align=\"center\">+34,3%<\/td><\/tr><tr><td class=\"has-text-align-center\" data-align=\"center\"><strong>A\u00e7\u00facar Cristal (1kg)<\/strong><\/td><td class=\"has-text-align-center\" data-align=\"center\">R$ 3,10<\/td><td class=\"has-text-align-center\" data-align=\"center\">R$ 4,80<\/td><td class=\"has-text-align-center\" data-align=\"center\">+54,8%<\/td><\/tr><tr><td class=\"has-text-align-center\" data-align=\"center\"><strong>Caf\u00e9 em P\u00f3 (500g)<\/strong><\/td><td class=\"has-text-align-center\" data-align=\"center\">R$ 11,50<\/td><td class=\"has-text-align-center\" data-align=\"center\">R$ 18,90<\/td><td class=\"has-text-align-center\" data-align=\"center\">+64,3%<\/td><\/tr><tr><td class=\"has-text-align-center\" data-align=\"center\"><strong>P\u00e3o Franc\u00eas (1kg)<\/strong><\/td><td class=\"has-text-align-center\" data-align=\"center\">R$ 14,20<\/td><td class=\"has-text-align-center\" data-align=\"center\">R$ 19,50<\/td><td class=\"has-text-align-center\" data-align=\"center\">+37,3%<\/td><\/tr><tr><td class=\"has-text-align-center\" data-align=\"center\"><strong>Manteiga (200g)<\/strong><\/td><td class=\"has-text-align-center\" data-align=\"center\">R$ 9,80<\/td><td class=\"has-text-align-center\" data-align=\"center\">R$ 14,50<\/td><td class=\"has-text-align-center\" data-align=\"center\">+47,9%<\/td><\/tr><tr><td class=\"has-text-align-center\" data-align=\"center\"><strong>G\u00e1s de Cozinha (13kg)<\/strong><\/td><td class=\"has-text-align-center\" data-align=\"center\">R$ 85,00<\/td><td class=\"has-text-align-center\" data-align=\"center\">R$ 115,00<\/td><td class=\"has-text-align-center\" data-align=\"center\">+35,3%<\/td><\/tr><\/tbody><\/table><\/figure>\n\n\n\n<p>\ud83d\udca1 Observa\u00e7\u00f5es Importantes:<\/p>\n\n\n\n<ul class=\"wp-block-list\">\n<li><strong>Poder de Compra<\/strong>: Embora o <strong>sal\u00e1rio m\u00ednimo<\/strong> tenha subido de R\\( 1.100 (2021) para R\\) 1.621 (2026), o aumento m\u00e9dio de <strong>40% nos alimentos<\/strong> mostra que a maior parte do ganho real foi absorvida pelas despesas b\u00e1sicas.<br><\/li>\n\n\n\n<li><strong>Volatilidade<\/strong>: Itens como <strong>Caf\u00e9<\/strong> e <strong>Leite<\/strong> foram os que mais sofreram com fatores clim\u00e1ticos e custos de produ\u00e7\u00e3o nos \u00faltimos 5 anos.<br><\/li>\n\n\n\n<li><strong>Regi\u00e3o<\/strong>: Os valores podem variar drasticamente entre capitais. S\u00e3o Paulo e Rio de Janeiro costumam apresentar os pre\u00e7os mais altos da lista.<\/li>\n<\/ul>\n\n\n\n<figure class=\"wp-block-image size-large\"><img data-recalc-dims=\"1\" fetchpriority=\"high\" decoding=\"async\" width=\"960\" height=\"640\" src=\"https:\/\/i0.wp.com\/maratonadoconsumidor.com.br\/wp-content\/uploads\/2026\/05\/Design-sem-nome-2.jpg?resize=960%2C640&#038;ssl=1\" alt=\"Como anda o Custo de Vida do Brasileiro em 2026\" class=\"wp-image-1362\" srcset=\"https:\/\/i0.wp.com\/maratonadoconsumidor.com.br\/wp-content\/uploads\/2026\/05\/Design-sem-nome-2.jpg?resize=1024%2C683&amp;ssl=1 1024w, https:\/\/i0.wp.com\/maratonadoconsumidor.com.br\/wp-content\/uploads\/2026\/05\/Design-sem-nome-2.jpg?resize=300%2C200&amp;ssl=1 300w, https:\/\/i0.wp.com\/maratonadoconsumidor.com.br\/wp-content\/uploads\/2026\/05\/Design-sem-nome-2.jpg?resize=768%2C512&amp;ssl=1 768w, https:\/\/i0.wp.com\/maratonadoconsumidor.com.br\/wp-content\/uploads\/2026\/05\/Design-sem-nome-2.jpg?resize=18%2C12&amp;ssl=1 18w, https:\/\/i0.wp.com\/maratonadoconsumidor.com.br\/wp-content\/uploads\/2026\/05\/Design-sem-nome-2.jpg?resize=150%2C100&amp;ssl=1 150w, https:\/\/i0.wp.com\/maratonadoconsumidor.com.br\/wp-content\/uploads\/2026\/05\/Design-sem-nome-2.jpg?resize=330%2C220&amp;ssl=1 330w, https:\/\/i0.wp.com\/maratonadoconsumidor.com.br\/wp-content\/uploads\/2026\/05\/Design-sem-nome-2.jpg?resize=420%2C280&amp;ssl=1 420w, https:\/\/i0.wp.com\/maratonadoconsumidor.com.br\/wp-content\/uploads\/2026\/05\/Design-sem-nome-2.jpg?resize=510%2C340&amp;ssl=1 510w, https:\/\/i0.wp.com\/maratonadoconsumidor.com.br\/wp-content\/uploads\/2026\/05\/Design-sem-nome-2.jpg?w=1200&amp;ssl=1 1200w\" sizes=\"(max-width: 960px) 100vw, 960px\" \/><\/figure>\n\n\n\n<h2 class=\"wp-block-heading\">O Equil\u00edbrio entre Sobreviv\u00eancia e Qualidade de Vida<\/h2>\n\n\n\n<p>Entender o custo de vida do brasileiro em 2026 \u00e9 aceitar que a economia n\u00e3o \u00e9 apenas um gr\u00e1fico frio, mas o reflexo de cada escolha feita na frente do caixa ou ao pagar um boleto. <\/p>\n\n\n\n<p>Vivemos um momento de <strong>transi\u00e7\u00e3o econ\u00f4mica<\/strong>, onde a efici\u00eancia individual no manejo do dinheiro se tornou a ferramenta mais poderosa de resist\u00eancia.<\/p>\n\n\n\n<p>Embora os n\u00fameros mostrem desafios reais  como a alimenta\u00e7\u00e3o pressionando os R$ 3.500,00 mensais para uma vida confort\u00e1vel em grandes centros  h\u00e1 tamb\u00e9m uma resili\u00eancia not\u00e1vel no povo brasileiro. <\/p>\n\n\n\n<p>A chave para atravessar este ano n\u00e3o est\u00e1 apenas em ganhar mais, mas em <strong>gastar com intelig\u00eancia e investir com prop\u00f3sito<\/strong>. Que este panorama sirva de mapa para que voc\u00ea n\u00e3o apenas sobreviva \u00e0s estat\u00edsticas, mas encontre brechas para prosperar, transformando cada real em um degrau para sua estabilidade. <\/p>\n\n\n\n<p>O amanh\u00e3 econ\u00f4mico \u00e9 incerto, mas sua capacidade de se adaptar e planejar \u00e9 a \u00fanica garantia de que, independentemente do pre\u00e7o, o seu valor permanecer\u00e1 intacto.<\/p>\n\n\n\n<h2 class=\"wp-block-heading\">Perguntas Frequentes sobre o Custo de Vida em 2026<\/h2>\n\n\n\n<ul class=\"wp-block-list\">\n<li><strong>Por que os pre\u00e7os continuam subindo se a infla\u00e7\u00e3o parece controlada?<\/strong><br>O \u00edndice oficial (IPCA) \u00e9 uma m\u00e9dia. Itens de consumo di\u00e1rio, como <strong>alimentos e energia<\/strong>, podem subir bem acima da m\u00e9dia geral, causando a sensa\u00e7\u00e3o de que o dinheiro rende menos.<br><\/li>\n\n\n\n<li><strong>O sal\u00e1rio m\u00ednimo atual (R\\( 1.621) \u00e9 suficiente para uma fam\u00edlia?** Segundo o DIEESE, o sal\u00e1rio m\u00ednimo necess\u00e1rio para sustentar uma fam\u00edlia de quatro pessoas deveria ser superior a **R\\) 6.000<\/strong>. O valor atual atende apenas \u00e0s necessidades mais b\u00e1sicas de sobreviv\u00eancia.<br><\/li>\n\n\n\n<li><strong>Qual \u00e9 o item que mais pesou no bolso nos \u00faltimos 5 anos?<\/strong><br>O <strong>caf\u00e9<\/strong> e o <strong>leite<\/strong> lideram os reajustes, com altas que superam os 45% devido a fatores clim\u00e1ticos e custos de log\u00edstica.<br><\/li>\n\n\n\n<li><strong>Vale a pena investir com a taxa Selic em 13%?<\/strong><br>Sim. Com os juros altos, investimentos em <strong>Renda Fixa<\/strong> (CDBs, Tesouro Direto) s\u00e3o excelentes para proteger o patrim\u00f4nio e garantir ganhos acima da infla\u00e7\u00e3o.<br><\/li>\n\n\n\n<li><strong>Como economizar na conta de luz em 2026?<\/strong><br>Al\u00e9m do uso consciente, muitos consumidores est\u00e3o migrando para a <strong>energia solar<\/strong> ou aproveitando o mercado livre de energia, que permite escolher fornecedores com tarifas menores.<br><\/li>\n\n\n\n<li><strong>Por que o pre\u00e7o da carne n\u00e3o baixa mesmo com boa produ\u00e7\u00e3o?<\/strong><br>O pre\u00e7o \u00e9 influenciado pelo <strong>d\u00f3lar<\/strong> e pela demanda internacional. Se exportar \u00e9 mais lucrativo para o produtor, o pre\u00e7o interno tende a se manter elevado.<\/li>\n<\/ul>\n\n\n\n<p><\/p>\n","protected":false},"excerpt":{"rendered":"<p>Viver no Brasil em 2026 exige mais do que apenas trabalho duro; requer uma engenharia financeira precisa para equilibrar um cen\u00e1rio de infla\u00e7\u00e3o persistente e mudan\u00e7as estruturais no consumo. O sentimento de 70% da popula\u00e7\u00e3o, segundo dados recentes do SpaceMoney, \u00e9 de que os pre\u00e7os continuam a pressionar o or\u00e7amento dom\u00e9stico de forma implac\u00e1vel. Embora<\/p>","protected":false},"author":1,"featured_media":1361,"comment_status":"open","ping_status":"open","sticky":false,"template":"","format":"standard","meta":{"_mbp_gutenberg_autopost":false,"jetpack_post_was_ever_published":false,"_jetpack_newsletter_access":"","_jetpack_dont_email_post_to_subs":false,"_jetpack_newsletter_tier_id":0,"_jetpack_memberships_contains_paywalled_content":false,"_jetpack_memberships_contains_paid_content":false,"footnotes":"","jetpack_publicize_message":"","jetpack_publicize_feature_enabled":true,"jetpack_social_post_already_shared":false,"jetpack_social_options":{"image_generator_settings":{"template":"highway","default_image_id":0,"font":"","enabled":false},"version":2}},"categories":[1,4],"tags":[315,75,312,316],"class_list":["post-1360","post","type-post","status-publish","format-standard","has-post-thumbnail","hentry","category-comparativos","category-diversos","tag-custo-de-vida-2026","tag-inflacao-no-brasil","tag-planejamento-financeiro","tag-salario-minimo-2026"],"yoast_head":"<!-- This site is optimized with the Yoast SEO plugin v27.5 - https:\/\/yoast.com\/product\/yoast-seo-wordpress\/ -->\n<title>Como anda o Custo de Vida do Brasileiro em 2026<\/title>\n<meta name=\"description\" content=\"Descubra como est\u00e1 o custo de vida do brasileiro em 2026. Analisamos o impacto da infla\u00e7\u00e3o, o novo valor do sal\u00e1rio m\u00ednimo\" \/>\n<meta name=\"robots\" content=\"index, follow, max-snippet:-1, max-image-preview:large, max-video-preview:-1\" \/>\n<link rel=\"canonical\" href=\"https:\/\/maratonadoconsumidor.com.br\/en\/como-anda-o-custo-de-vida-do-brasileiro-em-2026\/\" \/>\n<meta property=\"og:locale\" content=\"en_US\" \/>\n<meta property=\"og:type\" content=\"article\" \/>\n<meta property=\"og:title\" content=\"Como anda o Custo de Vida do Brasileiro em 2026\" \/>\n<meta property=\"og:description\" content=\"Descubra como est\u00e1 o custo de vida do brasileiro em 2026. Analisamos o impacto da infla\u00e7\u00e3o, o novo valor do sal\u00e1rio m\u00ednimo\" \/>\n<meta property=\"og:url\" content=\"https:\/\/maratonadoconsumidor.com.br\/en\/como-anda-o-custo-de-vida-do-brasileiro-em-2026\/\" \/>\n<meta property=\"article:publisher\" content=\"https:\/\/www.facebook.com\/canaldomaratonadoconsumidor\" \/>\n<meta property=\"article:published_time\" content=\"2026-05-01T10:06:36+00:00\" \/>\n<meta property=\"article:modified_time\" content=\"2026-05-01T10:06:45+00:00\" \/>\n<meta property=\"og:image\" content=\"https:\/\/maratonadoconsumidor.com.br\/wp-content\/uploads\/2026\/05\/Design-sem-nome-1.jpg\" \/>\n\t<meta property=\"og:image:width\" content=\"1200\" \/>\n\t<meta property=\"og:image:height\" content=\"800\" \/>\n\t<meta property=\"og:image:type\" content=\"image\/jpeg\" \/>\n<meta name=\"author\" content=\"Emilio de Vicente\" \/>\n<meta name=\"twitter:card\" content=\"summary_large_image\" \/>\n<meta name=\"twitter:creator\" content=\"@MaratonadoCons1\" \/>\n<meta name=\"twitter:site\" content=\"@MaratonadoCons1\" \/>\n<meta name=\"twitter:label1\" content=\"Written by\" \/>\n\t<meta name=\"twitter:data1\" content=\"Emilio de Vicente\" \/>\n\t<meta name=\"twitter:label2\" content=\"Est. reading time\" \/>\n\t<meta name=\"twitter:data2\" content=\"9 minutes\" \/>\n<script type=\"application\/ld+json\" class=\"yoast-schema-graph\">{\"@context\":\"https:\\\/\\\/schema.org\",\"@graph\":[{\"@type\":\"Article\",\"@id\":\"https:\\\/\\\/maratonadoconsumidor.com.br\\\/como-anda-o-custo-de-vida-do-brasileiro-em-2026\\\/#article\",\"isPartOf\":{\"@id\":\"https:\\\/\\\/maratonadoconsumidor.com.br\\\/como-anda-o-custo-de-vida-do-brasileiro-em-2026\\\/\"},\"author\":{\"name\":\"Emilio de Vicente\",\"@id\":\"https:\\\/\\\/maratonadoconsumidor.com.br\\\/#\\\/schema\\\/person\\\/01c74586a582dc988d4334293f57343c\"},\"headline\":\"Como anda o Custo de Vida do Brasileiro em 2026\",\"datePublished\":\"2026-05-01T10:06:36+00:00\",\"dateModified\":\"2026-05-01T10:06:45+00:00\",\"mainEntityOfPage\":{\"@id\":\"https:\\\/\\\/maratonadoconsumidor.com.br\\\/como-anda-o-custo-de-vida-do-brasileiro-em-2026\\\/\"},\"wordCount\":1545,\"commentCount\":0,\"publisher\":{\"@id\":\"https:\\\/\\\/maratonadoconsumidor.com.br\\\/#organization\"},\"image\":{\"@id\":\"https:\\\/\\\/maratonadoconsumidor.com.br\\\/como-anda-o-custo-de-vida-do-brasileiro-em-2026\\\/#primaryimage\"},\"thumbnailUrl\":\"https:\\\/\\\/i0.wp.com\\\/maratonadoconsumidor.com.br\\\/wp-content\\\/uploads\\\/2026\\\/05\\\/Design-sem-nome-1.jpg?fit=1200%2C800&ssl=1\",\"keywords\":[\"custo de vida 2026\",\"Infla\u00e7\u00e3o no Brasil\",\"planejamento financeiro\",\"sal\u00e1rio m\u00ednimo 2026\"],\"articleSection\":[\"Comparativos\",\"Diversos\"],\"inLanguage\":\"en-US\",\"potentialAction\":[{\"@type\":\"CommentAction\",\"name\":\"Comment\",\"target\":[\"https:\\\/\\\/maratonadoconsumidor.com.br\\\/como-anda-o-custo-de-vida-do-brasileiro-em-2026\\\/#respond\"]}]},{\"@type\":\"WebPage\",\"@id\":\"https:\\\/\\\/maratonadoconsumidor.com.br\\\/como-anda-o-custo-de-vida-do-brasileiro-em-2026\\\/\",\"url\":\"https:\\\/\\\/maratonadoconsumidor.com.br\\\/como-anda-o-custo-de-vida-do-brasileiro-em-2026\\\/\",\"name\":\"Como anda o Custo de Vida do Brasileiro em 2026\",\"isPartOf\":{\"@id\":\"https:\\\/\\\/maratonadoconsumidor.com.br\\\/#website\"},\"primaryImageOfPage\":{\"@id\":\"https:\\\/\\\/maratonadoconsumidor.com.br\\\/como-anda-o-custo-de-vida-do-brasileiro-em-2026\\\/#primaryimage\"},\"image\":{\"@id\":\"https:\\\/\\\/maratonadoconsumidor.com.br\\\/como-anda-o-custo-de-vida-do-brasileiro-em-2026\\\/#primaryimage\"},\"thumbnailUrl\":\"https:\\\/\\\/i0.wp.com\\\/maratonadoconsumidor.com.br\\\/wp-content\\\/uploads\\\/2026\\\/05\\\/Design-sem-nome-1.jpg?fit=1200%2C800&ssl=1\",\"datePublished\":\"2026-05-01T10:06:36+00:00\",\"dateModified\":\"2026-05-01T10:06:45+00:00\",\"description\":\"Descubra como est\u00e1 o custo de vida do brasileiro em 2026. Analisamos o impacto da infla\u00e7\u00e3o, o novo valor do sal\u00e1rio m\u00ednimo\",\"breadcrumb\":{\"@id\":\"https:\\\/\\\/maratonadoconsumidor.com.br\\\/como-anda-o-custo-de-vida-do-brasileiro-em-2026\\\/#breadcrumb\"},\"inLanguage\":\"en-US\",\"potentialAction\":[{\"@type\":\"ReadAction\",\"target\":[\"https:\\\/\\\/maratonadoconsumidor.com.br\\\/como-anda-o-custo-de-vida-do-brasileiro-em-2026\\\/\"]}]},{\"@type\":\"ImageObject\",\"inLanguage\":\"en-US\",\"@id\":\"https:\\\/\\\/maratonadoconsumidor.com.br\\\/como-anda-o-custo-de-vida-do-brasileiro-em-2026\\\/#primaryimage\",\"url\":\"https:\\\/\\\/i0.wp.com\\\/maratonadoconsumidor.com.br\\\/wp-content\\\/uploads\\\/2026\\\/05\\\/Design-sem-nome-1.jpg?fit=1200%2C800&ssl=1\",\"contentUrl\":\"https:\\\/\\\/i0.wp.com\\\/maratonadoconsumidor.com.br\\\/wp-content\\\/uploads\\\/2026\\\/05\\\/Design-sem-nome-1.jpg?fit=1200%2C800&ssl=1\",\"width\":1200,\"height\":800,\"caption\":\"Como anda o Custo de Vida do Brasileiro em 2026\"},{\"@type\":\"BreadcrumbList\",\"@id\":\"https:\\\/\\\/maratonadoconsumidor.com.br\\\/como-anda-o-custo-de-vida-do-brasileiro-em-2026\\\/#breadcrumb\",\"itemListElement\":[{\"@type\":\"ListItem\",\"position\":1,\"name\":\"In\u00edcio\",\"item\":\"https:\\\/\\\/maratonadoconsumidor.com.br\\\/\"},{\"@type\":\"ListItem\",\"position\":2,\"name\":\"Como anda o Custo de Vida do Brasileiro em 2026\"}]},{\"@type\":\"WebSite\",\"@id\":\"https:\\\/\\\/maratonadoconsumidor.com.br\\\/#website\",\"url\":\"https:\\\/\\\/maratonadoconsumidor.com.br\\\/\",\"name\":\"Maratona do Consumidor\",\"description\":\"\",\"publisher\":{\"@id\":\"https:\\\/\\\/maratonadoconsumidor.com.br\\\/#organization\"},\"potentialAction\":[{\"@type\":\"SearchAction\",\"target\":{\"@type\":\"EntryPoint\",\"urlTemplate\":\"https:\\\/\\\/maratonadoconsumidor.com.br\\\/?s={search_term_string}\"},\"query-input\":{\"@type\":\"PropertyValueSpecification\",\"valueRequired\":true,\"valueName\":\"search_term_string\"}}],\"inLanguage\":\"en-US\"},{\"@type\":\"Organization\",\"@id\":\"https:\\\/\\\/maratonadoconsumidor.com.br\\\/#organization\",\"name\":\"Maratona do Consumidor\",\"url\":\"https:\\\/\\\/maratonadoconsumidor.com.br\\\/\",\"logo\":{\"@type\":\"ImageObject\",\"inLanguage\":\"en-US\",\"@id\":\"https:\\\/\\\/maratonadoconsumidor.com.br\\\/#\\\/schema\\\/logo\\\/image\\\/\",\"url\":\"https:\\\/\\\/maratonadoconsumidor.com.br\\\/wp-content\\\/uploads\\\/2025\\\/06\\\/MARATONA-DO-CONSUMIDOR-160.png\",\"contentUrl\":\"https:\\\/\\\/maratonadoconsumidor.com.br\\\/wp-content\\\/uploads\\\/2025\\\/06\\\/MARATONA-DO-CONSUMIDOR-160.png\",\"width\":180,\"height\":60,\"caption\":\"Maratona do Consumidor\"},\"image\":{\"@id\":\"https:\\\/\\\/maratonadoconsumidor.com.br\\\/#\\\/schema\\\/logo\\\/image\\\/\"},\"sameAs\":[\"https:\\\/\\\/www.facebook.com\\\/canaldomaratonadoconsumidor\",\"https:\\\/\\\/x.com\\\/MaratonadoCons1\",\"https:\\\/\\\/www.instagram.com\\\/maratonadoconsumidor\\\/\",\"https:\\\/\\\/www.youtube.com\\\/@MaratonadoConsumidor\"]},{\"@type\":\"Person\",\"@id\":\"https:\\\/\\\/maratonadoconsumidor.com.br\\\/#\\\/schema\\\/person\\\/01c74586a582dc988d4334293f57343c\",\"name\":\"Emilio de Vicente\",\"image\":{\"@type\":\"ImageObject\",\"inLanguage\":\"en-US\",\"@id\":\"https:\\\/\\\/maratonadoconsumidor.com.br\\\/wp-content\\\/uploads\\\/2025\\\/09\\\/cropped-Captura-de-tela-2024-05-15-133101-96x96.png\",\"url\":\"https:\\\/\\\/maratonadoconsumidor.com.br\\\/wp-content\\\/uploads\\\/2025\\\/09\\\/cropped-Captura-de-tela-2024-05-15-133101-96x96.png\",\"contentUrl\":\"https:\\\/\\\/maratonadoconsumidor.com.br\\\/wp-content\\\/uploads\\\/2025\\\/09\\\/cropped-Captura-de-tela-2024-05-15-133101-96x96.png\",\"caption\":\"Emilio de Vicente\"},\"description\":\"Emilio de Vicente \u00e9 o autor e respons\u00e1vel pelos conte\u00fados do site Maratona do Consumidor, trazendo informa\u00e7\u00f5es atualizadas, an\u00e1lises profundas e artigos relevantes sobre diversos temas do cotidiano relacionados dicas, comparativos de produtos e pre\u00e7os, consumo inteligente, finan\u00e7as em geral e muito mais.\",\"sameAs\":[\"https:\\\/\\\/maratonadoconsumidor.com.br\"],\"url\":\"https:\\\/\\\/maratonadoconsumidor.com.br\\\/en\\\/author\\\/emilio\\\/\"}]}<\/script>\n<!-- \/ Yoast SEO plugin. -->","yoast_head_json":{"title":"Como anda o Custo de Vida do Brasileiro em 2026","description":"Descubra como est\u00e1 o custo de vida do brasileiro em 2026. Analisamos o impacto da infla\u00e7\u00e3o, o novo valor do sal\u00e1rio m\u00ednimo","robots":{"index":"index","follow":"follow","max-snippet":"max-snippet:-1","max-image-preview":"max-image-preview:large","max-video-preview":"max-video-preview:-1"},"canonical":"https:\/\/maratonadoconsumidor.com.br\/en\/como-anda-o-custo-de-vida-do-brasileiro-em-2026\/","og_locale":"en_US","og_type":"article","og_title":"Como anda o Custo de Vida do Brasileiro em 2026","og_description":"Descubra como est\u00e1 o custo de vida do brasileiro em 2026. Analisamos o impacto da infla\u00e7\u00e3o, o novo valor do sal\u00e1rio m\u00ednimo","og_url":"https:\/\/maratonadoconsumidor.com.br\/en\/como-anda-o-custo-de-vida-do-brasileiro-em-2026\/","article_publisher":"https:\/\/www.facebook.com\/canaldomaratonadoconsumidor","article_published_time":"2026-05-01T10:06:36+00:00","article_modified_time":"2026-05-01T10:06:45+00:00","og_image":[{"width":1200,"height":800,"url":"https:\/\/maratonadoconsumidor.com.br\/wp-content\/uploads\/2026\/05\/Design-sem-nome-1.jpg","type":"image\/jpeg"}],"author":"Emilio de Vicente","twitter_card":"summary_large_image","twitter_creator":"@MaratonadoCons1","twitter_site":"@MaratonadoCons1","twitter_misc":{"Written by":"Emilio de Vicente","Est. reading time":"9 minutes"},"schema":{"@context":"https:\/\/schema.org","@graph":[{"@type":"Article","@id":"https:\/\/maratonadoconsumidor.com.br\/como-anda-o-custo-de-vida-do-brasileiro-em-2026\/#article","isPartOf":{"@id":"https:\/\/maratonadoconsumidor.com.br\/como-anda-o-custo-de-vida-do-brasileiro-em-2026\/"},"author":{"name":"Emilio de Vicente","@id":"https:\/\/maratonadoconsumidor.com.br\/#\/schema\/person\/01c74586a582dc988d4334293f57343c"},"headline":"Como anda o Custo de Vida do Brasileiro em 2026","datePublished":"2026-05-01T10:06:36+00:00","dateModified":"2026-05-01T10:06:45+00:00","mainEntityOfPage":{"@id":"https:\/\/maratonadoconsumidor.com.br\/como-anda-o-custo-de-vida-do-brasileiro-em-2026\/"},"wordCount":1545,"commentCount":0,"publisher":{"@id":"https:\/\/maratonadoconsumidor.com.br\/#organization"},"image":{"@id":"https:\/\/maratonadoconsumidor.com.br\/como-anda-o-custo-de-vida-do-brasileiro-em-2026\/#primaryimage"},"thumbnailUrl":"https:\/\/i0.wp.com\/maratonadoconsumidor.com.br\/wp-content\/uploads\/2026\/05\/Design-sem-nome-1.jpg?fit=1200%2C800&ssl=1","keywords":["custo de vida 2026","Infla\u00e7\u00e3o no Brasil","planejamento financeiro","sal\u00e1rio m\u00ednimo 2026"],"articleSection":["Comparativos","Diversos"],"inLanguage":"en-US","potentialAction":[{"@type":"CommentAction","name":"Comment","target":["https:\/\/maratonadoconsumidor.com.br\/como-anda-o-custo-de-vida-do-brasileiro-em-2026\/#respond"]}]},{"@type":"WebPage","@id":"https:\/\/maratonadoconsumidor.com.br\/como-anda-o-custo-de-vida-do-brasileiro-em-2026\/","url":"https:\/\/maratonadoconsumidor.com.br\/como-anda-o-custo-de-vida-do-brasileiro-em-2026\/","name":"Como anda o Custo de Vida do Brasileiro em 2026","isPartOf":{"@id":"https:\/\/maratonadoconsumidor.com.br\/#website"},"primaryImageOfPage":{"@id":"https:\/\/maratonadoconsumidor.com.br\/como-anda-o-custo-de-vida-do-brasileiro-em-2026\/#primaryimage"},"image":{"@id":"https:\/\/maratonadoconsumidor.com.br\/como-anda-o-custo-de-vida-do-brasileiro-em-2026\/#primaryimage"},"thumbnailUrl":"https:\/\/i0.wp.com\/maratonadoconsumidor.com.br\/wp-content\/uploads\/2026\/05\/Design-sem-nome-1.jpg?fit=1200%2C800&ssl=1","datePublished":"2026-05-01T10:06:36+00:00","dateModified":"2026-05-01T10:06:45+00:00","description":"Descubra como est\u00e1 o custo de vida do brasileiro em 2026. Analisamos o impacto da infla\u00e7\u00e3o, o novo valor do sal\u00e1rio m\u00ednimo","breadcrumb":{"@id":"https:\/\/maratonadoconsumidor.com.br\/como-anda-o-custo-de-vida-do-brasileiro-em-2026\/#breadcrumb"},"inLanguage":"en-US","potentialAction":[{"@type":"ReadAction","target":["https:\/\/maratonadoconsumidor.com.br\/como-anda-o-custo-de-vida-do-brasileiro-em-2026\/"]}]},{"@type":"ImageObject","inLanguage":"en-US","@id":"https:\/\/maratonadoconsumidor.com.br\/como-anda-o-custo-de-vida-do-brasileiro-em-2026\/#primaryimage","url":"https:\/\/i0.wp.com\/maratonadoconsumidor.com.br\/wp-content\/uploads\/2026\/05\/Design-sem-nome-1.jpg?fit=1200%2C800&ssl=1","contentUrl":"https:\/\/i0.wp.com\/maratonadoconsumidor.com.br\/wp-content\/uploads\/2026\/05\/Design-sem-nome-1.jpg?fit=1200%2C800&ssl=1","width":1200,"height":800,"caption":"Como anda o Custo de Vida do Brasileiro em 2026"},{"@type":"BreadcrumbList","@id":"https:\/\/maratonadoconsumidor.com.br\/como-anda-o-custo-de-vida-do-brasileiro-em-2026\/#breadcrumb","itemListElement":[{"@type":"ListItem","position":1,"name":"In\u00edcio","item":"https:\/\/maratonadoconsumidor.com.br\/"},{"@type":"ListItem","position":2,"name":"Como anda o Custo de Vida do Brasileiro em 2026"}]},{"@type":"WebSite","@id":"https:\/\/maratonadoconsumidor.com.br\/#website","url":"https:\/\/maratonadoconsumidor.com.br\/","name":"Maratona do Consumidor","description":"","publisher":{"@id":"https:\/\/maratonadoconsumidor.com.br\/#organization"},"potentialAction":[{"@type":"SearchAction","target":{"@type":"EntryPoint","urlTemplate":"https:\/\/maratonadoconsumidor.com.br\/?s={search_term_string}"},"query-input":{"@type":"PropertyValueSpecification","valueRequired":true,"valueName":"search_term_string"}}],"inLanguage":"en-US"},{"@type":"Organization","@id":"https:\/\/maratonadoconsumidor.com.br\/#organization","name":"Maratona do Consumidor","url":"https:\/\/maratonadoconsumidor.com.br\/","logo":{"@type":"ImageObject","inLanguage":"en-US","@id":"https:\/\/maratonadoconsumidor.com.br\/#\/schema\/logo\/image\/","url":"https:\/\/maratonadoconsumidor.com.br\/wp-content\/uploads\/2025\/06\/MARATONA-DO-CONSUMIDOR-160.png","contentUrl":"https:\/\/maratonadoconsumidor.com.br\/wp-content\/uploads\/2025\/06\/MARATONA-DO-CONSUMIDOR-160.png","width":180,"height":60,"caption":"Maratona do Consumidor"},"image":{"@id":"https:\/\/maratonadoconsumidor.com.br\/#\/schema\/logo\/image\/"},"sameAs":["https:\/\/www.facebook.com\/canaldomaratonadoconsumidor","https:\/\/x.com\/MaratonadoCons1","https:\/\/www.instagram.com\/maratonadoconsumidor\/","https:\/\/www.youtube.com\/@MaratonadoConsumidor"]},{"@type":"Person","@id":"https:\/\/maratonadoconsumidor.com.br\/#\/schema\/person\/01c74586a582dc988d4334293f57343c","name":"Emilio de Vicente","image":{"@type":"ImageObject","inLanguage":"en-US","@id":"https:\/\/maratonadoconsumidor.com.br\/wp-content\/uploads\/2025\/09\/cropped-Captura-de-tela-2024-05-15-133101-96x96.png","url":"https:\/\/maratonadoconsumidor.com.br\/wp-content\/uploads\/2025\/09\/cropped-Captura-de-tela-2024-05-15-133101-96x96.png","contentUrl":"https:\/\/maratonadoconsumidor.com.br\/wp-content\/uploads\/2025\/09\/cropped-Captura-de-tela-2024-05-15-133101-96x96.png","caption":"Emilio de Vicente"},"description":"Emilio de Vicente \u00e9 o autor e respons\u00e1vel pelos conte\u00fados do site Maratona do Consumidor, trazendo informa\u00e7\u00f5es atualizadas, an\u00e1lises profundas e artigos relevantes sobre diversos temas do cotidiano relacionados dicas, comparativos de produtos e pre\u00e7os, consumo inteligente, finan\u00e7as em geral e muito mais.","sameAs":["https:\/\/maratonadoconsumidor.com.br"],"url":"https:\/\/maratonadoconsumidor.com.br\/en\/author\/emilio\/"}]}},"jetpack_publicize_connections":[],"jetpack_featured_media_url":"https:\/\/i0.wp.com\/maratonadoconsumidor.com.br\/wp-content\/uploads\/2026\/05\/Design-sem-nome-1.jpg?fit=1200%2C800&ssl=1","jetpack-related-posts":[{"id":914,"url":"https:\/\/maratonadoconsumidor.com.br\/en\/o-que-esperar-da-economia-brasileira-em-2026\/","url_meta":{"origin":1360,"position":0},"title":"O que esperar da economia brasileira em 2026?","author":"Emilio de Vicente","date":"1 de January de 2026","format":false,"excerpt":"A economia brasileira entra em 2026 cercada por expectativas, incertezas e oportunidades que exigem aten\u00e7\u00e3o redobrada de consumidores, investidores e empreendedores. Ap\u00f3s anos marcados por infla\u00e7\u00e3o elevada, juros altos e desafios fiscais, o pa\u00eds passa a conviver com um cen\u00e1rio mais complexo, no qual decis\u00f5es internas e fatores globais caminham\u2026","rel":"","context":"In &quot;Diversos&quot;","block_context":{"text":"Diversos","link":"https:\/\/maratonadoconsumidor.com.br\/en\/category\/diversos\/"},"img":{"alt_text":"O que esperar da economia brasileira em 2026?","src":"https:\/\/i0.wp.com\/maratonadoconsumidor.com.br\/wp-content\/uploads\/2026\/01\/Design-sem-nome-12.jpg?fit=1200%2C800&ssl=1&resize=350%2C200","width":350,"height":200,"srcset":"https:\/\/i0.wp.com\/maratonadoconsumidor.com.br\/wp-content\/uploads\/2026\/01\/Design-sem-nome-12.jpg?fit=1200%2C800&ssl=1&resize=350%2C200 1x, https:\/\/i0.wp.com\/maratonadoconsumidor.com.br\/wp-content\/uploads\/2026\/01\/Design-sem-nome-12.jpg?fit=1200%2C800&ssl=1&resize=525%2C300 1.5x, https:\/\/i0.wp.com\/maratonadoconsumidor.com.br\/wp-content\/uploads\/2026\/01\/Design-sem-nome-12.jpg?fit=1200%2C800&ssl=1&resize=700%2C400 2x, https:\/\/i0.wp.com\/maratonadoconsumidor.com.br\/wp-content\/uploads\/2026\/01\/Design-sem-nome-12.jpg?fit=1200%2C800&ssl=1&resize=1050%2C600 3x"},"classes":[]},{"id":923,"url":"https:\/\/maratonadoconsumidor.com.br\/en\/floripa-e-um-dos-lugares-mais-importantes-para-o-turismo\/","url_meta":{"origin":1360,"position":1},"title":"Por que Floripa \u00e9 um dos lugares mais importantes para o turismo em 2026?","author":"Emilio de Vicente","date":"18 de January de 2026","format":false,"excerpt":"Florian\u00f3polis se consolidou, em 2026, como um dos destinos tur\u00edsticos mais estrat\u00e9gicos do Brasil. A capital catarinense re\u00fane atributos que atendem \u00e0s principais tend\u00eancias do turismo moderno: diversidade de experi\u00eancias, contato com a natureza, infraestrutura urbana, gastronomia de alto n\u00edvel e qualidade de vida. Diferente de destinos que dependem exclusivamente\u2026","rel":"","context":"In &quot;Turismo&quot;","block_context":{"text":"Turismo","link":"https:\/\/maratonadoconsumidor.com.br\/en\/category\/turismo\/"},"img":{"alt_text":"Por que Floripa \u00e9 um dos lugares mais importantes para o turismo em 2026?","src":"https:\/\/i0.wp.com\/maratonadoconsumidor.com.br\/wp-content\/uploads\/2026\/01\/Design-sem-nome-2.jpg?fit=1200%2C800&ssl=1&resize=350%2C200","width":350,"height":200,"srcset":"https:\/\/i0.wp.com\/maratonadoconsumidor.com.br\/wp-content\/uploads\/2026\/01\/Design-sem-nome-2.jpg?fit=1200%2C800&ssl=1&resize=350%2C200 1x, https:\/\/i0.wp.com\/maratonadoconsumidor.com.br\/wp-content\/uploads\/2026\/01\/Design-sem-nome-2.jpg?fit=1200%2C800&ssl=1&resize=525%2C300 1.5x, https:\/\/i0.wp.com\/maratonadoconsumidor.com.br\/wp-content\/uploads\/2026\/01\/Design-sem-nome-2.jpg?fit=1200%2C800&ssl=1&resize=700%2C400 2x, https:\/\/i0.wp.com\/maratonadoconsumidor.com.br\/wp-content\/uploads\/2026\/01\/Design-sem-nome-2.jpg?fit=1200%2C800&ssl=1&resize=1050%2C600 3x"},"classes":[]},{"id":1144,"url":"https:\/\/maratonadoconsumidor.com.br\/en\/buenos-aires-ou-santiago-qual-o-melhor-destino\/","url_meta":{"origin":1360,"position":2},"title":"Buenos Aires ou Santiago: Qual o Melhor Destino para sua Viagem em 2026?","author":"Emilio de Vicente","date":"19 de March de 2026","format":false,"excerpt":"Planejar a primeira viagem internacional ou a pr\u00f3xima escapada de f\u00e9rias levanta uma d\u00favida cl\u00e1ssica entre os viajantes brasileiros: cruzar a fronteira em dire\u00e7\u00e3o ao charme europeu da Argentina ou buscar a modernidade cercada por montanhas do Chile? No duelo\u00a0Buenos Aires ou Santiago qual o melhor, n\u00e3o existe uma resposta\u2026","rel":"","context":"In &quot;Turismo&quot;","block_context":{"text":"Turismo","link":"https:\/\/maratonadoconsumidor.com.br\/en\/category\/turismo\/"},"img":{"alt_text":"Buenos Aires ou Santiago: Qual o Melhor Destino para sua Viagem em 2026?","src":"https:\/\/i0.wp.com\/maratonadoconsumidor.com.br\/wp-content\/uploads\/2026\/03\/Design-sem-nome-31-1.jpg?fit=1200%2C800&ssl=1&resize=350%2C200","width":350,"height":200,"srcset":"https:\/\/i0.wp.com\/maratonadoconsumidor.com.br\/wp-content\/uploads\/2026\/03\/Design-sem-nome-31-1.jpg?fit=1200%2C800&ssl=1&resize=350%2C200 1x, https:\/\/i0.wp.com\/maratonadoconsumidor.com.br\/wp-content\/uploads\/2026\/03\/Design-sem-nome-31-1.jpg?fit=1200%2C800&ssl=1&resize=525%2C300 1.5x, https:\/\/i0.wp.com\/maratonadoconsumidor.com.br\/wp-content\/uploads\/2026\/03\/Design-sem-nome-31-1.jpg?fit=1200%2C800&ssl=1&resize=700%2C400 2x, https:\/\/i0.wp.com\/maratonadoconsumidor.com.br\/wp-content\/uploads\/2026\/03\/Design-sem-nome-31-1.jpg?fit=1200%2C800&ssl=1&resize=1050%2C600 3x"},"classes":[]},{"id":1194,"url":"https:\/\/maratonadoconsumidor.com.br\/en\/por-que-o-galaxy-a56-e-o-rei-do-custo-beneficio-em-2026\/","url_meta":{"origin":1360,"position":3},"title":"Por Que o Galaxy A56 \u00e9 o Rei do Custo-Benef\u00edcio em 2026","author":"Emilio de Vicente","date":"24 de March de 2026","format":false,"excerpt":"Encontrar o smartphone ideal muitas vezes parece um jogo de escolhas dif\u00edceis: ou se paga uma fortuna por recursos de ponta, ou se aceita um aparelho que apresentar\u00e1 lentid\u00e3o em pouco tempo. No entanto, a Samsung quebrou esse ciclo com o lan\u00e7amento do Galaxy A56. Este dispositivo n\u00e3o \u00e9 apenas\u2026","rel":"","context":"In &quot;Dicas&quot;","block_context":{"text":"Dicas","link":"https:\/\/maratonadoconsumidor.com.br\/en\/category\/dicas\/"},"img":{"alt_text":"Por Que o Galaxy A56 \u00e9 o Rei do Custo-Benef\u00edcio em 2026","src":"https:\/\/i0.wp.com\/maratonadoconsumidor.com.br\/wp-content\/uploads\/2026\/03\/Design-sem-nome-61.jpg?fit=1200%2C800&ssl=1&resize=350%2C200","width":350,"height":200,"srcset":"https:\/\/i0.wp.com\/maratonadoconsumidor.com.br\/wp-content\/uploads\/2026\/03\/Design-sem-nome-61.jpg?fit=1200%2C800&ssl=1&resize=350%2C200 1x, https:\/\/i0.wp.com\/maratonadoconsumidor.com.br\/wp-content\/uploads\/2026\/03\/Design-sem-nome-61.jpg?fit=1200%2C800&ssl=1&resize=525%2C300 1.5x, https:\/\/i0.wp.com\/maratonadoconsumidor.com.br\/wp-content\/uploads\/2026\/03\/Design-sem-nome-61.jpg?fit=1200%2C800&ssl=1&resize=700%2C400 2x, https:\/\/i0.wp.com\/maratonadoconsumidor.com.br\/wp-content\/uploads\/2026\/03\/Design-sem-nome-61.jpg?fit=1200%2C800&ssl=1&resize=1050%2C600 3x"},"classes":[]},{"id":850,"url":"https:\/\/maratonadoconsumidor.com.br\/en\/mobilidade-urbana-motocicletas-eletricas-para-a-vida-na-cidade\/","url_meta":{"origin":1360,"position":4},"title":"\ud83d\udef5 Mobilidade Urbana: motocicletas el\u00e9tricas para a vida na cidade","author":"Emilio de Vicente","date":"12 de November de 2025","format":false,"excerpt":"As grandes cidades brasileiras enfrentam um desafio di\u00e1rio: congestionamentos, polui\u00e7\u00e3o e altos custos com transporte. Nesse cen\u00e1rio, as motocicletas el\u00e9tricas surgem como uma alternativa moderna, econ\u00f4mica e sustent\u00e1vel. Mais do que uma tend\u00eancia, elas representam uma transforma\u00e7\u00e3o na forma de se deslocar, unindo tecnologia, efici\u00eancia e consci\u00eancia ambiental. \ud83c\udf0d O\u2026","rel":"","context":"In &quot;Diversos&quot;","block_context":{"text":"Diversos","link":"https:\/\/maratonadoconsumidor.com.br\/en\/category\/diversos\/"},"img":{"alt_text":"Mobilidade Urbana: motocicletas el\u00e9tricas para a vida na cidade","src":"https:\/\/i0.wp.com\/maratonadoconsumidor.com.br\/wp-content\/uploads\/2025\/11\/Design-sem-nome-2-2.jpg?fit=1200%2C800&ssl=1&resize=350%2C200","width":350,"height":200,"srcset":"https:\/\/i0.wp.com\/maratonadoconsumidor.com.br\/wp-content\/uploads\/2025\/11\/Design-sem-nome-2-2.jpg?fit=1200%2C800&ssl=1&resize=350%2C200 1x, https:\/\/i0.wp.com\/maratonadoconsumidor.com.br\/wp-content\/uploads\/2025\/11\/Design-sem-nome-2-2.jpg?fit=1200%2C800&ssl=1&resize=525%2C300 1.5x, https:\/\/i0.wp.com\/maratonadoconsumidor.com.br\/wp-content\/uploads\/2025\/11\/Design-sem-nome-2-2.jpg?fit=1200%2C800&ssl=1&resize=700%2C400 2x, https:\/\/i0.wp.com\/maratonadoconsumidor.com.br\/wp-content\/uploads\/2025\/11\/Design-sem-nome-2-2.jpg?fit=1200%2C800&ssl=1&resize=1050%2C600 3x"},"classes":[]},{"id":1234,"url":"https:\/\/maratonadoconsumidor.com.br\/en\/comprar-a-casa-propria-pelo-minha-casa-minha-vida-em-2026\/","url_meta":{"origin":1360,"position":5},"title":"Como Comprar a Casa Pr\u00f3pria pelo Minha Casa, Minha Vida em 2026: Regras e Valores","author":"Emilio de Vicente","date":"30 de March de 2026","format":false,"excerpt":"O sonho de conquistar a casa pr\u00f3pria \u00e9 uma das metas mais presentes no planejamento das fam\u00edlias brasileiras. Em 2026, esse objetivo ganhou novos contornos e facilidades com as recentes atualiza\u00e7\u00f5es do programa Minha Casa, Minha Vida (MCMV). Se voc\u00ea est\u00e1 monitorando o mercado imobili\u00e1rio, j\u00e1 deve ter percebido que\u2026","rel":"","context":"In &quot;Direitos&quot;","block_context":{"text":"Direitos","link":"https:\/\/maratonadoconsumidor.com.br\/en\/category\/direitos\/"},"img":{"alt_text":"Como Comprar a Casa Pr\u00f3pria pelo Minha Casa, Minha Vida em 2026: Regras e Valores","src":"https:\/\/i0.wp.com\/maratonadoconsumidor.com.br\/wp-content\/uploads\/2026\/03\/Design-sem-nome-12-2.jpg?fit=1200%2C800&ssl=1&resize=350%2C200","width":350,"height":200,"srcset":"https:\/\/i0.wp.com\/maratonadoconsumidor.com.br\/wp-content\/uploads\/2026\/03\/Design-sem-nome-12-2.jpg?fit=1200%2C800&ssl=1&resize=350%2C200 1x, https:\/\/i0.wp.com\/maratonadoconsumidor.com.br\/wp-content\/uploads\/2026\/03\/Design-sem-nome-12-2.jpg?fit=1200%2C800&ssl=1&resize=525%2C300 1.5x, https:\/\/i0.wp.com\/maratonadoconsumidor.com.br\/wp-content\/uploads\/2026\/03\/Design-sem-nome-12-2.jpg?fit=1200%2C800&ssl=1&resize=700%2C400 2x, https:\/\/i0.wp.com\/maratonadoconsumidor.com.br\/wp-content\/uploads\/2026\/03\/Design-sem-nome-12-2.jpg?fit=1200%2C800&ssl=1&resize=1050%2C600 3x"},"classes":[]}],"jetpack_sharing_enabled":true,"jetpack_likes_enabled":true,"_links":{"self":[{"href":"https:\/\/maratonadoconsumidor.com.br\/en\/wp-json\/wp\/v2\/posts\/1360","targetHints":{"allow":["GET"]}}],"collection":[{"href":"https:\/\/maratonadoconsumidor.com.br\/en\/wp-json\/wp\/v2\/posts"}],"about":[{"href":"https:\/\/maratonadoconsumidor.com.br\/en\/wp-json\/wp\/v2\/types\/post"}],"author":[{"embeddable":true,"href":"https:\/\/maratonadoconsumidor.com.br\/en\/wp-json\/wp\/v2\/users\/1"}],"replies":[{"embeddable":true,"href":"https:\/\/maratonadoconsumidor.com.br\/en\/wp-json\/wp\/v2\/comments?post=1360"}],"version-history":[{"count":1,"href":"https:\/\/maratonadoconsumidor.com.br\/en\/wp-json\/wp\/v2\/posts\/1360\/revisions"}],"predecessor-version":[{"id":1364,"href":"https:\/\/maratonadoconsumidor.com.br\/en\/wp-json\/wp\/v2\/posts\/1360\/revisions\/1364"}],"wp:featuredmedia":[{"embeddable":true,"href":"https:\/\/maratonadoconsumidor.com.br\/en\/wp-json\/wp\/v2\/media\/1361"}],"wp:attachment":[{"href":"https:\/\/maratonadoconsumidor.com.br\/en\/wp-json\/wp\/v2\/media?parent=1360"}],"wp:term":[{"taxonomy":"category","embeddable":true,"href":"https:\/\/maratonadoconsumidor.com.br\/en\/wp-json\/wp\/v2\/categories?post=1360"},{"taxonomy":"post_tag","embeddable":true,"href":"https:\/\/maratonadoconsumidor.com.br\/en\/wp-json\/wp\/v2\/tags?post=1360"}],"curies":[{"name":"wp","href":"https:\/\/api.w.org\/{rel}","templated":true}]}}