{"id":1289,"date":"2026-04-12T10:06:19","date_gmt":"2026-04-12T13:06:19","guid":{"rendered":"https:\/\/maratonadoconsumidor.com.br\/?p=1289"},"modified":"2026-04-12T10:06:24","modified_gmt":"2026-04-12T13:06:24","slug":"saiba-como-tirar-a-nova-carteira-de-identidade","status":"publish","type":"post","link":"https:\/\/maratonadoconsumidor.com.br\/en\/saiba-como-tirar-a-nova-carteira-de-identidade\/","title":{"rendered":"Saiba como tirar a nova carteira de identidade"},"content":{"rendered":"<p>A moderniza\u00e7\u00e3o tecnol\u00f3gica no Brasil alcan\u00e7ou um marco hist\u00f3rico com o lan\u00e7amento da\u00a0<strong>Carteira de Identidade Nacional (CIN)<\/strong>. <\/p>\n\n\n\n<p>Este novo documento n\u00e3o \u00e9 apenas uma mudan\u00e7a est\u00e9tica; ele representa a unifica\u00e7\u00e3o da identifica\u00e7\u00e3o civil em todo o territ\u00f3rio nacional, utilizando o\u00a0<strong>CPF como n\u00famero \u00fanico<\/strong>. <\/p>\n\n\n\n<p>Anteriormente, era poss\u00edvel que um cidad\u00e3o emitisse um RG diferente em cada um dos 27 estados, o que facilitava fraudes e gerava inconsist\u00eancias no banco de dados governamental.<\/p>\n\n\n\n<p>Com a implementa\u00e7\u00e3o da CIN, o Brasil se alinha a padr\u00f5es internacionais de seguran\u00e7a e durabilidade. <\/p>\n\n\n\n<p>A transi\u00e7\u00e3o para este novo modelo visa desburocratizar o acesso a servi\u00e7os p\u00fablicos, integrar informa\u00e7\u00f5es de sa\u00fade e sociais, e oferecer ao cidad\u00e3o uma vers\u00e3o digital robusta. <\/p>\n\n\n\n<p>Entender como realizar essa atualiza\u00e7\u00e3o \u00e9 fundamental para garantir que sua documenta\u00e7\u00e3o esteja em dia e pronta para as exig\u00eancias da era digital.<\/p>\n\n\n\n<h2 class=\"wp-block-heading\">O Que Mudou na Identidade Brasileira?<\/h2>\n\n\n\n<p>A principal transforma\u00e7\u00e3o \u00e9 o fim do n\u00famero de RG regional. <\/p>\n\n\n\n<p>Agora, o seu\u00a0<strong>Cadastro de Pessoa F\u00edsica (CPF)<\/strong>\u00a0\u00e9 o \u00fanico identificador necess\u00e1rio. <\/p>\n\n\n\n<p>Al\u00e9m disso, a nova carteira traz elementos de alta tecnologia, como um\u00a0<strong>QR Code de seguran\u00e7a<\/strong>, que permite a verifica\u00e7\u00e3o imediata da autenticidade do documento por autoridades e institui\u00e7\u00f5es financeiras, reduzindo drasticamente as chances de falsifica\u00e7\u00e3o.<\/p>\n\n\n\n<p>Outra novidade importante \u00e9 o suporte ao padr\u00e3o internacional&nbsp;<strong>MRZ (Machine Readable Zone)<\/strong>, o mesmo utilizado em passaportes. Isso significa que a CIN pode ser utilizada como documento de viagem oficial em pa\u00edses do Mercosul, facilitando o tr\u00e2nsito de brasileiros na regi\u00e3o.<\/p>\n\n\n\n<h2 class=\"wp-block-heading\">Prazo de Validade e Obrigatoriedade<\/h2>\n\n\n\n<p>Embora a nova carteira j\u00e1 esteja sendo emitida em larga escala, n\u00e3o h\u00e1 necessidade de correria imediata para os postos de atendimento. <\/p>\n\n\n\n<h3 class=\"wp-block-heading\">O\u00a0<strong>RG antigo continua v\u00e1lido at\u00e9 23 de fevereiro de 2032<\/strong>. <\/h3>\n\n\n\n<p>No entanto, para p\u00fablicos espec\u00edficos, como benefici\u00e1rios de programas sociais (aposentadoria, pens\u00e3o, Bolsa Fam\u00edlia e BPC), a obrigatoriedade de atualiza\u00e7\u00e3o pode ocorrer antes, com previs\u00f5es para\u00a0<strong>2027 ou 2028<\/strong>, visando a consolida\u00e7\u00e3o da base biom\u00e9trica nacional.<\/p>\n\n\n\n<p>Os prazos de validade do novo documento agora seguem uma escala baseada na idade do titular:<\/p>\n\n\n\n<ul class=\"wp-block-list\">\n<li><strong>0 a 11 anos:<\/strong>\u00a0Validade de 5 anos.<\/li>\n\n\n\n<li><strong>12 a 59 anos:<\/strong>\u00a0Validade de 10 anos.<\/li>\n\n\n\n<li><strong>Acima de 60 anos:<\/strong>\u00a0Validade indeterminada.<\/li>\n<\/ul>\n\n\n\n<figure class=\"wp-block-embed is-type-video is-provider-youtube wp-block-embed-youtube wp-embed-aspect-16-9 wp-has-aspect-ratio\"><div class=\"wp-block-embed__wrapper\">\n<iframe title=\"Como TIRAR A NOVA CARTEIRA DE IDENTIDADE NACIONAL (CIN) | PASSO A PASSO ATUALIZADO!\" width=\"960\" height=\"540\" src=\"https:\/\/www.youtube.com\/embed\/kzOpMWntWws?feature=oembed\" frameborder=\"0\" allow=\"accelerometer; autoplay; clipboard-write; encrypted-media; gyroscope; picture-in-picture; web-share\" referrerpolicy=\"strict-origin-when-cross-origin\" allowfullscreen><\/iframe>\n<\/div><\/figure>\n\n\n\n<h2 class=\"wp-block-heading\">Documenta\u00e7\u00e3o Necess\u00e1ria: Prepare-se com Anteced\u00eancia<\/h2>\n\n\n\n<p>Para garantir um atendimento \u00e1gil e sem imprevistos, \u00e9 essencial reunir os documentos corretos. A&nbsp;<strong>primeira via da CIN \u00e9 gratuita<\/strong>&nbsp;em todo o Brasil.<\/p>\n\n\n\n<p>Documentos Obrigat\u00f3rios<\/p>\n\n\n\n<ul class=\"wp-block-list\">\n<li><strong>CPF regularizado:<\/strong>\u00a0Caso voc\u00ea n\u00e3o tenha o n\u00famero ou ele esteja com pend\u00eancias, o sistema poder\u00e1 emitir ou regularizar no momento do atendimento em algumas localidades, mas o ideal \u00e9 verificar a situa\u00e7\u00e3o no site da Receita Federal previamente.<br><\/li>\n\n\n\n<li><strong>Certid\u00e3o de Nascimento ou Casamento:<\/strong>\u00a0Deve ser o documento original ou c\u00f3pia autenticada, em perfeito estado de conserva\u00e7\u00e3o (sem rasuras ou manchas).<br><\/li>\n\n\n\n<li><strong>Comprovante de Resid\u00eancia:<\/strong>\u00a0Conta de luz, \u00e1gua ou telefone recente.<\/li>\n<\/ul>\n\n\n\n<h3 class=\"wp-block-heading\">Itens Opcionais que Podem ser Inclu\u00eddos<\/h3>\n\n\n\n<p>Uma das grandes vantagens da nova identidade \u00e9 a possibilidade de &#8220;centralizar&#8221; outros dados. <br><br>Se desejar que estas informa\u00e7\u00f5es apare\u00e7am na vers\u00e3o digital (e em alguns casos na f\u00edsica), leve os comprovantes de:<\/p>\n\n\n\n<ul class=\"wp-block-list\">\n<li><strong>Tipo Sangu\u00edneo e Fator RH<\/strong>\u00a0(com laudo m\u00e9dico ou exame laboratorial).<\/li>\n\n\n\n<li><strong>Cart\u00e3o do SUS<\/strong>.<\/li>\n\n\n\n<li><strong>T\u00edtulo de Eleitor<\/strong>.<\/li>\n\n\n\n<li><strong>Carteira Nacional de Habilita\u00e7\u00e3o (CNH)<\/strong>.<\/li>\n\n\n\n<li><strong>Certificado Militar<\/strong>.<\/li>\n\n\n\n<li><strong>S\u00edmbolos de defici\u00eancias<\/strong>\u00a0(como o cord\u00e3o de girassol ou s\u00edmbolo do autismo), mediante laudo.<\/li>\n<\/ul>\n\n\n\n<h3 class=\"wp-block-heading\">Passo a Passo para Emitir sua Nova Identidade<\/h3>\n\n\n\n<p>O processo de emiss\u00e3o \u00e9 descentralizado, o que significa que cada estado possui seu pr\u00f3prio sistema de agendamento. <br><br>Siga este guia estruturado para n\u00e3o errar:<\/p>\n\n\n\n<ol class=\"wp-block-list\">\n<li><strong>Acesse o Portal Oficial do Governo:<\/strong>\u00a0O ponto de partida \u00e9 o site\u00a0<a href=\"https:\/\/www.gov.br\/governodigital\/pt-br\/identidade\/identificacao-do-cidadao-e-carteira-de-identidade-nacional\" target=\"_blank\" rel=\"noreferrer noopener\">gov.br\/identidade<\/a>, onde voc\u00ea encontrar\u00e1 a lista de links para os \u00f3rg\u00e3os emissores de cada estado.<br><\/li>\n\n\n\n<li><strong>Realize o Agendamento Online:<\/strong>\u00a0Procure pelo servi\u00e7o de &#8220;Identifica\u00e7\u00e3o Civil&#8221; ou &#8220;Carteira de Identidade Nacional&#8221;. Em estados como S\u00e3o Paulo, o servi\u00e7o \u00e9 feito pelo\u00a0<a href=\"https:\/\/www.poupatempo.sp.gov.br\/carta\/D97C3844-A2D9-4C9E-B364-CB4FEB26A1FB\" target=\"_blank\" rel=\"noreferrer noopener\">Poupatempo<\/a>; em Minas Gerais, pelo\u00a0<a href=\"https:\/\/www.mg.gov.br\/servico\/obter-carteira-de-identidade-nacional\" target=\"_blank\" rel=\"noreferrer noopener\">Portal MG<\/a>.<br><\/li>\n\n\n\n<li><strong>Compare\u00e7a ao Posto de Atendimento:<\/strong>\u00a0No dia e hora marcados, leve toda a documenta\u00e7\u00e3o f\u00edsica. A\u00a0<strong>fotografia \u00e9 tirada na hora<\/strong>\u00a0na maioria das unidades, dispensando a necessidade de levar fotos 3&#215;4 (exceto para crian\u00e7as de colo em certas localidades).<br><\/li>\n\n\n\n<li><strong>Coleta Biom\u00e9trica:<\/strong>\u00a0Ser\u00e3o coletadas suas impress\u00f5es digitais e assinatura digitalmente.<br><\/li>\n\n\n\n<li><strong>Recebimento e Ativa\u00e7\u00e3o Digital:<\/strong>\u00a0Ap\u00f3s o prazo estipulado (geralmente entre 5 a 15 dias \u00fateis), voc\u00ea poder\u00e1 retirar o documento f\u00edsico ou receb\u00ea-lo pelos Correios, dependendo do estado. Assim que tiver a via f\u00edsica em m\u00e3os, a\u00a0<strong>vers\u00e3o digital<\/strong>\u00a0estar\u00e1 dispon\u00edvel automaticamente no aplicativo\u00a0<a href=\"https:\/\/www.gov.br\/pt-br\/apps\/app-gov.br\" target=\"_blank\" rel=\"noreferrer noopener\">GOV.BR<\/a>.<\/li>\n<\/ol>\n\n\n\n<h2 class=\"wp-block-heading\">Inova\u00e7\u00f5es e Seguran\u00e7a Digital<\/h2>\n\n\n\n<p>Diferente do modelo antigo, a CIN nasce &#8220;digital-first&#8221;. Ao baixar o aplicativo oficial do governo, voc\u00ea ter\u00e1 acesso a um documento com a mesma validade jur\u00eddica da vers\u00e3o em papel ou policarbonato (cart\u00e3o). <br><br>A vers\u00e3o digital permite que voc\u00ea compartilhe seus dados de forma segura, ocultando informa\u00e7\u00f5es sens\u00edveis se necess\u00e1rio, e mantendo um hist\u00f3rico de quem acessou seus dados atrav\u00e9s do QR Code.<\/p>\n\n\n\n<p>Al\u00e9m disso, estados como o Rio Grande do Sul j\u00e1 disponibilizam aplicativos como o&nbsp;<a target=\"_blank\" rel=\"noreferrer noopener\" href=\"https:\/\/igp.rs.gov.br\/estado-emite-1-3-milhao-de-carteiras-de-identidade-em-2025\">Identidade F\u00e1cil<\/a>, que permitem iniciar o processo e anexar documentos antes mesmo de ir ao posto f\u00edsico, agilizando ainda mais o fluxo.<\/p>\n\n\n\n<figure class=\"wp-block-image size-large\"><img data-recalc-dims=\"1\" fetchpriority=\"high\" decoding=\"async\" width=\"960\" height=\"640\" src=\"https:\/\/i0.wp.com\/maratonadoconsumidor.com.br\/wp-content\/uploads\/2026\/04\/Design-sem-nome-5-2.jpg?resize=960%2C640&#038;ssl=1\" alt=\"Saiba como tirar a nova carteira de identidade\" class=\"wp-image-1291\" srcset=\"https:\/\/i0.wp.com\/maratonadoconsumidor.com.br\/wp-content\/uploads\/2026\/04\/Design-sem-nome-5-2.jpg?resize=1024%2C683&amp;ssl=1 1024w, https:\/\/i0.wp.com\/maratonadoconsumidor.com.br\/wp-content\/uploads\/2026\/04\/Design-sem-nome-5-2.jpg?resize=300%2C200&amp;ssl=1 300w, https:\/\/i0.wp.com\/maratonadoconsumidor.com.br\/wp-content\/uploads\/2026\/04\/Design-sem-nome-5-2.jpg?resize=768%2C512&amp;ssl=1 768w, https:\/\/i0.wp.com\/maratonadoconsumidor.com.br\/wp-content\/uploads\/2026\/04\/Design-sem-nome-5-2.jpg?resize=18%2C12&amp;ssl=1 18w, https:\/\/i0.wp.com\/maratonadoconsumidor.com.br\/wp-content\/uploads\/2026\/04\/Design-sem-nome-5-2.jpg?resize=150%2C100&amp;ssl=1 150w, https:\/\/i0.wp.com\/maratonadoconsumidor.com.br\/wp-content\/uploads\/2026\/04\/Design-sem-nome-5-2.jpg?resize=330%2C220&amp;ssl=1 330w, https:\/\/i0.wp.com\/maratonadoconsumidor.com.br\/wp-content\/uploads\/2026\/04\/Design-sem-nome-5-2.jpg?resize=420%2C280&amp;ssl=1 420w, https:\/\/i0.wp.com\/maratonadoconsumidor.com.br\/wp-content\/uploads\/2026\/04\/Design-sem-nome-5-2.jpg?resize=510%2C340&amp;ssl=1 510w, https:\/\/i0.wp.com\/maratonadoconsumidor.com.br\/wp-content\/uploads\/2026\/04\/Design-sem-nome-5-2.jpg?w=1200&amp;ssl=1 1200w\" sizes=\"(max-width: 960px) 100vw, 960px\" \/><\/figure>\n\n\n\n<h2 class=\"wp-block-heading\">Transforma\u00e7\u00e3o na Palma da M\u00e3o<\/h2>\n\n\n\n<p>Ter a nova Carteira de Identidade Nacional \u00e9 mais do que cumprir uma formalidade burocr\u00e1tica; \u00e9 integrar-se a um ecossistema de cidadania digital que respeita sua privacidade e protege sua identidade contra crimes cibern\u00e9ticos.<br><br> O esfor\u00e7o conjunto entre o governo federal e as gest\u00f5es estaduais j\u00e1 resultou na emiss\u00e3o de mais de\u00a0<strong>50 milh\u00f5es de documentos<\/strong>\u00a0at\u00e9 o in\u00edcio de 2026, consolidando a CIN como a espinha dorsal da identifica\u00e7\u00e3o no Brasil.<\/p>\n\n\n\n<p>N\u00e3o deixe para a \u00faltima hora. Embora o prazo final seja 2032, a conveni\u00eancia de ter um documento \u00fanico, seguro e aceito internacionalmente \u00e9 um benef\u00edcio que voc\u00ea pode usufruir hoje mesmo. <br><br>Organize sua certid\u00e3o, verifique seu CPF e agende seu atendimento. <br><br>A modernidade bate \u00e0 porta, e estar devidamente identificado \u00e9 o primeiro passo para uma vida civil mais simples, segura e conectada.<\/p>\n\n\n\n<h2 class=\"wp-block-heading\">D\u00favidas Frequentes sobre a Nova Identidade (FAQ)<\/h2>\n\n\n\n<p><strong>1. A primeira via da nova carteira \u00e9 realmente gratuita?<\/strong><br>Sim, a emiss\u00e3o da primeira via da&nbsp;<strong>CIN<\/strong>&nbsp;em papel ou formato digital \u00e9&nbsp;<strong>totalmente gratuita<\/strong>&nbsp;para todos os cidad\u00e3os brasileiros, independentemente da idade. A cobran\u00e7a de taxas s\u00f3 ocorre em casos de renova\u00e7\u00e3o por perda, extravio ou se o cidad\u00e3o optar pela vers\u00e3o em&nbsp;<strong>cart\u00e3o de policarbonato<\/strong>&nbsp;(pl\u00e1stico), que possui um custo de fabrica\u00e7\u00e3o variando por estado.<\/p>\n\n\n\n<p><strong>2. Preciso trocar meu RG antigo imediatamente?<\/strong><br>N\u00e3o h\u00e1 necessidade de pressa. O documento de identidade atual (RG tradicional) continuar\u00e1 sendo aceito em todo o territ\u00f3rio nacional at\u00e9&nbsp;<strong>23 de fevereiro de 2032<\/strong>. A recomenda\u00e7\u00e3o \u00e9 realizar a troca quando o seu documento atual estiver pr\u00f3ximo do vencimento ou se voc\u00ea precisar de um documento com maior seguran\u00e7a para viagens no&nbsp;<strong>Mercosul<\/strong>.<\/p>\n\n\n\n<p><strong>3. O que acontece se o meu CPF estiver irregular?<\/strong><br>Como o CPF \u00e9 o n\u00famero \u00fanico da nova identidade, \u00e9 obrigat\u00f3rio que ele esteja em situa\u00e7\u00e3o &#8220;Regular&#8221; na&nbsp;<strong>Receita Federal<\/strong>. Se houver pend\u00eancias (como falta de entrega de declara\u00e7\u00e3o de IR ou dados divergentes), o \u00f3rg\u00e3o emissor n\u00e3o conseguir\u00e1 gerar a nova carteira. Voc\u00ea pode consultar sua situa\u00e7\u00e3o no&nbsp;<a target=\"_blank\" rel=\"noreferrer noopener\" href=\"https:\/\/servicos.receita.fazenda.gov.br\/Servicos\/CPF\/ConsultaSituacao\/ConsultaPublica.asp\">site oficial da Receita Federal<\/a>.<\/p>\n\n\n\n<p><strong>4. Posso usar a nova identidade para viajar para o exterior?<\/strong><br>A nova CIN possui o c\u00f3digo&nbsp;<strong>MRZ<\/strong>, o mesmo padr\u00e3o dos passaportes, facilitando a leitura em guich\u00eas de migra\u00e7\u00e3o. No entanto, ela substitui o passaporte apenas em viagens para pa\u00edses do&nbsp;<strong>Mercosul<\/strong>&nbsp;(Argentina, Paraguai, Uruguai, entre outros). Para pa\u00edses fora desse bloco, como Estados Unidos ou na\u00e7\u00f5es da Europa, o&nbsp;<strong>passaporte oficial<\/strong>&nbsp;continua sendo obrigat\u00f3rio.<\/p>\n\n\n\n<p><strong>5. Como fa\u00e7o para ter a vers\u00e3o digital no celular?<\/strong><br>Ap\u00f3s receber o documento f\u00edsico, voc\u00ea deve baixar o aplicativo&nbsp;<strong>Gov.br<\/strong>&nbsp;(dispon\u00edvel para Android e iOS). Fa\u00e7a o login com sua conta prata ou ouro, acesse a aba &#8220;Carteira&#8221; e adicione a &#8220;Carteira de Identidade Nacional&#8221;. O sistema far\u00e1 a valida\u00e7\u00e3o atrav\u00e9s do&nbsp;<strong>QR Code<\/strong>&nbsp;impresso no verso da sua c\u00e9dula f\u00edsica.<\/p>\n\n\n\n<p><strong>6. Se eu mudar de estado, preciso fazer uma nova carteira?<\/strong><br>Uma das maiores vantagens da&nbsp;<strong>CIN<\/strong>&nbsp;\u00e9 ser um documento nacional. Diferente do antigo RG, onde voc\u00ea tinha um n\u00famero diferente para cada estado, agora o n\u00famero \u00e9 o seu&nbsp;<strong>CPF<\/strong>. Se voc\u00ea mudar de estado, n\u00e3o precisa emitir um novo documento, pois seus dados estar\u00e3o unificados no banco de dados federal.<\/p>\n\n\n\n<p><\/p>","protected":false},"excerpt":{"rendered":"<p>A moderniza\u00e7\u00e3o tecnol\u00f3gica no Brasil alcan\u00e7ou um marco hist\u00f3rico com o lan\u00e7amento da\u00a0Carteira de Identidade Nacional (CIN). Este novo documento n\u00e3o \u00e9 apenas uma mudan\u00e7a est\u00e9tica; ele representa a unifica\u00e7\u00e3o da identifica\u00e7\u00e3o civil em todo o territ\u00f3rio nacional, utilizando o\u00a0CPF como n\u00famero \u00fanico. Anteriormente, era poss\u00edvel que um cidad\u00e3o emitisse um RG diferente em cada<\/p>","protected":false},"author":1,"featured_media":1290,"comment_status":"open","ping_status":"open","sticky":false,"template":"","format":"standard","meta":{"_mbp_gutenberg_autopost":false,"jetpack_post_was_ever_published":false,"_jetpack_newsletter_access":"","_jetpack_dont_email_post_to_subs":false,"_jetpack_newsletter_tier_id":0,"_jetpack_memberships_contains_paywalled_content":false,"_jetpack_memberships_contains_paid_content":false,"footnotes":"","jetpack_publicize_message":"","jetpack_publicize_feature_enabled":true,"jetpack_social_post_already_shared":false,"jetpack_social_options":{"image_generator_settings":{"template":"highway","default_image_id":0,"font":"","enabled":false},"version":2}},"categories":[3],"tags":[268,267,265,269,266],"class_list":["post-1289","post","type-post","status-publish","format-standard","has-post-thumbnail","hentry","category-direitos","tag-agendamento-identidade-nacional","tag-cin","tag-cpf-numero-unico","tag-documento-de-identidade-digital","tag-nova-carteira-de-identidade"],"yoast_head":"<!-- This site is optimized with the Yoast SEO plugin v27.4 - https:\/\/yoast.com\/product\/yoast-seo-wordpress\/ -->\n<title>Saiba como tirar a nova carteira de identidade<\/title>\n<meta name=\"description\" content=\"Descubra como emitir a nova Carteira de Identidade Nacional (CIN). Guia completo com passo a passo, documentos necess\u00e1rios\" \/>\n<meta name=\"robots\" content=\"index, follow, max-snippet:-1, max-image-preview:large, max-video-preview:-1\" \/>\n<link rel=\"canonical\" href=\"https:\/\/maratonadoconsumidor.com.br\/en\/saiba-como-tirar-a-nova-carteira-de-identidade\/\" \/>\n<meta property=\"og:locale\" content=\"en_US\" \/>\n<meta property=\"og:type\" content=\"article\" \/>\n<meta property=\"og:title\" content=\"Saiba como tirar a nova carteira de identidade\" \/>\n<meta property=\"og:description\" content=\"Descubra como emitir a nova Carteira de Identidade Nacional (CIN). Guia completo com passo a passo, documentos necess\u00e1rios\" \/>\n<meta property=\"og:url\" content=\"https:\/\/maratonadoconsumidor.com.br\/en\/saiba-como-tirar-a-nova-carteira-de-identidade\/\" \/>\n<meta property=\"article:publisher\" content=\"https:\/\/www.facebook.com\/canaldomaratonadoconsumidor\" \/>\n<meta property=\"article:published_time\" content=\"2026-04-12T13:06:19+00:00\" \/>\n<meta property=\"article:modified_time\" content=\"2026-04-12T13:06:24+00:00\" \/>\n<meta property=\"og:image\" content=\"https:\/\/maratonadoconsumidor.com.br\/wp-content\/uploads\/2026\/04\/Design-sem-nome-6-1.jpg\" \/>\n\t<meta property=\"og:image:width\" content=\"1200\" \/>\n\t<meta property=\"og:image:height\" content=\"800\" \/>\n\t<meta property=\"og:image:type\" content=\"image\/jpeg\" \/>\n<meta name=\"author\" content=\"Emilio de Vicente\" \/>\n<meta name=\"twitter:card\" content=\"summary_large_image\" \/>\n<meta name=\"twitter:creator\" content=\"@MaratonadoCons1\" \/>\n<meta name=\"twitter:site\" content=\"@MaratonadoCons1\" \/>\n<meta name=\"twitter:label1\" content=\"Written by\" \/>\n\t<meta name=\"twitter:data1\" content=\"Emilio de Vicente\" \/>\n\t<meta name=\"twitter:label2\" content=\"Est. reading time\" \/>\n\t<meta name=\"twitter:data2\" content=\"8 minutes\" \/>\n<script type=\"application\/ld+json\" class=\"yoast-schema-graph\">{\"@context\":\"https:\\\/\\\/schema.org\",\"@graph\":[{\"@type\":\"Article\",\"@id\":\"https:\\\/\\\/maratonadoconsumidor.com.br\\\/saiba-como-tirar-a-nova-carteira-de-identidade\\\/#article\",\"isPartOf\":{\"@id\":\"https:\\\/\\\/maratonadoconsumidor.com.br\\\/saiba-como-tirar-a-nova-carteira-de-identidade\\\/\"},\"author\":{\"name\":\"Emilio de Vicente\",\"@id\":\"https:\\\/\\\/maratonadoconsumidor.com.br\\\/#\\\/schema\\\/person\\\/01c74586a582dc988d4334293f57343c\"},\"headline\":\"Saiba como tirar a nova carteira de identidade\",\"datePublished\":\"2026-04-12T13:06:19+00:00\",\"dateModified\":\"2026-04-12T13:06:24+00:00\",\"mainEntityOfPage\":{\"@id\":\"https:\\\/\\\/maratonadoconsumidor.com.br\\\/saiba-como-tirar-a-nova-carteira-de-identidade\\\/\"},\"wordCount\":1530,\"commentCount\":0,\"publisher\":{\"@id\":\"https:\\\/\\\/maratonadoconsumidor.com.br\\\/#organization\"},\"image\":{\"@id\":\"https:\\\/\\\/maratonadoconsumidor.com.br\\\/saiba-como-tirar-a-nova-carteira-de-identidade\\\/#primaryimage\"},\"thumbnailUrl\":\"https:\\\/\\\/i0.wp.com\\\/maratonadoconsumidor.com.br\\\/wp-content\\\/uploads\\\/2026\\\/04\\\/Design-sem-nome-6-1.jpg?fit=1200%2C800&ssl=1\",\"keywords\":[\"agendamento identidade nacional\",\"CIN\",\"CPF n\u00famero \u00fanico\",\"documento de identidade digital\",\"nova carteira de identidade\"],\"articleSection\":[\"Direitos\"],\"inLanguage\":\"en-US\",\"potentialAction\":[{\"@type\":\"CommentAction\",\"name\":\"Comment\",\"target\":[\"https:\\\/\\\/maratonadoconsumidor.com.br\\\/saiba-como-tirar-a-nova-carteira-de-identidade\\\/#respond\"]}]},{\"@type\":\"WebPage\",\"@id\":\"https:\\\/\\\/maratonadoconsumidor.com.br\\\/saiba-como-tirar-a-nova-carteira-de-identidade\\\/\",\"url\":\"https:\\\/\\\/maratonadoconsumidor.com.br\\\/saiba-como-tirar-a-nova-carteira-de-identidade\\\/\",\"name\":\"Saiba como tirar a nova carteira de identidade\",\"isPartOf\":{\"@id\":\"https:\\\/\\\/maratonadoconsumidor.com.br\\\/#website\"},\"primaryImageOfPage\":{\"@id\":\"https:\\\/\\\/maratonadoconsumidor.com.br\\\/saiba-como-tirar-a-nova-carteira-de-identidade\\\/#primaryimage\"},\"image\":{\"@id\":\"https:\\\/\\\/maratonadoconsumidor.com.br\\\/saiba-como-tirar-a-nova-carteira-de-identidade\\\/#primaryimage\"},\"thumbnailUrl\":\"https:\\\/\\\/i0.wp.com\\\/maratonadoconsumidor.com.br\\\/wp-content\\\/uploads\\\/2026\\\/04\\\/Design-sem-nome-6-1.jpg?fit=1200%2C800&ssl=1\",\"datePublished\":\"2026-04-12T13:06:19+00:00\",\"dateModified\":\"2026-04-12T13:06:24+00:00\",\"description\":\"Descubra como emitir a nova Carteira de Identidade Nacional (CIN). Guia completo com passo a passo, documentos necess\u00e1rios\",\"breadcrumb\":{\"@id\":\"https:\\\/\\\/maratonadoconsumidor.com.br\\\/saiba-como-tirar-a-nova-carteira-de-identidade\\\/#breadcrumb\"},\"inLanguage\":\"en-US\",\"potentialAction\":[{\"@type\":\"ReadAction\",\"target\":[\"https:\\\/\\\/maratonadoconsumidor.com.br\\\/saiba-como-tirar-a-nova-carteira-de-identidade\\\/\"]}]},{\"@type\":\"ImageObject\",\"inLanguage\":\"en-US\",\"@id\":\"https:\\\/\\\/maratonadoconsumidor.com.br\\\/saiba-como-tirar-a-nova-carteira-de-identidade\\\/#primaryimage\",\"url\":\"https:\\\/\\\/i0.wp.com\\\/maratonadoconsumidor.com.br\\\/wp-content\\\/uploads\\\/2026\\\/04\\\/Design-sem-nome-6-1.jpg?fit=1200%2C800&ssl=1\",\"contentUrl\":\"https:\\\/\\\/i0.wp.com\\\/maratonadoconsumidor.com.br\\\/wp-content\\\/uploads\\\/2026\\\/04\\\/Design-sem-nome-6-1.jpg?fit=1200%2C800&ssl=1\",\"width\":1200,\"height\":800,\"caption\":\"Saiba como tirar a nova carteira de identidade\"},{\"@type\":\"BreadcrumbList\",\"@id\":\"https:\\\/\\\/maratonadoconsumidor.com.br\\\/saiba-como-tirar-a-nova-carteira-de-identidade\\\/#breadcrumb\",\"itemListElement\":[{\"@type\":\"ListItem\",\"position\":1,\"name\":\"In\u00edcio\",\"item\":\"https:\\\/\\\/maratonadoconsumidor.com.br\\\/\"},{\"@type\":\"ListItem\",\"position\":2,\"name\":\"Saiba como tirar a nova carteira de identidade\"}]},{\"@type\":\"WebSite\",\"@id\":\"https:\\\/\\\/maratonadoconsumidor.com.br\\\/#website\",\"url\":\"https:\\\/\\\/maratonadoconsumidor.com.br\\\/\",\"name\":\"Maratona do Consumidor\",\"description\":\"\",\"publisher\":{\"@id\":\"https:\\\/\\\/maratonadoconsumidor.com.br\\\/#organization\"},\"potentialAction\":[{\"@type\":\"SearchAction\",\"target\":{\"@type\":\"EntryPoint\",\"urlTemplate\":\"https:\\\/\\\/maratonadoconsumidor.com.br\\\/?s={search_term_string}\"},\"query-input\":{\"@type\":\"PropertyValueSpecification\",\"valueRequired\":true,\"valueName\":\"search_term_string\"}}],\"inLanguage\":\"en-US\"},{\"@type\":\"Organization\",\"@id\":\"https:\\\/\\\/maratonadoconsumidor.com.br\\\/#organization\",\"name\":\"Maratona do Consumidor\",\"url\":\"https:\\\/\\\/maratonadoconsumidor.com.br\\\/\",\"logo\":{\"@type\":\"ImageObject\",\"inLanguage\":\"en-US\",\"@id\":\"https:\\\/\\\/maratonadoconsumidor.com.br\\\/#\\\/schema\\\/logo\\\/image\\\/\",\"url\":\"https:\\\/\\\/maratonadoconsumidor.com.br\\\/wp-content\\\/uploads\\\/2025\\\/06\\\/MARATONA-DO-CONSUMIDOR-160.png\",\"contentUrl\":\"https:\\\/\\\/maratonadoconsumidor.com.br\\\/wp-content\\\/uploads\\\/2025\\\/06\\\/MARATONA-DO-CONSUMIDOR-160.png\",\"width\":180,\"height\":60,\"caption\":\"Maratona do Consumidor\"},\"image\":{\"@id\":\"https:\\\/\\\/maratonadoconsumidor.com.br\\\/#\\\/schema\\\/logo\\\/image\\\/\"},\"sameAs\":[\"https:\\\/\\\/www.facebook.com\\\/canaldomaratonadoconsumidor\",\"https:\\\/\\\/x.com\\\/MaratonadoCons1\",\"https:\\\/\\\/www.instagram.com\\\/maratonadoconsumidor\\\/\",\"https:\\\/\\\/www.youtube.com\\\/@MaratonadoConsumidor\"]},{\"@type\":\"Person\",\"@id\":\"https:\\\/\\\/maratonadoconsumidor.com.br\\\/#\\\/schema\\\/person\\\/01c74586a582dc988d4334293f57343c\",\"name\":\"Emilio de Vicente\",\"image\":{\"@type\":\"ImageObject\",\"inLanguage\":\"en-US\",\"@id\":\"https:\\\/\\\/maratonadoconsumidor.com.br\\\/wp-content\\\/uploads\\\/2025\\\/09\\\/cropped-Captura-de-tela-2024-05-15-133101-96x96.png\",\"url\":\"https:\\\/\\\/maratonadoconsumidor.com.br\\\/wp-content\\\/uploads\\\/2025\\\/09\\\/cropped-Captura-de-tela-2024-05-15-133101-96x96.png\",\"contentUrl\":\"https:\\\/\\\/maratonadoconsumidor.com.br\\\/wp-content\\\/uploads\\\/2025\\\/09\\\/cropped-Captura-de-tela-2024-05-15-133101-96x96.png\",\"caption\":\"Emilio de Vicente\"},\"description\":\"Emilio de Vicente \u00e9 o autor e respons\u00e1vel pelos conte\u00fados do site Maratona do Consumidor, trazendo informa\u00e7\u00f5es atualizadas, an\u00e1lises profundas e artigos relevantes sobre diversos temas do cotidiano relacionados dicas, comparativos de produtos e pre\u00e7os, consumo inteligente, finan\u00e7as em geral e muito mais.\",\"sameAs\":[\"https:\\\/\\\/maratonadoconsumidor.com.br\"],\"url\":\"https:\\\/\\\/maratonadoconsumidor.com.br\\\/en\\\/author\\\/emilio\\\/\"}]}<\/script>\n<!-- \/ Yoast SEO plugin. -->","yoast_head_json":{"title":"Saiba como tirar a nova carteira de identidade","description":"Descubra como emitir a nova Carteira de Identidade Nacional (CIN). Guia completo com passo a passo, documentos necess\u00e1rios","robots":{"index":"index","follow":"follow","max-snippet":"max-snippet:-1","max-image-preview":"max-image-preview:large","max-video-preview":"max-video-preview:-1"},"canonical":"https:\/\/maratonadoconsumidor.com.br\/en\/saiba-como-tirar-a-nova-carteira-de-identidade\/","og_locale":"en_US","og_type":"article","og_title":"Saiba como tirar a nova carteira de identidade","og_description":"Descubra como emitir a nova Carteira de Identidade Nacional (CIN). Guia completo com passo a passo, documentos necess\u00e1rios","og_url":"https:\/\/maratonadoconsumidor.com.br\/en\/saiba-como-tirar-a-nova-carteira-de-identidade\/","article_publisher":"https:\/\/www.facebook.com\/canaldomaratonadoconsumidor","article_published_time":"2026-04-12T13:06:19+00:00","article_modified_time":"2026-04-12T13:06:24+00:00","og_image":[{"width":1200,"height":800,"url":"https:\/\/maratonadoconsumidor.com.br\/wp-content\/uploads\/2026\/04\/Design-sem-nome-6-1.jpg","type":"image\/jpeg"}],"author":"Emilio de Vicente","twitter_card":"summary_large_image","twitter_creator":"@MaratonadoCons1","twitter_site":"@MaratonadoCons1","twitter_misc":{"Written by":"Emilio de Vicente","Est. reading time":"8 minutes"},"schema":{"@context":"https:\/\/schema.org","@graph":[{"@type":"Article","@id":"https:\/\/maratonadoconsumidor.com.br\/saiba-como-tirar-a-nova-carteira-de-identidade\/#article","isPartOf":{"@id":"https:\/\/maratonadoconsumidor.com.br\/saiba-como-tirar-a-nova-carteira-de-identidade\/"},"author":{"name":"Emilio de Vicente","@id":"https:\/\/maratonadoconsumidor.com.br\/#\/schema\/person\/01c74586a582dc988d4334293f57343c"},"headline":"Saiba como tirar a nova carteira de identidade","datePublished":"2026-04-12T13:06:19+00:00","dateModified":"2026-04-12T13:06:24+00:00","mainEntityOfPage":{"@id":"https:\/\/maratonadoconsumidor.com.br\/saiba-como-tirar-a-nova-carteira-de-identidade\/"},"wordCount":1530,"commentCount":0,"publisher":{"@id":"https:\/\/maratonadoconsumidor.com.br\/#organization"},"image":{"@id":"https:\/\/maratonadoconsumidor.com.br\/saiba-como-tirar-a-nova-carteira-de-identidade\/#primaryimage"},"thumbnailUrl":"https:\/\/i0.wp.com\/maratonadoconsumidor.com.br\/wp-content\/uploads\/2026\/04\/Design-sem-nome-6-1.jpg?fit=1200%2C800&ssl=1","keywords":["agendamento identidade nacional","CIN","CPF n\u00famero \u00fanico","documento de identidade digital","nova carteira de identidade"],"articleSection":["Direitos"],"inLanguage":"en-US","potentialAction":[{"@type":"CommentAction","name":"Comment","target":["https:\/\/maratonadoconsumidor.com.br\/saiba-como-tirar-a-nova-carteira-de-identidade\/#respond"]}]},{"@type":"WebPage","@id":"https:\/\/maratonadoconsumidor.com.br\/saiba-como-tirar-a-nova-carteira-de-identidade\/","url":"https:\/\/maratonadoconsumidor.com.br\/saiba-como-tirar-a-nova-carteira-de-identidade\/","name":"Saiba como tirar a nova carteira de identidade","isPartOf":{"@id":"https:\/\/maratonadoconsumidor.com.br\/#website"},"primaryImageOfPage":{"@id":"https:\/\/maratonadoconsumidor.com.br\/saiba-como-tirar-a-nova-carteira-de-identidade\/#primaryimage"},"image":{"@id":"https:\/\/maratonadoconsumidor.com.br\/saiba-como-tirar-a-nova-carteira-de-identidade\/#primaryimage"},"thumbnailUrl":"https:\/\/i0.wp.com\/maratonadoconsumidor.com.br\/wp-content\/uploads\/2026\/04\/Design-sem-nome-6-1.jpg?fit=1200%2C800&ssl=1","datePublished":"2026-04-12T13:06:19+00:00","dateModified":"2026-04-12T13:06:24+00:00","description":"Descubra como emitir a nova Carteira de Identidade Nacional (CIN). Guia completo com passo a passo, documentos necess\u00e1rios","breadcrumb":{"@id":"https:\/\/maratonadoconsumidor.com.br\/saiba-como-tirar-a-nova-carteira-de-identidade\/#breadcrumb"},"inLanguage":"en-US","potentialAction":[{"@type":"ReadAction","target":["https:\/\/maratonadoconsumidor.com.br\/saiba-como-tirar-a-nova-carteira-de-identidade\/"]}]},{"@type":"ImageObject","inLanguage":"en-US","@id":"https:\/\/maratonadoconsumidor.com.br\/saiba-como-tirar-a-nova-carteira-de-identidade\/#primaryimage","url":"https:\/\/i0.wp.com\/maratonadoconsumidor.com.br\/wp-content\/uploads\/2026\/04\/Design-sem-nome-6-1.jpg?fit=1200%2C800&ssl=1","contentUrl":"https:\/\/i0.wp.com\/maratonadoconsumidor.com.br\/wp-content\/uploads\/2026\/04\/Design-sem-nome-6-1.jpg?fit=1200%2C800&ssl=1","width":1200,"height":800,"caption":"Saiba como tirar a nova carteira de identidade"},{"@type":"BreadcrumbList","@id":"https:\/\/maratonadoconsumidor.com.br\/saiba-como-tirar-a-nova-carteira-de-identidade\/#breadcrumb","itemListElement":[{"@type":"ListItem","position":1,"name":"In\u00edcio","item":"https:\/\/maratonadoconsumidor.com.br\/"},{"@type":"ListItem","position":2,"name":"Saiba como tirar a nova carteira de identidade"}]},{"@type":"WebSite","@id":"https:\/\/maratonadoconsumidor.com.br\/#website","url":"https:\/\/maratonadoconsumidor.com.br\/","name":"Maratona do Consumidor","description":"","publisher":{"@id":"https:\/\/maratonadoconsumidor.com.br\/#organization"},"potentialAction":[{"@type":"SearchAction","target":{"@type":"EntryPoint","urlTemplate":"https:\/\/maratonadoconsumidor.com.br\/?s={search_term_string}"},"query-input":{"@type":"PropertyValueSpecification","valueRequired":true,"valueName":"search_term_string"}}],"inLanguage":"en-US"},{"@type":"Organization","@id":"https:\/\/maratonadoconsumidor.com.br\/#organization","name":"Maratona do Consumidor","url":"https:\/\/maratonadoconsumidor.com.br\/","logo":{"@type":"ImageObject","inLanguage":"en-US","@id":"https:\/\/maratonadoconsumidor.com.br\/#\/schema\/logo\/image\/","url":"https:\/\/maratonadoconsumidor.com.br\/wp-content\/uploads\/2025\/06\/MARATONA-DO-CONSUMIDOR-160.png","contentUrl":"https:\/\/maratonadoconsumidor.com.br\/wp-content\/uploads\/2025\/06\/MARATONA-DO-CONSUMIDOR-160.png","width":180,"height":60,"caption":"Maratona do Consumidor"},"image":{"@id":"https:\/\/maratonadoconsumidor.com.br\/#\/schema\/logo\/image\/"},"sameAs":["https:\/\/www.facebook.com\/canaldomaratonadoconsumidor","https:\/\/x.com\/MaratonadoCons1","https:\/\/www.instagram.com\/maratonadoconsumidor\/","https:\/\/www.youtube.com\/@MaratonadoConsumidor"]},{"@type":"Person","@id":"https:\/\/maratonadoconsumidor.com.br\/#\/schema\/person\/01c74586a582dc988d4334293f57343c","name":"Emilio de Vicente","image":{"@type":"ImageObject","inLanguage":"en-US","@id":"https:\/\/maratonadoconsumidor.com.br\/wp-content\/uploads\/2025\/09\/cropped-Captura-de-tela-2024-05-15-133101-96x96.png","url":"https:\/\/maratonadoconsumidor.com.br\/wp-content\/uploads\/2025\/09\/cropped-Captura-de-tela-2024-05-15-133101-96x96.png","contentUrl":"https:\/\/maratonadoconsumidor.com.br\/wp-content\/uploads\/2025\/09\/cropped-Captura-de-tela-2024-05-15-133101-96x96.png","caption":"Emilio de Vicente"},"description":"Emilio de Vicente \u00e9 o autor e respons\u00e1vel pelos conte\u00fados do site Maratona do Consumidor, trazendo informa\u00e7\u00f5es atualizadas, an\u00e1lises profundas e artigos relevantes sobre diversos temas do cotidiano relacionados dicas, comparativos de produtos e pre\u00e7os, consumo inteligente, finan\u00e7as em geral e muito mais.","sameAs":["https:\/\/maratonadoconsumidor.com.br"],"url":"https:\/\/maratonadoconsumidor.com.br\/en\/author\/emilio\/"}]}},"jetpack_publicize_connections":[],"jetpack_featured_media_url":"https:\/\/i0.wp.com\/maratonadoconsumidor.com.br\/wp-content\/uploads\/2026\/04\/Design-sem-nome-6-1.jpg?fit=1200%2C800&ssl=1","jetpack-related-posts":[{"id":1113,"url":"https:\/\/maratonadoconsumidor.com.br\/en\/cnh-digital-como-ativar-no-celular-quem-pode-usar\/","url_meta":{"origin":1289,"position":0},"title":"CNH Digital: como ativar no celular, quem pode usar e quais s\u00e3o as vantagens?","author":"Emilio de Vicente","date":"15 de March de 2026","format":false,"excerpt":"A transforma\u00e7\u00e3o digital chegou tamb\u00e9m aos documentos pessoais no Brasil. Hoje, muitos servi\u00e7os p\u00fablicos podem ser acessados diretamente pelo celular, facilitando a vida da popula\u00e7\u00e3o e reduzindo burocracias. Um dos exemplos mais pr\u00e1ticos dessa moderniza\u00e7\u00e3o \u00e9 a CNH Digital, vers\u00e3o eletr\u00f4nica da Carteira Nacional de Habilita\u00e7\u00e3o que pode ser acessada\u2026","rel":"","context":"In &quot;Dicas&quot;","block_context":{"text":"Dicas","link":"https:\/\/maratonadoconsumidor.com.br\/en\/category\/dicas\/"},"img":{"alt_text":"CNH Digital: como ativar no celular, quem pode usar e quais s\u00e3o as vantagens?","src":"https:\/\/i0.wp.com\/maratonadoconsumidor.com.br\/wp-content\/uploads\/2026\/03\/Design-sem-nome-7.jpg?fit=1200%2C800&ssl=1&resize=350%2C200","width":350,"height":200,"srcset":"https:\/\/i0.wp.com\/maratonadoconsumidor.com.br\/wp-content\/uploads\/2026\/03\/Design-sem-nome-7.jpg?fit=1200%2C800&ssl=1&resize=350%2C200 1x, https:\/\/i0.wp.com\/maratonadoconsumidor.com.br\/wp-content\/uploads\/2026\/03\/Design-sem-nome-7.jpg?fit=1200%2C800&ssl=1&resize=525%2C300 1.5x, https:\/\/i0.wp.com\/maratonadoconsumidor.com.br\/wp-content\/uploads\/2026\/03\/Design-sem-nome-7.jpg?fit=1200%2C800&ssl=1&resize=700%2C400 2x, https:\/\/i0.wp.com\/maratonadoconsumidor.com.br\/wp-content\/uploads\/2026\/03\/Design-sem-nome-7.jpg?fit=1200%2C800&ssl=1&resize=1050%2C600 3x"},"classes":[]},{"id":651,"url":"https:\/\/maratonadoconsumidor.com.br\/en\/saiba-quais-sao-os-seus-direitos-apos-60-anos-de-idade\/","url_meta":{"origin":1289,"position":1},"title":"Saiba quais s\u00e3o os seus direitos ap\u00f3s 60 anos de idade \ud83e\uddd3\ud83d\udc75","author":"Emilio de Vicente","date":"7 de September de 2025","format":false,"excerpt":"Envelhecer no Brasil traz consigo n\u00e3o apenas novas fases da vida, mas tamb\u00e9m uma s\u00e9rie de direitos garantidos por lei que muitas vezes s\u00e3o pouco conhecidos pela popula\u00e7\u00e3o. A partir dos 60 anos, cidad\u00e3os passam a contar com amparo legal em \u00e1reas como sa\u00fade, transporte, lazer, previd\u00eancia e at\u00e9 prioridade\u2026","rel":"","context":"In &quot;Direitos&quot;","block_context":{"text":"Direitos","link":"https:\/\/maratonadoconsumidor.com.br\/en\/category\/direitos\/"},"img":{"alt_text":"Saiba quais s\u00e3o os seus direitos ap\u00f3s 60 anos de idade","src":"https:\/\/i0.wp.com\/maratonadoconsumidor.com.br\/wp-content\/uploads\/2025\/09\/Design-sem-nome-2.jpg?fit=1200%2C800&ssl=1&resize=350%2C200","width":350,"height":200,"srcset":"https:\/\/i0.wp.com\/maratonadoconsumidor.com.br\/wp-content\/uploads\/2025\/09\/Design-sem-nome-2.jpg?fit=1200%2C800&ssl=1&resize=350%2C200 1x, https:\/\/i0.wp.com\/maratonadoconsumidor.com.br\/wp-content\/uploads\/2025\/09\/Design-sem-nome-2.jpg?fit=1200%2C800&ssl=1&resize=525%2C300 1.5x, https:\/\/i0.wp.com\/maratonadoconsumidor.com.br\/wp-content\/uploads\/2025\/09\/Design-sem-nome-2.jpg?fit=1200%2C800&ssl=1&resize=700%2C400 2x, https:\/\/i0.wp.com\/maratonadoconsumidor.com.br\/wp-content\/uploads\/2025\/09\/Design-sem-nome-2.jpg?fit=1200%2C800&ssl=1&resize=1050%2C600 3x"},"classes":[]},{"id":1048,"url":"https:\/\/maratonadoconsumidor.com.br\/en\/idosos-de-60-anos-podem-ter-isencao-de-iptu-e-conta-de-energia\/","url_meta":{"origin":1289,"position":2},"title":"Idosos Acima de 60 Anos Podem Ter Isen\u00e7\u00e3o de IPTU e Conta de Energia: Veja Como Solicitar","author":"Emilio de Vicente","date":"8 de March de 2026","format":false,"excerpt":"Um direito que muitos idosos ainda desconhecem Com o avan\u00e7o da idade, muitas pessoas passam a enfrentar novos desafios financeiros. A aposentadoria, em muitos casos, reduz a renda mensal, enquanto despesas fixas como alimenta\u00e7\u00e3o, medicamentos, transporte e moradia continuam aumentando. Nesse cen\u00e1rio, conhecer benef\u00edcios garantidos por lei pode fazer uma\u2026","rel":"","context":"In &quot;Direitos&quot;","block_context":{"text":"Direitos","link":"https:\/\/maratonadoconsumidor.com.br\/en\/category\/direitos\/"},"img":{"alt_text":"Idosos Acima de 60 Anos Podem Ter Isen\u00e7\u00e3o de IPTU e Conta de Energia: Veja Como Solicitar","src":"https:\/\/i0.wp.com\/maratonadoconsumidor.com.br\/wp-content\/uploads\/2026\/03\/Design-sem-nome-2.jpg?fit=1200%2C800&ssl=1&resize=350%2C200","width":350,"height":200,"srcset":"https:\/\/i0.wp.com\/maratonadoconsumidor.com.br\/wp-content\/uploads\/2026\/03\/Design-sem-nome-2.jpg?fit=1200%2C800&ssl=1&resize=350%2C200 1x, https:\/\/i0.wp.com\/maratonadoconsumidor.com.br\/wp-content\/uploads\/2026\/03\/Design-sem-nome-2.jpg?fit=1200%2C800&ssl=1&resize=525%2C300 1.5x, https:\/\/i0.wp.com\/maratonadoconsumidor.com.br\/wp-content\/uploads\/2026\/03\/Design-sem-nome-2.jpg?fit=1200%2C800&ssl=1&resize=700%2C400 2x, https:\/\/i0.wp.com\/maratonadoconsumidor.com.br\/wp-content\/uploads\/2026\/03\/Design-sem-nome-2.jpg?fit=1200%2C800&ssl=1&resize=1050%2C600 3x"},"classes":[]},{"id":661,"url":"https:\/\/maratonadoconsumidor.com.br\/en\/quais-sao-os-direitos-primordiais-para-adquirir-a-aposentadoria\/","url_meta":{"origin":1289,"position":3},"title":"\ud83c\udfdb\ufe0f Quais s\u00e3o os direitos primordiais para adquirir a aposentadoria?","author":"Emilio de Vicente","date":"10 de September de 2025","format":false,"excerpt":"A aposentadoria \u00e9 uma das maiores conquistas do trabalhador, pois representa o resultado de anos de esfor\u00e7o e dedica\u00e7\u00e3o. Por\u00e9m, para alcan\u00e7ar esse direito com tranquilidade, \u00e9 fundamental compreender quais s\u00e3o os requisitos exigidos pela legisla\u00e7\u00e3o brasileira e como se preparar para cada etapa. Muitas pessoas ainda t\u00eam d\u00favidas sobre\u2026","rel":"","context":"In &quot;Direitos&quot;","block_context":{"text":"Direitos","link":"https:\/\/maratonadoconsumidor.com.br\/en\/category\/direitos\/"},"img":{"alt_text":"Quais s\u00e3o os direitos primordiais para adquirir a aposentadoria?","src":"https:\/\/i0.wp.com\/maratonadoconsumidor.com.br\/wp-content\/uploads\/2025\/09\/Design-sem-nome-5.jpg?fit=1200%2C800&ssl=1&resize=350%2C200","width":350,"height":200,"srcset":"https:\/\/i0.wp.com\/maratonadoconsumidor.com.br\/wp-content\/uploads\/2025\/09\/Design-sem-nome-5.jpg?fit=1200%2C800&ssl=1&resize=350%2C200 1x, https:\/\/i0.wp.com\/maratonadoconsumidor.com.br\/wp-content\/uploads\/2025\/09\/Design-sem-nome-5.jpg?fit=1200%2C800&ssl=1&resize=525%2C300 1.5x, https:\/\/i0.wp.com\/maratonadoconsumidor.com.br\/wp-content\/uploads\/2025\/09\/Design-sem-nome-5.jpg?fit=1200%2C800&ssl=1&resize=700%2C400 2x, https:\/\/i0.wp.com\/maratonadoconsumidor.com.br\/wp-content\/uploads\/2025\/09\/Design-sem-nome-5.jpg?fit=1200%2C800&ssl=1&resize=1050%2C600 3x"},"classes":[]},{"id":873,"url":"https:\/\/maratonadoconsumidor.com.br\/en\/pagamento-extra-do-pis-pasep-comeca-neste-sabado\/","url_meta":{"origin":1289,"position":4},"title":"Pagamento extra do PIS\/Pasep come\u00e7a neste s\u00e1bado; saiba como consultar","author":"Emilio de Vicente","date":"14 de November de 2025","format":false,"excerpt":"A libera\u00e7\u00e3o de um pagamento extra do PIS\/Pasep movimenta milh\u00f5es de trabalhadores todos os anos e quando um lote extraordin\u00e1rio \u00e9 liberado, cresce tamb\u00e9m a expectativa por informa\u00e7\u00f5es claras, atualizadas e simples de entender. Para quem depende desse recurso para equilibrar o or\u00e7amento, quitar d\u00edvidas ou refor\u00e7ar a reserva financeira,\u2026","rel":"","context":"In &quot;Direitos&quot;","block_context":{"text":"Direitos","link":"https:\/\/maratonadoconsumidor.com.br\/en\/category\/direitos\/"},"img":{"alt_text":"Pagamento extra do PIS\/Pasep come\u00e7a neste s\u00e1bado; saiba como consultar","src":"https:\/\/i0.wp.com\/maratonadoconsumidor.com.br\/wp-content\/uploads\/2025\/11\/Design-sem-nome-6-1.jpg?fit=1200%2C800&ssl=1&resize=350%2C200","width":350,"height":200,"srcset":"https:\/\/i0.wp.com\/maratonadoconsumidor.com.br\/wp-content\/uploads\/2025\/11\/Design-sem-nome-6-1.jpg?fit=1200%2C800&ssl=1&resize=350%2C200 1x, https:\/\/i0.wp.com\/maratonadoconsumidor.com.br\/wp-content\/uploads\/2025\/11\/Design-sem-nome-6-1.jpg?fit=1200%2C800&ssl=1&resize=525%2C300 1.5x, https:\/\/i0.wp.com\/maratonadoconsumidor.com.br\/wp-content\/uploads\/2025\/11\/Design-sem-nome-6-1.jpg?fit=1200%2C800&ssl=1&resize=700%2C400 2x, https:\/\/i0.wp.com\/maratonadoconsumidor.com.br\/wp-content\/uploads\/2025\/11\/Design-sem-nome-6-1.jpg?fit=1200%2C800&ssl=1&resize=1050%2C600 3x"},"classes":[]},{"id":555,"url":"https:\/\/maratonadoconsumidor.com.br\/en\/comprar-e-vender-imoveis-saiba-quais-os-documentos\/","url_meta":{"origin":1289,"position":5},"title":"\ud83c\udfe0 Comprar e Vender Im\u00f3veis: Saiba Quais os Documentos Envolvidos nas Transa\u00e7\u00f5es","author":"Emilio de Vicente","date":"12 de July de 2025","format":false,"excerpt":"Adquirir ou vender um im\u00f3vel \u00e9 uma das decis\u00f5es financeiras mais importantes na vida de qualquer pessoa. Seja para morar, investir ou diversificar o patrim\u00f4nio, o processo envolve cuidados jur\u00eddicos, fiscais e burocr\u00e1ticos que exigem aten\u00e7\u00e3o redobrada. Para garantir uma negocia\u00e7\u00e3o segura e evitar problemas futuros, conhecer os documentos exigidos\u2026","rel":"","context":"In &quot;Direitos&quot;","block_context":{"text":"Direitos","link":"https:\/\/maratonadoconsumidor.com.br\/en\/category\/direitos\/"},"img":{"alt_text":"Comprar e Vender Im\u00f3veis: Saiba Quais os Documentos Envolvidos nas Transa\u00e7\u00f5es","src":"https:\/\/i0.wp.com\/maratonadoconsumidor.com.br\/wp-content\/uploads\/2025\/07\/Design-sem-nome-2025-07-12T144605.596.jpg?fit=1200%2C738&ssl=1&resize=350%2C200","width":350,"height":200,"srcset":"https:\/\/i0.wp.com\/maratonadoconsumidor.com.br\/wp-content\/uploads\/2025\/07\/Design-sem-nome-2025-07-12T144605.596.jpg?fit=1200%2C738&ssl=1&resize=350%2C200 1x, https:\/\/i0.wp.com\/maratonadoconsumidor.com.br\/wp-content\/uploads\/2025\/07\/Design-sem-nome-2025-07-12T144605.596.jpg?fit=1200%2C738&ssl=1&resize=525%2C300 1.5x, https:\/\/i0.wp.com\/maratonadoconsumidor.com.br\/wp-content\/uploads\/2025\/07\/Design-sem-nome-2025-07-12T144605.596.jpg?fit=1200%2C738&ssl=1&resize=700%2C400 2x, https:\/\/i0.wp.com\/maratonadoconsumidor.com.br\/wp-content\/uploads\/2025\/07\/Design-sem-nome-2025-07-12T144605.596.jpg?fit=1200%2C738&ssl=1&resize=1050%2C600 3x"},"classes":[]}],"jetpack_sharing_enabled":true,"jetpack_likes_enabled":true,"_links":{"self":[{"href":"https:\/\/maratonadoconsumidor.com.br\/en\/wp-json\/wp\/v2\/posts\/1289","targetHints":{"allow":["GET"]}}],"collection":[{"href":"https:\/\/maratonadoconsumidor.com.br\/en\/wp-json\/wp\/v2\/posts"}],"about":[{"href":"https:\/\/maratonadoconsumidor.com.br\/en\/wp-json\/wp\/v2\/types\/post"}],"author":[{"embeddable":true,"href":"https:\/\/maratonadoconsumidor.com.br\/en\/wp-json\/wp\/v2\/users\/1"}],"replies":[{"embeddable":true,"href":"https:\/\/maratonadoconsumidor.com.br\/en\/wp-json\/wp\/v2\/comments?post=1289"}],"version-history":[{"count":1,"href":"https:\/\/maratonadoconsumidor.com.br\/en\/wp-json\/wp\/v2\/posts\/1289\/revisions"}],"predecessor-version":[{"id":1293,"href":"https:\/\/maratonadoconsumidor.com.br\/en\/wp-json\/wp\/v2\/posts\/1289\/revisions\/1293"}],"wp:featuredmedia":[{"embeddable":true,"href":"https:\/\/maratonadoconsumidor.com.br\/en\/wp-json\/wp\/v2\/media\/1290"}],"wp:attachment":[{"href":"https:\/\/maratonadoconsumidor.com.br\/en\/wp-json\/wp\/v2\/media?parent=1289"}],"wp:term":[{"taxonomy":"category","embeddable":true,"href":"https:\/\/maratonadoconsumidor.com.br\/en\/wp-json\/wp\/v2\/categories?post=1289"},{"taxonomy":"post_tag","embeddable":true,"href":"https:\/\/maratonadoconsumidor.com.br\/en\/wp-json\/wp\/v2\/tags?post=1289"}],"curies":[{"name":"wp","href":"https:\/\/api.w.org\/{rel}","templated":true}]}}