{"id":1280,"date":"2026-04-05T16:58:03","date_gmt":"2026-04-05T19:58:03","guid":{"rendered":"https:\/\/maratonadoconsumidor.com.br\/?p=1280"},"modified":"2026-04-05T16:58:10","modified_gmt":"2026-04-05T19:58:10","slug":"50-contra-o-etarismo-o-despertar-de-uma-forca-invisivel","status":"publish","type":"post","link":"https:\/\/maratonadoconsumidor.com.br\/en\/50-contra-o-etarismo-o-despertar-de-uma-forca-invisivel\/","title":{"rendered":"50+ contra o Etarismo: O Despertar de uma For\u00e7a Invis\u00edvel no Mercado"},"content":{"rendered":"<p>O mundo est\u00e1 envelhecendo, mas n\u00e3o da forma que os estere\u00f3tipos de d\u00e9cadas passadas sugeriam. <\/p>\n\n\n\n<p>Estamos vivendo a\u00a0<strong>Economia Prateada<\/strong>, um fen\u00f4meno global onde a longevidade redefine o consumo, a produtividade e as rela\u00e7\u00f5es sociais. <\/p>\n\n\n\n<p>No entanto, um obst\u00e1culo silencioso ainda freia esse avan\u00e7o: o\u00a0<strong>etarismo<\/strong>\u00a0(ou ageismo).<\/p>\n\n\n\n<p>Embora a experi\u00eancia seja um ativo valioso, muitos profissionais acima dos 50 anos enfrentam barreiras invis\u00edveis em processos seletivos e promo\u00e7\u00f5es. <\/p>\n\n\n\n<p>Mas o cen\u00e1rio est\u00e1 mudando. Empresas que ignoram o talento s\u00eanior est\u00e3o, literalmente, perdendo dinheiro e capacidade de inova\u00e7\u00e3o. <\/p>\n\n\n\n<p>Vamos mergulhar no estado atual do mercado e entender como a maturidade est\u00e1 virando o jogo.<\/p>\n\n\n\n<h2 class=\"wp-block-heading\">O Raio-X do Mercado: Entre o Preconceito e a Necessidade<\/h2>\n\n\n\n<p>Atualmente, o Brasil possui mais de 54 milh\u00f5es de pessoas com 50 anos ou mais. <\/p>\n\n\n\n<p>Segundo dados do\u00a0IBGE, essa parcela da popula\u00e7\u00e3o n\u00e3o apenas cresce em n\u00famero, mas tamb\u00e9m em poder de compra e desejo de perman\u00eancia na for\u00e7a de trabalho.<\/p>\n\n\n\n<p>O\u00a0<strong>mercado de trabalho<\/strong>\u00a0atual vive uma contradi\u00e7\u00e3o: enquanto faltam talentos qualificados em diversas \u00e1reas, profissionais experientes s\u00e3o descartados por vieses inconscientes. <\/p>\n\n\n\n<p>O etarismo se manifesta na ideia equivocada de que o s\u00eanior \u00e9 &#8220;caro demais&#8221;, &#8220;dif\u00edcil de treinar&#8221; ou &#8220;desatualizado tecnologicamente&#8221;.<\/p>\n\n\n\n<p>Por outro lado, o movimento\u00a0<strong>ESG<\/strong>\u00a0(Environmental, Social, and Governance) tem for\u00e7ado as corpora\u00e7\u00f5es a olharem para a\u00a0<strong>diversidade geracional<\/strong>.<\/p>\n\n\n\n<p> A inclus\u00e3o 50+ deixou de ser uma pauta filantr\u00f3pica para se tornar uma estrat\u00e9gia de sobreviv\u00eancia e intelig\u00eancia competitiva.<\/p>\n\n\n\n<h2 class=\"wp-block-heading\">Por que a Diversidade Geracional \u00e9 o Novo Ouro das Empresas?<\/h2>\n\n\n\n<p>A conviv\u00eancia entre a Gera\u00e7\u00e3o Z e os Baby Boomers cria um ambiente de&nbsp;<strong>aprendizado m\u00fatuo<\/strong>. Enquanto os mais jovens trazem o dom\u00ednio nativo do digital, os 50+ oferecem:<\/p>\n\n\n\n<ul class=\"wp-block-list\">\n<li><strong>Soft Skills Aprimoradas:<\/strong>\u00a0Intelig\u00eancia emocional, resili\u00eancia e capacidade de media\u00e7\u00e3o de conflitos.<\/li>\n\n\n\n<li><strong>Vis\u00e3o Sist\u00eamica:<\/strong>\u00a0A experi\u00eancia acumulada permite prever riscos que olhos menos treinados deixariam passar.<\/li>\n\n\n\n<li><strong>Lealdade \u00e0 Marca:<\/strong>\u00a0Profissionais maduros tendem a ter menor rotatividade (<em>turnover<\/em>), buscando estabilidade e prop\u00f3sito.<\/li>\n\n\n\n<li><strong>Conex\u00e3o com o Consumidor:<\/strong>\u00a0Quem melhor para entender os desejos do p\u00fablico 50+ (que det\u00e9m grande parte do PIB) do que algu\u00e9m que faz parte dele?<\/li>\n<\/ul>\n\n\n\n<h2 class=\"wp-block-heading\">O Movimento do &#8220;Lifelong Learning&#8221; e a Atualiza\u00e7\u00e3o Tecnol\u00f3gica<\/h2>\n\n\n\n<p>Um dos maiores mitos contra o profissional 50+ \u00e9 a suposta avers\u00e3o \u00e0 tecnologia. O conceito de\u00a0<strong>Lifelong Learning<\/strong>\u00a0(aprendizado ao longo da vida) nunca foi t\u00e3o vital. <\/p>\n\n\n\n<p>O mercado hoje valoriza a\u00a0<strong>adaptabilidade<\/strong>\u00a0acima do diploma est\u00e1tico.<\/p>\n\n\n\n<p>Plataformas como o\u00a0<a href=\"https:\/\/www.linkedin.com\/learning\/\" target=\"_blank\" rel=\"noreferrer noopener\">LinkedIn Learning<\/a>\u00a0e programas espec\u00edficos de requalifica\u00e7\u00e3o (reskilling) mostram que a plasticidade cerebral n\u00e3o tem prazo de validade. <\/p>\n\n\n\n<p>O profissional que une o\u00a0<strong>conhecimento t\u00e9cnico<\/strong>\u00a0hist\u00f3rico com a flu\u00eancia em\u00a0<strong>IA generativa<\/strong>\u00a0e ferramentas de colabora\u00e7\u00e3o digital torna-se imbat\u00edvel.<\/p>\n\n\n\n<figure class=\"wp-block-image size-large\"><img data-recalc-dims=\"1\" fetchpriority=\"high\" decoding=\"async\" width=\"960\" height=\"640\" src=\"https:\/\/i0.wp.com\/maratonadoconsumidor.com.br\/wp-content\/uploads\/2026\/04\/Design-sem-nome-2.jpg?resize=960%2C640&#038;ssl=1\" alt=\"50+ contra o Etarismo: O Despertar de uma For\u00e7a Invis\u00edvel no Mercado\" class=\"wp-image-1282\" srcset=\"https:\/\/i0.wp.com\/maratonadoconsumidor.com.br\/wp-content\/uploads\/2026\/04\/Design-sem-nome-2.jpg?resize=1024%2C683&amp;ssl=1 1024w, https:\/\/i0.wp.com\/maratonadoconsumidor.com.br\/wp-content\/uploads\/2026\/04\/Design-sem-nome-2.jpg?resize=300%2C200&amp;ssl=1 300w, https:\/\/i0.wp.com\/maratonadoconsumidor.com.br\/wp-content\/uploads\/2026\/04\/Design-sem-nome-2.jpg?resize=768%2C512&amp;ssl=1 768w, https:\/\/i0.wp.com\/maratonadoconsumidor.com.br\/wp-content\/uploads\/2026\/04\/Design-sem-nome-2.jpg?resize=18%2C12&amp;ssl=1 18w, https:\/\/i0.wp.com\/maratonadoconsumidor.com.br\/wp-content\/uploads\/2026\/04\/Design-sem-nome-2.jpg?resize=150%2C100&amp;ssl=1 150w, https:\/\/i0.wp.com\/maratonadoconsumidor.com.br\/wp-content\/uploads\/2026\/04\/Design-sem-nome-2.jpg?resize=330%2C220&amp;ssl=1 330w, https:\/\/i0.wp.com\/maratonadoconsumidor.com.br\/wp-content\/uploads\/2026\/04\/Design-sem-nome-2.jpg?resize=420%2C280&amp;ssl=1 420w, https:\/\/i0.wp.com\/maratonadoconsumidor.com.br\/wp-content\/uploads\/2026\/04\/Design-sem-nome-2.jpg?resize=510%2C340&amp;ssl=1 510w, https:\/\/i0.wp.com\/maratonadoconsumidor.com.br\/wp-content\/uploads\/2026\/04\/Design-sem-nome-2.jpg?w=1200&amp;ssl=1 1200w\" sizes=\"(max-width: 960px) 100vw, 960px\" \/><\/figure>\n\n\n\n<h2 class=\"wp-block-heading\">Passo a Passo: Como se Reposicionar no Mercado aos 50+<\/h2>\n\n\n\n<p>Se voc\u00ea sente que sua carreira estagnou ou deseja transitar para uma nova \u00e1rea, siga este roteiro estrat\u00e9gico para vencer as barreiras do mercado:<\/p>\n\n\n\n<ol class=\"wp-block-list\">\n<li><strong>Auditoria de Compet\u00eancias:<\/strong>\u00a0Liste suas habilidades t\u00e9cnicas e, principalmente, suas habilidades comportamentais. O que voc\u00ea resolve que ningu\u00e9m mais resolve?<br><\/li>\n\n\n\n<li><strong>Atualiza\u00e7\u00e3o Digital Direcionada:<\/strong>\u00a0N\u00e3o tente aprender tudo. Foque nas ferramentas que s\u00e3o padr\u00e3o na sua \u00e1rea de atua\u00e7\u00e3o hoje (SaaS, CRMs, ferramentas de an\u00e1lise de dados).<br><\/li>\n\n\n\n<li><strong>Otimiza\u00e7\u00e3o do Perfil Profissional:<\/strong>\u00a0Seu curr\u00edculo e LinkedIn n\u00e3o devem ser um museu. Destaque seus\u00a0<strong>resultados recentes<\/strong>\u00a0e use palavras-chave que os recrutadores buscam. Evite datas muito antigas de forma\u00e7\u00e3o se sentir que isso gera vi\u00e9s imediato.<br><\/li>\n\n\n\n<li><strong>Networking Ativo:<\/strong>\u00a0A maioria das vagas para cargos seniores n\u00e3o chega aos portais de emprego; elas s\u00e3o preenchidas por indica\u00e7\u00e3o. Reative seus contatos e participe de eventos (presenciais e online) de inova\u00e7\u00e3o.<br><\/li>\n\n\n\n<li><strong>Mentoria Reversa:<\/strong>\u00a0Esteja aberto a aprender com os mais jovens. Isso demonstra humildade intelectual e agilidade cultural, duas caracter\u00edsticas altamente valorizadas.<\/li>\n<\/ol>\n\n\n\n<h2 class=\"wp-block-heading\">O Papel das Consultorias Especializadas<\/h2>\n\n\n\n<p>Felizmente, j\u00e1 existem iniciativas focadas exclusivamente em conectar talentos maduros a empresas conscientes. Organiza\u00e7\u00f5es como a&nbsp;Maturijobs&nbsp;fazem um trabalho essencial de curadoria e capacita\u00e7\u00e3o, provando que o&nbsp;<strong>trabalho 50+<\/strong>&nbsp;\u00e9 vi\u00e1vel, lucrativo e necess\u00e1rio.<\/p>\n\n\n\n<p>Diferente do passado, o consumidor\u00a0<strong>50+ atual<\/strong>\u00a0\u00e9 digital, financeiramente est\u00e1vel e busca ativamente qualidade de vida. Estamos falando de um mercado que movimenta trilh\u00f5es de reais anualmente e que, apesar disso, ainda \u00e9 amplamente negligenciado pelas estrat\u00e9gias de <a href=\"https:\/\/maratonadoconsumidor.com.br\/en\/inteligencia-artificial-redefine-a-produtividade-e-os-custos\/\" type=\"post\" id=\"1244\" target=\"_blank\" rel=\"noreferrer noopener\">marketing<\/a> tradicionais.<\/p>\n\n\n\n<h3 class=\"wp-block-heading\">Setores em Alta: Onde Est\u00e3o as Reais Chances de Neg\u00f3cio?<\/h3>\n\n\n\n<p>A diversidade dentro desse p\u00fablico exige solu\u00e7\u00f5es personalizadas. Se voc\u00ea busca empreender ou expandir sua marca, estes s\u00e3o os setores com maior potencial:<\/p>\n\n\n\n<ul class=\"wp-block-list\">\n<li><strong>Sa\u00fade e Bem-estar Proativo:<\/strong>\u00a0O foco mudou do tratamento para a preven\u00e7\u00e3o e\u00a0<strong>longevidade ativa<\/strong>. H\u00e1 uma demanda crescente por suplementos, gin\u00e1stica cerebral, apps de sa\u00fade e servi\u00e7os de telemedicina.<br><\/li>\n\n\n\n<li><strong>Turismo de Experi\u00eancia:<\/strong>\u00a0Esque\u00e7a as excurs\u00f5es engessadas. O p\u00fablico s\u00eanior busca\u00a0<strong>viagens de luxo<\/strong>, aventura com seguran\u00e7a e roteiros culturais que ofere\u00e7am valor duradouro e conex\u00f5es emocionais.<br><\/li>\n\n\n\n<li><strong>Educa\u00e7\u00e3o e &#8220;Reskilling&#8221;:<\/strong>\u00a0O conceito de\u00a0<strong>lifelong learning<\/strong>\u00a0(aprendizado cont\u00ednuo) \u00e9 forte. Existe um nicho gigante para cursos de tecnologia, novas profiss\u00f5es e hobbies, j\u00e1 que muitos desejam iniciar uma segunda carreira ou empreender.<br><\/li>\n\n\n\n<li><strong>Habita\u00e7\u00e3o e Tecnologia Assistiva:<\/strong>\u00a0O desejo de manter a autonomia impulsiona o mercado de\u00a0<strong>smart homes<\/strong>\u00a0adaptadas, reformas para acessibilidade e dispositivos que facilitem o dia a dia sem estigmatizar a idade.<br><\/li>\n\n\n\n<li><strong>Servi\u00e7os Financeiros e Planejamento:<\/strong>\u00a0Como vivem mais, a necessidade de consultoria para gest\u00e3o de patrim\u00f4nio, sucess\u00e3o e investimentos seguros torna-se priorit\u00e1ria.<\/li>\n<\/ul>\n\n\n\n<h3 class=\"wp-block-heading\">Oportunidades para o Empreendedorismo S\u00eanior<\/h3>\n\n\n\n<p>N\u00e3o s\u00e3o apenas as empresas que podem lucrar; o pr\u00f3prio profissional 50+ tem uma oportunidade de ouro para\u00a0<strong>empreender<\/strong>. <\/p>\n\n\n\n<p>Com maior net worth m\u00e9dio e vasta experi\u00eancia, muitos est\u00e3o transformando d\u00e9cadas de conhecimento em novos neg\u00f3cios:<\/p>\n\n\n\n<ul class=\"wp-block-list\">\n<li><strong>Consultorias e Mentorias:<\/strong>\u00a0Utilizar o\u00a0<em>know-how<\/em>\u00a0corporativo para ajudar startups ou pequenas empresas.<\/li>\n\n\n\n<li><strong>Infoprodutos e Freelancing:<\/strong>\u00a0Escrever blogs, criar cursos online ou atuar como revisor e tradutor.<\/li>\n\n\n\n<li><strong>Franquias e Neg\u00f3cios Locais:<\/strong>\u00a0\u00c1reas como alimenta\u00e7\u00e3o saud\u00e1vel, servi\u00e7os pet e brech\u00f3s modernos s\u00e3o tend\u00eancias fortes para quem quer investir com suporte de marca.<\/li>\n<\/ul>\n\n\n\n<h3 class=\"wp-block-heading\">A Nova Era do Trabalho S\u00eanior<\/h3>\n\n\n\n<p>O mercado est\u00e1 em transi\u00e7\u00e3o. O etarismo ainda existe? Sim. Mas ele nunca encontrou tanta resist\u00eancia. <\/p>\n\n\n\n<p>A &#8220;revolu\u00e7\u00e3o prateada&#8221; est\u00e1 provando que a produtividade n\u00e3o cai com a idade; ela se transforma em\u00a0<strong>sabedoria aplicada<\/strong>.<\/p>\n\n\n\n<p>Para as empresas, a mensagem \u00e9 clara: diversidade sem geracionalidade \u00e9 incompleta. Para o profissional 50+, o recado \u00e9 ainda mais potente: sua hist\u00f3ria n\u00e3o \u00e9 um peso, \u00e9 o seu maior diferencial competitivo. <\/p>\n\n\n\n<p>O futuro n\u00e3o pertence apenas aos jovens, mas a todos aqueles que mant\u00eam a curiosidade acesa e a coragem de se reinventar.<\/p>\n\n\n\n<p>A pergunta n\u00e3o \u00e9 mais se o mercado est\u00e1 pronto para voc\u00ea, mas sim como voc\u00ea vai liderar essa mudan\u00e7a. O cron\u00f4metro n\u00e3o est\u00e1 correndo contra voc\u00ea; ele est\u00e1 registrando a sua maestria. <\/p>\n\n\n\n<p>\u00c9 hora de ocupar o seu lugar de direito na mesa da inova\u00e7\u00e3o.<\/p>\n\n\n\n<figure class=\"wp-block-image size-large\"><img data-recalc-dims=\"1\" decoding=\"async\" width=\"960\" height=\"640\" src=\"https:\/\/i0.wp.com\/maratonadoconsumidor.com.br\/wp-content\/uploads\/2026\/04\/Design-sem-nome-5-1.jpg?resize=960%2C640&#038;ssl=1\" alt=\"50+ contra o Etarismo: O Despertar de uma For\u00e7a Invis\u00edvel no Mercado\" class=\"wp-image-1283\" srcset=\"https:\/\/i0.wp.com\/maratonadoconsumidor.com.br\/wp-content\/uploads\/2026\/04\/Design-sem-nome-5-1.jpg?resize=1024%2C683&amp;ssl=1 1024w, https:\/\/i0.wp.com\/maratonadoconsumidor.com.br\/wp-content\/uploads\/2026\/04\/Design-sem-nome-5-1.jpg?resize=300%2C200&amp;ssl=1 300w, https:\/\/i0.wp.com\/maratonadoconsumidor.com.br\/wp-content\/uploads\/2026\/04\/Design-sem-nome-5-1.jpg?resize=768%2C512&amp;ssl=1 768w, https:\/\/i0.wp.com\/maratonadoconsumidor.com.br\/wp-content\/uploads\/2026\/04\/Design-sem-nome-5-1.jpg?resize=18%2C12&amp;ssl=1 18w, https:\/\/i0.wp.com\/maratonadoconsumidor.com.br\/wp-content\/uploads\/2026\/04\/Design-sem-nome-5-1.jpg?resize=150%2C100&amp;ssl=1 150w, https:\/\/i0.wp.com\/maratonadoconsumidor.com.br\/wp-content\/uploads\/2026\/04\/Design-sem-nome-5-1.jpg?resize=330%2C220&amp;ssl=1 330w, https:\/\/i0.wp.com\/maratonadoconsumidor.com.br\/wp-content\/uploads\/2026\/04\/Design-sem-nome-5-1.jpg?resize=420%2C280&amp;ssl=1 420w, https:\/\/i0.wp.com\/maratonadoconsumidor.com.br\/wp-content\/uploads\/2026\/04\/Design-sem-nome-5-1.jpg?resize=510%2C340&amp;ssl=1 510w, https:\/\/i0.wp.com\/maratonadoconsumidor.com.br\/wp-content\/uploads\/2026\/04\/Design-sem-nome-5-1.jpg?w=1200&amp;ssl=1 1200w\" sizes=\"(max-width: 960px) 100vw, 960px\" \/><\/figure>\n\n\n\n<h2 class=\"wp-block-heading\">O Futuro \u00e9 Prateado<\/h2>\n\n\n\n<p>Ignorar o p\u00fablico acima de 50 anos \u00e9 ignorar a parcela da popula\u00e7\u00e3o que mais cresce e det\u00e9m o maior poder aquisitivo no Brasil. <\/p>\n\n\n\n<p>A oportunidade n\u00e3o est\u00e1 apenas em vender &#8220;produtos para idosos&#8221;, mas em reconhecer que os 50+ s\u00e3o consumidores exigentes, vibrantes e que est\u00e3o\u00a0<strong>redefinindo o que significa envelhecer<\/strong>.<\/p>\n\n\n\n<p>As marcas e empreendedores que conseguirem integrar inova\u00e7\u00e3o com empatia e respeito \u00e0 maturidade n\u00e3o estar\u00e3o apenas surfando uma onda; estar\u00e3o construindo os pilares de um mercado sustent\u00e1vel e extremamente lucrativo para as pr\u00f3ximas d\u00e9cadas.<\/p>\n\n\n\n<h2 class=\"wp-block-heading\"><mark><strong>Perguntas Frequentes<\/strong><\/mark><strong>\u00a0(FAQ)<\/strong><\/h2>\n\n\n\n<h3 class=\"wp-block-heading\">1. O que as empresas realmente buscam ao contratar um profissional 50+?<\/h3>\n\n\n\n<p>As organiza\u00e7\u00f5es que combatem o&nbsp;<strong>etarismo<\/strong>&nbsp;buscam, sobretudo, a&nbsp;<strong>estabilidade emocional<\/strong>&nbsp;e a capacidade de mentoria. O profissional maduro traz um &#8220;repert\u00f3rio de crises&#8221; que ajuda a manter o foco em momentos de press\u00e3o, al\u00e9m de possuir uma rede de contatos (<strong>networking<\/strong>) consolidada que pode abrir portas estrat\u00e9gicas para o neg\u00f3cio.<\/p>\n\n\n\n<h3 class=\"wp-block-heading\">2. \u00c9 necess\u00e1rio esconder a idade no curr\u00edculo ou no LinkedIn?<\/h3>\n\n\n\n<p>N\u00e3o \u00e9 recomendado &#8220;esconder&#8221;, mas sim&nbsp;<strong>estrategizar<\/strong>. Em vez de focar em datas de formatura de 30 anos atr\u00e1s, foque em&nbsp;<strong>conquistas recentes<\/strong>&nbsp;e compet\u00eancias atuais. O uso de termos como &#8220;especialista em&#8230;&#8221; ou &#8220;l\u00edder de projetos com foco em&#8230;&#8221; ajuda o algoritmo e o recrutador a enxergarem o seu valor t\u00e9cnico antes de focarem na sua idade cronol\u00f3gica.<\/p>\n\n\n\n<h3 class=\"wp-block-heading\">3. Como vencer a barreira da tecnologia sendo um profissional s\u00eanior?<\/h3>\n\n\n\n<p>A tecnologia deve ser vista como uma ferramenta, n\u00e3o como um bicho de sete cabe\u00e7as. O passo inicial \u00e9 a&nbsp;<strong>alfabetiza\u00e7\u00e3o digital funcional<\/strong>: dominar ferramentas de colabora\u00e7\u00e3o (Slack, Teams, Zoom) e entender como a&nbsp;<strong>Intelig\u00eancia Artificial<\/strong>&nbsp;(como o ChatGPT) pode otimizar suas tarefas di\u00e1rias. Demonstrar curiosidade tecnol\u00f3gica conta mais do que saber programar do zero.<\/p>\n\n\n\n<h3 class=\"wp-block-heading\">4. Quais s\u00e3o as \u00e1reas que mais contratam profissionais acima dos 50 anos?<\/h3>\n\n\n\n<p>Setores que exigem alta confian\u00e7a e consultoria t\u00e9cnica lideram as contrata\u00e7\u00f5es, como:<\/p>\n\n\n\n<ul class=\"wp-block-list\">\n<li><strong>Educa\u00e7\u00e3o e Treinamento:<\/strong>\u00a0Institui\u00e7\u00f5es valorizam a viv\u00eancia pr\u00e1tica.<\/li>\n\n\n\n<li><strong>Sa\u00fade e Cuidados:<\/strong>\u00a0Onde a empatia e a maturidade s\u00e3o essenciais.<\/li>\n\n\n\n<li><strong>Conselhos Consultivos e Gest\u00e3o:<\/strong>\u00a0Empresas de m\u00e9dio porte que precisam de &#8220;m\u00e3os experientes&#8221; para escalar.<\/li>\n\n\n\n<li><strong>Vendas B2B (Complexas):<\/strong>\u00a0Onde o relacionamento de longo prazo \u00e9 o que fecha o neg\u00f3cio.<\/li>\n<\/ul>\n\n\n\n<h3 class=\"wp-block-heading\">5. Existe incentivo para o empreendedorismo 50+ no Brasil?<\/h3>\n\n\n\n<p>Sim! O Sebrae e plataformas como a\u00a0<a href=\"https:\/\/www.maturi.com.br\/cadastro\" type=\"link\" id=\"https:\/\/www.maturi.com.br\/cadastro\" target=\"_blank\" rel=\"noreferrer noopener\">Maturijobs<\/a>\u00a0oferecem trilhas espec\u00edficas para quem quer empreender na maturidade. Al\u00e9m disso, o mercado de\u00a0<strong>franquias<\/strong>\u00a0v\u00ea com \u00f3timos olhos o investidor 50+ por sua maior disciplina financeira e foco na opera\u00e7\u00e3o.<\/p>\n\n\n\n<p>MATURI ; <a href=\"https:\/\/www.maturi.com.br\/\">https:\/\/www.maturi.com.br\/<\/a><\/p>\n\n\n\n<p><\/p>","protected":false},"excerpt":{"rendered":"<p>O mundo est\u00e1 envelhecendo, mas n\u00e3o da forma que os estere\u00f3tipos de d\u00e9cadas passadas sugeriam. Estamos vivendo a\u00a0Economia Prateada, um fen\u00f4meno global onde a longevidade redefine o consumo, a produtividade e as rela\u00e7\u00f5es sociais. No entanto, um obst\u00e1culo silencioso ainda freia esse avan\u00e7o: o\u00a0etarismo\u00a0(ou ageismo). Embora a experi\u00eancia seja um ativo valioso, muitos profissionais acima<\/p>","protected":false},"author":1,"featured_media":1281,"comment_status":"open","ping_status":"open","sticky":false,"template":"","format":"standard","meta":{"_mbp_gutenberg_autopost":false,"jetpack_post_was_ever_published":false,"_jetpack_newsletter_access":"","_jetpack_dont_email_post_to_subs":false,"_jetpack_newsletter_tier_id":0,"_jetpack_memberships_contains_paywalled_content":false,"_jetpack_memberships_contains_paid_content":false,"footnotes":"","jetpack_publicize_message":"","jetpack_publicize_feature_enabled":true,"jetpack_social_post_already_shared":false,"jetpack_social_options":{"image_generator_settings":{"template":"highway","default_image_id":0,"font":"","enabled":false},"version":2}},"categories":[3],"tags":[261,263,262,264,260],"class_list":["post-1280","post","type-post","status-publish","format-standard","has-post-thumbnail","hentry","category-direitos","tag-diversidade-geracional","tag-economia-prateada","tag-etarismo","tag-mercado-de-trabalho-50","tag-requalificacao-profissional"],"yoast_head":"<!-- This site is optimized with the Yoast SEO plugin v27.4 - https:\/\/yoast.com\/product\/yoast-seo-wordpress\/ -->\n<title>50+ contra o Etarismo: O Despertar de uma For\u00e7a Invis\u00edvel<\/title>\n<meta name=\"description\" content=\"O mercado de trabalho para o p\u00fablico 50+ est\u00e1 mudando. Descubra como combater o etarismo, as compet\u00eancias mais valorizadas na maturidade\" \/>\n<meta name=\"robots\" content=\"index, follow, max-snippet:-1, max-image-preview:large, max-video-preview:-1\" \/>\n<link rel=\"canonical\" href=\"https:\/\/maratonadoconsumidor.com.br\/en\/50-contra-o-etarismo-o-despertar-de-uma-forca-invisivel\/\" \/>\n<meta property=\"og:locale\" content=\"en_US\" \/>\n<meta property=\"og:type\" content=\"article\" \/>\n<meta property=\"og:title\" content=\"50+ contra o Etarismo: O Despertar de uma For\u00e7a Invis\u00edvel\" \/>\n<meta property=\"og:description\" content=\"O mercado de trabalho para o p\u00fablico 50+ est\u00e1 mudando. Descubra como combater o etarismo, as compet\u00eancias mais valorizadas na maturidade\" \/>\n<meta property=\"og:url\" content=\"https:\/\/maratonadoconsumidor.com.br\/en\/50-contra-o-etarismo-o-despertar-de-uma-forca-invisivel\/\" \/>\n<meta property=\"article:publisher\" content=\"https:\/\/www.facebook.com\/canaldomaratonadoconsumidor\" \/>\n<meta property=\"article:published_time\" content=\"2026-04-05T19:58:03+00:00\" \/>\n<meta property=\"article:modified_time\" content=\"2026-04-05T19:58:10+00:00\" \/>\n<meta property=\"og:image\" content=\"https:\/\/maratonadoconsumidor.com.br\/wp-content\/uploads\/2026\/04\/Design-sem-nome-1-1.jpg\" \/>\n\t<meta property=\"og:image:width\" content=\"1200\" \/>\n\t<meta property=\"og:image:height\" content=\"800\" \/>\n\t<meta property=\"og:image:type\" content=\"image\/jpeg\" \/>\n<meta name=\"author\" content=\"Emilio de Vicente\" \/>\n<meta name=\"twitter:card\" content=\"summary_large_image\" \/>\n<meta name=\"twitter:creator\" content=\"@MaratonadoCons1\" \/>\n<meta name=\"twitter:site\" content=\"@MaratonadoCons1\" \/>\n<meta name=\"twitter:label1\" content=\"Written by\" \/>\n\t<meta name=\"twitter:data1\" content=\"Emilio de Vicente\" \/>\n\t<meta name=\"twitter:label2\" content=\"Est. reading time\" \/>\n\t<meta name=\"twitter:data2\" content=\"9 minutes\" \/>\n<script type=\"application\/ld+json\" class=\"yoast-schema-graph\">{\"@context\":\"https:\\\/\\\/schema.org\",\"@graph\":[{\"@type\":\"Article\",\"@id\":\"https:\\\/\\\/maratonadoconsumidor.com.br\\\/50-contra-o-etarismo-o-despertar-de-uma-forca-invisivel\\\/#article\",\"isPartOf\":{\"@id\":\"https:\\\/\\\/maratonadoconsumidor.com.br\\\/50-contra-o-etarismo-o-despertar-de-uma-forca-invisivel\\\/\"},\"author\":{\"name\":\"Emilio de Vicente\",\"@id\":\"https:\\\/\\\/maratonadoconsumidor.com.br\\\/#\\\/schema\\\/person\\\/01c74586a582dc988d4334293f57343c\"},\"headline\":\"50+ contra o Etarismo: O Despertar de uma For\u00e7a Invis\u00edvel no Mercado\",\"datePublished\":\"2026-04-05T19:58:03+00:00\",\"dateModified\":\"2026-04-05T19:58:10+00:00\",\"mainEntityOfPage\":{\"@id\":\"https:\\\/\\\/maratonadoconsumidor.com.br\\\/50-contra-o-etarismo-o-despertar-de-uma-forca-invisivel\\\/\"},\"wordCount\":1695,\"commentCount\":0,\"publisher\":{\"@id\":\"https:\\\/\\\/maratonadoconsumidor.com.br\\\/#organization\"},\"image\":{\"@id\":\"https:\\\/\\\/maratonadoconsumidor.com.br\\\/50-contra-o-etarismo-o-despertar-de-uma-forca-invisivel\\\/#primaryimage\"},\"thumbnailUrl\":\"https:\\\/\\\/i0.wp.com\\\/maratonadoconsumidor.com.br\\\/wp-content\\\/uploads\\\/2026\\\/04\\\/Design-sem-nome-1-1.jpg?fit=1200%2C800&ssl=1\",\"keywords\":[\"Diversidade Geracional\",\"Economia Prateada\",\"Etarismo\",\"Mercado de Trabalho 50+\",\"Requalifica\u00e7\u00e3o Profissional\"],\"articleSection\":[\"Direitos\"],\"inLanguage\":\"en-US\",\"potentialAction\":[{\"@type\":\"CommentAction\",\"name\":\"Comment\",\"target\":[\"https:\\\/\\\/maratonadoconsumidor.com.br\\\/50-contra-o-etarismo-o-despertar-de-uma-forca-invisivel\\\/#respond\"]}]},{\"@type\":\"WebPage\",\"@id\":\"https:\\\/\\\/maratonadoconsumidor.com.br\\\/50-contra-o-etarismo-o-despertar-de-uma-forca-invisivel\\\/\",\"url\":\"https:\\\/\\\/maratonadoconsumidor.com.br\\\/50-contra-o-etarismo-o-despertar-de-uma-forca-invisivel\\\/\",\"name\":\"50+ contra o Etarismo: O Despertar de uma For\u00e7a Invis\u00edvel\",\"isPartOf\":{\"@id\":\"https:\\\/\\\/maratonadoconsumidor.com.br\\\/#website\"},\"primaryImageOfPage\":{\"@id\":\"https:\\\/\\\/maratonadoconsumidor.com.br\\\/50-contra-o-etarismo-o-despertar-de-uma-forca-invisivel\\\/#primaryimage\"},\"image\":{\"@id\":\"https:\\\/\\\/maratonadoconsumidor.com.br\\\/50-contra-o-etarismo-o-despertar-de-uma-forca-invisivel\\\/#primaryimage\"},\"thumbnailUrl\":\"https:\\\/\\\/i0.wp.com\\\/maratonadoconsumidor.com.br\\\/wp-content\\\/uploads\\\/2026\\\/04\\\/Design-sem-nome-1-1.jpg?fit=1200%2C800&ssl=1\",\"datePublished\":\"2026-04-05T19:58:03+00:00\",\"dateModified\":\"2026-04-05T19:58:10+00:00\",\"description\":\"O mercado de trabalho para o p\u00fablico 50+ est\u00e1 mudando. Descubra como combater o etarismo, as compet\u00eancias mais valorizadas na maturidade\",\"breadcrumb\":{\"@id\":\"https:\\\/\\\/maratonadoconsumidor.com.br\\\/50-contra-o-etarismo-o-despertar-de-uma-forca-invisivel\\\/#breadcrumb\"},\"inLanguage\":\"en-US\",\"potentialAction\":[{\"@type\":\"ReadAction\",\"target\":[\"https:\\\/\\\/maratonadoconsumidor.com.br\\\/50-contra-o-etarismo-o-despertar-de-uma-forca-invisivel\\\/\"]}]},{\"@type\":\"ImageObject\",\"inLanguage\":\"en-US\",\"@id\":\"https:\\\/\\\/maratonadoconsumidor.com.br\\\/50-contra-o-etarismo-o-despertar-de-uma-forca-invisivel\\\/#primaryimage\",\"url\":\"https:\\\/\\\/i0.wp.com\\\/maratonadoconsumidor.com.br\\\/wp-content\\\/uploads\\\/2026\\\/04\\\/Design-sem-nome-1-1.jpg?fit=1200%2C800&ssl=1\",\"contentUrl\":\"https:\\\/\\\/i0.wp.com\\\/maratonadoconsumidor.com.br\\\/wp-content\\\/uploads\\\/2026\\\/04\\\/Design-sem-nome-1-1.jpg?fit=1200%2C800&ssl=1\",\"width\":1200,\"height\":800,\"caption\":\"50+ contra o Etarismo: O Despertar de uma For\u00e7a Invis\u00edvel no Mercado\"},{\"@type\":\"BreadcrumbList\",\"@id\":\"https:\\\/\\\/maratonadoconsumidor.com.br\\\/50-contra-o-etarismo-o-despertar-de-uma-forca-invisivel\\\/#breadcrumb\",\"itemListElement\":[{\"@type\":\"ListItem\",\"position\":1,\"name\":\"In\u00edcio\",\"item\":\"https:\\\/\\\/maratonadoconsumidor.com.br\\\/\"},{\"@type\":\"ListItem\",\"position\":2,\"name\":\"50+ contra o Etarismo: O Despertar de uma For\u00e7a Invis\u00edvel no Mercado\"}]},{\"@type\":\"WebSite\",\"@id\":\"https:\\\/\\\/maratonadoconsumidor.com.br\\\/#website\",\"url\":\"https:\\\/\\\/maratonadoconsumidor.com.br\\\/\",\"name\":\"Maratona do Consumidor\",\"description\":\"\",\"publisher\":{\"@id\":\"https:\\\/\\\/maratonadoconsumidor.com.br\\\/#organization\"},\"potentialAction\":[{\"@type\":\"SearchAction\",\"target\":{\"@type\":\"EntryPoint\",\"urlTemplate\":\"https:\\\/\\\/maratonadoconsumidor.com.br\\\/?s={search_term_string}\"},\"query-input\":{\"@type\":\"PropertyValueSpecification\",\"valueRequired\":true,\"valueName\":\"search_term_string\"}}],\"inLanguage\":\"en-US\"},{\"@type\":\"Organization\",\"@id\":\"https:\\\/\\\/maratonadoconsumidor.com.br\\\/#organization\",\"name\":\"Maratona do Consumidor\",\"url\":\"https:\\\/\\\/maratonadoconsumidor.com.br\\\/\",\"logo\":{\"@type\":\"ImageObject\",\"inLanguage\":\"en-US\",\"@id\":\"https:\\\/\\\/maratonadoconsumidor.com.br\\\/#\\\/schema\\\/logo\\\/image\\\/\",\"url\":\"https:\\\/\\\/maratonadoconsumidor.com.br\\\/wp-content\\\/uploads\\\/2025\\\/06\\\/MARATONA-DO-CONSUMIDOR-160.png\",\"contentUrl\":\"https:\\\/\\\/maratonadoconsumidor.com.br\\\/wp-content\\\/uploads\\\/2025\\\/06\\\/MARATONA-DO-CONSUMIDOR-160.png\",\"width\":180,\"height\":60,\"caption\":\"Maratona do Consumidor\"},\"image\":{\"@id\":\"https:\\\/\\\/maratonadoconsumidor.com.br\\\/#\\\/schema\\\/logo\\\/image\\\/\"},\"sameAs\":[\"https:\\\/\\\/www.facebook.com\\\/canaldomaratonadoconsumidor\",\"https:\\\/\\\/x.com\\\/MaratonadoCons1\",\"https:\\\/\\\/www.instagram.com\\\/maratonadoconsumidor\\\/\",\"https:\\\/\\\/www.youtube.com\\\/@MaratonadoConsumidor\"]},{\"@type\":\"Person\",\"@id\":\"https:\\\/\\\/maratonadoconsumidor.com.br\\\/#\\\/schema\\\/person\\\/01c74586a582dc988d4334293f57343c\",\"name\":\"Emilio de Vicente\",\"image\":{\"@type\":\"ImageObject\",\"inLanguage\":\"en-US\",\"@id\":\"https:\\\/\\\/maratonadoconsumidor.com.br\\\/wp-content\\\/uploads\\\/2025\\\/09\\\/cropped-Captura-de-tela-2024-05-15-133101-96x96.png\",\"url\":\"https:\\\/\\\/maratonadoconsumidor.com.br\\\/wp-content\\\/uploads\\\/2025\\\/09\\\/cropped-Captura-de-tela-2024-05-15-133101-96x96.png\",\"contentUrl\":\"https:\\\/\\\/maratonadoconsumidor.com.br\\\/wp-content\\\/uploads\\\/2025\\\/09\\\/cropped-Captura-de-tela-2024-05-15-133101-96x96.png\",\"caption\":\"Emilio de Vicente\"},\"description\":\"Emilio de Vicente \u00e9 o autor e respons\u00e1vel pelos conte\u00fados do site Maratona do Consumidor, trazendo informa\u00e7\u00f5es atualizadas, an\u00e1lises profundas e artigos relevantes sobre diversos temas do cotidiano relacionados dicas, comparativos de produtos e pre\u00e7os, consumo inteligente, finan\u00e7as em geral e muito mais.\",\"sameAs\":[\"https:\\\/\\\/maratonadoconsumidor.com.br\"],\"url\":\"https:\\\/\\\/maratonadoconsumidor.com.br\\\/en\\\/author\\\/emilio\\\/\"}]}<\/script>\n<!-- \/ Yoast SEO plugin. -->","yoast_head_json":{"title":"50+ contra o Etarismo: O Despertar de uma For\u00e7a Invis\u00edvel","description":"O mercado de trabalho para o p\u00fablico 50+ est\u00e1 mudando. Descubra como combater o etarismo, as compet\u00eancias mais valorizadas na maturidade","robots":{"index":"index","follow":"follow","max-snippet":"max-snippet:-1","max-image-preview":"max-image-preview:large","max-video-preview":"max-video-preview:-1"},"canonical":"https:\/\/maratonadoconsumidor.com.br\/en\/50-contra-o-etarismo-o-despertar-de-uma-forca-invisivel\/","og_locale":"en_US","og_type":"article","og_title":"50+ contra o Etarismo: O Despertar de uma For\u00e7a Invis\u00edvel","og_description":"O mercado de trabalho para o p\u00fablico 50+ est\u00e1 mudando. Descubra como combater o etarismo, as compet\u00eancias mais valorizadas na maturidade","og_url":"https:\/\/maratonadoconsumidor.com.br\/en\/50-contra-o-etarismo-o-despertar-de-uma-forca-invisivel\/","article_publisher":"https:\/\/www.facebook.com\/canaldomaratonadoconsumidor","article_published_time":"2026-04-05T19:58:03+00:00","article_modified_time":"2026-04-05T19:58:10+00:00","og_image":[{"width":1200,"height":800,"url":"https:\/\/maratonadoconsumidor.com.br\/wp-content\/uploads\/2026\/04\/Design-sem-nome-1-1.jpg","type":"image\/jpeg"}],"author":"Emilio de Vicente","twitter_card":"summary_large_image","twitter_creator":"@MaratonadoCons1","twitter_site":"@MaratonadoCons1","twitter_misc":{"Written by":"Emilio de Vicente","Est. reading time":"9 minutes"},"schema":{"@context":"https:\/\/schema.org","@graph":[{"@type":"Article","@id":"https:\/\/maratonadoconsumidor.com.br\/50-contra-o-etarismo-o-despertar-de-uma-forca-invisivel\/#article","isPartOf":{"@id":"https:\/\/maratonadoconsumidor.com.br\/50-contra-o-etarismo-o-despertar-de-uma-forca-invisivel\/"},"author":{"name":"Emilio de Vicente","@id":"https:\/\/maratonadoconsumidor.com.br\/#\/schema\/person\/01c74586a582dc988d4334293f57343c"},"headline":"50+ contra o Etarismo: O Despertar de uma For\u00e7a Invis\u00edvel no Mercado","datePublished":"2026-04-05T19:58:03+00:00","dateModified":"2026-04-05T19:58:10+00:00","mainEntityOfPage":{"@id":"https:\/\/maratonadoconsumidor.com.br\/50-contra-o-etarismo-o-despertar-de-uma-forca-invisivel\/"},"wordCount":1695,"commentCount":0,"publisher":{"@id":"https:\/\/maratonadoconsumidor.com.br\/#organization"},"image":{"@id":"https:\/\/maratonadoconsumidor.com.br\/50-contra-o-etarismo-o-despertar-de-uma-forca-invisivel\/#primaryimage"},"thumbnailUrl":"https:\/\/i0.wp.com\/maratonadoconsumidor.com.br\/wp-content\/uploads\/2026\/04\/Design-sem-nome-1-1.jpg?fit=1200%2C800&ssl=1","keywords":["Diversidade Geracional","Economia Prateada","Etarismo","Mercado de Trabalho 50+","Requalifica\u00e7\u00e3o Profissional"],"articleSection":["Direitos"],"inLanguage":"en-US","potentialAction":[{"@type":"CommentAction","name":"Comment","target":["https:\/\/maratonadoconsumidor.com.br\/50-contra-o-etarismo-o-despertar-de-uma-forca-invisivel\/#respond"]}]},{"@type":"WebPage","@id":"https:\/\/maratonadoconsumidor.com.br\/50-contra-o-etarismo-o-despertar-de-uma-forca-invisivel\/","url":"https:\/\/maratonadoconsumidor.com.br\/50-contra-o-etarismo-o-despertar-de-uma-forca-invisivel\/","name":"50+ contra o Etarismo: O Despertar de uma For\u00e7a Invis\u00edvel","isPartOf":{"@id":"https:\/\/maratonadoconsumidor.com.br\/#website"},"primaryImageOfPage":{"@id":"https:\/\/maratonadoconsumidor.com.br\/50-contra-o-etarismo-o-despertar-de-uma-forca-invisivel\/#primaryimage"},"image":{"@id":"https:\/\/maratonadoconsumidor.com.br\/50-contra-o-etarismo-o-despertar-de-uma-forca-invisivel\/#primaryimage"},"thumbnailUrl":"https:\/\/i0.wp.com\/maratonadoconsumidor.com.br\/wp-content\/uploads\/2026\/04\/Design-sem-nome-1-1.jpg?fit=1200%2C800&ssl=1","datePublished":"2026-04-05T19:58:03+00:00","dateModified":"2026-04-05T19:58:10+00:00","description":"O mercado de trabalho para o p\u00fablico 50+ est\u00e1 mudando. Descubra como combater o etarismo, as compet\u00eancias mais valorizadas na maturidade","breadcrumb":{"@id":"https:\/\/maratonadoconsumidor.com.br\/50-contra-o-etarismo-o-despertar-de-uma-forca-invisivel\/#breadcrumb"},"inLanguage":"en-US","potentialAction":[{"@type":"ReadAction","target":["https:\/\/maratonadoconsumidor.com.br\/50-contra-o-etarismo-o-despertar-de-uma-forca-invisivel\/"]}]},{"@type":"ImageObject","inLanguage":"en-US","@id":"https:\/\/maratonadoconsumidor.com.br\/50-contra-o-etarismo-o-despertar-de-uma-forca-invisivel\/#primaryimage","url":"https:\/\/i0.wp.com\/maratonadoconsumidor.com.br\/wp-content\/uploads\/2026\/04\/Design-sem-nome-1-1.jpg?fit=1200%2C800&ssl=1","contentUrl":"https:\/\/i0.wp.com\/maratonadoconsumidor.com.br\/wp-content\/uploads\/2026\/04\/Design-sem-nome-1-1.jpg?fit=1200%2C800&ssl=1","width":1200,"height":800,"caption":"50+ contra o Etarismo: O Despertar de uma For\u00e7a Invis\u00edvel no Mercado"},{"@type":"BreadcrumbList","@id":"https:\/\/maratonadoconsumidor.com.br\/50-contra-o-etarismo-o-despertar-de-uma-forca-invisivel\/#breadcrumb","itemListElement":[{"@type":"ListItem","position":1,"name":"In\u00edcio","item":"https:\/\/maratonadoconsumidor.com.br\/"},{"@type":"ListItem","position":2,"name":"50+ contra o Etarismo: O Despertar de uma For\u00e7a Invis\u00edvel no Mercado"}]},{"@type":"WebSite","@id":"https:\/\/maratonadoconsumidor.com.br\/#website","url":"https:\/\/maratonadoconsumidor.com.br\/","name":"Maratona do Consumidor","description":"","publisher":{"@id":"https:\/\/maratonadoconsumidor.com.br\/#organization"},"potentialAction":[{"@type":"SearchAction","target":{"@type":"EntryPoint","urlTemplate":"https:\/\/maratonadoconsumidor.com.br\/?s={search_term_string}"},"query-input":{"@type":"PropertyValueSpecification","valueRequired":true,"valueName":"search_term_string"}}],"inLanguage":"en-US"},{"@type":"Organization","@id":"https:\/\/maratonadoconsumidor.com.br\/#organization","name":"Maratona do Consumidor","url":"https:\/\/maratonadoconsumidor.com.br\/","logo":{"@type":"ImageObject","inLanguage":"en-US","@id":"https:\/\/maratonadoconsumidor.com.br\/#\/schema\/logo\/image\/","url":"https:\/\/maratonadoconsumidor.com.br\/wp-content\/uploads\/2025\/06\/MARATONA-DO-CONSUMIDOR-160.png","contentUrl":"https:\/\/maratonadoconsumidor.com.br\/wp-content\/uploads\/2025\/06\/MARATONA-DO-CONSUMIDOR-160.png","width":180,"height":60,"caption":"Maratona do Consumidor"},"image":{"@id":"https:\/\/maratonadoconsumidor.com.br\/#\/schema\/logo\/image\/"},"sameAs":["https:\/\/www.facebook.com\/canaldomaratonadoconsumidor","https:\/\/x.com\/MaratonadoCons1","https:\/\/www.instagram.com\/maratonadoconsumidor\/","https:\/\/www.youtube.com\/@MaratonadoConsumidor"]},{"@type":"Person","@id":"https:\/\/maratonadoconsumidor.com.br\/#\/schema\/person\/01c74586a582dc988d4334293f57343c","name":"Emilio de Vicente","image":{"@type":"ImageObject","inLanguage":"en-US","@id":"https:\/\/maratonadoconsumidor.com.br\/wp-content\/uploads\/2025\/09\/cropped-Captura-de-tela-2024-05-15-133101-96x96.png","url":"https:\/\/maratonadoconsumidor.com.br\/wp-content\/uploads\/2025\/09\/cropped-Captura-de-tela-2024-05-15-133101-96x96.png","contentUrl":"https:\/\/maratonadoconsumidor.com.br\/wp-content\/uploads\/2025\/09\/cropped-Captura-de-tela-2024-05-15-133101-96x96.png","caption":"Emilio de Vicente"},"description":"Emilio de Vicente \u00e9 o autor e respons\u00e1vel pelos conte\u00fados do site Maratona do Consumidor, trazendo informa\u00e7\u00f5es atualizadas, an\u00e1lises profundas e artigos relevantes sobre diversos temas do cotidiano relacionados dicas, comparativos de produtos e pre\u00e7os, consumo inteligente, finan\u00e7as em geral e muito mais.","sameAs":["https:\/\/maratonadoconsumidor.com.br"],"url":"https:\/\/maratonadoconsumidor.com.br\/en\/author\/emilio\/"}]}},"jetpack_publicize_connections":[],"jetpack_featured_media_url":"https:\/\/i0.wp.com\/maratonadoconsumidor.com.br\/wp-content\/uploads\/2026\/04\/Design-sem-nome-1-1.jpg?fit=1200%2C800&ssl=1","jetpack-related-posts":[{"id":536,"url":"https:\/\/maratonadoconsumidor.com.br\/en\/quais-sao-os-direitos-atuais-dos-idosos\/","url_meta":{"origin":1280,"position":0},"title":"\ud83e\uddd3 Quais s\u00e3o os direitos atuais dos idosos?","author":"Emilio de Vicente","date":"5 de July de 2025","format":false,"excerpt":"O envelhecimento da popula\u00e7\u00e3o brasileira \u00e9 uma realidade que traz \u00e0 tona a import\u00e2ncia de assegurar qualidade de vida, respeito e dignidade para os cidad\u00e3os com mais de 60 anos. Com base na Constitui\u00e7\u00e3o Federal, no Estatuto do Idoso (Lei n\u00ba 10.741\/2003) e em outras legisla\u00e7\u00f5es complementares, o Brasil estabelece\u2026","rel":"","context":"In &quot;Direitos&quot;","block_context":{"text":"Direitos","link":"https:\/\/maratonadoconsumidor.com.br\/en\/category\/direitos\/"},"img":{"alt_text":"Quais s\u00e3o os direitos atuais dos idosos?","src":"https:\/\/i0.wp.com\/maratonadoconsumidor.com.br\/wp-content\/uploads\/2025\/07\/Design-sem-nome-2025-07-05T190813.899.jpg?fit=1200%2C738&ssl=1&resize=350%2C200","width":350,"height":200,"srcset":"https:\/\/i0.wp.com\/maratonadoconsumidor.com.br\/wp-content\/uploads\/2025\/07\/Design-sem-nome-2025-07-05T190813.899.jpg?fit=1200%2C738&ssl=1&resize=350%2C200 1x, https:\/\/i0.wp.com\/maratonadoconsumidor.com.br\/wp-content\/uploads\/2025\/07\/Design-sem-nome-2025-07-05T190813.899.jpg?fit=1200%2C738&ssl=1&resize=525%2C300 1.5x, https:\/\/i0.wp.com\/maratonadoconsumidor.com.br\/wp-content\/uploads\/2025\/07\/Design-sem-nome-2025-07-05T190813.899.jpg?fit=1200%2C738&ssl=1&resize=700%2C400 2x, https:\/\/i0.wp.com\/maratonadoconsumidor.com.br\/wp-content\/uploads\/2025\/07\/Design-sem-nome-2025-07-05T190813.899.jpg?fit=1200%2C738&ssl=1&resize=1050%2C600 3x"},"classes":[]},{"id":900,"url":"https:\/\/maratonadoconsumidor.com.br\/en\/por-que-a-criptomoeda-se-tornou-o-sonho-de-consumo\/","url_meta":{"origin":1280,"position":1},"title":"Por que a criptomoeda se tornou o sonho de consumo entre os jovens?","author":"Emilio de Vicente","date":"20 de December de 2025","format":false,"excerpt":"Nos \u00faltimos anos, um novo tipo de ativo passou a dominar conversas nas redes sociais, f\u00f3runs digitais e grupos de amigos: as criptomoedas. Bitcoin, Ethereum e tantas outras deixaram de ser um assunto restrito a especialistas em tecnologia e passaram a ocupar o imagin\u00e1rio de uma gera\u00e7\u00e3o inteira. Para muitos\u2026","rel":"","context":"In &quot;Diversos&quot;","block_context":{"text":"Diversos","link":"https:\/\/maratonadoconsumidor.com.br\/en\/category\/diversos\/"},"img":{"alt_text":"Por que a criptomoeda se tornou o sonho de consumo entre os jovens?","src":"https:\/\/i0.wp.com\/maratonadoconsumidor.com.br\/wp-content\/uploads\/2025\/12\/Design-sem-nome-14.jpg?fit=1200%2C800&ssl=1&resize=350%2C200","width":350,"height":200,"srcset":"https:\/\/i0.wp.com\/maratonadoconsumidor.com.br\/wp-content\/uploads\/2025\/12\/Design-sem-nome-14.jpg?fit=1200%2C800&ssl=1&resize=350%2C200 1x, https:\/\/i0.wp.com\/maratonadoconsumidor.com.br\/wp-content\/uploads\/2025\/12\/Design-sem-nome-14.jpg?fit=1200%2C800&ssl=1&resize=525%2C300 1.5x, https:\/\/i0.wp.com\/maratonadoconsumidor.com.br\/wp-content\/uploads\/2025\/12\/Design-sem-nome-14.jpg?fit=1200%2C800&ssl=1&resize=700%2C400 2x, https:\/\/i0.wp.com\/maratonadoconsumidor.com.br\/wp-content\/uploads\/2025\/12\/Design-sem-nome-14.jpg?fit=1200%2C800&ssl=1&resize=1050%2C600 3x"},"classes":[]},{"id":1011,"url":"https:\/\/maratonadoconsumidor.com.br\/en\/economia-das-pequenas-e-medias-empresas-em-2026\/","url_meta":{"origin":1280,"position":2},"title":"Como anda a economia das pequenas e m\u00e9dias empresas em 2026?","author":"Emilio de Vicente","date":"22 de February de 2026","format":false,"excerpt":"Ao entrar em 2026, pequenas e m\u00e9dias empresas (PMEs) continuam desempenhando papel central na economia no Brasil e no mundo impulsionando mercados, empregos e inova\u00e7\u00e3o. No entanto, esse cen\u00e1rio \u00e9 marcado por desafios macroecon\u00f4micos, transforma\u00e7\u00f5es tecnol\u00f3gicas e novas exig\u00eancias regulat\u00f3rias que moldam como os pequenos neg\u00f3cios operam, competem e crescem.\u2026","rel":"","context":"In &quot;Comparativos&quot;","block_context":{"text":"Comparativos","link":"https:\/\/maratonadoconsumidor.com.br\/en\/category\/comparativos\/"},"img":{"alt_text":"Como anda a economia das pequenas e m\u00e9dias empresas em 2026?","src":"https:\/\/i0.wp.com\/maratonadoconsumidor.com.br\/wp-content\/uploads\/2026\/02\/Design-sem-nome-37-1.jpg?fit=1200%2C800&ssl=1&resize=350%2C200","width":350,"height":200,"srcset":"https:\/\/i0.wp.com\/maratonadoconsumidor.com.br\/wp-content\/uploads\/2026\/02\/Design-sem-nome-37-1.jpg?fit=1200%2C800&ssl=1&resize=350%2C200 1x, https:\/\/i0.wp.com\/maratonadoconsumidor.com.br\/wp-content\/uploads\/2026\/02\/Design-sem-nome-37-1.jpg?fit=1200%2C800&ssl=1&resize=525%2C300 1.5x, https:\/\/i0.wp.com\/maratonadoconsumidor.com.br\/wp-content\/uploads\/2026\/02\/Design-sem-nome-37-1.jpg?fit=1200%2C800&ssl=1&resize=700%2C400 2x, https:\/\/i0.wp.com\/maratonadoconsumidor.com.br\/wp-content\/uploads\/2026\/02\/Design-sem-nome-37-1.jpg?fit=1200%2C800&ssl=1&resize=1050%2C600 3x"},"classes":[]},{"id":914,"url":"https:\/\/maratonadoconsumidor.com.br\/en\/o-que-esperar-da-economia-brasileira-em-2026\/","url_meta":{"origin":1280,"position":3},"title":"O que esperar da economia brasileira em 2026?","author":"Emilio de Vicente","date":"1 de January de 2026","format":false,"excerpt":"A economia brasileira entra em 2026 cercada por expectativas, incertezas e oportunidades que exigem aten\u00e7\u00e3o redobrada de consumidores, investidores e empreendedores. Ap\u00f3s anos marcados por infla\u00e7\u00e3o elevada, juros altos e desafios fiscais, o pa\u00eds passa a conviver com um cen\u00e1rio mais complexo, no qual decis\u00f5es internas e fatores globais caminham\u2026","rel":"","context":"In &quot;Diversos&quot;","block_context":{"text":"Diversos","link":"https:\/\/maratonadoconsumidor.com.br\/en\/category\/diversos\/"},"img":{"alt_text":"O que esperar da economia brasileira em 2026?","src":"https:\/\/i0.wp.com\/maratonadoconsumidor.com.br\/wp-content\/uploads\/2026\/01\/Design-sem-nome-12.jpg?fit=1200%2C800&ssl=1&resize=350%2C200","width":350,"height":200,"srcset":"https:\/\/i0.wp.com\/maratonadoconsumidor.com.br\/wp-content\/uploads\/2026\/01\/Design-sem-nome-12.jpg?fit=1200%2C800&ssl=1&resize=350%2C200 1x, https:\/\/i0.wp.com\/maratonadoconsumidor.com.br\/wp-content\/uploads\/2026\/01\/Design-sem-nome-12.jpg?fit=1200%2C800&ssl=1&resize=525%2C300 1.5x, https:\/\/i0.wp.com\/maratonadoconsumidor.com.br\/wp-content\/uploads\/2026\/01\/Design-sem-nome-12.jpg?fit=1200%2C800&ssl=1&resize=700%2C400 2x, https:\/\/i0.wp.com\/maratonadoconsumidor.com.br\/wp-content\/uploads\/2026\/01\/Design-sem-nome-12.jpg?fit=1200%2C800&ssl=1&resize=1050%2C600 3x"},"classes":[]},{"id":997,"url":"https:\/\/maratonadoconsumidor.com.br\/en\/endividamento-das-familias-brasileiras-cresce-mais-de-80\/","url_meta":{"origin":1280,"position":4},"title":"Endividamento das Fam\u00edlias Brasileiras Cresce Mais de 80%: Entenda os Motivos e Como se Proteger","author":"Emilio de Vicente","date":"20 de February de 2026","format":false,"excerpt":"O or\u00e7amento das fam\u00edlias brasileiras est\u00e1 cada vez mais pressionado. O aumento expressivo do endividamento que j\u00e1 supera 80% dos lares no pa\u00eds, segundo levantamentos da Confedera\u00e7\u00e3o Nacional do Com\u00e9rcio de Bens, Servi\u00e7os e Turismo acende um alerta importante sobre a sa\u00fade financeira da popula\u00e7\u00e3o. Mais do que n\u00fameros, esse\u2026","rel":"","context":"In &quot;Diversos&quot;","block_context":{"text":"Diversos","link":"https:\/\/maratonadoconsumidor.com.br\/en\/category\/diversos\/"},"img":{"alt_text":"Endividamento das Fam\u00edlias Brasileiras Cresce Mais de 80%: Entenda os Motivos e Como se Proteger","src":"https:\/\/i0.wp.com\/maratonadoconsumidor.com.br\/wp-content\/uploads\/2026\/02\/Design-sem-nome-31-1.jpg?fit=1200%2C800&ssl=1&resize=350%2C200","width":350,"height":200,"srcset":"https:\/\/i0.wp.com\/maratonadoconsumidor.com.br\/wp-content\/uploads\/2026\/02\/Design-sem-nome-31-1.jpg?fit=1200%2C800&ssl=1&resize=350%2C200 1x, https:\/\/i0.wp.com\/maratonadoconsumidor.com.br\/wp-content\/uploads\/2026\/02\/Design-sem-nome-31-1.jpg?fit=1200%2C800&ssl=1&resize=525%2C300 1.5x, https:\/\/i0.wp.com\/maratonadoconsumidor.com.br\/wp-content\/uploads\/2026\/02\/Design-sem-nome-31-1.jpg?fit=1200%2C800&ssl=1&resize=700%2C400 2x, https:\/\/i0.wp.com\/maratonadoconsumidor.com.br\/wp-content\/uploads\/2026\/02\/Design-sem-nome-31-1.jpg?fit=1200%2C800&ssl=1&resize=1050%2C600 3x"},"classes":[]},{"id":1320,"url":"https:\/\/maratonadoconsumidor.com.br\/en\/como-anda-o-mercado-imobiliario-hoje-no-pais\/","url_meta":{"origin":1280,"position":5},"title":"Como anda o Mercado Imobili\u00e1rio hoje no pa\u00eds?","author":"Emilio de Vicente","date":"16 de April de 2026","format":false,"excerpt":"O mercado imobili\u00e1rio brasileiro atravessa um per\u00edodo de transforma\u00e7\u00e3o profunda e resili\u00eancia surpreendente. Ap\u00f3s anos de incertezas macroecon\u00f4micas, o setor encerrou 2025 com recordes hist\u00f3ricos de lan\u00e7amentos e vendas, consolidando-se como um dos principais motores da economia nacional. Para quem deseja comprar, vender ou investir, entender o cen\u00e1rio atual n\u00e3o\u2026","rel":"","context":"In &quot;Dicas&quot;","block_context":{"text":"Dicas","link":"https:\/\/maratonadoconsumidor.com.br\/en\/category\/dicas\/"},"img":{"alt_text":"Como anda o Mercado Imobili\u00e1rio hoje no pa\u00eds?","src":"https:\/\/i0.wp.com\/maratonadoconsumidor.com.br\/wp-content\/uploads\/2026\/04\/Design-sem-nome-14-1.jpg?fit=1200%2C800&ssl=1&resize=350%2C200","width":350,"height":200,"srcset":"https:\/\/i0.wp.com\/maratonadoconsumidor.com.br\/wp-content\/uploads\/2026\/04\/Design-sem-nome-14-1.jpg?fit=1200%2C800&ssl=1&resize=350%2C200 1x, https:\/\/i0.wp.com\/maratonadoconsumidor.com.br\/wp-content\/uploads\/2026\/04\/Design-sem-nome-14-1.jpg?fit=1200%2C800&ssl=1&resize=525%2C300 1.5x, https:\/\/i0.wp.com\/maratonadoconsumidor.com.br\/wp-content\/uploads\/2026\/04\/Design-sem-nome-14-1.jpg?fit=1200%2C800&ssl=1&resize=700%2C400 2x, https:\/\/i0.wp.com\/maratonadoconsumidor.com.br\/wp-content\/uploads\/2026\/04\/Design-sem-nome-14-1.jpg?fit=1200%2C800&ssl=1&resize=1050%2C600 3x"},"classes":[]}],"jetpack_sharing_enabled":true,"jetpack_likes_enabled":true,"_links":{"self":[{"href":"https:\/\/maratonadoconsumidor.com.br\/en\/wp-json\/wp\/v2\/posts\/1280","targetHints":{"allow":["GET"]}}],"collection":[{"href":"https:\/\/maratonadoconsumidor.com.br\/en\/wp-json\/wp\/v2\/posts"}],"about":[{"href":"https:\/\/maratonadoconsumidor.com.br\/en\/wp-json\/wp\/v2\/types\/post"}],"author":[{"embeddable":true,"href":"https:\/\/maratonadoconsumidor.com.br\/en\/wp-json\/wp\/v2\/users\/1"}],"replies":[{"embeddable":true,"href":"https:\/\/maratonadoconsumidor.com.br\/en\/wp-json\/wp\/v2\/comments?post=1280"}],"version-history":[{"count":1,"href":"https:\/\/maratonadoconsumidor.com.br\/en\/wp-json\/wp\/v2\/posts\/1280\/revisions"}],"predecessor-version":[{"id":1285,"href":"https:\/\/maratonadoconsumidor.com.br\/en\/wp-json\/wp\/v2\/posts\/1280\/revisions\/1285"}],"wp:featuredmedia":[{"embeddable":true,"href":"https:\/\/maratonadoconsumidor.com.br\/en\/wp-json\/wp\/v2\/media\/1281"}],"wp:attachment":[{"href":"https:\/\/maratonadoconsumidor.com.br\/en\/wp-json\/wp\/v2\/media?parent=1280"}],"wp:term":[{"taxonomy":"category","embeddable":true,"href":"https:\/\/maratonadoconsumidor.com.br\/en\/wp-json\/wp\/v2\/categories?post=1280"},{"taxonomy":"post_tag","embeddable":true,"href":"https:\/\/maratonadoconsumidor.com.br\/en\/wp-json\/wp\/v2\/tags?post=1280"}],"curies":[{"name":"wp","href":"https:\/\/api.w.org\/{rel}","templated":true}]}}