{"id":1249,"date":"2026-04-02T18:52:28","date_gmt":"2026-04-02T21:52:28","guid":{"rendered":"https:\/\/maratonadoconsumidor.com.br\/?p=1249"},"modified":"2026-04-02T18:52:32","modified_gmt":"2026-04-02T21:52:32","slug":"como-o-pistache-e-a-air-fryer-transformaram-a-culinaria-moderna","status":"publish","type":"post","link":"https:\/\/maratonadoconsumidor.com.br\/en\/como-o-pistache-e-a-air-fryer-transformaram-a-culinaria-moderna\/","title":{"rendered":"Como o Pistache e a Air Fryer Transformaram a Culin\u00e1ria Moderna"},"content":{"rendered":"<p>A gastronomia vive ciclos de fasc\u00ednio, e raramente vimos um encontro t\u00e3o perfeito entre ingrediente e t\u00e9cnica como o que presenciamos agora. <\/p>\n\n\n\n<p>De um lado, o\u00a0<strong>pistache<\/strong>, a &#8220;p\u00e9rola verde&#8221; do Oriente M\u00e9dio, que deixou de ser um simples petisco de bar para protagonizar sobremesas de luxo e pratos refinados. <\/p>\n\n\n\n<p>De outro, a\u00a0<strong>Air Fryer<\/strong>, o eletrodom\u00e9stico que deixou de ser um item de conveni\u00eancia para se tornar uma ferramenta de precis\u00e3o culin\u00e1ria. Juntos, eles representam o desejo contempor\u00e2neo por uma cozinha que equilibra\u00a0<strong>sa\u00fade<\/strong>,\u00a0<strong>textura<\/strong>\u00a0e\u00a0<strong>sofistica\u00e7\u00e3o<\/strong>.<\/p>\n\n\n\n<p>O que torna essa combina\u00e7\u00e3o t\u00e3o poderosa \u00e9 a qu\u00edmica. <\/p>\n\n\n\n<p>O pistache possui \u00f3leos naturais que, quando submetidos ao fluxo de ar quente e seco da fritadeira el\u00e9trica, liberam compostos arom\u00e1ticos que seriam perdidos em uma fritura convencional ou em um forno lento. <\/p>\n\n\n\n<p>Estamos falando de elevar o n\u00edvel das refei\u00e7\u00f5es cotidianas com um toque de alta gastronomia, sem a necessidade de t\u00e9cnicas exaustivas.<\/p>\n\n\n\n<h2 class=\"wp-block-heading\">O Fen\u00f4meno do Pistache: Por que Todos Est\u00e3o Obcecados?<\/h2>\n\n\n\n<p>O pistache (<em>Pistacia vera<\/em>) conquistou o paladar brasileiro de forma avassaladora. <\/p>\n\n\n\n<p>Segundo dados de tend\u00eancias de mercado, a procura por receitas com esse fruto seco cresceu exponencialmente em plataformas como o\u00a0Pinterest\u00a0e o Instagram. <\/p>\n\n\n\n<p>Mas o que explica esse sucesso?<\/p>\n\n\n\n<ul class=\"wp-block-list\">\n<li><strong>Perfil Sensorial \u00danico:<\/strong>\u00a0Diferente de outras nozes, o pistache oferece um equil\u00edbrio entre o doce e o salgado, com uma nota terrosa que harmoniza tanto com chocolates quanto com carnes.<\/li>\n\n\n\n<li><strong>Valor Nutricional:<\/strong>\u00a0Rico em\u00a0<strong>antioxidantes<\/strong>,\u00a0<strong>prote\u00ednas<\/strong>\u00a0e gorduras monoinsaturadas, ele \u00e9 o aliado perfeito para quem busca uma dieta funcional.<\/li>\n\n\n\n<li><strong>Est\u00e9tica Visual:<\/strong>\u00a0A cor verde vibrante \u00e9 naturalmente &#8220;instagram\u00e1vel&#8221;, tornando qualquer prato visualmente atraente para a era digital.<\/li>\n<\/ul>\n\n\n\n<h2 class=\"wp-block-heading\">A Air Fryer como Ferramenta de Alta Performance<\/h2>\n\n\n\n<p>Muitos ainda associam a Air Fryer apenas a batatas congeladas, mas o segredo de chefs modernos est\u00e1 no controle da\u00a0<strong>convec\u00e7\u00e3o<\/strong>. Ao circular ar em alta velocidade, o aparelho cria a famosa Rea\u00e7\u00e3o de Maillard de forma homog\u00eanea.<\/p>\n\n\n\n<p> Para o pistache, isso significa uma torra perfeita que real\u00e7a o sabor sem queimar o miolo, algo dif\u00edcil de controlar em frigideiras comuns.<\/p>\n\n\n\n<p>Al\u00e9m disso, a&nbsp;<strong>praticidade<\/strong>&nbsp;de n\u00e3o precisar pr\u00e9-aquecer grandes fornos reduz o tempo de preparo em at\u00e9 50%, tornando as receitas sofisticadas vi\u00e1veis para uma ter\u00e7a-feira \u00e0 noite.<\/p>\n\n\n\n<h2 class=\"wp-block-heading\">Receitas Protagonistas: O Encontro do Sabor com a Tecnologia<\/h2>\n\n\n\n<p>Para dominar essa tend\u00eancia, selecionamos dois pilares: um prato principal que utiliza o pistache como crosta funcional e uma sobremesa que \u00e9 a febre do momento.<\/p>\n\n\n\n<h3 class=\"wp-block-heading\">1. Salm\u00e3o em Crosta de Pistache na Air Fryer<\/h3>\n\n\n\n<p>Esta receita une o \u00f4mega-3 do peixe com as gorduras boas do pistache, resultando em um prato digno de restaurante.<\/p>\n\n\n\n<p><strong>Ingredientes:<\/strong><\/p>\n\n\n\n<ul class=\"wp-block-list\">\n<li>2 fil\u00e9s de salm\u00e3o fresco.<\/li>\n\n\n\n<li>1\/2 x\u00edcara de\u00a0<strong>pistaches torrados<\/strong>\u00a0e triturados grosseiramente.<\/li>\n\n\n\n<li>1 colher de sopa de mostarda Dijon.<\/li>\n\n\n\n<li>Raspas de lim\u00e3o siciliano.<\/li>\n\n\n\n<li>Sal e pimenta-do-reino a gosto.<\/li>\n<\/ul>\n\n\n\n<figure class=\"wp-block-image size-large\"><img data-recalc-dims=\"1\" fetchpriority=\"high\" decoding=\"async\" width=\"960\" height=\"640\" src=\"https:\/\/i0.wp.com\/maratonadoconsumidor.com.br\/wp-content\/uploads\/2026\/04\/Design-sem-nome-20.jpg?resize=960%2C640&#038;ssl=1\" alt=\"Salm\u00e3o em Crosta de Pistache preparado na Air Fryer\" class=\"wp-image-1251\" srcset=\"https:\/\/i0.wp.com\/maratonadoconsumidor.com.br\/wp-content\/uploads\/2026\/04\/Design-sem-nome-20.jpg?resize=1024%2C683&amp;ssl=1 1024w, https:\/\/i0.wp.com\/maratonadoconsumidor.com.br\/wp-content\/uploads\/2026\/04\/Design-sem-nome-20.jpg?resize=300%2C200&amp;ssl=1 300w, https:\/\/i0.wp.com\/maratonadoconsumidor.com.br\/wp-content\/uploads\/2026\/04\/Design-sem-nome-20.jpg?resize=768%2C512&amp;ssl=1 768w, https:\/\/i0.wp.com\/maratonadoconsumidor.com.br\/wp-content\/uploads\/2026\/04\/Design-sem-nome-20.jpg?resize=18%2C12&amp;ssl=1 18w, https:\/\/i0.wp.com\/maratonadoconsumidor.com.br\/wp-content\/uploads\/2026\/04\/Design-sem-nome-20.jpg?resize=150%2C100&amp;ssl=1 150w, https:\/\/i0.wp.com\/maratonadoconsumidor.com.br\/wp-content\/uploads\/2026\/04\/Design-sem-nome-20.jpg?resize=330%2C220&amp;ssl=1 330w, https:\/\/i0.wp.com\/maratonadoconsumidor.com.br\/wp-content\/uploads\/2026\/04\/Design-sem-nome-20.jpg?resize=420%2C280&amp;ssl=1 420w, https:\/\/i0.wp.com\/maratonadoconsumidor.com.br\/wp-content\/uploads\/2026\/04\/Design-sem-nome-20.jpg?resize=510%2C340&amp;ssl=1 510w, https:\/\/i0.wp.com\/maratonadoconsumidor.com.br\/wp-content\/uploads\/2026\/04\/Design-sem-nome-20.jpg?w=1200&amp;ssl=1 1200w\" sizes=\"(max-width: 960px) 100vw, 960px\" \/><\/figure>\n\n\n\n<p><strong>Passo a Passo:<\/strong><\/p>\n\n\n\n<ol class=\"wp-block-list\">\n<li><strong>Tempero:<\/strong>\u00a0Seque bem os fil\u00e9s com papel toalha e tempere com sal, pimenta e as raspas de lim\u00e3o.<\/li>\n\n\n\n<li><strong>A &#8220;Cola&#8221; de Sabor:<\/strong>\u00a0Pincele uma camada fina de mostarda Dijon sobre o topo do salm\u00e3o. Ela servir\u00e1 para fixar a crosta e dar acidez.<\/li>\n\n\n\n<li><strong>A Crosta:<\/strong>\u00a0Pressione os pistaches triturados sobre a mostarda at\u00e9 formar uma camada generosa.<\/li>\n\n\n\n<li><strong>Coc\u00e7\u00e3o:<\/strong>\u00a0Coloque na Air Fryer pr\u00e9-aquecida a 180\u00b0C por cerca de 10 a 12 minutos. O objetivo \u00e9 que o pistache fique dourado e o centro do salm\u00e3o permane\u00e7a suculento.<\/li>\n<\/ol>\n\n\n\n<h3 class=\"wp-block-heading\">2. Cookie de Pistache e Chocolate Branco &#8220;Estilo Nova York&#8221;<\/h3>\n\n\n\n<p>Os cookies feitos na Air Fryer ganham uma borda crocante e um centro extremamente macio devido ao choque t\u00e9rmico r\u00e1pido.<\/p>\n\n\n\n<figure class=\"wp-block-image size-large\"><img data-recalc-dims=\"1\" decoding=\"async\" width=\"960\" height=\"640\" src=\"https:\/\/i0.wp.com\/maratonadoconsumidor.com.br\/wp-content\/uploads\/2026\/04\/Design-sem-nome-21.jpg?resize=960%2C640&#038;ssl=1\" alt=\"Cookies de Pistache e Chocolate Branco\" class=\"wp-image-1252\" srcset=\"https:\/\/i0.wp.com\/maratonadoconsumidor.com.br\/wp-content\/uploads\/2026\/04\/Design-sem-nome-21.jpg?resize=1024%2C683&amp;ssl=1 1024w, https:\/\/i0.wp.com\/maratonadoconsumidor.com.br\/wp-content\/uploads\/2026\/04\/Design-sem-nome-21.jpg?resize=300%2C200&amp;ssl=1 300w, https:\/\/i0.wp.com\/maratonadoconsumidor.com.br\/wp-content\/uploads\/2026\/04\/Design-sem-nome-21.jpg?resize=768%2C512&amp;ssl=1 768w, https:\/\/i0.wp.com\/maratonadoconsumidor.com.br\/wp-content\/uploads\/2026\/04\/Design-sem-nome-21.jpg?resize=18%2C12&amp;ssl=1 18w, https:\/\/i0.wp.com\/maratonadoconsumidor.com.br\/wp-content\/uploads\/2026\/04\/Design-sem-nome-21.jpg?resize=150%2C100&amp;ssl=1 150w, https:\/\/i0.wp.com\/maratonadoconsumidor.com.br\/wp-content\/uploads\/2026\/04\/Design-sem-nome-21.jpg?resize=330%2C220&amp;ssl=1 330w, https:\/\/i0.wp.com\/maratonadoconsumidor.com.br\/wp-content\/uploads\/2026\/04\/Design-sem-nome-21.jpg?resize=420%2C280&amp;ssl=1 420w, https:\/\/i0.wp.com\/maratonadoconsumidor.com.br\/wp-content\/uploads\/2026\/04\/Design-sem-nome-21.jpg?resize=510%2C340&amp;ssl=1 510w, https:\/\/i0.wp.com\/maratonadoconsumidor.com.br\/wp-content\/uploads\/2026\/04\/Design-sem-nome-21.jpg?w=1200&amp;ssl=1 1200w\" sizes=\"(max-width: 960px) 100vw, 960px\" \/><\/figure>\n\n\n\n<p><strong>Passo a Passo:<\/strong><\/p>\n\n\n\n<ol class=\"wp-block-list\">\n<li>Misture manteiga pomada, a\u00e7\u00facar mascavo e um ovo at\u00e9 obter um creme.<\/li>\n\n\n\n<li>Adicione farinha de trigo, uma pitada de bicarbonato e, o segredo:\u00a0<strong>pasta de pistache pura<\/strong>.<\/li>\n\n\n\n<li>Incorpore gotas de chocolate branco e peda\u00e7os de pistache inteiro.<\/li>\n\n\n\n<li>Modele bolas grandes e leve ao freezer por 15 minutos (essencial para n\u00e3o espalhar muito).<\/li>\n\n\n\n<li>Asse na Air Fryer a 160\u00b0C por 8 minutos. Deixe esfriar no cesto para terminar de firmar.<\/li>\n<\/ol>\n\n\n\n<h2 class=\"wp-block-heading\">Dicas de Ouro para Resultados Profissionais<\/h2>\n\n\n\n<p>Para garantir que suas&nbsp;<strong>receitas de Air Fryer<\/strong>&nbsp;n\u00e3o falhem, atente-se a estes detalhes t\u00e9cnicos:<\/p>\n\n\n\n<ul class=\"wp-block-list\">\n<li><strong>N\u00e3o sobrecarregue o cesto:<\/strong>\u00a0O ar precisa circular. Se voc\u00ea tampar todas as frestas com comida, o pistache ficar\u00e1 murcho em vez de crocante.<\/li>\n\n\n\n<li><strong>Qualidade do Ingrediente:<\/strong>\u00a0Procure pistaches sem sal se for usar em doces. Marcas como a\u00a0Caldier\u00a0ou importados da Turquia e Ir\u00e3 oferecem cores mais verdes e sabores mais intensos.<\/li>\n\n\n\n<li><strong>Moagem correta:<\/strong>\u00a0Nunca triture o pistache at\u00e9 virar farinha (a menos que a receita pe\u00e7a). O charme est\u00e1 nos peda\u00e7os irregulares que proporcionam\u00a0<strong>textura<\/strong>.<\/li>\n<\/ul>\n\n\n\n<h2 class=\"wp-block-heading\">Sustentabilidade e Economia na Cozinha<\/h2>\n\n\n\n<p>Al\u00e9m do sabor, a dupla pistache e Air Fryer conversa com a economia dom\u00e9stica moderna. <\/p>\n\n\n\n<p>O aparelho consome menos energia que um forno el\u00e9trico convencional. J\u00e1 o pistache, embora seja um insumo premium, rende muito. <\/p>\n\n\n\n<p>Uma pequena por\u00e7\u00e3o triturada \u00e9 capaz de transformar um ingrediente simples, como um peito de frango ou uma fatia de queijo coalho, em uma experi\u00eancia gourmet, elevando o\u00a0<strong>custo-benef\u00edcio<\/strong>\u00a0das suas refei\u00e7\u00f5es.<\/p>\n\n\n\n<p>A cozinha \u00e9 um espa\u00e7o de experimenta\u00e7\u00e3o constante, onde a tradi\u00e7\u00e3o de ingredientes milenares encontra a efici\u00eancia da vida moderna. <\/p>\n\n\n\n<p>Ao dominar a arte de preparar o pistache na Air Fryer, voc\u00ea n\u00e3o est\u00e1 apenas seguindo uma moda passageira, mas adquirindo uma habilidade de transformar o simples em extraordin\u00e1rio com apenas alguns minutos e um clique.<\/p>\n\n\n\n<p>Imagine o aroma de oleaginosas tostadas invadindo sua casa, a satisfa\u00e7\u00e3o de ouvir o &#8220;crunch&#8221; perfeito a cada mordida e o prazer visual de um prato vibrante. <\/p>\n\n\n\n<p>O convite agora \u00e9 para que voc\u00ea abra sua gaveta de temperos, ligue o seu aparelho e permita-se ser o chef da sua pr\u00f3pria revolu\u00e7\u00e3o gastron\u00f4mica.<\/p>\n\n\n\n<p> Afinal, a melhor parte da culin\u00e1ria n\u00e3o \u00e9 apenas comer, mas a descoberta de novos horizontes em cada detalhe crocante. <\/p>\n\n\n\n<p>Qual ser\u00e1 a sua primeira cria\u00e7\u00e3o?<\/p>\n\n\n\n<p><\/p>","protected":false},"excerpt":{"rendered":"<p>A gastronomia vive ciclos de fasc\u00ednio, e raramente vimos um encontro t\u00e3o perfeito entre ingrediente e t\u00e9cnica como o que presenciamos agora. De um lado, o\u00a0pistache, a &#8220;p\u00e9rola verde&#8221; do Oriente M\u00e9dio, que deixou de ser um simples petisco de bar para protagonizar sobremesas de luxo e pratos refinados. De outro, a\u00a0Air Fryer, o eletrodom\u00e9stico<\/p>","protected":false},"author":1,"featured_media":1250,"comment_status":"open","ping_status":"open","sticky":false,"template":"","format":"standard","meta":{"_mbp_gutenberg_autopost":false,"jetpack_post_was_ever_published":false,"_jetpack_newsletter_access":"","_jetpack_dont_email_post_to_subs":false,"_jetpack_newsletter_tier_id":0,"_jetpack_memberships_contains_paywalled_content":false,"_jetpack_memberships_contains_paid_content":false,"footnotes":"","jetpack_publicize_message":"","jetpack_publicize_feature_enabled":true,"jetpack_social_post_already_shared":false,"jetpack_social_options":{"image_generator_settings":{"template":"highway","default_image_id":0,"font":"","enabled":false},"version":2}},"categories":[140],"tags":[241,247,248,242,243,244,245,246],"class_list":["post-1249","post","type-post","status-publish","format-standard","has-post-thumbnail","hentry","category-culinaria","tag-air-fryer","tag-che","tag-custo-beneficio","tag-receitas","tag-saude","tag-sofisticacao","tag-textura","tag-torra-perfeita"],"yoast_head":"<!-- This site is optimized with the Yoast SEO plugin v27.4 - https:\/\/yoast.com\/product\/yoast-seo-wordpress\/ -->\n<title>Como o Pistache e a Air Fryer Transformaram a Culin\u00e1ria Moderna<\/title>\n<meta name=\"description\" content=\"Aprenda como elevar suas receitas de Air Fryer com a sofistica\u00e7\u00e3o do pistache. Descubra t\u00e9cnicas de torra perfeita, benef\u00edcios nutricionais\" \/>\n<meta name=\"robots\" content=\"index, follow, max-snippet:-1, max-image-preview:large, max-video-preview:-1\" \/>\n<link rel=\"canonical\" href=\"https:\/\/maratonadoconsumidor.com.br\/en\/como-o-pistache-e-a-air-fryer-transformaram-a-culinaria-moderna\/\" \/>\n<meta property=\"og:locale\" content=\"en_US\" \/>\n<meta property=\"og:type\" content=\"article\" \/>\n<meta property=\"og:title\" content=\"Como o Pistache e a Air Fryer Transformaram a Culin\u00e1ria Moderna\" \/>\n<meta property=\"og:description\" content=\"Aprenda como elevar suas receitas de Air Fryer com a sofistica\u00e7\u00e3o do pistache. Descubra t\u00e9cnicas de torra perfeita, benef\u00edcios nutricionais\" \/>\n<meta property=\"og:url\" content=\"https:\/\/maratonadoconsumidor.com.br\/en\/como-o-pistache-e-a-air-fryer-transformaram-a-culinaria-moderna\/\" \/>\n<meta property=\"article:publisher\" content=\"https:\/\/www.facebook.com\/canaldomaratonadoconsumidor\" \/>\n<meta property=\"article:published_time\" content=\"2026-04-02T21:52:28+00:00\" \/>\n<meta property=\"article:modified_time\" content=\"2026-04-02T21:52:32+00:00\" \/>\n<meta property=\"og:image\" content=\"https:\/\/maratonadoconsumidor.com.br\/wp-content\/uploads\/2026\/04\/image_cccac38e.png\" \/>\n\t<meta property=\"og:image:width\" content=\"1376\" \/>\n\t<meta property=\"og:image:height\" content=\"768\" \/>\n\t<meta property=\"og:image:type\" content=\"image\/png\" \/>\n<meta name=\"author\" content=\"Emilio de Vicente\" \/>\n<meta name=\"twitter:card\" content=\"summary_large_image\" \/>\n<meta name=\"twitter:creator\" content=\"@MaratonadoCons1\" \/>\n<meta name=\"twitter:site\" content=\"@MaratonadoCons1\" \/>\n<meta name=\"twitter:label1\" content=\"Written by\" \/>\n\t<meta name=\"twitter:data1\" content=\"Emilio de Vicente\" \/>\n\t<meta name=\"twitter:label2\" content=\"Est. reading time\" \/>\n\t<meta name=\"twitter:data2\" content=\"6 minutes\" \/>\n<script type=\"application\/ld+json\" class=\"yoast-schema-graph\">{\"@context\":\"https:\\\/\\\/schema.org\",\"@graph\":[{\"@type\":\"Article\",\"@id\":\"https:\\\/\\\/maratonadoconsumidor.com.br\\\/como-o-pistache-e-a-air-fryer-transformaram-a-culinaria-moderna\\\/#article\",\"isPartOf\":{\"@id\":\"https:\\\/\\\/maratonadoconsumidor.com.br\\\/como-o-pistache-e-a-air-fryer-transformaram-a-culinaria-moderna\\\/\"},\"author\":{\"name\":\"Emilio de Vicente\",\"@id\":\"https:\\\/\\\/maratonadoconsumidor.com.br\\\/#\\\/schema\\\/person\\\/01c74586a582dc988d4334293f57343c\"},\"headline\":\"Como o Pistache e a Air Fryer Transformaram a Culin\u00e1ria Moderna\",\"datePublished\":\"2026-04-02T21:52:28+00:00\",\"dateModified\":\"2026-04-02T21:52:32+00:00\",\"mainEntityOfPage\":{\"@id\":\"https:\\\/\\\/maratonadoconsumidor.com.br\\\/como-o-pistache-e-a-air-fryer-transformaram-a-culinaria-moderna\\\/\"},\"wordCount\":1035,\"commentCount\":0,\"publisher\":{\"@id\":\"https:\\\/\\\/maratonadoconsumidor.com.br\\\/#organization\"},\"image\":{\"@id\":\"https:\\\/\\\/maratonadoconsumidor.com.br\\\/como-o-pistache-e-a-air-fryer-transformaram-a-culinaria-moderna\\\/#primaryimage\"},\"thumbnailUrl\":\"https:\\\/\\\/i0.wp.com\\\/maratonadoconsumidor.com.br\\\/wp-content\\\/uploads\\\/2026\\\/04\\\/image_cccac38e.png?fit=1376%2C768&ssl=1\",\"keywords\":[\"Air Fryer\",\"che\",\"Custo-benef\u00edcio.\",\"Receitas\",\"Sa\u00fade\",\"Sofistica\u00e7\u00e3o\",\"Textura\",\"Torra Perfeita\"],\"articleSection\":[\"Culin\u00e1ria\"],\"inLanguage\":\"en-US\",\"potentialAction\":[{\"@type\":\"CommentAction\",\"name\":\"Comment\",\"target\":[\"https:\\\/\\\/maratonadoconsumidor.com.br\\\/como-o-pistache-e-a-air-fryer-transformaram-a-culinaria-moderna\\\/#respond\"]}]},{\"@type\":\"WebPage\",\"@id\":\"https:\\\/\\\/maratonadoconsumidor.com.br\\\/como-o-pistache-e-a-air-fryer-transformaram-a-culinaria-moderna\\\/\",\"url\":\"https:\\\/\\\/maratonadoconsumidor.com.br\\\/como-o-pistache-e-a-air-fryer-transformaram-a-culinaria-moderna\\\/\",\"name\":\"Como o Pistache e a Air Fryer Transformaram a Culin\u00e1ria Moderna\",\"isPartOf\":{\"@id\":\"https:\\\/\\\/maratonadoconsumidor.com.br\\\/#website\"},\"primaryImageOfPage\":{\"@id\":\"https:\\\/\\\/maratonadoconsumidor.com.br\\\/como-o-pistache-e-a-air-fryer-transformaram-a-culinaria-moderna\\\/#primaryimage\"},\"image\":{\"@id\":\"https:\\\/\\\/maratonadoconsumidor.com.br\\\/como-o-pistache-e-a-air-fryer-transformaram-a-culinaria-moderna\\\/#primaryimage\"},\"thumbnailUrl\":\"https:\\\/\\\/i0.wp.com\\\/maratonadoconsumidor.com.br\\\/wp-content\\\/uploads\\\/2026\\\/04\\\/image_cccac38e.png?fit=1376%2C768&ssl=1\",\"datePublished\":\"2026-04-02T21:52:28+00:00\",\"dateModified\":\"2026-04-02T21:52:32+00:00\",\"description\":\"Aprenda como elevar suas receitas de Air Fryer com a sofistica\u00e7\u00e3o do pistache. Descubra t\u00e9cnicas de torra perfeita, benef\u00edcios nutricionais\",\"breadcrumb\":{\"@id\":\"https:\\\/\\\/maratonadoconsumidor.com.br\\\/como-o-pistache-e-a-air-fryer-transformaram-a-culinaria-moderna\\\/#breadcrumb\"},\"inLanguage\":\"en-US\",\"potentialAction\":[{\"@type\":\"ReadAction\",\"target\":[\"https:\\\/\\\/maratonadoconsumidor.com.br\\\/como-o-pistache-e-a-air-fryer-transformaram-a-culinaria-moderna\\\/\"]}]},{\"@type\":\"ImageObject\",\"inLanguage\":\"en-US\",\"@id\":\"https:\\\/\\\/maratonadoconsumidor.com.br\\\/como-o-pistache-e-a-air-fryer-transformaram-a-culinaria-moderna\\\/#primaryimage\",\"url\":\"https:\\\/\\\/i0.wp.com\\\/maratonadoconsumidor.com.br\\\/wp-content\\\/uploads\\\/2026\\\/04\\\/image_cccac38e.png?fit=1376%2C768&ssl=1\",\"contentUrl\":\"https:\\\/\\\/i0.wp.com\\\/maratonadoconsumidor.com.br\\\/wp-content\\\/uploads\\\/2026\\\/04\\\/image_cccac38e.png?fit=1376%2C768&ssl=1\",\"width\":1376,\"height\":768,\"caption\":\"Como o Pistache e a Air Fryer Transformaram a Culin\u00e1ria Moderna\"},{\"@type\":\"BreadcrumbList\",\"@id\":\"https:\\\/\\\/maratonadoconsumidor.com.br\\\/como-o-pistache-e-a-air-fryer-transformaram-a-culinaria-moderna\\\/#breadcrumb\",\"itemListElement\":[{\"@type\":\"ListItem\",\"position\":1,\"name\":\"In\u00edcio\",\"item\":\"https:\\\/\\\/maratonadoconsumidor.com.br\\\/\"},{\"@type\":\"ListItem\",\"position\":2,\"name\":\"Como o Pistache e a Air Fryer Transformaram a Culin\u00e1ria Moderna\"}]},{\"@type\":\"WebSite\",\"@id\":\"https:\\\/\\\/maratonadoconsumidor.com.br\\\/#website\",\"url\":\"https:\\\/\\\/maratonadoconsumidor.com.br\\\/\",\"name\":\"Maratona do Consumidor\",\"description\":\"\",\"publisher\":{\"@id\":\"https:\\\/\\\/maratonadoconsumidor.com.br\\\/#organization\"},\"potentialAction\":[{\"@type\":\"SearchAction\",\"target\":{\"@type\":\"EntryPoint\",\"urlTemplate\":\"https:\\\/\\\/maratonadoconsumidor.com.br\\\/?s={search_term_string}\"},\"query-input\":{\"@type\":\"PropertyValueSpecification\",\"valueRequired\":true,\"valueName\":\"search_term_string\"}}],\"inLanguage\":\"en-US\"},{\"@type\":\"Organization\",\"@id\":\"https:\\\/\\\/maratonadoconsumidor.com.br\\\/#organization\",\"name\":\"Maratona do Consumidor\",\"url\":\"https:\\\/\\\/maratonadoconsumidor.com.br\\\/\",\"logo\":{\"@type\":\"ImageObject\",\"inLanguage\":\"en-US\",\"@id\":\"https:\\\/\\\/maratonadoconsumidor.com.br\\\/#\\\/schema\\\/logo\\\/image\\\/\",\"url\":\"https:\\\/\\\/maratonadoconsumidor.com.br\\\/wp-content\\\/uploads\\\/2025\\\/06\\\/MARATONA-DO-CONSUMIDOR-160.png\",\"contentUrl\":\"https:\\\/\\\/maratonadoconsumidor.com.br\\\/wp-content\\\/uploads\\\/2025\\\/06\\\/MARATONA-DO-CONSUMIDOR-160.png\",\"width\":180,\"height\":60,\"caption\":\"Maratona do Consumidor\"},\"image\":{\"@id\":\"https:\\\/\\\/maratonadoconsumidor.com.br\\\/#\\\/schema\\\/logo\\\/image\\\/\"},\"sameAs\":[\"https:\\\/\\\/www.facebook.com\\\/canaldomaratonadoconsumidor\",\"https:\\\/\\\/x.com\\\/MaratonadoCons1\",\"https:\\\/\\\/www.instagram.com\\\/maratonadoconsumidor\\\/\",\"https:\\\/\\\/www.youtube.com\\\/@MaratonadoConsumidor\"]},{\"@type\":\"Person\",\"@id\":\"https:\\\/\\\/maratonadoconsumidor.com.br\\\/#\\\/schema\\\/person\\\/01c74586a582dc988d4334293f57343c\",\"name\":\"Emilio de Vicente\",\"image\":{\"@type\":\"ImageObject\",\"inLanguage\":\"en-US\",\"@id\":\"https:\\\/\\\/maratonadoconsumidor.com.br\\\/wp-content\\\/uploads\\\/2025\\\/09\\\/cropped-Captura-de-tela-2024-05-15-133101-96x96.png\",\"url\":\"https:\\\/\\\/maratonadoconsumidor.com.br\\\/wp-content\\\/uploads\\\/2025\\\/09\\\/cropped-Captura-de-tela-2024-05-15-133101-96x96.png\",\"contentUrl\":\"https:\\\/\\\/maratonadoconsumidor.com.br\\\/wp-content\\\/uploads\\\/2025\\\/09\\\/cropped-Captura-de-tela-2024-05-15-133101-96x96.png\",\"caption\":\"Emilio de Vicente\"},\"description\":\"Emilio de Vicente \u00e9 o autor e respons\u00e1vel pelos conte\u00fados do site Maratona do Consumidor, trazendo informa\u00e7\u00f5es atualizadas, an\u00e1lises profundas e artigos relevantes sobre diversos temas do cotidiano relacionados dicas, comparativos de produtos e pre\u00e7os, consumo inteligente, finan\u00e7as em geral e muito mais.\",\"sameAs\":[\"https:\\\/\\\/maratonadoconsumidor.com.br\"],\"url\":\"https:\\\/\\\/maratonadoconsumidor.com.br\\\/en\\\/author\\\/emilio\\\/\"}]}<\/script>\n<!-- \/ Yoast SEO plugin. -->","yoast_head_json":{"title":"Como o Pistache e a Air Fryer Transformaram a Culin\u00e1ria Moderna","description":"Aprenda como elevar suas receitas de Air Fryer com a sofistica\u00e7\u00e3o do pistache. Descubra t\u00e9cnicas de torra perfeita, benef\u00edcios nutricionais","robots":{"index":"index","follow":"follow","max-snippet":"max-snippet:-1","max-image-preview":"max-image-preview:large","max-video-preview":"max-video-preview:-1"},"canonical":"https:\/\/maratonadoconsumidor.com.br\/en\/como-o-pistache-e-a-air-fryer-transformaram-a-culinaria-moderna\/","og_locale":"en_US","og_type":"article","og_title":"Como o Pistache e a Air Fryer Transformaram a Culin\u00e1ria Moderna","og_description":"Aprenda como elevar suas receitas de Air Fryer com a sofistica\u00e7\u00e3o do pistache. Descubra t\u00e9cnicas de torra perfeita, benef\u00edcios nutricionais","og_url":"https:\/\/maratonadoconsumidor.com.br\/en\/como-o-pistache-e-a-air-fryer-transformaram-a-culinaria-moderna\/","article_publisher":"https:\/\/www.facebook.com\/canaldomaratonadoconsumidor","article_published_time":"2026-04-02T21:52:28+00:00","article_modified_time":"2026-04-02T21:52:32+00:00","og_image":[{"width":1376,"height":768,"url":"https:\/\/maratonadoconsumidor.com.br\/wp-content\/uploads\/2026\/04\/image_cccac38e.png","type":"image\/png"}],"author":"Emilio de Vicente","twitter_card":"summary_large_image","twitter_creator":"@MaratonadoCons1","twitter_site":"@MaratonadoCons1","twitter_misc":{"Written by":"Emilio de Vicente","Est. reading time":"6 minutes"},"schema":{"@context":"https:\/\/schema.org","@graph":[{"@type":"Article","@id":"https:\/\/maratonadoconsumidor.com.br\/como-o-pistache-e-a-air-fryer-transformaram-a-culinaria-moderna\/#article","isPartOf":{"@id":"https:\/\/maratonadoconsumidor.com.br\/como-o-pistache-e-a-air-fryer-transformaram-a-culinaria-moderna\/"},"author":{"name":"Emilio de Vicente","@id":"https:\/\/maratonadoconsumidor.com.br\/#\/schema\/person\/01c74586a582dc988d4334293f57343c"},"headline":"Como o Pistache e a Air Fryer Transformaram a Culin\u00e1ria Moderna","datePublished":"2026-04-02T21:52:28+00:00","dateModified":"2026-04-02T21:52:32+00:00","mainEntityOfPage":{"@id":"https:\/\/maratonadoconsumidor.com.br\/como-o-pistache-e-a-air-fryer-transformaram-a-culinaria-moderna\/"},"wordCount":1035,"commentCount":0,"publisher":{"@id":"https:\/\/maratonadoconsumidor.com.br\/#organization"},"image":{"@id":"https:\/\/maratonadoconsumidor.com.br\/como-o-pistache-e-a-air-fryer-transformaram-a-culinaria-moderna\/#primaryimage"},"thumbnailUrl":"https:\/\/i0.wp.com\/maratonadoconsumidor.com.br\/wp-content\/uploads\/2026\/04\/image_cccac38e.png?fit=1376%2C768&ssl=1","keywords":["Air Fryer","che","Custo-benef\u00edcio.","Receitas","Sa\u00fade","Sofistica\u00e7\u00e3o","Textura","Torra Perfeita"],"articleSection":["Culin\u00e1ria"],"inLanguage":"en-US","potentialAction":[{"@type":"CommentAction","name":"Comment","target":["https:\/\/maratonadoconsumidor.com.br\/como-o-pistache-e-a-air-fryer-transformaram-a-culinaria-moderna\/#respond"]}]},{"@type":"WebPage","@id":"https:\/\/maratonadoconsumidor.com.br\/como-o-pistache-e-a-air-fryer-transformaram-a-culinaria-moderna\/","url":"https:\/\/maratonadoconsumidor.com.br\/como-o-pistache-e-a-air-fryer-transformaram-a-culinaria-moderna\/","name":"Como o Pistache e a Air Fryer Transformaram a Culin\u00e1ria Moderna","isPartOf":{"@id":"https:\/\/maratonadoconsumidor.com.br\/#website"},"primaryImageOfPage":{"@id":"https:\/\/maratonadoconsumidor.com.br\/como-o-pistache-e-a-air-fryer-transformaram-a-culinaria-moderna\/#primaryimage"},"image":{"@id":"https:\/\/maratonadoconsumidor.com.br\/como-o-pistache-e-a-air-fryer-transformaram-a-culinaria-moderna\/#primaryimage"},"thumbnailUrl":"https:\/\/i0.wp.com\/maratonadoconsumidor.com.br\/wp-content\/uploads\/2026\/04\/image_cccac38e.png?fit=1376%2C768&ssl=1","datePublished":"2026-04-02T21:52:28+00:00","dateModified":"2026-04-02T21:52:32+00:00","description":"Aprenda como elevar suas receitas de Air Fryer com a sofistica\u00e7\u00e3o do pistache. Descubra t\u00e9cnicas de torra perfeita, benef\u00edcios nutricionais","breadcrumb":{"@id":"https:\/\/maratonadoconsumidor.com.br\/como-o-pistache-e-a-air-fryer-transformaram-a-culinaria-moderna\/#breadcrumb"},"inLanguage":"en-US","potentialAction":[{"@type":"ReadAction","target":["https:\/\/maratonadoconsumidor.com.br\/como-o-pistache-e-a-air-fryer-transformaram-a-culinaria-moderna\/"]}]},{"@type":"ImageObject","inLanguage":"en-US","@id":"https:\/\/maratonadoconsumidor.com.br\/como-o-pistache-e-a-air-fryer-transformaram-a-culinaria-moderna\/#primaryimage","url":"https:\/\/i0.wp.com\/maratonadoconsumidor.com.br\/wp-content\/uploads\/2026\/04\/image_cccac38e.png?fit=1376%2C768&ssl=1","contentUrl":"https:\/\/i0.wp.com\/maratonadoconsumidor.com.br\/wp-content\/uploads\/2026\/04\/image_cccac38e.png?fit=1376%2C768&ssl=1","width":1376,"height":768,"caption":"Como o Pistache e a Air Fryer Transformaram a Culin\u00e1ria Moderna"},{"@type":"BreadcrumbList","@id":"https:\/\/maratonadoconsumidor.com.br\/como-o-pistache-e-a-air-fryer-transformaram-a-culinaria-moderna\/#breadcrumb","itemListElement":[{"@type":"ListItem","position":1,"name":"In\u00edcio","item":"https:\/\/maratonadoconsumidor.com.br\/"},{"@type":"ListItem","position":2,"name":"Como o Pistache e a Air Fryer Transformaram a Culin\u00e1ria Moderna"}]},{"@type":"WebSite","@id":"https:\/\/maratonadoconsumidor.com.br\/#website","url":"https:\/\/maratonadoconsumidor.com.br\/","name":"Maratona do Consumidor","description":"","publisher":{"@id":"https:\/\/maratonadoconsumidor.com.br\/#organization"},"potentialAction":[{"@type":"SearchAction","target":{"@type":"EntryPoint","urlTemplate":"https:\/\/maratonadoconsumidor.com.br\/?s={search_term_string}"},"query-input":{"@type":"PropertyValueSpecification","valueRequired":true,"valueName":"search_term_string"}}],"inLanguage":"en-US"},{"@type":"Organization","@id":"https:\/\/maratonadoconsumidor.com.br\/#organization","name":"Maratona do Consumidor","url":"https:\/\/maratonadoconsumidor.com.br\/","logo":{"@type":"ImageObject","inLanguage":"en-US","@id":"https:\/\/maratonadoconsumidor.com.br\/#\/schema\/logo\/image\/","url":"https:\/\/maratonadoconsumidor.com.br\/wp-content\/uploads\/2025\/06\/MARATONA-DO-CONSUMIDOR-160.png","contentUrl":"https:\/\/maratonadoconsumidor.com.br\/wp-content\/uploads\/2025\/06\/MARATONA-DO-CONSUMIDOR-160.png","width":180,"height":60,"caption":"Maratona do Consumidor"},"image":{"@id":"https:\/\/maratonadoconsumidor.com.br\/#\/schema\/logo\/image\/"},"sameAs":["https:\/\/www.facebook.com\/canaldomaratonadoconsumidor","https:\/\/x.com\/MaratonadoCons1","https:\/\/www.instagram.com\/maratonadoconsumidor\/","https:\/\/www.youtube.com\/@MaratonadoConsumidor"]},{"@type":"Person","@id":"https:\/\/maratonadoconsumidor.com.br\/#\/schema\/person\/01c74586a582dc988d4334293f57343c","name":"Emilio de Vicente","image":{"@type":"ImageObject","inLanguage":"en-US","@id":"https:\/\/maratonadoconsumidor.com.br\/wp-content\/uploads\/2025\/09\/cropped-Captura-de-tela-2024-05-15-133101-96x96.png","url":"https:\/\/maratonadoconsumidor.com.br\/wp-content\/uploads\/2025\/09\/cropped-Captura-de-tela-2024-05-15-133101-96x96.png","contentUrl":"https:\/\/maratonadoconsumidor.com.br\/wp-content\/uploads\/2025\/09\/cropped-Captura-de-tela-2024-05-15-133101-96x96.png","caption":"Emilio de Vicente"},"description":"Emilio de Vicente \u00e9 o autor e respons\u00e1vel pelos conte\u00fados do site Maratona do Consumidor, trazendo informa\u00e7\u00f5es atualizadas, an\u00e1lises profundas e artigos relevantes sobre diversos temas do cotidiano relacionados dicas, comparativos de produtos e pre\u00e7os, consumo inteligente, finan\u00e7as em geral e muito mais.","sameAs":["https:\/\/maratonadoconsumidor.com.br"],"url":"https:\/\/maratonadoconsumidor.com.br\/en\/author\/emilio\/"}]}},"jetpack_publicize_connections":[],"jetpack_featured_media_url":"https:\/\/i0.wp.com\/maratonadoconsumidor.com.br\/wp-content\/uploads\/2026\/04\/image_cccac38e.png?fit=1376%2C768&ssl=1","jetpack-related-posts":[{"id":1062,"url":"https:\/\/maratonadoconsumidor.com.br\/en\/como-fazer-um-delicioso-arroz-doce-em-casa\/","url_meta":{"origin":1249,"position":0},"title":"Como Fazer um Delicioso Arroz Doce em Casa","author":"Emilio de Vicente","date":"8 de March de 2026","format":false,"excerpt":"Um cl\u00e1ssico que aquece o cora\u00e7\u00e3o Poucas sobremesas s\u00e3o t\u00e3o reconfortantes quanto um prato de arroz doce rec\u00e9m-preparado. Cremoso, arom\u00e1tico e com aquele toque caseiro que lembra inf\u00e2ncia e momentos em fam\u00edlia, esse doce atravessa gera\u00e7\u00f5es e continua sendo uma das receitas mais queridas da culin\u00e1ria brasileira. Presente em festas\u2026","rel":"","context":"In &quot;Culin\u00e1ria&quot;","block_context":{"text":"Culin\u00e1ria","link":"https:\/\/maratonadoconsumidor.com.br\/en\/category\/culinaria\/"},"img":{"alt_text":"Como Fazer um Delicioso Arroz Doce em Casa","src":"https:\/\/i0.wp.com\/maratonadoconsumidor.com.br\/wp-content\/uploads\/2026\/03\/Design-sem-nome-11.jpg?fit=1200%2C800&ssl=1&resize=350%2C200","width":350,"height":200,"srcset":"https:\/\/i0.wp.com\/maratonadoconsumidor.com.br\/wp-content\/uploads\/2026\/03\/Design-sem-nome-11.jpg?fit=1200%2C800&ssl=1&resize=350%2C200 1x, https:\/\/i0.wp.com\/maratonadoconsumidor.com.br\/wp-content\/uploads\/2026\/03\/Design-sem-nome-11.jpg?fit=1200%2C800&ssl=1&resize=525%2C300 1.5x, https:\/\/i0.wp.com\/maratonadoconsumidor.com.br\/wp-content\/uploads\/2026\/03\/Design-sem-nome-11.jpg?fit=1200%2C800&ssl=1&resize=700%2C400 2x, https:\/\/i0.wp.com\/maratonadoconsumidor.com.br\/wp-content\/uploads\/2026\/03\/Design-sem-nome-11.jpg?fit=1200%2C800&ssl=1&resize=1050%2C600 3x"},"classes":[]},{"id":1118,"url":"https:\/\/maratonadoconsumidor.com.br\/en\/file-mignon-ao-molho-dijonese-uma-receita-sofisticada\/","url_meta":{"origin":1249,"position":1},"title":"Fil\u00e9 Mignon ao Molho Dijonese: Uma Receita Sofisticada e Cheia de Sabor","author":"Emilio de Vicente","date":"15 de March de 2026","format":false,"excerpt":"O fil\u00e9 mignon ao molho dijonese \u00e9 um daqueles pratos que conseguem unir sofistica\u00e7\u00e3o, sabor marcante e preparo relativamente simples. Muito apreciado em restaurantes e jantares especiais, ele combina a maciez do fil\u00e9 mignon com o sabor levemente picante e arom\u00e1tico da mostarda Dijon, criando uma experi\u00eancia gastron\u00f4mica elegante e\u2026","rel":"","context":"In &quot;Culin\u00e1ria&quot;","block_context":{"text":"Culin\u00e1ria","link":"https:\/\/maratonadoconsumidor.com.br\/en\/category\/culinaria\/"},"img":{"alt_text":"Fil\u00e9 Mignon ao Molho Dijonese: Uma Receita Sofisticada e Cheia de Sabor","src":"https:\/\/i0.wp.com\/maratonadoconsumidor.com.br\/wp-content\/uploads\/2026\/03\/Design-sem-nome-8.jpg?fit=1200%2C800&ssl=1&resize=350%2C200","width":350,"height":200,"srcset":"https:\/\/i0.wp.com\/maratonadoconsumidor.com.br\/wp-content\/uploads\/2026\/03\/Design-sem-nome-8.jpg?fit=1200%2C800&ssl=1&resize=350%2C200 1x, https:\/\/i0.wp.com\/maratonadoconsumidor.com.br\/wp-content\/uploads\/2026\/03\/Design-sem-nome-8.jpg?fit=1200%2C800&ssl=1&resize=525%2C300 1.5x, https:\/\/i0.wp.com\/maratonadoconsumidor.com.br\/wp-content\/uploads\/2026\/03\/Design-sem-nome-8.jpg?fit=1200%2C800&ssl=1&resize=700%2C400 2x, https:\/\/i0.wp.com\/maratonadoconsumidor.com.br\/wp-content\/uploads\/2026\/03\/Design-sem-nome-8.jpg?fit=1200%2C800&ssl=1&resize=1050%2C600 3x"},"classes":[]},{"id":1102,"url":"https:\/\/maratonadoconsumidor.com.br\/en\/receita-de-pudim-de-leite-caseiro-aprenda-a-fazer\/","url_meta":{"origin":1249,"position":2},"title":"Receita de Pudim de Leite Caseiro: Aprenda a Fazer essa Sobremesa Cl\u00e1ssica e Irresist\u00edvel","author":"Emilio de Vicente","date":"13 de March de 2026","format":false,"excerpt":"O pudim de leite caseiro \u00e9 uma das sobremesas mais tradicionais da culin\u00e1ria brasileira. Presente em almo\u00e7os de fam\u00edlia, festas e celebra\u00e7\u00f5es especiais, ele conquista gera\u00e7\u00f5es com sua textura cremosa, sabor suave e aquela deliciosa calda de caramelo. Apesar de parecer uma receita sofisticada, preparar pudim de leite condensado em\u2026","rel":"","context":"In &quot;Culin\u00e1ria&quot;","block_context":{"text":"Culin\u00e1ria","link":"https:\/\/maratonadoconsumidor.com.br\/en\/category\/culinaria\/"},"img":{"alt_text":"Receita de Pudim de Leite Caseiro: Aprenda a Fazer essa Sobremesa Cl\u00e1ssica e Irresist\u00edvel","src":"https:\/\/i0.wp.com\/maratonadoconsumidor.com.br\/wp-content\/uploads\/2026\/03\/Design-sem-nome-37.jpg?fit=1200%2C800&ssl=1&resize=350%2C200","width":350,"height":200,"srcset":"https:\/\/i0.wp.com\/maratonadoconsumidor.com.br\/wp-content\/uploads\/2026\/03\/Design-sem-nome-37.jpg?fit=1200%2C800&ssl=1&resize=350%2C200 1x, https:\/\/i0.wp.com\/maratonadoconsumidor.com.br\/wp-content\/uploads\/2026\/03\/Design-sem-nome-37.jpg?fit=1200%2C800&ssl=1&resize=525%2C300 1.5x, https:\/\/i0.wp.com\/maratonadoconsumidor.com.br\/wp-content\/uploads\/2026\/03\/Design-sem-nome-37.jpg?fit=1200%2C800&ssl=1&resize=700%2C400 2x, https:\/\/i0.wp.com\/maratonadoconsumidor.com.br\/wp-content\/uploads\/2026\/03\/Design-sem-nome-37.jpg?fit=1200%2C800&ssl=1&resize=1050%2C600 3x"},"classes":[]},{"id":1187,"url":"https:\/\/maratonadoconsumidor.com.br\/en\/a-essencia-do-mediterraneo-salada-grega-perfeita\/","url_meta":{"origin":1249,"position":3},"title":"A Ess\u00eancia do Mediterr\u00e2neo:  Salada Grega Perfeita","author":"Emilio de Vicente","date":"22 de March de 2026","format":false,"excerpt":"Imagine-se em uma pequena taverna \u00e0 beira-mar em Santorini, onde o azul do teto se funde com o do Mar Egeu. \u00c0 sua frente, chega uma tigela r\u00fastica transbordando cores vibrantes: o vermelho vivo dos tomates maduros, o verde crocante dos pepinos e o branco imaculado de um generoso bloco\u2026","rel":"","context":"In &quot;Culin\u00e1ria&quot;","block_context":{"text":"Culin\u00e1ria","link":"https:\/\/maratonadoconsumidor.com.br\/en\/category\/culinaria\/"},"img":{"alt_text":"A Ess\u00eancia do Mediterr\u00e2neo: Salada Grega Perfeita","src":"https:\/\/i0.wp.com\/maratonadoconsumidor.com.br\/wp-content\/uploads\/2026\/03\/Design-sem-nome-55.jpg?fit=1200%2C800&ssl=1&resize=350%2C200","width":350,"height":200,"srcset":"https:\/\/i0.wp.com\/maratonadoconsumidor.com.br\/wp-content\/uploads\/2026\/03\/Design-sem-nome-55.jpg?fit=1200%2C800&ssl=1&resize=350%2C200 1x, https:\/\/i0.wp.com\/maratonadoconsumidor.com.br\/wp-content\/uploads\/2026\/03\/Design-sem-nome-55.jpg?fit=1200%2C800&ssl=1&resize=525%2C300 1.5x, https:\/\/i0.wp.com\/maratonadoconsumidor.com.br\/wp-content\/uploads\/2026\/03\/Design-sem-nome-55.jpg?fit=1200%2C800&ssl=1&resize=700%2C400 2x, https:\/\/i0.wp.com\/maratonadoconsumidor.com.br\/wp-content\/uploads\/2026\/03\/Design-sem-nome-55.jpg?fit=1200%2C800&ssl=1&resize=1050%2C600 3x"},"classes":[]},{"id":1069,"url":"https:\/\/maratonadoconsumidor.com.br\/en\/como-fazer-um-delicioso-frango-ao-molho-pardo\/","url_meta":{"origin":1249,"position":4},"title":"Como fazer um delicioso frango ao molho pardo?","author":"Emilio de Vicente","date":"9 de March de 2026","format":false,"excerpt":"Um cl\u00e1ssico da culin\u00e1ria brasileira cheio de tradi\u00e7\u00e3o O frango ao molho pardo \u00e9 uma das receitas mais tradicionais da culin\u00e1ria brasileira. Presente principalmente nas regi\u00f5es de Minas Gerais, Goi\u00e1s e interior de S\u00e3o Paulo, esse prato carrega hist\u00f3ria, cultura e muito sabor. Em muitas fam\u00edlias, ele \u00e9 preparado em\u2026","rel":"","context":"In &quot;Culin\u00e1ria&quot;","block_context":{"text":"Culin\u00e1ria","link":"https:\/\/maratonadoconsumidor.com.br\/en\/category\/culinaria\/"},"img":{"alt_text":"Como fazer um delicioso frango ao molho pardo?","src":"https:\/\/i0.wp.com\/maratonadoconsumidor.com.br\/wp-content\/uploads\/2026\/03\/Design-sem-nome-15.jpg?fit=1200%2C800&ssl=1&resize=350%2C200","width":350,"height":200,"srcset":"https:\/\/i0.wp.com\/maratonadoconsumidor.com.br\/wp-content\/uploads\/2026\/03\/Design-sem-nome-15.jpg?fit=1200%2C800&ssl=1&resize=350%2C200 1x, https:\/\/i0.wp.com\/maratonadoconsumidor.com.br\/wp-content\/uploads\/2026\/03\/Design-sem-nome-15.jpg?fit=1200%2C800&ssl=1&resize=525%2C300 1.5x, https:\/\/i0.wp.com\/maratonadoconsumidor.com.br\/wp-content\/uploads\/2026\/03\/Design-sem-nome-15.jpg?fit=1200%2C800&ssl=1&resize=700%2C400 2x, https:\/\/i0.wp.com\/maratonadoconsumidor.com.br\/wp-content\/uploads\/2026\/03\/Design-sem-nome-15.jpg?fit=1200%2C800&ssl=1&resize=1050%2C600 3x"},"classes":[]},{"id":820,"url":"https:\/\/maratonadoconsumidor.com.br\/en\/pais-da-america-do-sul-para-sua-proxima-grande-viagem\/","url_meta":{"origin":1249,"position":5},"title":"\ud83c\udf0d\u2708\ufe0f O Guia Definitivo para Escolher o Melhor Pa\u00eds da Am\u00e9rica do Sul para Sua Pr\u00f3xima Grande Viagem","author":"Emilio de Vicente","date":"1 de November de 2025","format":false,"excerpt":"A Am\u00e9rica do Sul \u00e9 um continente de contrastes deslumbrantes, que se estende dos picos nevados dos Andes \u00e0s praias tropicais do Caribe, e das selvas densas da Amaz\u00f4nia \u00e0s paisagens lunares do Atacama. Para o viajante que busca uma experi\u00eancia aut\u00eantica, profunda e memor\u00e1vel, a escolha do \u201cmelhor\u201d pa\u00eds\u2026","rel":"","context":"In &quot;Turismo&quot;","block_context":{"text":"Turismo","link":"https:\/\/maratonadoconsumidor.com.br\/en\/category\/turismo\/"},"img":{"alt_text":"O Guia Definitivo para Escolher o Melhor Pa\u00eds da Am\u00e9rica do Sul para Sua Pr\u00f3xima Grande Viagem","src":"https:\/\/i0.wp.com\/maratonadoconsumidor.com.br\/wp-content\/uploads\/2025\/11\/Design-sem-nome.jpg?fit=1200%2C800&ssl=1&resize=350%2C200","width":350,"height":200,"srcset":"https:\/\/i0.wp.com\/maratonadoconsumidor.com.br\/wp-content\/uploads\/2025\/11\/Design-sem-nome.jpg?fit=1200%2C800&ssl=1&resize=350%2C200 1x, https:\/\/i0.wp.com\/maratonadoconsumidor.com.br\/wp-content\/uploads\/2025\/11\/Design-sem-nome.jpg?fit=1200%2C800&ssl=1&resize=525%2C300 1.5x, https:\/\/i0.wp.com\/maratonadoconsumidor.com.br\/wp-content\/uploads\/2025\/11\/Design-sem-nome.jpg?fit=1200%2C800&ssl=1&resize=700%2C400 2x, https:\/\/i0.wp.com\/maratonadoconsumidor.com.br\/wp-content\/uploads\/2025\/11\/Design-sem-nome.jpg?fit=1200%2C800&ssl=1&resize=1050%2C600 3x"},"classes":[]}],"jetpack_sharing_enabled":true,"jetpack_likes_enabled":true,"_links":{"self":[{"href":"https:\/\/maratonadoconsumidor.com.br\/en\/wp-json\/wp\/v2\/posts\/1249","targetHints":{"allow":["GET"]}}],"collection":[{"href":"https:\/\/maratonadoconsumidor.com.br\/en\/wp-json\/wp\/v2\/posts"}],"about":[{"href":"https:\/\/maratonadoconsumidor.com.br\/en\/wp-json\/wp\/v2\/types\/post"}],"author":[{"embeddable":true,"href":"https:\/\/maratonadoconsumidor.com.br\/en\/wp-json\/wp\/v2\/users\/1"}],"replies":[{"embeddable":true,"href":"https:\/\/maratonadoconsumidor.com.br\/en\/wp-json\/wp\/v2\/comments?post=1249"}],"version-history":[{"count":1,"href":"https:\/\/maratonadoconsumidor.com.br\/en\/wp-json\/wp\/v2\/posts\/1249\/revisions"}],"predecessor-version":[{"id":1254,"href":"https:\/\/maratonadoconsumidor.com.br\/en\/wp-json\/wp\/v2\/posts\/1249\/revisions\/1254"}],"wp:featuredmedia":[{"embeddable":true,"href":"https:\/\/maratonadoconsumidor.com.br\/en\/wp-json\/wp\/v2\/media\/1250"}],"wp:attachment":[{"href":"https:\/\/maratonadoconsumidor.com.br\/en\/wp-json\/wp\/v2\/media?parent=1249"}],"wp:term":[{"taxonomy":"category","embeddable":true,"href":"https:\/\/maratonadoconsumidor.com.br\/en\/wp-json\/wp\/v2\/categories?post=1249"},{"taxonomy":"post_tag","embeddable":true,"href":"https:\/\/maratonadoconsumidor.com.br\/en\/wp-json\/wp\/v2\/tags?post=1249"}],"curies":[{"name":"wp","href":"https:\/\/api.w.org\/{rel}","templated":true}]}}