{"id":1239,"date":"2026-04-01T20:02:52","date_gmt":"2026-04-01T23:02:52","guid":{"rendered":"https:\/\/maratonadoconsumidor.com.br\/?p=1239"},"modified":"2026-04-01T20:02:57","modified_gmt":"2026-04-01T23:02:57","slug":"voce-sabe-para-que-serve-a-defensoria-publica","status":"publish","type":"post","link":"https:\/\/maratonadoconsumidor.com.br\/en\/voce-sabe-para-que-serve-a-defensoria-publica\/","title":{"rendered":"O Pilar da Justi\u00e7a Gratuita: Voc\u00ea sabe para que serve a Defensoria P\u00fablica?"},"content":{"rendered":"<p>A frase &#8220;Justi\u00e7a para todos&#8221; \u00e9 um dos pilares de qualquer democracia moderna, mas, na pr\u00e1tica, o acesso ao Judici\u00e1rio pode ser caro e complexo. <\/p>\n\n\n\n<p>\u00c9 exatamente nesse cen\u00e1rio que surge a\u00a0<strong><a href=\"https:\/\/www.cnj.jus.br\/poder-judiciario\/defensoria-publica\/\" type=\"link\" id=\"https:\/\/www.cnj.jus.br\/poder-judiciario\/defensoria-publica\/\" target=\"_blank\" rel=\"noreferrer noopener\">Defensoria P\u00fablica<\/a><\/strong>, uma institui\u00e7\u00e3o essencial \u00e0 fun\u00e7\u00e3o jurisdicional do Estado, incumbida de garantir a\u00a0<strong>orienta\u00e7\u00e3o jur\u00eddica<\/strong>, a promo\u00e7\u00e3o dos\u00a0<strong>direitos humanos<\/strong>\u00a0e a defesa, em todos os graus, dos necessitados.<\/p>\n\n\n\n<p>Diferente do que muitos pensam, a Defensoria n\u00e3o \u00e9 apenas um &#8220;advogado gratuito do governo&#8221;. <\/p>\n\n\n\n<p>Ela \u00e9 uma institui\u00e7\u00e3o aut\u00f4noma, com or\u00e7amento pr\u00f3prio e independ\u00eancia funcional, garantida pela\u00a0Constitui\u00e7\u00e3o Federal de 1988. <\/p>\n\n\n\n<p>Sua miss\u00e3o vai al\u00e9m de ganhar processos; trata-se de garantir a\u00a0<strong>dignidade da pessoa humana<\/strong>\u00a0e democratizar o acesso ao Direito.<\/p>\n\n\n\n<h2 class=\"wp-block-heading\">A Fun\u00e7\u00e3o Social e Jur\u00eddica da Institui\u00e7\u00e3o<\/h2>\n\n\n\n<p>A Defensoria P\u00fablica atua como um escudo para quem est\u00e1 em situa\u00e7\u00e3o de vulnerabilidade. Mas o que define essa &#8220;vulnerabilidade&#8221;? <\/p>\n\n\n\n<p>Engana-se quem pensa que o crit\u00e9rio \u00e9 apenas a\u00a0<strong>hipossufici\u00eancia econ\u00f4mica<\/strong>\u00a0(falta de dinheiro). <\/p>\n\n\n\n<p>A atua\u00e7\u00e3o tamb\u00e9m alcan\u00e7a a\u00a0<strong>vulnerabilidade organizacional<\/strong>\u00a0(grupos minorit\u00e1rios) e a\u00a0<strong>vulnerabilidade t\u00e9cnica<\/strong>\u00a0(quando algu\u00e9m n\u00e3o consegue se defender sozinho perante o Estado).<\/p>\n\n\n\n<p>Entre as principais frentes de trabalho, destacam-se:<\/p>\n\n\n\n<ol class=\"wp-block-list\">\n<li><strong>Educa\u00e7\u00e3o em Direitos<\/strong>: Ensinar o cidad\u00e3o a identificar quando um direito est\u00e1 sendo violado.<\/li>\n\n\n\n<li><strong>Solu\u00e7\u00e3o Extrajudicial<\/strong>: Priorizar a concilia\u00e7\u00e3o e a media\u00e7\u00e3o para evitar que conflitos virem processos demorados.<\/li>\n\n\n\n<li><strong>Defesa Individual e Coletiva<\/strong>: Atuar em processos de fam\u00edlia, criminais, c\u00edveis e tamb\u00e9m em a\u00e7\u00f5es civis p\u00fablicas que beneficiam comunidades inteiras.<\/li>\n<\/ol>\n\n\n\n<h2 class=\"wp-block-heading\">\u00c1reas de Atua\u00e7\u00e3o: Onde o Defensor P\u00fablico te ajuda?<\/h2>\n\n\n\n<p>A abrang\u00eancia da Defensoria \u00e9 vasta. Se voc\u00ea precisa de aux\u00edlio jur\u00eddico e n\u00e3o tem condi\u00e7\u00f5es de pagar um advogado particular sem comprometer o sustento da sua fam\u00edlia, a institui\u00e7\u00e3o pode atuar em \u00e1reas como:<\/p>\n\n\n\n<h3 class=\"wp-block-heading\">Direito de Fam\u00edlia<\/h3>\n\n\n\n<p>Esta \u00e9, possivelmente, a \u00e1rea de maior demanda. Envolve a\u00e7\u00f5es de&nbsp;<strong>pens\u00e3o aliment\u00edcia<\/strong>, div\u00f3rcio, reconhecimento de paternidade (Exame de DNA), guarda de filhos e invent\u00e1rios. O foco aqui \u00e9 sempre a prote\u00e7\u00e3o da base familiar e do interesse de menores.<\/p>\n\n\n\n<h3 class=\"wp-block-heading\">Direito \u00e0 Sa\u00fade<\/h3>\n\n\n\n<p>Um dos pap\u00e9is mais nobres da Defensoria \u00e9 garantir que o Estado cumpra seu dever. Isso inclui conseguir\u00a0<strong>medicamentos de alto custo<\/strong>, vagas em leitos de UTI, cirurgias de urg\u00eancia e tratamentos que foram negados pelo <a href=\"https:\/\/www.gov.br\/saude\/pt-br\/sus\" target=\"_blank\" rel=\"noreferrer noopener\">SUS<\/a> ou por planos de sa\u00fade.<\/p>\n\n\n\n<h3 class=\"wp-block-heading\">Defesa Criminal<\/h3>\n\n\n\n<p>Todo cidad\u00e3o tem direito \u00e0&nbsp;<strong>ampla defesa<\/strong>&nbsp;e ao contradit\u00f3rio. O Defensor P\u00fablico garante que ningu\u00e9m seja julgado sem o devido processo legal, atuando desde a audi\u00eancia de cust\u00f3dia at\u00e9 os tribunais superiores.<\/p>\n\n\n\n<h3 class=\"wp-block-heading\">Direitos do Consumidor e Moradia<\/h3>\n\n\n\n<p>Combater abusos de empresas de energia, \u00e1gua ou telefonia, al\u00e9m de atuar em casos de&nbsp;<strong>despejo<\/strong>, regulariza\u00e7\u00e3o fundi\u00e1ria e defesa do direito \u00e0 moradia digna.<\/p>\n\n\n\n<h2 class=\"wp-block-heading\">Quem pode ser atendido? (Crit\u00e9rios de Elegibilidade)<\/h2>\n\n\n\n<p>Como os recursos da Defensoria s\u00e3o p\u00fablicos, existe um filtro para garantir que o servi\u00e7o chegue a quem realmente precisa. <\/p>\n\n\n\n<p>De forma geral, o crit\u00e9rio principal \u00e9 a\u00a0<strong>renda familiar mensal<\/strong>, que costuma ser de at\u00e9 3 sal\u00e1rios m\u00ednimos (embora esse valor possa variar levemente conforme o estado ou o n\u00famero de dependentes).<\/p>\n\n\n\n<p>Al\u00e9m da renda, s\u00e3o analisados:<\/p>\n\n\n\n<ul class=\"wp-block-list\">\n<li>Patrim\u00f4nio (valor de im\u00f3veis ou carros).<\/li>\n\n\n\n<li>Gastos extraordin\u00e1rios (doen\u00e7as cr\u00f4nicas na fam\u00edlia, por exemplo).<\/li>\n\n\n\n<li>Casos de\u00a0<strong>viol\u00eancia dom\u00e9stica<\/strong>\u00a0(onde a prote\u00e7\u00e3o \u00e0 mulher independe da renda, visando a integridade f\u00edsica e psicol\u00f3gica).<\/li>\n<\/ul>\n\n\n\n<h2 class=\"wp-block-heading\">Passo a Passo: Como buscar o atendimento<\/h2>\n\n\n\n<p>Se voc\u00ea identificou que precisa do aux\u00edlio da Defensoria, siga este roteiro pr\u00e1tico para agilizar o seu processo:<\/p>\n\n\n\n<ol class=\"wp-block-list\">\n<li><strong>Identifique a Defensoria Correta<\/strong>: Se o seu problema \u00e9 com a Uni\u00e3o, INSS ou Caixa Econ\u00f4mica, procure a\u00a0<strong>Defensoria P\u00fablica da Uni\u00e3o (DPU)<\/strong>. Para quest\u00f5es de fam\u00edlia, crimes comuns ou sa\u00fade estadual, procure a\u00a0<strong>Defensoria P\u00fablica do Estado (DPE)<\/strong>\u00a0do seu estado (ex:\u00a0DPE-SP,\u00a0DPE-RJ).<br><\/li>\n\n\n\n<li><strong>Organize sua Documenta\u00e7\u00e3o<\/strong>: Voc\u00ea precisar\u00e1 obrigatoriamente de RG, CPF, comprovante de resid\u00eancia e\u00a0<strong>comprovante de renda<\/strong>\u00a0(carteira de trabalho, holerite ou declara\u00e7\u00e3o de isen\u00e7\u00e3o de IR).<br><\/li>\n\n\n\n<li><strong>Junte as Provas<\/strong>: Se for um caso de sa\u00fade, tenha os laudos m\u00e9dicos. Se for fam\u00edlia, tenha as certid\u00f5es de nascimento ou casamento. Quanto mais documentos, mais r\u00e1pido ser\u00e1 o in\u00edcio da a\u00e7\u00e3o.<br><\/li>\n\n\n\n<li><strong>Agendamento<\/strong>: Muitas defensorias agora oferecem agendamento online ou via WhatsApp devido \u00e0 alta demanda. Verifique o site da DPE do seu estado para evitar filas desnecess\u00e1rias.<br><\/li>\n\n\n\n<li><strong>A Entrevista<\/strong>: Voc\u00ea passar\u00e1 por uma triagem com um assistente social ou jur\u00eddico para confirmar se voc\u00ea se enquadra nos crit\u00e9rios e, em seguida, ser\u00e1 atendido pelo Defensor ou sua equipe.<\/li>\n<\/ol>\n\n\n\n<h2 class=\"wp-block-heading\">A Diferen\u00e7a entre Defensoria P\u00fablica e Advocacia Dativa<\/h2>\n\n\n\n<p>\u00c9 comum a confus\u00e3o entre o Defensor P\u00fablico e o&nbsp;<strong>Advogado Dativo<\/strong>.<\/p>\n\n\n\n<ul class=\"wp-block-list\">\n<li>O\u00a0<strong>Defensor P\u00fablico<\/strong>\u00a0\u00e9 um servidor concursado, dedicado exclusivamente \u00e0 institui\u00e7\u00e3o.<br><\/li>\n\n\n\n<li>O\u00a0<strong>Advogado Dativo<\/strong>\u00a0\u00e9 um profissional liberal, nomeado pelo juiz em locais onde a Defensoria ainda n\u00e3o tem estrutura f\u00edsica ou pessoal suficiente. Em ambos os casos, o cidad\u00e3o n\u00e3o paga honor\u00e1rios, mas o modelo da Defensoria P\u00fablica \u00e9 considerado o padr\u00e3o ouro por oferecer uma estrutura de apoio (psic\u00f3logos, assistentes sociais) que o advogado isolado muitas vezes n\u00e3o possui.<\/li>\n<\/ul>\n\n\n\n<figure class=\"wp-block-image size-large\"><img data-recalc-dims=\"1\" fetchpriority=\"high\" decoding=\"async\" width=\"960\" height=\"640\" src=\"https:\/\/i0.wp.com\/maratonadoconsumidor.com.br\/wp-content\/uploads\/2026\/04\/Design-sem-nome-14.jpg?resize=960%2C640&#038;ssl=1\" alt=\"O Pilar da Justi\u00e7a Gratuita: Voc\u00ea sabe para que serve a Defensoria P\u00fablica?\" class=\"wp-image-1241\" srcset=\"https:\/\/i0.wp.com\/maratonadoconsumidor.com.br\/wp-content\/uploads\/2026\/04\/Design-sem-nome-14.jpg?resize=1024%2C683&amp;ssl=1 1024w, https:\/\/i0.wp.com\/maratonadoconsumidor.com.br\/wp-content\/uploads\/2026\/04\/Design-sem-nome-14.jpg?resize=300%2C200&amp;ssl=1 300w, https:\/\/i0.wp.com\/maratonadoconsumidor.com.br\/wp-content\/uploads\/2026\/04\/Design-sem-nome-14.jpg?resize=768%2C512&amp;ssl=1 768w, https:\/\/i0.wp.com\/maratonadoconsumidor.com.br\/wp-content\/uploads\/2026\/04\/Design-sem-nome-14.jpg?resize=18%2C12&amp;ssl=1 18w, https:\/\/i0.wp.com\/maratonadoconsumidor.com.br\/wp-content\/uploads\/2026\/04\/Design-sem-nome-14.jpg?resize=150%2C100&amp;ssl=1 150w, https:\/\/i0.wp.com\/maratonadoconsumidor.com.br\/wp-content\/uploads\/2026\/04\/Design-sem-nome-14.jpg?resize=330%2C220&amp;ssl=1 330w, https:\/\/i0.wp.com\/maratonadoconsumidor.com.br\/wp-content\/uploads\/2026\/04\/Design-sem-nome-14.jpg?resize=420%2C280&amp;ssl=1 420w, https:\/\/i0.wp.com\/maratonadoconsumidor.com.br\/wp-content\/uploads\/2026\/04\/Design-sem-nome-14.jpg?resize=510%2C340&amp;ssl=1 510w, https:\/\/i0.wp.com\/maratonadoconsumidor.com.br\/wp-content\/uploads\/2026\/04\/Design-sem-nome-14.jpg?w=1200&amp;ssl=1 1200w\" sizes=\"(max-width: 960px) 100vw, 960px\" \/><\/figure>\n\n\n\n<h2 class=\"wp-block-heading\">O Impacto da Defensoria na Democracia<\/h2>\n\n\n\n<p>Sem a Defensoria, as leis seriam &#8220;letras mortas&#8221; para grande parte da popula\u00e7\u00e3o. Ela atua na&nbsp;<strong>erradica\u00e7\u00e3o da pobreza<\/strong>, na redu\u00e7\u00e3o das desigualdades sociais e na garantia de que a balan\u00e7a da justi\u00e7a n\u00e3o incline apenas para o lado de quem possui maior poder financeiro.<\/p>\n\n\n\n<p>Um exemplo marcante \u00e9 a atua\u00e7\u00e3o em\u00a0<strong>pres\u00eddios<\/strong>, onde defensores verificam o excesso de prazo das penas, garantindo que ningu\u00e9m fique preso al\u00e9m do tempo determinado por lei. <br><br>\u00c9 a voz de quem, muitas vezes, \u00e9 invis\u00edvel para a sociedade.<\/p>\n\n\n\n<p>Ter a consci\u00eancia de que existe um \u00f3rg\u00e3o estatal pronto para lutar pelos seus direitos \u00e9 o primeiro passo para exercer sua cidadania de forma plena. <br><br>A Defensoria P\u00fablica n\u00e3o entrega apenas &#8220;pap\u00e9is&#8221; ou &#8220;senten\u00e7as&#8221;; ela entrega\u00a0<strong>esperan\u00e7a e dignidade<\/strong>\u00a0para aqueles que viam o sistema jur\u00eddico como um labirinto sem sa\u00edda.<\/p>\n\n\n\n<p>Se voc\u00ea ou algu\u00e9m que voc\u00ea conhece est\u00e1 passando por uma situa\u00e7\u00e3o de injusti\u00e7a, n\u00e3o sofra em sil\u00eancio por medo dos custos. <br><br>A justi\u00e7a \u00e9 um direito seu, e a Defensoria existe para garantir que ela seja feita. Procure a unidade mais pr\u00f3xima, informe-se e fa\u00e7a valer a sua voz. <br><br>Afinal, uma sociedade s\u00f3 \u00e9 verdadeiramente justa quando o direito do mais humilde \u00e9 respeitado com o mesmo vigor que o direito do mais poderoso.<\/p>\n\n\n\n<h2 class=\"wp-block-heading\">Perguntas Frequentes sobre a Defensoria P\u00fablica (FAQ)<\/h2>\n\n\n\n<h3 class=\"wp-block-heading\">1. Eu preciso pagar alguma taxa para ser atendido pela Defensoria?<\/h3>\n\n\n\n<p>N\u00e3o. O atendimento jur\u00eddico, a consultoria e a atua\u00e7\u00e3o no processo s\u00e3o&nbsp;<strong>totalmente gratuitos<\/strong>. No entanto, em alguns casos espec\u00edficos de perda de a\u00e7\u00e3o (sucumb\u00eancia), o juiz pode determinar custos processuais, mas o cidad\u00e3o assistido pela Defensoria geralmente goza do benef\u00edcio da&nbsp;<strong>Gratuidade de Justi\u00e7a<\/strong>, ficando isento dessas taxas.<\/p>\n\n\n\n<h3 class=\"wp-block-heading\">2. A Defensoria P\u00fablica atende empresas?<\/h3>\n\n\n\n<p>Em regra, n\u00e3o. A Defensoria atende pessoas f\u00edsicas (cidad\u00e3os). No entanto, microempreendedores individuais (<strong>MEI<\/strong>) ou pequenas associa\u00e7\u00f5es comunit\u00e1rias sem fins lucrativos que comprovem a impossibilidade de pagar um advogado podem, em situa\u00e7\u00f5es excepcionais, ser assistidos.<\/p>\n\n\n\n<h3 class=\"wp-block-heading\">3. Posso escolher qual Defensor P\u00fablico vai cuidar do meu caso?<\/h3>\n\n\n\n<p>N\u00e3o. Diferente de um advogado particular, voc\u00ea n\u00e3o escolhe o profissional. O Defensor \u00e9 designado de acordo com a&nbsp;<strong>lota\u00e7\u00e3o e compet\u00eancia<\/strong>&nbsp;da vara onde o seu processo corre (por exemplo, o Defensor da 1\u00aa Vara de Fam\u00edlia).<\/p>\n\n\n\n<h3 class=\"wp-block-heading\">4. J\u00e1 tenho um advogado particular, mas n\u00e3o consigo mais pag\u00e1-lo. Posso mudar para a Defensoria?<\/h3>\n\n\n\n<p>Sim. Se a sua condi\u00e7\u00e3o financeira mudou e voc\u00ea n\u00e3o consegue mais arcar com os honor\u00e1rios, voc\u00ea pode solicitar que a Defensoria assuma o caso. Para isso, ser\u00e1 necess\u00e1rio apresentar uma&nbsp;<strong>revoga\u00e7\u00e3o do mandato<\/strong>&nbsp;do advogado anterior e passar pela triagem socioecon\u00f4mica da institui\u00e7\u00e3o.<\/p>\n\n\n\n<h3 class=\"wp-block-heading\">5. O atendimento da Defensoria \u00e9 demorado?<\/h3>\n\n\n\n<p>Devido \u00e0 alt\u00edssima demanda e ao n\u00famero limitado de defensores para a popula\u00e7\u00e3o, pode haver filas e um tempo de espera maior para o primeiro atendimento. Contudo, em casos de&nbsp;<strong>urg\u00eancia<\/strong>&nbsp;(como risco de morte em sa\u00fade ou pris\u00e3o ilegal), o atendimento \u00e9 priorizado e imediato.<\/p>\n\n\n\n<h3 class=\"wp-block-heading\">6. Existe Defensoria P\u00fablica em todas as cidades?<\/h3>\n\n\n\n<p>Infelizmente, ainda n\u00e3o. Embora a&nbsp;Emenda Constitucional 80\/2014&nbsp;determine que todas as unidades jurisdicionais devem ter defensores, muitas cidades do interior ainda dependem de&nbsp;<strong>advogados dativos<\/strong>&nbsp;conveniados ou de deslocamento para cidades vizinhas.<\/p>","protected":false},"excerpt":{"rendered":"<p>A frase &#8220;Justi\u00e7a para todos&#8221; \u00e9 um dos pilares de qualquer democracia moderna, mas, na pr\u00e1tica, o acesso ao Judici\u00e1rio pode ser caro e complexo. \u00c9 exatamente nesse cen\u00e1rio que surge a\u00a0Defensoria P\u00fablica, uma institui\u00e7\u00e3o essencial \u00e0 fun\u00e7\u00e3o jurisdicional do Estado, incumbida de garantir a\u00a0orienta\u00e7\u00e3o jur\u00eddica, a promo\u00e7\u00e3o dos\u00a0direitos humanos\u00a0e a defesa, em todos os<\/p>","protected":false},"author":1,"featured_media":1240,"comment_status":"open","ping_status":"open","sticky":false,"template":"","format":"standard","meta":{"_mbp_gutenberg_autopost":false,"jetpack_post_was_ever_published":false,"_jetpack_newsletter_access":"","_jetpack_dont_email_post_to_subs":false,"_jetpack_newsletter_tier_id":0,"_jetpack_memberships_contains_paywalled_content":false,"_jetpack_memberships_contains_paid_content":false,"footnotes":"","jetpack_publicize_message":"","jetpack_publicize_feature_enabled":true,"jetpack_social_post_already_shared":false,"jetpack_social_options":{"image_generator_settings":{"template":"highway","default_image_id":0,"font":"","enabled":false},"version":2}},"categories":[3],"tags":[233,232,229,231,230],"class_list":["post-1239","post","type-post","status-publish","format-standard","has-post-thumbnail","hentry","category-direitos","tag-acesso-a-justica","tag-advogado-gratuito","tag-assistencia-juridica-gratuita","tag-defensoria-publica","tag-direitos-do-cidadao"],"yoast_head":"<!-- This site is optimized with the Yoast SEO plugin v27.4 - https:\/\/yoast.com\/product\/yoast-seo-wordpress\/ -->\n<title>Voc\u00ea sabe para que serve a Defensoria P\u00fablica?<\/title>\n<meta name=\"description\" content=\"Descubra para que serve a Defensoria P\u00fablica, quem tem direito ao atendimento gratuito e o passo a passo para garantir seus direitos\" \/>\n<meta name=\"robots\" content=\"index, follow, max-snippet:-1, max-image-preview:large, max-video-preview:-1\" \/>\n<link rel=\"canonical\" href=\"https:\/\/maratonadoconsumidor.com.br\/en\/voce-sabe-para-que-serve-a-defensoria-publica\/\" \/>\n<meta property=\"og:locale\" content=\"en_US\" \/>\n<meta property=\"og:type\" content=\"article\" \/>\n<meta property=\"og:title\" content=\"Voc\u00ea sabe para que serve a Defensoria P\u00fablica?\" \/>\n<meta property=\"og:description\" content=\"Descubra para que serve a Defensoria P\u00fablica, quem tem direito ao atendimento gratuito e o passo a passo para garantir seus direitos\" \/>\n<meta property=\"og:url\" content=\"https:\/\/maratonadoconsumidor.com.br\/en\/voce-sabe-para-que-serve-a-defensoria-publica\/\" \/>\n<meta property=\"article:publisher\" content=\"https:\/\/www.facebook.com\/canaldomaratonadoconsumidor\" \/>\n<meta property=\"article:published_time\" content=\"2026-04-01T23:02:52+00:00\" \/>\n<meta property=\"article:modified_time\" content=\"2026-04-01T23:02:57+00:00\" \/>\n<meta property=\"og:image\" content=\"https:\/\/maratonadoconsumidor.com.br\/wp-content\/uploads\/2026\/04\/Design-sem-nome-15.jpg\" \/>\n\t<meta property=\"og:image:width\" content=\"1200\" \/>\n\t<meta property=\"og:image:height\" content=\"800\" \/>\n\t<meta property=\"og:image:type\" content=\"image\/jpeg\" \/>\n<meta name=\"author\" content=\"Emilio de Vicente\" \/>\n<meta name=\"twitter:card\" content=\"summary_large_image\" \/>\n<meta name=\"twitter:creator\" content=\"@MaratonadoCons1\" \/>\n<meta name=\"twitter:site\" content=\"@MaratonadoCons1\" \/>\n<meta name=\"twitter:label1\" content=\"Written by\" \/>\n\t<meta name=\"twitter:data1\" content=\"Emilio de Vicente\" \/>\n\t<meta name=\"twitter:label2\" content=\"Est. reading time\" \/>\n\t<meta name=\"twitter:data2\" content=\"8 minutes\" \/>\n<script type=\"application\/ld+json\" class=\"yoast-schema-graph\">{\"@context\":\"https:\\\/\\\/schema.org\",\"@graph\":[{\"@type\":\"Article\",\"@id\":\"https:\\\/\\\/maratonadoconsumidor.com.br\\\/voce-sabe-para-que-serve-a-defensoria-publica\\\/#article\",\"isPartOf\":{\"@id\":\"https:\\\/\\\/maratonadoconsumidor.com.br\\\/voce-sabe-para-que-serve-a-defensoria-publica\\\/\"},\"author\":{\"name\":\"Emilio de Vicente\",\"@id\":\"https:\\\/\\\/maratonadoconsumidor.com.br\\\/#\\\/schema\\\/person\\\/01c74586a582dc988d4334293f57343c\"},\"headline\":\"O Pilar da Justi\u00e7a Gratuita: Voc\u00ea sabe para que serve a Defensoria P\u00fablica?\",\"datePublished\":\"2026-04-01T23:02:52+00:00\",\"dateModified\":\"2026-04-01T23:02:57+00:00\",\"mainEntityOfPage\":{\"@id\":\"https:\\\/\\\/maratonadoconsumidor.com.br\\\/voce-sabe-para-que-serve-a-defensoria-publica\\\/\"},\"wordCount\":1528,\"commentCount\":0,\"publisher\":{\"@id\":\"https:\\\/\\\/maratonadoconsumidor.com.br\\\/#organization\"},\"image\":{\"@id\":\"https:\\\/\\\/maratonadoconsumidor.com.br\\\/voce-sabe-para-que-serve-a-defensoria-publica\\\/#primaryimage\"},\"thumbnailUrl\":\"https:\\\/\\\/i0.wp.com\\\/maratonadoconsumidor.com.br\\\/wp-content\\\/uploads\\\/2026\\\/04\\\/Design-sem-nome-15.jpg?fit=1200%2C800&ssl=1\",\"keywords\":[\"acesso \u00e0 justi\u00e7a\",\"advogado gratuito\",\"assist\u00eancia jur\u00eddica gratuita\",\"Defensoria P\u00fablica\",\"direitos do cidad\u00e3o\"],\"articleSection\":[\"Direitos\"],\"inLanguage\":\"en-US\",\"potentialAction\":[{\"@type\":\"CommentAction\",\"name\":\"Comment\",\"target\":[\"https:\\\/\\\/maratonadoconsumidor.com.br\\\/voce-sabe-para-que-serve-a-defensoria-publica\\\/#respond\"]}]},{\"@type\":\"WebPage\",\"@id\":\"https:\\\/\\\/maratonadoconsumidor.com.br\\\/voce-sabe-para-que-serve-a-defensoria-publica\\\/\",\"url\":\"https:\\\/\\\/maratonadoconsumidor.com.br\\\/voce-sabe-para-que-serve-a-defensoria-publica\\\/\",\"name\":\"Voc\u00ea sabe para que serve a Defensoria P\u00fablica?\",\"isPartOf\":{\"@id\":\"https:\\\/\\\/maratonadoconsumidor.com.br\\\/#website\"},\"primaryImageOfPage\":{\"@id\":\"https:\\\/\\\/maratonadoconsumidor.com.br\\\/voce-sabe-para-que-serve-a-defensoria-publica\\\/#primaryimage\"},\"image\":{\"@id\":\"https:\\\/\\\/maratonadoconsumidor.com.br\\\/voce-sabe-para-que-serve-a-defensoria-publica\\\/#primaryimage\"},\"thumbnailUrl\":\"https:\\\/\\\/i0.wp.com\\\/maratonadoconsumidor.com.br\\\/wp-content\\\/uploads\\\/2026\\\/04\\\/Design-sem-nome-15.jpg?fit=1200%2C800&ssl=1\",\"datePublished\":\"2026-04-01T23:02:52+00:00\",\"dateModified\":\"2026-04-01T23:02:57+00:00\",\"description\":\"Descubra para que serve a Defensoria P\u00fablica, quem tem direito ao atendimento gratuito e o passo a passo para garantir seus direitos\",\"breadcrumb\":{\"@id\":\"https:\\\/\\\/maratonadoconsumidor.com.br\\\/voce-sabe-para-que-serve-a-defensoria-publica\\\/#breadcrumb\"},\"inLanguage\":\"en-US\",\"potentialAction\":[{\"@type\":\"ReadAction\",\"target\":[\"https:\\\/\\\/maratonadoconsumidor.com.br\\\/voce-sabe-para-que-serve-a-defensoria-publica\\\/\"]}]},{\"@type\":\"ImageObject\",\"inLanguage\":\"en-US\",\"@id\":\"https:\\\/\\\/maratonadoconsumidor.com.br\\\/voce-sabe-para-que-serve-a-defensoria-publica\\\/#primaryimage\",\"url\":\"https:\\\/\\\/i0.wp.com\\\/maratonadoconsumidor.com.br\\\/wp-content\\\/uploads\\\/2026\\\/04\\\/Design-sem-nome-15.jpg?fit=1200%2C800&ssl=1\",\"contentUrl\":\"https:\\\/\\\/i0.wp.com\\\/maratonadoconsumidor.com.br\\\/wp-content\\\/uploads\\\/2026\\\/04\\\/Design-sem-nome-15.jpg?fit=1200%2C800&ssl=1\",\"width\":1200,\"height\":800,\"caption\":\"O Pilar da Justi\u00e7a Gratuita: Voc\u00ea sabe para que serve a Defensoria P\u00fablica?\"},{\"@type\":\"BreadcrumbList\",\"@id\":\"https:\\\/\\\/maratonadoconsumidor.com.br\\\/voce-sabe-para-que-serve-a-defensoria-publica\\\/#breadcrumb\",\"itemListElement\":[{\"@type\":\"ListItem\",\"position\":1,\"name\":\"In\u00edcio\",\"item\":\"https:\\\/\\\/maratonadoconsumidor.com.br\\\/\"},{\"@type\":\"ListItem\",\"position\":2,\"name\":\"O Pilar da Justi\u00e7a Gratuita: Voc\u00ea sabe para que serve a Defensoria P\u00fablica?\"}]},{\"@type\":\"WebSite\",\"@id\":\"https:\\\/\\\/maratonadoconsumidor.com.br\\\/#website\",\"url\":\"https:\\\/\\\/maratonadoconsumidor.com.br\\\/\",\"name\":\"Maratona do Consumidor\",\"description\":\"\",\"publisher\":{\"@id\":\"https:\\\/\\\/maratonadoconsumidor.com.br\\\/#organization\"},\"potentialAction\":[{\"@type\":\"SearchAction\",\"target\":{\"@type\":\"EntryPoint\",\"urlTemplate\":\"https:\\\/\\\/maratonadoconsumidor.com.br\\\/?s={search_term_string}\"},\"query-input\":{\"@type\":\"PropertyValueSpecification\",\"valueRequired\":true,\"valueName\":\"search_term_string\"}}],\"inLanguage\":\"en-US\"},{\"@type\":\"Organization\",\"@id\":\"https:\\\/\\\/maratonadoconsumidor.com.br\\\/#organization\",\"name\":\"Maratona do Consumidor\",\"url\":\"https:\\\/\\\/maratonadoconsumidor.com.br\\\/\",\"logo\":{\"@type\":\"ImageObject\",\"inLanguage\":\"en-US\",\"@id\":\"https:\\\/\\\/maratonadoconsumidor.com.br\\\/#\\\/schema\\\/logo\\\/image\\\/\",\"url\":\"https:\\\/\\\/maratonadoconsumidor.com.br\\\/wp-content\\\/uploads\\\/2025\\\/06\\\/MARATONA-DO-CONSUMIDOR-160.png\",\"contentUrl\":\"https:\\\/\\\/maratonadoconsumidor.com.br\\\/wp-content\\\/uploads\\\/2025\\\/06\\\/MARATONA-DO-CONSUMIDOR-160.png\",\"width\":180,\"height\":60,\"caption\":\"Maratona do Consumidor\"},\"image\":{\"@id\":\"https:\\\/\\\/maratonadoconsumidor.com.br\\\/#\\\/schema\\\/logo\\\/image\\\/\"},\"sameAs\":[\"https:\\\/\\\/www.facebook.com\\\/canaldomaratonadoconsumidor\",\"https:\\\/\\\/x.com\\\/MaratonadoCons1\",\"https:\\\/\\\/www.instagram.com\\\/maratonadoconsumidor\\\/\",\"https:\\\/\\\/www.youtube.com\\\/@MaratonadoConsumidor\"]},{\"@type\":\"Person\",\"@id\":\"https:\\\/\\\/maratonadoconsumidor.com.br\\\/#\\\/schema\\\/person\\\/01c74586a582dc988d4334293f57343c\",\"name\":\"Emilio de Vicente\",\"image\":{\"@type\":\"ImageObject\",\"inLanguage\":\"en-US\",\"@id\":\"https:\\\/\\\/maratonadoconsumidor.com.br\\\/wp-content\\\/uploads\\\/2025\\\/09\\\/cropped-Captura-de-tela-2024-05-15-133101-96x96.png\",\"url\":\"https:\\\/\\\/maratonadoconsumidor.com.br\\\/wp-content\\\/uploads\\\/2025\\\/09\\\/cropped-Captura-de-tela-2024-05-15-133101-96x96.png\",\"contentUrl\":\"https:\\\/\\\/maratonadoconsumidor.com.br\\\/wp-content\\\/uploads\\\/2025\\\/09\\\/cropped-Captura-de-tela-2024-05-15-133101-96x96.png\",\"caption\":\"Emilio de Vicente\"},\"description\":\"Emilio de Vicente \u00e9 o autor e respons\u00e1vel pelos conte\u00fados do site Maratona do Consumidor, trazendo informa\u00e7\u00f5es atualizadas, an\u00e1lises profundas e artigos relevantes sobre diversos temas do cotidiano relacionados dicas, comparativos de produtos e pre\u00e7os, consumo inteligente, finan\u00e7as em geral e muito mais.\",\"sameAs\":[\"https:\\\/\\\/maratonadoconsumidor.com.br\"],\"url\":\"https:\\\/\\\/maratonadoconsumidor.com.br\\\/en\\\/author\\\/emilio\\\/\"}]}<\/script>\n<!-- \/ Yoast SEO plugin. -->","yoast_head_json":{"title":"Voc\u00ea sabe para que serve a Defensoria P\u00fablica?","description":"Descubra para que serve a Defensoria P\u00fablica, quem tem direito ao atendimento gratuito e o passo a passo para garantir seus direitos","robots":{"index":"index","follow":"follow","max-snippet":"max-snippet:-1","max-image-preview":"max-image-preview:large","max-video-preview":"max-video-preview:-1"},"canonical":"https:\/\/maratonadoconsumidor.com.br\/en\/voce-sabe-para-que-serve-a-defensoria-publica\/","og_locale":"en_US","og_type":"article","og_title":"Voc\u00ea sabe para que serve a Defensoria P\u00fablica?","og_description":"Descubra para que serve a Defensoria P\u00fablica, quem tem direito ao atendimento gratuito e o passo a passo para garantir seus direitos","og_url":"https:\/\/maratonadoconsumidor.com.br\/en\/voce-sabe-para-que-serve-a-defensoria-publica\/","article_publisher":"https:\/\/www.facebook.com\/canaldomaratonadoconsumidor","article_published_time":"2026-04-01T23:02:52+00:00","article_modified_time":"2026-04-01T23:02:57+00:00","og_image":[{"width":1200,"height":800,"url":"https:\/\/maratonadoconsumidor.com.br\/wp-content\/uploads\/2026\/04\/Design-sem-nome-15.jpg","type":"image\/jpeg"}],"author":"Emilio de Vicente","twitter_card":"summary_large_image","twitter_creator":"@MaratonadoCons1","twitter_site":"@MaratonadoCons1","twitter_misc":{"Written by":"Emilio de Vicente","Est. reading time":"8 minutes"},"schema":{"@context":"https:\/\/schema.org","@graph":[{"@type":"Article","@id":"https:\/\/maratonadoconsumidor.com.br\/voce-sabe-para-que-serve-a-defensoria-publica\/#article","isPartOf":{"@id":"https:\/\/maratonadoconsumidor.com.br\/voce-sabe-para-que-serve-a-defensoria-publica\/"},"author":{"name":"Emilio de Vicente","@id":"https:\/\/maratonadoconsumidor.com.br\/#\/schema\/person\/01c74586a582dc988d4334293f57343c"},"headline":"O Pilar da Justi\u00e7a Gratuita: Voc\u00ea sabe para que serve a Defensoria P\u00fablica?","datePublished":"2026-04-01T23:02:52+00:00","dateModified":"2026-04-01T23:02:57+00:00","mainEntityOfPage":{"@id":"https:\/\/maratonadoconsumidor.com.br\/voce-sabe-para-que-serve-a-defensoria-publica\/"},"wordCount":1528,"commentCount":0,"publisher":{"@id":"https:\/\/maratonadoconsumidor.com.br\/#organization"},"image":{"@id":"https:\/\/maratonadoconsumidor.com.br\/voce-sabe-para-que-serve-a-defensoria-publica\/#primaryimage"},"thumbnailUrl":"https:\/\/i0.wp.com\/maratonadoconsumidor.com.br\/wp-content\/uploads\/2026\/04\/Design-sem-nome-15.jpg?fit=1200%2C800&ssl=1","keywords":["acesso \u00e0 justi\u00e7a","advogado gratuito","assist\u00eancia jur\u00eddica gratuita","Defensoria P\u00fablica","direitos do cidad\u00e3o"],"articleSection":["Direitos"],"inLanguage":"en-US","potentialAction":[{"@type":"CommentAction","name":"Comment","target":["https:\/\/maratonadoconsumidor.com.br\/voce-sabe-para-que-serve-a-defensoria-publica\/#respond"]}]},{"@type":"WebPage","@id":"https:\/\/maratonadoconsumidor.com.br\/voce-sabe-para-que-serve-a-defensoria-publica\/","url":"https:\/\/maratonadoconsumidor.com.br\/voce-sabe-para-que-serve-a-defensoria-publica\/","name":"Voc\u00ea sabe para que serve a Defensoria P\u00fablica?","isPartOf":{"@id":"https:\/\/maratonadoconsumidor.com.br\/#website"},"primaryImageOfPage":{"@id":"https:\/\/maratonadoconsumidor.com.br\/voce-sabe-para-que-serve-a-defensoria-publica\/#primaryimage"},"image":{"@id":"https:\/\/maratonadoconsumidor.com.br\/voce-sabe-para-que-serve-a-defensoria-publica\/#primaryimage"},"thumbnailUrl":"https:\/\/i0.wp.com\/maratonadoconsumidor.com.br\/wp-content\/uploads\/2026\/04\/Design-sem-nome-15.jpg?fit=1200%2C800&ssl=1","datePublished":"2026-04-01T23:02:52+00:00","dateModified":"2026-04-01T23:02:57+00:00","description":"Descubra para que serve a Defensoria P\u00fablica, quem tem direito ao atendimento gratuito e o passo a passo para garantir seus direitos","breadcrumb":{"@id":"https:\/\/maratonadoconsumidor.com.br\/voce-sabe-para-que-serve-a-defensoria-publica\/#breadcrumb"},"inLanguage":"en-US","potentialAction":[{"@type":"ReadAction","target":["https:\/\/maratonadoconsumidor.com.br\/voce-sabe-para-que-serve-a-defensoria-publica\/"]}]},{"@type":"ImageObject","inLanguage":"en-US","@id":"https:\/\/maratonadoconsumidor.com.br\/voce-sabe-para-que-serve-a-defensoria-publica\/#primaryimage","url":"https:\/\/i0.wp.com\/maratonadoconsumidor.com.br\/wp-content\/uploads\/2026\/04\/Design-sem-nome-15.jpg?fit=1200%2C800&ssl=1","contentUrl":"https:\/\/i0.wp.com\/maratonadoconsumidor.com.br\/wp-content\/uploads\/2026\/04\/Design-sem-nome-15.jpg?fit=1200%2C800&ssl=1","width":1200,"height":800,"caption":"O Pilar da Justi\u00e7a Gratuita: Voc\u00ea sabe para que serve a Defensoria P\u00fablica?"},{"@type":"BreadcrumbList","@id":"https:\/\/maratonadoconsumidor.com.br\/voce-sabe-para-que-serve-a-defensoria-publica\/#breadcrumb","itemListElement":[{"@type":"ListItem","position":1,"name":"In\u00edcio","item":"https:\/\/maratonadoconsumidor.com.br\/"},{"@type":"ListItem","position":2,"name":"O Pilar da Justi\u00e7a Gratuita: Voc\u00ea sabe para que serve a Defensoria P\u00fablica?"}]},{"@type":"WebSite","@id":"https:\/\/maratonadoconsumidor.com.br\/#website","url":"https:\/\/maratonadoconsumidor.com.br\/","name":"Maratona do Consumidor","description":"","publisher":{"@id":"https:\/\/maratonadoconsumidor.com.br\/#organization"},"potentialAction":[{"@type":"SearchAction","target":{"@type":"EntryPoint","urlTemplate":"https:\/\/maratonadoconsumidor.com.br\/?s={search_term_string}"},"query-input":{"@type":"PropertyValueSpecification","valueRequired":true,"valueName":"search_term_string"}}],"inLanguage":"en-US"},{"@type":"Organization","@id":"https:\/\/maratonadoconsumidor.com.br\/#organization","name":"Maratona do Consumidor","url":"https:\/\/maratonadoconsumidor.com.br\/","logo":{"@type":"ImageObject","inLanguage":"en-US","@id":"https:\/\/maratonadoconsumidor.com.br\/#\/schema\/logo\/image\/","url":"https:\/\/maratonadoconsumidor.com.br\/wp-content\/uploads\/2025\/06\/MARATONA-DO-CONSUMIDOR-160.png","contentUrl":"https:\/\/maratonadoconsumidor.com.br\/wp-content\/uploads\/2025\/06\/MARATONA-DO-CONSUMIDOR-160.png","width":180,"height":60,"caption":"Maratona do Consumidor"},"image":{"@id":"https:\/\/maratonadoconsumidor.com.br\/#\/schema\/logo\/image\/"},"sameAs":["https:\/\/www.facebook.com\/canaldomaratonadoconsumidor","https:\/\/x.com\/MaratonadoCons1","https:\/\/www.instagram.com\/maratonadoconsumidor\/","https:\/\/www.youtube.com\/@MaratonadoConsumidor"]},{"@type":"Person","@id":"https:\/\/maratonadoconsumidor.com.br\/#\/schema\/person\/01c74586a582dc988d4334293f57343c","name":"Emilio de Vicente","image":{"@type":"ImageObject","inLanguage":"en-US","@id":"https:\/\/maratonadoconsumidor.com.br\/wp-content\/uploads\/2025\/09\/cropped-Captura-de-tela-2024-05-15-133101-96x96.png","url":"https:\/\/maratonadoconsumidor.com.br\/wp-content\/uploads\/2025\/09\/cropped-Captura-de-tela-2024-05-15-133101-96x96.png","contentUrl":"https:\/\/maratonadoconsumidor.com.br\/wp-content\/uploads\/2025\/09\/cropped-Captura-de-tela-2024-05-15-133101-96x96.png","caption":"Emilio de Vicente"},"description":"Emilio de Vicente \u00e9 o autor e respons\u00e1vel pelos conte\u00fados do site Maratona do Consumidor, trazendo informa\u00e7\u00f5es atualizadas, an\u00e1lises profundas e artigos relevantes sobre diversos temas do cotidiano relacionados dicas, comparativos de produtos e pre\u00e7os, consumo inteligente, finan\u00e7as em geral e muito mais.","sameAs":["https:\/\/maratonadoconsumidor.com.br"],"url":"https:\/\/maratonadoconsumidor.com.br\/en\/author\/emilio\/"}]}},"jetpack_publicize_connections":[],"jetpack_featured_media_url":"https:\/\/i0.wp.com\/maratonadoconsumidor.com.br\/wp-content\/uploads\/2026\/04\/Design-sem-nome-15.jpg?fit=1200%2C800&ssl=1","jetpack-related-posts":[{"id":668,"url":"https:\/\/maratonadoconsumidor.com.br\/en\/proteja-se-do-superendividamento\/","url_meta":{"origin":1239,"position":0},"title":"\ud83d\udee1 Proteja-se do Superendividamento!","author":"Emilio de Vicente","date":"13 de September de 2025","format":false,"excerpt":"Descubra quais direitos e medidas podem evitar que suas d\u00edvidas saiam do controle \ud83d\udca1 Entendendo o que \u00e9 o superendividamento O superendividamento ocorre quando o consumidor n\u00e3o consegue pagar todas as suas d\u00edvidas sem comprometer o m\u00ednimo necess\u00e1rio para viver com dignidade como alimenta\u00e7\u00e3o, moradia, sa\u00fade e educa\u00e7\u00e3o. Esse problema\u2026","rel":"","context":"In &quot;Direitos&quot;","block_context":{"text":"Direitos","link":"https:\/\/maratonadoconsumidor.com.br\/en\/category\/direitos\/"},"img":{"alt_text":"\ud83d\udee1 Proteja-se do Superendividamento!","src":"https:\/\/i0.wp.com\/maratonadoconsumidor.com.br\/wp-content\/uploads\/2025\/09\/Design-sem-nome-6.jpg?fit=1200%2C800&ssl=1&resize=350%2C200","width":350,"height":200,"srcset":"https:\/\/i0.wp.com\/maratonadoconsumidor.com.br\/wp-content\/uploads\/2025\/09\/Design-sem-nome-6.jpg?fit=1200%2C800&ssl=1&resize=350%2C200 1x, https:\/\/i0.wp.com\/maratonadoconsumidor.com.br\/wp-content\/uploads\/2025\/09\/Design-sem-nome-6.jpg?fit=1200%2C800&ssl=1&resize=525%2C300 1.5x, https:\/\/i0.wp.com\/maratonadoconsumidor.com.br\/wp-content\/uploads\/2025\/09\/Design-sem-nome-6.jpg?fit=1200%2C800&ssl=1&resize=700%2C400 2x, https:\/\/i0.wp.com\/maratonadoconsumidor.com.br\/wp-content\/uploads\/2025\/09\/Design-sem-nome-6.jpg?fit=1200%2C800&ssl=1&resize=1050%2C600 3x"},"classes":[]},{"id":651,"url":"https:\/\/maratonadoconsumidor.com.br\/en\/saiba-quais-sao-os-seus-direitos-apos-60-anos-de-idade\/","url_meta":{"origin":1239,"position":1},"title":"Saiba quais s\u00e3o os seus direitos ap\u00f3s 60 anos de idade \ud83e\uddd3\ud83d\udc75","author":"Emilio de Vicente","date":"7 de September de 2025","format":false,"excerpt":"Envelhecer no Brasil traz consigo n\u00e3o apenas novas fases da vida, mas tamb\u00e9m uma s\u00e9rie de direitos garantidos por lei que muitas vezes s\u00e3o pouco conhecidos pela popula\u00e7\u00e3o. A partir dos 60 anos, cidad\u00e3os passam a contar com amparo legal em \u00e1reas como sa\u00fade, transporte, lazer, previd\u00eancia e at\u00e9 prioridade\u2026","rel":"","context":"In &quot;Direitos&quot;","block_context":{"text":"Direitos","link":"https:\/\/maratonadoconsumidor.com.br\/en\/category\/direitos\/"},"img":{"alt_text":"Saiba quais s\u00e3o os seus direitos ap\u00f3s 60 anos de idade","src":"https:\/\/i0.wp.com\/maratonadoconsumidor.com.br\/wp-content\/uploads\/2025\/09\/Design-sem-nome-2.jpg?fit=1200%2C800&ssl=1&resize=350%2C200","width":350,"height":200,"srcset":"https:\/\/i0.wp.com\/maratonadoconsumidor.com.br\/wp-content\/uploads\/2025\/09\/Design-sem-nome-2.jpg?fit=1200%2C800&ssl=1&resize=350%2C200 1x, https:\/\/i0.wp.com\/maratonadoconsumidor.com.br\/wp-content\/uploads\/2025\/09\/Design-sem-nome-2.jpg?fit=1200%2C800&ssl=1&resize=525%2C300 1.5x, https:\/\/i0.wp.com\/maratonadoconsumidor.com.br\/wp-content\/uploads\/2025\/09\/Design-sem-nome-2.jpg?fit=1200%2C800&ssl=1&resize=700%2C400 2x, https:\/\/i0.wp.com\/maratonadoconsumidor.com.br\/wp-content\/uploads\/2025\/09\/Design-sem-nome-2.jpg?fit=1200%2C800&ssl=1&resize=1050%2C600 3x"},"classes":[]},{"id":536,"url":"https:\/\/maratonadoconsumidor.com.br\/en\/quais-sao-os-direitos-atuais-dos-idosos\/","url_meta":{"origin":1239,"position":2},"title":"\ud83e\uddd3 Quais s\u00e3o os direitos atuais dos idosos?","author":"Emilio de Vicente","date":"5 de July de 2025","format":false,"excerpt":"O envelhecimento da popula\u00e7\u00e3o brasileira \u00e9 uma realidade que traz \u00e0 tona a import\u00e2ncia de assegurar qualidade de vida, respeito e dignidade para os cidad\u00e3os com mais de 60 anos. Com base na Constitui\u00e7\u00e3o Federal, no Estatuto do Idoso (Lei n\u00ba 10.741\/2003) e em outras legisla\u00e7\u00f5es complementares, o Brasil estabelece\u2026","rel":"","context":"In &quot;Direitos&quot;","block_context":{"text":"Direitos","link":"https:\/\/maratonadoconsumidor.com.br\/en\/category\/direitos\/"},"img":{"alt_text":"Quais s\u00e3o os direitos atuais dos idosos?","src":"https:\/\/i0.wp.com\/maratonadoconsumidor.com.br\/wp-content\/uploads\/2025\/07\/Design-sem-nome-2025-07-05T190813.899.jpg?fit=1200%2C738&ssl=1&resize=350%2C200","width":350,"height":200,"srcset":"https:\/\/i0.wp.com\/maratonadoconsumidor.com.br\/wp-content\/uploads\/2025\/07\/Design-sem-nome-2025-07-05T190813.899.jpg?fit=1200%2C738&ssl=1&resize=350%2C200 1x, https:\/\/i0.wp.com\/maratonadoconsumidor.com.br\/wp-content\/uploads\/2025\/07\/Design-sem-nome-2025-07-05T190813.899.jpg?fit=1200%2C738&ssl=1&resize=525%2C300 1.5x, https:\/\/i0.wp.com\/maratonadoconsumidor.com.br\/wp-content\/uploads\/2025\/07\/Design-sem-nome-2025-07-05T190813.899.jpg?fit=1200%2C738&ssl=1&resize=700%2C400 2x, https:\/\/i0.wp.com\/maratonadoconsumidor.com.br\/wp-content\/uploads\/2025\/07\/Design-sem-nome-2025-07-05T190813.899.jpg?fit=1200%2C738&ssl=1&resize=1050%2C600 3x"},"classes":[]},{"id":555,"url":"https:\/\/maratonadoconsumidor.com.br\/en\/comprar-e-vender-imoveis-saiba-quais-os-documentos\/","url_meta":{"origin":1239,"position":3},"title":"\ud83c\udfe0 Comprar e Vender Im\u00f3veis: Saiba Quais os Documentos Envolvidos nas Transa\u00e7\u00f5es","author":"Emilio de Vicente","date":"12 de July de 2025","format":false,"excerpt":"Adquirir ou vender um im\u00f3vel \u00e9 uma das decis\u00f5es financeiras mais importantes na vida de qualquer pessoa. Seja para morar, investir ou diversificar o patrim\u00f4nio, o processo envolve cuidados jur\u00eddicos, fiscais e burocr\u00e1ticos que exigem aten\u00e7\u00e3o redobrada. Para garantir uma negocia\u00e7\u00e3o segura e evitar problemas futuros, conhecer os documentos exigidos\u2026","rel":"","context":"In &quot;Direitos&quot;","block_context":{"text":"Direitos","link":"https:\/\/maratonadoconsumidor.com.br\/en\/category\/direitos\/"},"img":{"alt_text":"Comprar e Vender Im\u00f3veis: Saiba Quais os Documentos Envolvidos nas Transa\u00e7\u00f5es","src":"https:\/\/i0.wp.com\/maratonadoconsumidor.com.br\/wp-content\/uploads\/2025\/07\/Design-sem-nome-2025-07-12T144605.596.jpg?fit=1200%2C738&ssl=1&resize=350%2C200","width":350,"height":200,"srcset":"https:\/\/i0.wp.com\/maratonadoconsumidor.com.br\/wp-content\/uploads\/2025\/07\/Design-sem-nome-2025-07-12T144605.596.jpg?fit=1200%2C738&ssl=1&resize=350%2C200 1x, https:\/\/i0.wp.com\/maratonadoconsumidor.com.br\/wp-content\/uploads\/2025\/07\/Design-sem-nome-2025-07-12T144605.596.jpg?fit=1200%2C738&ssl=1&resize=525%2C300 1.5x, https:\/\/i0.wp.com\/maratonadoconsumidor.com.br\/wp-content\/uploads\/2025\/07\/Design-sem-nome-2025-07-12T144605.596.jpg?fit=1200%2C738&ssl=1&resize=700%2C400 2x, https:\/\/i0.wp.com\/maratonadoconsumidor.com.br\/wp-content\/uploads\/2025\/07\/Design-sem-nome-2025-07-12T144605.596.jpg?fit=1200%2C738&ssl=1&resize=1050%2C600 3x"},"classes":[]},{"id":1162,"url":"https:\/\/maratonadoconsumidor.com.br\/en\/o-escudo-do-consumidor-na-era-digital\/","url_meta":{"origin":1239,"position":4},"title":"O Escudo do Consumidor na Era Digital: Direitos, IA e o Combate aos Deepfakes em 2026","author":"Emilio de Vicente","date":"21 de March de 2026","format":false,"excerpt":"O mundo que conhec\u00edamos mudou. Se em anos anteriores a preocupa\u00e7\u00e3o era com um cart\u00e3o clonado ou um boleto falso, em\u00a02026\u00a0a fronteira entre o real e o artificial se tornou quase invis\u00edvel. Hoje, um \"filho\" pode pedir dinheiro via Pix por uma videochamada com voz e rosto perfeitos, mas ser\u2026","rel":"","context":"In &quot;Direitos&quot;","block_context":{"text":"Direitos","link":"https:\/\/maratonadoconsumidor.com.br\/en\/category\/direitos\/"},"img":{"alt_text":"O Escudo do Consumidor na Era Digital: Direitos, IA e o Combate aos Deepfakes em 2026","src":"https:\/\/i0.wp.com\/maratonadoconsumidor.com.br\/wp-content\/uploads\/2026\/03\/Design-sem-nome-40.jpg?fit=1200%2C800&ssl=1&resize=350%2C200","width":350,"height":200,"srcset":"https:\/\/i0.wp.com\/maratonadoconsumidor.com.br\/wp-content\/uploads\/2026\/03\/Design-sem-nome-40.jpg?fit=1200%2C800&ssl=1&resize=350%2C200 1x, https:\/\/i0.wp.com\/maratonadoconsumidor.com.br\/wp-content\/uploads\/2026\/03\/Design-sem-nome-40.jpg?fit=1200%2C800&ssl=1&resize=525%2C300 1.5x, https:\/\/i0.wp.com\/maratonadoconsumidor.com.br\/wp-content\/uploads\/2026\/03\/Design-sem-nome-40.jpg?fit=1200%2C800&ssl=1&resize=700%2C400 2x, https:\/\/i0.wp.com\/maratonadoconsumidor.com.br\/wp-content\/uploads\/2026\/03\/Design-sem-nome-40.jpg?fit=1200%2C800&ssl=1&resize=1050%2C600 3x"},"classes":[]},{"id":476,"url":"https:\/\/maratonadoconsumidor.com.br\/en\/quais-sao-as-suas-chances-de-recuperar-aquele-pix-roubado\/","url_meta":{"origin":1239,"position":5},"title":"Quais s\u00e3o as suas chances de recuperar aquele PIX roubado?","author":"Emilio de Vicente","date":"2 de July de 2025","format":false,"excerpt":"Voc\u00ea j\u00e1 se viu na situa\u00e7\u00e3o em que seu PIX foi roubado? Esse tipo de experi\u00eancia \u00e9 devastador e gera uma grande preocupa\u00e7\u00e3o.Compreender as chances de recuperar um PIX \u00e9 fundamental para agir rapidamente e aumentar suas chances de sucesso. A recupera\u00e7\u00e3o de um PIX roubado depende de v\u00e1rios fatores,\u2026","rel":"","context":"In &quot;Direitos&quot;","block_context":{"text":"Direitos","link":"https:\/\/maratonadoconsumidor.com.br\/en\/category\/direitos\/"},"img":{"alt_text":"Quais s\u00e3o as suas chances de recuperar aquele PIX roubado?","src":"https:\/\/i0.wp.com\/maratonadoconsumidor.com.br\/wp-content\/uploads\/2025\/07\/Design-sem-nome-2025-07-02T165617.587.jpg?fit=1200%2C738&ssl=1&resize=350%2C200","width":350,"height":200,"srcset":"https:\/\/i0.wp.com\/maratonadoconsumidor.com.br\/wp-content\/uploads\/2025\/07\/Design-sem-nome-2025-07-02T165617.587.jpg?fit=1200%2C738&ssl=1&resize=350%2C200 1x, https:\/\/i0.wp.com\/maratonadoconsumidor.com.br\/wp-content\/uploads\/2025\/07\/Design-sem-nome-2025-07-02T165617.587.jpg?fit=1200%2C738&ssl=1&resize=525%2C300 1.5x, https:\/\/i0.wp.com\/maratonadoconsumidor.com.br\/wp-content\/uploads\/2025\/07\/Design-sem-nome-2025-07-02T165617.587.jpg?fit=1200%2C738&ssl=1&resize=700%2C400 2x, https:\/\/i0.wp.com\/maratonadoconsumidor.com.br\/wp-content\/uploads\/2025\/07\/Design-sem-nome-2025-07-02T165617.587.jpg?fit=1200%2C738&ssl=1&resize=1050%2C600 3x"},"classes":[]}],"jetpack_sharing_enabled":true,"jetpack_likes_enabled":true,"_links":{"self":[{"href":"https:\/\/maratonadoconsumidor.com.br\/en\/wp-json\/wp\/v2\/posts\/1239","targetHints":{"allow":["GET"]}}],"collection":[{"href":"https:\/\/maratonadoconsumidor.com.br\/en\/wp-json\/wp\/v2\/posts"}],"about":[{"href":"https:\/\/maratonadoconsumidor.com.br\/en\/wp-json\/wp\/v2\/types\/post"}],"author":[{"embeddable":true,"href":"https:\/\/maratonadoconsumidor.com.br\/en\/wp-json\/wp\/v2\/users\/1"}],"replies":[{"embeddable":true,"href":"https:\/\/maratonadoconsumidor.com.br\/en\/wp-json\/wp\/v2\/comments?post=1239"}],"version-history":[{"count":1,"href":"https:\/\/maratonadoconsumidor.com.br\/en\/wp-json\/wp\/v2\/posts\/1239\/revisions"}],"predecessor-version":[{"id":1243,"href":"https:\/\/maratonadoconsumidor.com.br\/en\/wp-json\/wp\/v2\/posts\/1239\/revisions\/1243"}],"wp:featuredmedia":[{"embeddable":true,"href":"https:\/\/maratonadoconsumidor.com.br\/en\/wp-json\/wp\/v2\/media\/1240"}],"wp:attachment":[{"href":"https:\/\/maratonadoconsumidor.com.br\/en\/wp-json\/wp\/v2\/media?parent=1239"}],"wp:term":[{"taxonomy":"category","embeddable":true,"href":"https:\/\/maratonadoconsumidor.com.br\/en\/wp-json\/wp\/v2\/categories?post=1239"},{"taxonomy":"post_tag","embeddable":true,"href":"https:\/\/maratonadoconsumidor.com.br\/en\/wp-json\/wp\/v2\/tags?post=1239"}],"curies":[{"name":"wp","href":"https:\/\/api.w.org\/{rel}","templated":true}]}}