{"id":1227,"date":"2026-03-29T18:19:14","date_gmt":"2026-03-29T21:19:14","guid":{"rendered":"https:\/\/maratonadoconsumidor.com.br\/?p=1227"},"modified":"2026-03-29T18:19:17","modified_gmt":"2026-03-29T21:19:17","slug":"como-anda-o-agronegocio-em-minas-gerais","status":"publish","type":"post","link":"https:\/\/maratonadoconsumidor.com.br\/en\/como-anda-o-agronegocio-em-minas-gerais\/","title":{"rendered":"Como anda o Agroneg\u00f3cio em Minas Gerais?"},"content":{"rendered":"<p>Minas Gerais sempre foi o cora\u00e7\u00e3o do Brasil quando o assunto \u00e9 terra e produ\u00e7\u00e3o. <\/p>\n\n\n\n<p>Mas, em 2026, o estado n\u00e3o apenas mant\u00e9m sua tradi\u00e7\u00e3o; ele est\u00e1 redefinindo o que significa ser uma pot\u00eancia global. <\/p>\n\n\n\n<p>Se voc\u00ea olhar para as montanhas do Sul ou para as vastas plan\u00edcies do Tri\u00e2ngulo, ver\u00e1 uma revolu\u00e7\u00e3o silenciosa feita de tecnologia, resili\u00eancia e uma capacidade \u00fanica de transformar &#8220;frutas de quintal&#8221; em ouro verde.<\/p>\n\n\n\n<p>O <strong>agroneg\u00f3cio mineiro<\/strong> vive um momento de consolida\u00e7\u00e3o hist\u00f3rica. Com um <strong>Valor Bruto da Produ\u00e7\u00e3o (VBP)<\/strong> estimado em <strong>R$ 165,7 bilh\u00f5es<\/strong> para este ano, o estado prova que, mesmo diante de desafios clim\u00e1ticos e juros flutuantes, a efici\u00eancia do produtor mineiro \u00e9 o que mant\u00e9m a balan\u00e7a comercial no azul.<\/p>\n\n\n\n<h2 class=\"wp-block-heading\">O Caf\u00e9 como Capit\u00e3o: O Motor da Economia Mineira<\/h2>\n\n\n\n<p>N\u00e3o h\u00e1 como falar de Minas sem falar de <strong>caf\u00e9<\/strong>. <\/p>\n\n\n\n<p>Em 2026, a cafeicultura n\u00e3o \u00e9 apenas uma cultura; \u00e9 um imp\u00e9rio. <\/p>\n\n\n\n<p>O estado responde por quase <strong>70% de todo o caf\u00e9 brasileiro<\/strong> exportado, e a receita gerada por este setor \u00e9 o que sustenta grandes investimentos em infraestrutura e tecnologia.<\/p>\n\n\n\n<ul class=\"wp-block-list\">\n<li><strong>Safra Recorde:<\/strong> A proje\u00e7\u00e3o para 2026 aponta para uma colheita hist\u00f3rica de <strong>31,8 milh\u00f5es de sacas<\/strong>, um salto impressionante de mais de 26% em rela\u00e7\u00e3o ao ano anterior.<br><\/li>\n\n\n\n<li><strong>Caf\u00e9s Especiais:<\/strong> O foco mudou do volume para o valor agregado. Cooperativas como a <a href=\"https:\/\/www.cooxupe.com.br\/\" target=\"_blank\" rel=\"noreferrer noopener\">Cooxup\u00e9<\/a> est\u00e3o liderando a exporta\u00e7\u00e3o de gr\u00e3os com certifica\u00e7\u00f5es de sustentabilidade, alcan\u00e7ando mercados exigentes na Europa e \u00c1sia.<br><\/li>\n\n\n\n<li><strong>Dom\u00ednio de Mercado:<\/strong> O caf\u00e9 agora representa quase <strong>40% da renda total<\/strong> do agro no estado, um crescimento vertical que protege Minas de crises em outros setores.<\/li>\n<\/ul>\n\n\n\n<h2 class=\"wp-block-heading\">O Fen\u00f4meno do &#8220;Ouro Verde&#8221;: A Ascens\u00e3o do Avocado<\/h2>\n\n\n\n<p>Se o caf\u00e9 \u00e9 a tradi\u00e7\u00e3o, o <strong>avocado (abacate)<\/strong> \u00e9 a nova estrela. O que antes era visto como uma fruta comum de consumo dom\u00e9stico, transformou-se em uma das <strong>commodities<\/strong> mais lucrativas de Minas Gerais.<\/p>\n\n\n\n<p>A variedade avocado, especialmente a <em>Hass<\/em>, encontrou no microclima das regi\u00f5es cafeeiras o ambiente perfeito para prosperar. <\/p>\n\n\n\n<p>Com um tempo de prateleira superior e alta demanda internacional para o setor de cosm\u00e9ticos e alimenta\u00e7\u00e3o saud\u00e1vel, as exporta\u00e7\u00f5es de frutas em Minas bateram recordes em janeiro de 2026, impulsionadas por esse setor. \u00c9 a prova viva da <strong>diversifica\u00e7\u00e3o da pauta exportadora<\/strong> mineira.<\/p>\n\n\n\n<h2 class=\"wp-block-heading\">Tecnologia e Sustentabilidade: O Agro 4.0 em solo mineiro<\/h2>\n\n\n\n<p>Em 2026, a tecnologia deixou de ser um diferencial para se tornar o padr\u00e3o. Minas Gerais est\u00e1 na vanguarda da aplica\u00e7\u00e3o de <strong>Intelig\u00eancia Artificial (IA)<\/strong> no campo.<\/p>\n\n\n\n<h3 class=\"wp-block-heading\">Tend\u00eancias Tecnol\u00f3gicas que Dominam 2026:<\/h3>\n\n\n\n<ol start=\"1\" class=\"wp-block-list\">\n<li><strong>Agentes de IA Aut\u00f4nomos:<\/strong> Sistemas que cruzam dados clim\u00e1ticos com o mercado futuro para sugerir ao produtor o minuto exato da venda.<br><\/li>\n\n\n\n<li><strong>Monitoramento por Sat\u00e9lite:<\/strong> Utilizado para garantir a <strong>rastreabilidade<\/strong>, exig\u00eancia fundamental para o mercado comum europeu.<br><\/li>\n\n\n\n<li><strong>Bioenergia:<\/strong> O crescimento da produ\u00e7\u00e3o de etanol a partir de milho e cereais no Tri\u00e2ngulo Mineiro est\u00e1 criando um novo ciclo de industrializa\u00e7\u00e3o no campo.<\/li>\n<\/ol>\n\n\n\n<h2 class=\"wp-block-heading\">Desafios no Radar: Leite e Gr\u00e3os<\/h2>\n\n\n\n<p>Nem tudo s\u00e3o flores, e a transpar\u00eancia \u00e9 essencial para entender o setor. A <strong>pecu\u00e1ria leiteira<\/strong> e a produ\u00e7\u00e3o de <strong>gr\u00e3os (soja e milho)<\/strong> enfrentam um 2026 desafiador.<\/p>\n\n\n\n<ul class=\"wp-block-list\">\n<li><strong>Crise do Leite:<\/strong> Com uma queda estimada de 21% no VBP do leite, os produtores enfrentam margens apertadas devido ao custo dos insumos e \u00e0 concorr\u00eancia internacional.<br><\/li>\n\n\n\n<li><strong>Custos de Produ\u00e7\u00e3o:<\/strong> Embora a produtividade seja alta, os <strong>juros elevados<\/strong> e o custo log\u00edstico ainda pesam no bolso de quem produz soja no Noroeste mineiro.<\/li>\n<\/ul>\n\n\n\n<h2 class=\"wp-block-heading\">Passo a Passo: Como Minas est\u00e1 vencendo a crise do cr\u00e9dito<\/h2>\n\n\n\n<p>Para enfrentar o cen\u00e1rio de juros altos, o governo estadual e as institui\u00e7\u00f5es financeiras criaram um roteiro de sobreviv\u00eancia para o produtor:<\/p>\n\n\n\n<ol start=\"1\" class=\"wp-block-list\">\n<li><strong>Acesso ao Cr\u00e9dito Verde:<\/strong> Utiliza\u00e7\u00e3o de linhas de financiamento do <strong>BDMG<\/strong> (Banco de Desenvolvimento de Minas Gerais) voltadas para projetos sustent\u00e1veis, que possuem taxas mais amig\u00e1veis.<br><\/li>\n\n\n\n<li><strong>Cooperativismo Forte:<\/strong> A uni\u00e3o em cooperativas permite a compra de insumos em larga escala, reduzindo o custo individual em at\u00e9 15%.<br><\/li>\n\n\n\n<li><strong>Investimento em Irriga\u00e7\u00e3o:<\/strong> O uso de piv\u00f4s centrais e sistemas de gotejamento inteligentes para mitigar as quebras de safra causadas pelas varia\u00e7\u00f5es clim\u00e1ticas.<br><\/li>\n\n\n\n<li><strong>Certifica\u00e7\u00e3o Internacional:<\/strong> Adequa\u00e7\u00e3o r\u00e1pida \u00e0s normas ambientais para garantir que o produto mineiro n\u00e3o sofra san\u00e7\u00f5es no exterior.<\/li>\n<\/ol>\n\n\n\n<h2 class=\"wp-block-heading\">O Protagonismo Feminino: A &#8220;Virada Silenciosa&#8221; no Campo<\/h2>\n\n\n\n<p>Em 2026, a imagem do gestor rural em Minas mudou drasticamente. Dados recentes do <a href=\"https:\/\/www.sistemafaemg.org.br\/\" target=\"_blank\" rel=\"noreferrer noopener\">Sistema Faemg Senar<\/a> revelam que a lideran\u00e7a feminina nas propriedades mineiras cresceu exponencialmente. <\/p>\n\n\n\n<p>O que antes era uma participa\u00e7\u00e3o de bastidores, hoje se consolidou em inst\u00e2ncias decis\u00f3rias.<\/p>\n\n\n\n<ul class=\"wp-block-list\">\n<li><strong>Gest\u00e3o e Precis\u00e3o:<\/strong> Mulheres est\u00e3o \u00e0 frente de mais de <strong>2.500 propriedades<\/strong> atendidas por programas de assist\u00eancia t\u00e9cnica no estado. Elas se destacam especialmente na gest\u00e3o financeira e na ado\u00e7\u00e3o de tecnologias de rastreabilidade.<\/li>\n\n\n\n<li><strong>Capacita\u00e7\u00e3o:<\/strong> O n\u00famero de encontros de mulheres no agro saltou de 17 para <strong>80 eventos anuais<\/strong> em apenas quatro anos, focando em sucess\u00e3o familiar e governan\u00e7a.<\/li>\n<\/ul>\n\n\n\n<figure class=\"wp-block-embed is-type-video is-provider-youtube wp-block-embed-youtube wp-embed-aspect-16-9 wp-has-aspect-ratio\"><div class=\"wp-block-embed__wrapper\">\n<iframe title=\"Minas Gerais: O Estado Mais Diversificado do Agro Brasileiro\" width=\"960\" height=\"540\" src=\"https:\/\/www.youtube.com\/embed\/MoYNm4094pE?feature=oembed\" frameborder=\"0\" allow=\"accelerometer; autoplay; clipboard-write; encrypted-media; gyroscope; picture-in-picture; web-share\" referrerpolicy=\"strict-origin-when-cross-origin\" allowfullscreen><\/iframe>\n<\/div><\/figure>\n\n\n\n<h2 class=\"wp-block-heading\">Log\u00edstica e Infraestrutura: As Veias que Escoam a Produ\u00e7\u00e3o<\/h2>\n\n\n\n<p>O sucesso do campo depende do que acontece fora dele. Em 2026, Minas Gerais vive um novo ciclo log\u00edstico com foco na multimodalidade para reduzir o chamado &#8220;Custo Brasil&#8221;.<\/p>\n\n\n\n<ul class=\"wp-block-list\">\n<li><strong>A Rota do Caf\u00e9 Ferrovi\u00e1ria:<\/strong> O novo corredor ferrovi\u00e1rio <strong>Minas-Rio<\/strong> come\u00e7ou a operar efetivamente este ano, oferecendo uma alternativa eficiente ao transporte rodovi\u00e1rio e conectando as cooperativas do Sul de Minas diretamente aos portos.<br><\/li>\n\n\n\n<li><strong>Investimentos na FCA:<\/strong> A renova\u00e7\u00e3o da Ferrovia Centro-Atl\u00e2ntica trouxe um aporte de <strong>R$ 4,8 bilh\u00f5es<\/strong> em novas locomotivas e trilhos, aumentando a capacidade de transporte de gr\u00e3os e min\u00e9rios com menor consumo de combust\u00edvel.<\/li>\n<\/ul>\n\n\n\n<h2 class=\"wp-block-heading\">Mercado de Carbono: A Nova Fonte de Renda do Produtor<\/h2>\n\n\n\n<p>A sustentabilidade deixou de ser apenas uma exig\u00eancia ambiental para se tornar um ativo financeiro. O produtor mineiro agora &#8220;planta&#8221; carbono.<\/p>\n\n\n\n<ul class=\"wp-block-list\">\n<li><strong>Cr\u00e9ditos de Carbono:<\/strong> Fazendas de caf\u00e9 e \u00e1reas de silvicultura (eucalipto) no Norte de Minas est\u00e3o assinando contratos de <strong>cr\u00e9ditos de carbono<\/strong>, gerando uma receita extra que ajuda a amortizar os custos de insumos.<br><\/li>\n\n\n\n<li><strong>Rigour Ambiental:<\/strong> O acesso ao cr\u00e9dito rural em 2026 est\u00e1 intrinsecamente ligado ao cumprimento do C\u00f3digo Florestal, transformando a preserva\u00e7\u00e3o em um pr\u00e9-requisito para a competitividade.<\/li>\n<\/ul>\n\n\n\n<h2 class=\"wp-block-heading\">Passo a Passo: Como o produtor est\u00e1 implementando a Intelig\u00eancia Artificial<\/h2>\n\n\n\n<p>Para quem deseja entender como a tecnologia 4.0 chega ao dia a dia da fazenda em 2026, o processo segue este roteiro:<\/p>\n\n\n\n<ol start=\"1\" class=\"wp-block-list\">\n<li><strong>Diagn\u00f3stico por Telemetria:<\/strong> Instala\u00e7\u00e3o de sensores em m\u00e1quinas para coletar dados de solo e performance em tempo real.<br><\/li>\n\n\n\n<li><strong>Integra\u00e7\u00e3o de Dados (ERP Agro):<\/strong> Os dados s\u00e3o enviados para plataformas de gest\u00e3o que utilizam <strong>IA generativa<\/strong> para criar relat\u00f3rios preditivos.<br><\/li>\n\n\n\n<li><strong>Aplica\u00e7\u00e3o em Taxa Vari\u00e1vel:<\/strong> Uso de drones de pulveriza\u00e7\u00e3o que aplicam defensivos apenas onde a praga foi detectada, gerando economia de at\u00e9 <strong>90% em herbicidas<\/strong>.<br><\/li>\n\n\n\n<li><strong>Comercializa\u00e7\u00e3o Inteligente:<\/strong> Uso de agentes de IA para monitorar a Bolsa de Nova York e sugerir o fechamento de contratos futuros no momento de maior alta.<\/li>\n<\/ol>\n\n\n\n<p>O agroneg\u00f3cio mineiro em 2026 n\u00e3o \u00e9 apenas sobre colher o que se planta, mas sobre gerir o que se colhe com uma precis\u00e3o cir\u00fargica. <\/p>\n\n\n\n<p>Ao unir a for\u00e7a das mulheres na lideran\u00e7a, uma log\u00edstica ferrovi\u00e1ria renovada e a monetiza\u00e7\u00e3o da sustentabilidade, o estado prova que a inova\u00e7\u00e3o \u00e9 o seu fertilizante mais potente.<\/p>\n\n\n\n<p>Minas Gerais deixa de ser apenas o &#8220;celeiro&#8221; para se tornar o &#8220;centro de intelig\u00eancia&#8221; do campo brasileiro.<\/p>\n\n\n\n<p> \u00c9 um convite para que investidores e produtores olhem para as alterosas n\u00e3o apenas como terra f\u00e9rtil, mas como o destino onde o futuro do alimento global est\u00e1 sendo escrito hoje.<\/p>\n\n\n\n<figure class=\"wp-block-image size-large\"><img data-recalc-dims=\"1\" fetchpriority=\"high\" decoding=\"async\" width=\"960\" height=\"640\" src=\"https:\/\/i0.wp.com\/maratonadoconsumidor.com.br\/wp-content\/uploads\/2026\/03\/Design-sem-nome-7-1.jpg?resize=960%2C640&#038;ssl=1\" alt=\"Como anda o Agroneg\u00f3cio em Minas Gerais?\" class=\"wp-image-1229\" srcset=\"https:\/\/i0.wp.com\/maratonadoconsumidor.com.br\/wp-content\/uploads\/2026\/03\/Design-sem-nome-7-1.jpg?resize=1024%2C683&amp;ssl=1 1024w, https:\/\/i0.wp.com\/maratonadoconsumidor.com.br\/wp-content\/uploads\/2026\/03\/Design-sem-nome-7-1.jpg?resize=300%2C200&amp;ssl=1 300w, https:\/\/i0.wp.com\/maratonadoconsumidor.com.br\/wp-content\/uploads\/2026\/03\/Design-sem-nome-7-1.jpg?resize=768%2C512&amp;ssl=1 768w, https:\/\/i0.wp.com\/maratonadoconsumidor.com.br\/wp-content\/uploads\/2026\/03\/Design-sem-nome-7-1.jpg?resize=18%2C12&amp;ssl=1 18w, https:\/\/i0.wp.com\/maratonadoconsumidor.com.br\/wp-content\/uploads\/2026\/03\/Design-sem-nome-7-1.jpg?resize=150%2C100&amp;ssl=1 150w, https:\/\/i0.wp.com\/maratonadoconsumidor.com.br\/wp-content\/uploads\/2026\/03\/Design-sem-nome-7-1.jpg?resize=330%2C220&amp;ssl=1 330w, https:\/\/i0.wp.com\/maratonadoconsumidor.com.br\/wp-content\/uploads\/2026\/03\/Design-sem-nome-7-1.jpg?resize=420%2C280&amp;ssl=1 420w, https:\/\/i0.wp.com\/maratonadoconsumidor.com.br\/wp-content\/uploads\/2026\/03\/Design-sem-nome-7-1.jpg?resize=510%2C340&amp;ssl=1 510w, https:\/\/i0.wp.com\/maratonadoconsumidor.com.br\/wp-content\/uploads\/2026\/03\/Design-sem-nome-7-1.jpg?w=1200&amp;ssl=1 1200w\" sizes=\"(max-width: 960px) 100vw, 960px\" \/><\/figure>\n\n\n\n<h2 class=\"wp-block-heading\">A Balan\u00e7a Comercial e os Destinos Globais<\/h2>\n\n\n\n<p>Minas Gerais fechou o primeiro bimestre de 2026 com um super\u00e1vit comercial de <strong>US$ 3,7 bilh\u00f5es<\/strong>. O agroneg\u00f3cio \u00e9 o grande respons\u00e1vel por esse n\u00famero, enviando produtos para mais de <strong>170 pa\u00edses<\/strong>.<\/p>\n\n\n\n<figure class=\"wp-block-table\"><table class=\"has-fixed-layout\"><thead><tr><td class=\"has-text-align-center\" data-align=\"center\"><strong>Produto<\/strong><\/td><td class=\"has-text-align-center\" data-align=\"center\"><strong>Participa\u00e7\u00e3o no VBP (Est. 2026)<\/strong><\/td><td class=\"has-text-align-center\" data-align=\"center\"><strong>Tend\u00eancia<\/strong><\/td><\/tr><\/thead><tbody><tr><td class=\"has-text-align-center\" data-align=\"center\"><strong>Caf\u00e9<\/strong><\/td><td class=\"has-text-align-center\" data-align=\"center\">39%<\/td><td class=\"has-text-align-center\" data-align=\"center\">Alta Forte \ud83d\ude80<\/td><\/tr><tr><td class=\"has-text-align-center\" data-align=\"center\"><strong>Bovinos<\/strong><\/td><td class=\"has-text-align-center\" data-align=\"center\">11,6%<\/td><td class=\"has-text-align-center\" data-align=\"center\">Estabilidade \ud83d\udcca<\/td><\/tr><tr><td class=\"has-text-align-center\" data-align=\"center\"><strong>Soja<\/strong><\/td><td class=\"has-text-align-center\" data-align=\"center\">10,8%<\/td><td class=\"has-text-align-center\" data-align=\"center\">Aten\u00e7\u00e3o \u26a0\ufe0f<\/td><\/tr><tr><td class=\"has-text-align-center\" data-align=\"center\"><strong>Leite<\/strong><\/td><td class=\"has-text-align-center\" data-align=\"center\">8,5%<\/td><td class=\"has-text-align-center\" data-align=\"center\">Retra\u00e7\u00e3o \ud83d\udcc9<\/td><\/tr><\/tbody><\/table><\/figure>\n\n\n\n<p>Os principais destinos continuam sendo a <strong>China<\/strong>, <strong>Estados Unidos<\/strong> e <strong>Alemanha<\/strong>, mas novos mercados como o Chile (para ovos) e pa\u00edses do Oriente M\u00e9dio est\u00e3o ganhando relev\u00e2ncia na pauta mineira.<\/p>\n\n\n\n<p>O agroneg\u00f3cio de Minas Gerais em 2026 \u00e9 o retrato de um setor que aprendeu a transformar montanhas em oportunidades. <\/p>\n\n\n\n<p>\u00c9 um ecossistema onde a tradi\u00e7\u00e3o do cafezinho passado na hora convive harmoniosamente com algoritmos de \u00faltima gera\u00e7\u00e3o que decidem o pre\u00e7o da saca em Nova York.<\/p>\n\n\n\n<p>Mais do que apenas n\u00fameros em um relat\u00f3rio da <a href=\"https:\/\/www.agricultura.mg.gov.br\/\" target=\"_blank\" rel=\"noreferrer noopener\">Secretaria de Agricultura (SEAPA)<\/a>, o agro mineiro \u00e9 a for\u00e7a que movimenta cidades inteiras, que inova na dificuldade e que garante que, em qualquer lugar do mundo, o sabor de Minas seja sin\u00f4nimo de excel\u00eancia. <\/p>\n\n\n\n<p>O estado n\u00e3o est\u00e1 apenas produzindo alimentos; est\u00e1 exportando intelig\u00eancia, sustentabilidade e a prova de que a terra, quando bem tratada, sempre retribui com fartura.<\/p>\n\n\n\n<h3 class=\"wp-block-heading\"><strong>Perguntas Frequentes (FAQ) sobre o Agroneg\u00f3cio em Minas Gerais<\/strong><\/h3>\n\n\n\n<p><strong>1. Qual \u00e9 o produto que mais gera riqueza para o agro mineiro em 2026?<\/strong> Sem d\u00favida, o <strong>caf\u00e9<\/strong>. Atualmente, ele representa quase <strong>40% do Valor Bruto da Produ\u00e7\u00e3o (VBP)<\/strong> do estado. Minas Gerais \u00e9 respons\u00e1vel por cerca de metade de toda a produ\u00e7\u00e3o nacional, com destaque para a migra\u00e7\u00e3o para os <strong>caf\u00e9s especiais<\/strong>, que garantem maior valor de mercado nas exporta\u00e7\u00f5es para Europa e \u00c1sia.<\/p>\n\n\n\n<p><strong>2. Como o estado est\u00e1 lidando com a crise no setor de leite?<\/strong> O setor leiteiro enfrenta um 2026 desafiador, com margens apertadas devido aos altos custos de produ\u00e7\u00e3o e \u00e0 concorr\u00eancia. A estrat\u00e9gia do governo e de entidades como a <a target=\"_blank\" rel=\"noreferrer noopener\" href=\"https:\/\/www.sistemafaemg.org.br\/\">Faemg<\/a> foca na <strong>efici\u00eancia operacional<\/strong>, assist\u00eancia t\u00e9cnica gratuita e na promo\u00e7\u00e3o do consumo de queijos artesanais de alto valor agregado.<\/p>\n\n\n\n<p><strong>3. O que \u00e9 o &#8220;ouro verde&#8221; mencionado nas not\u00edcias recentes?<\/strong> O termo refere-se \u00e0 ascens\u00e3o do <strong>avocado (abacate)<\/strong>. Minas Gerais se tornou um polo exportador desta fruta, aproveitando o microclima das regi\u00f5es cafeeiras. O avocado mineiro \u00e9 altamente valorizado no exterior por sua qualidade e uso nas ind\u00fastrias de cosm\u00e9ticos e alimenta\u00e7\u00e3o saud\u00e1vel.<\/p>\n\n\n\n<p><strong>4. Como a tecnologia 4.0 est\u00e1 sendo aplicada nas fazendas mineiras?<\/strong> A inova\u00e7\u00e3o em 2026 vai al\u00e9m do trator. Os produtores est\u00e3o utilizando <strong>agentes de IA<\/strong> para previs\u00e3o de safra, drones de pulveriza\u00e7\u00e3o que economizam at\u00e9 90% de defensivos e sensores de solo conectados via sat\u00e9lite para gest\u00e3o h\u00eddrica precisa.<\/p>\n\n\n\n<p><strong>5. \u00c9 poss\u00edvel investir no agroneg\u00f3cio mineiro sem ter uma fazenda?<\/strong> Sim. Em 2026, os <strong>Fiagros (Fundos de Investimento nas Cadeias Produtivas Agroindustriais)<\/strong> est\u00e3o muito populares. Eles permitem que qualquer pessoa invista no setor atrav\u00e9s da Bolsa de Valores, financiando desde a produ\u00e7\u00e3o de gr\u00e3os at\u00e9 a infraestrutura log\u00edstica do estado.<\/p>\n\n\n\n<p><strong>6. Como Minas Gerais garante a sustentabilidade da sua produ\u00e7\u00e3o?<\/strong> O estado utiliza o sistema de <strong>rastreabilidade total<\/strong>. Por meio de monitoramento via sat\u00e9lite e certifica\u00e7\u00f5es socioambientais, o produtor prova que sua mercadoria n\u00e3o vem de \u00e1reas desmatadas, o que abre as portas para o exigente mercado comum europeu e permite a venda de <strong>cr\u00e9ditos de carbono<\/strong>.<\/p>","protected":false},"excerpt":{"rendered":"<p>Minas Gerais sempre foi o cora\u00e7\u00e3o do Brasil quando o assunto \u00e9 terra e produ\u00e7\u00e3o. Mas, em 2026, o estado n\u00e3o apenas mant\u00e9m sua tradi\u00e7\u00e3o; ele est\u00e1 redefinindo o que significa ser uma pot\u00eancia global. Se voc\u00ea olhar para as montanhas do Sul ou para as vastas plan\u00edcies do Tri\u00e2ngulo, ver\u00e1 uma revolu\u00e7\u00e3o silenciosa feita<\/p>","protected":false},"author":1,"featured_media":1228,"comment_status":"open","ping_status":"open","sticky":false,"template":"","format":"standard","meta":{"_mbp_gutenberg_autopost":false,"jetpack_post_was_ever_published":false,"_jetpack_newsletter_access":"","_jetpack_dont_email_post_to_subs":false,"_jetpack_newsletter_tier_id":0,"_jetpack_memberships_contains_paywalled_content":false,"_jetpack_memberships_contains_paid_content":false,"footnotes":"","jetpack_publicize_message":"","jetpack_publicize_feature_enabled":true,"jetpack_social_post_already_shared":false,"jetpack_social_options":{"image_generator_settings":{"template":"highway","default_image_id":0,"font":"","enabled":false},"version":2}},"categories":[4],"tags":[219,222,220,223,221],"class_list":["post-1227","post","type-post","status-publish","format-standard","has-post-thumbnail","hentry","category-diversos","tag-agronegocio-em-minas-gerais","tag-cafe-especial","tag-exportacao-de-commodities","tag-sustentabilidade-rural","tag-tecnologia-no-campo"],"yoast_head":"<!-- This site is optimized with the Yoast SEO plugin v27.4 - https:\/\/yoast.com\/product\/yoast-seo-wordpress\/ -->\n<title>Como anda o agroneg\u00f3cio em Minas Gerais?<\/title>\n<meta name=\"description\" content=\"Descubra como o agroneg\u00f3cio em Minas Gerais atingiu recordes em 2026. Do imp\u00e9rio do caf\u00e9 especial \u00e0 revolu\u00e7\u00e3o do &quot;ouro verde&quot; (avocado)\" \/>\n<meta name=\"robots\" content=\"index, follow, max-snippet:-1, max-image-preview:large, max-video-preview:-1\" \/>\n<link rel=\"canonical\" href=\"https:\/\/maratonadoconsumidor.com.br\/en\/como-anda-o-agronegocio-em-minas-gerais\/\" \/>\n<meta property=\"og:locale\" content=\"en_US\" \/>\n<meta property=\"og:type\" content=\"article\" \/>\n<meta property=\"og:title\" content=\"Como anda o agroneg\u00f3cio em Minas Gerais?\" \/>\n<meta property=\"og:description\" content=\"Descubra como o agroneg\u00f3cio em Minas Gerais atingiu recordes em 2026. Do imp\u00e9rio do caf\u00e9 especial \u00e0 revolu\u00e7\u00e3o do &quot;ouro verde&quot; (avocado)\" \/>\n<meta property=\"og:url\" content=\"https:\/\/maratonadoconsumidor.com.br\/en\/como-anda-o-agronegocio-em-minas-gerais\/\" \/>\n<meta property=\"article:publisher\" content=\"https:\/\/www.facebook.com\/canaldomaratonadoconsumidor\" \/>\n<meta property=\"article:published_time\" content=\"2026-03-29T21:19:14+00:00\" \/>\n<meta property=\"article:modified_time\" content=\"2026-03-29T21:19:17+00:00\" \/>\n<meta property=\"og:image\" content=\"https:\/\/maratonadoconsumidor.com.br\/wp-content\/uploads\/2026\/03\/Design-sem-nome-6-3.jpg\" \/>\n\t<meta property=\"og:image:width\" content=\"1200\" \/>\n\t<meta property=\"og:image:height\" content=\"800\" \/>\n\t<meta property=\"og:image:type\" content=\"image\/jpeg\" \/>\n<meta name=\"author\" content=\"Emilio de Vicente\" \/>\n<meta name=\"twitter:card\" content=\"summary_large_image\" \/>\n<meta name=\"twitter:creator\" content=\"@MaratonadoCons1\" \/>\n<meta name=\"twitter:site\" content=\"@MaratonadoCons1\" \/>\n<meta name=\"twitter:label1\" content=\"Written by\" \/>\n\t<meta name=\"twitter:data1\" content=\"Emilio de Vicente\" \/>\n\t<meta name=\"twitter:label2\" content=\"Est. reading time\" \/>\n\t<meta name=\"twitter:data2\" content=\"11 minutes\" \/>\n<script type=\"application\/ld+json\" class=\"yoast-schema-graph\">{\"@context\":\"https:\\\/\\\/schema.org\",\"@graph\":[{\"@type\":\"Article\",\"@id\":\"https:\\\/\\\/maratonadoconsumidor.com.br\\\/como-anda-o-agronegocio-em-minas-gerais\\\/#article\",\"isPartOf\":{\"@id\":\"https:\\\/\\\/maratonadoconsumidor.com.br\\\/como-anda-o-agronegocio-em-minas-gerais\\\/\"},\"author\":{\"name\":\"Emilio de Vicente\",\"@id\":\"https:\\\/\\\/maratonadoconsumidor.com.br\\\/#\\\/schema\\\/person\\\/01c74586a582dc988d4334293f57343c\"},\"headline\":\"Como anda o Agroneg\u00f3cio em Minas Gerais?\",\"datePublished\":\"2026-03-29T21:19:14+00:00\",\"dateModified\":\"2026-03-29T21:19:17+00:00\",\"mainEntityOfPage\":{\"@id\":\"https:\\\/\\\/maratonadoconsumidor.com.br\\\/como-anda-o-agronegocio-em-minas-gerais\\\/\"},\"wordCount\":1920,\"commentCount\":0,\"publisher\":{\"@id\":\"https:\\\/\\\/maratonadoconsumidor.com.br\\\/#organization\"},\"image\":{\"@id\":\"https:\\\/\\\/maratonadoconsumidor.com.br\\\/como-anda-o-agronegocio-em-minas-gerais\\\/#primaryimage\"},\"thumbnailUrl\":\"https:\\\/\\\/i0.wp.com\\\/maratonadoconsumidor.com.br\\\/wp-content\\\/uploads\\\/2026\\\/03\\\/Design-sem-nome-6-3.jpg?fit=1200%2C800&ssl=1\",\"keywords\":[\"Agroneg\u00f3cio em Minas Gerais\",\"Caf\u00e9 especial\",\"Exporta\u00e7\u00e3o de commodities\",\"Sustentabilidade rural\",\"Tecnologia no campo\"],\"articleSection\":[\"Diversos\"],\"inLanguage\":\"en-US\",\"potentialAction\":[{\"@type\":\"CommentAction\",\"name\":\"Comment\",\"target\":[\"https:\\\/\\\/maratonadoconsumidor.com.br\\\/como-anda-o-agronegocio-em-minas-gerais\\\/#respond\"]}]},{\"@type\":\"WebPage\",\"@id\":\"https:\\\/\\\/maratonadoconsumidor.com.br\\\/como-anda-o-agronegocio-em-minas-gerais\\\/\",\"url\":\"https:\\\/\\\/maratonadoconsumidor.com.br\\\/como-anda-o-agronegocio-em-minas-gerais\\\/\",\"name\":\"Como anda o agroneg\u00f3cio em Minas Gerais?\",\"isPartOf\":{\"@id\":\"https:\\\/\\\/maratonadoconsumidor.com.br\\\/#website\"},\"primaryImageOfPage\":{\"@id\":\"https:\\\/\\\/maratonadoconsumidor.com.br\\\/como-anda-o-agronegocio-em-minas-gerais\\\/#primaryimage\"},\"image\":{\"@id\":\"https:\\\/\\\/maratonadoconsumidor.com.br\\\/como-anda-o-agronegocio-em-minas-gerais\\\/#primaryimage\"},\"thumbnailUrl\":\"https:\\\/\\\/i0.wp.com\\\/maratonadoconsumidor.com.br\\\/wp-content\\\/uploads\\\/2026\\\/03\\\/Design-sem-nome-6-3.jpg?fit=1200%2C800&ssl=1\",\"datePublished\":\"2026-03-29T21:19:14+00:00\",\"dateModified\":\"2026-03-29T21:19:17+00:00\",\"description\":\"Descubra como o agroneg\u00f3cio em Minas Gerais atingiu recordes em 2026. Do imp\u00e9rio do caf\u00e9 especial \u00e0 revolu\u00e7\u00e3o do \\\"ouro verde\\\" (avocado)\",\"breadcrumb\":{\"@id\":\"https:\\\/\\\/maratonadoconsumidor.com.br\\\/como-anda-o-agronegocio-em-minas-gerais\\\/#breadcrumb\"},\"inLanguage\":\"en-US\",\"potentialAction\":[{\"@type\":\"ReadAction\",\"target\":[\"https:\\\/\\\/maratonadoconsumidor.com.br\\\/como-anda-o-agronegocio-em-minas-gerais\\\/\"]}]},{\"@type\":\"ImageObject\",\"inLanguage\":\"en-US\",\"@id\":\"https:\\\/\\\/maratonadoconsumidor.com.br\\\/como-anda-o-agronegocio-em-minas-gerais\\\/#primaryimage\",\"url\":\"https:\\\/\\\/i0.wp.com\\\/maratonadoconsumidor.com.br\\\/wp-content\\\/uploads\\\/2026\\\/03\\\/Design-sem-nome-6-3.jpg?fit=1200%2C800&ssl=1\",\"contentUrl\":\"https:\\\/\\\/i0.wp.com\\\/maratonadoconsumidor.com.br\\\/wp-content\\\/uploads\\\/2026\\\/03\\\/Design-sem-nome-6-3.jpg?fit=1200%2C800&ssl=1\",\"width\":1200,\"height\":800,\"caption\":\"Como anda o Agroneg\u00f3cio em Minas Gerais?\"},{\"@type\":\"BreadcrumbList\",\"@id\":\"https:\\\/\\\/maratonadoconsumidor.com.br\\\/como-anda-o-agronegocio-em-minas-gerais\\\/#breadcrumb\",\"itemListElement\":[{\"@type\":\"ListItem\",\"position\":1,\"name\":\"In\u00edcio\",\"item\":\"https:\\\/\\\/maratonadoconsumidor.com.br\\\/\"},{\"@type\":\"ListItem\",\"position\":2,\"name\":\"Como anda o Agroneg\u00f3cio em Minas Gerais?\"}]},{\"@type\":\"WebSite\",\"@id\":\"https:\\\/\\\/maratonadoconsumidor.com.br\\\/#website\",\"url\":\"https:\\\/\\\/maratonadoconsumidor.com.br\\\/\",\"name\":\"Maratona do Consumidor\",\"description\":\"\",\"publisher\":{\"@id\":\"https:\\\/\\\/maratonadoconsumidor.com.br\\\/#organization\"},\"potentialAction\":[{\"@type\":\"SearchAction\",\"target\":{\"@type\":\"EntryPoint\",\"urlTemplate\":\"https:\\\/\\\/maratonadoconsumidor.com.br\\\/?s={search_term_string}\"},\"query-input\":{\"@type\":\"PropertyValueSpecification\",\"valueRequired\":true,\"valueName\":\"search_term_string\"}}],\"inLanguage\":\"en-US\"},{\"@type\":\"Organization\",\"@id\":\"https:\\\/\\\/maratonadoconsumidor.com.br\\\/#organization\",\"name\":\"Maratona do Consumidor\",\"url\":\"https:\\\/\\\/maratonadoconsumidor.com.br\\\/\",\"logo\":{\"@type\":\"ImageObject\",\"inLanguage\":\"en-US\",\"@id\":\"https:\\\/\\\/maratonadoconsumidor.com.br\\\/#\\\/schema\\\/logo\\\/image\\\/\",\"url\":\"https:\\\/\\\/maratonadoconsumidor.com.br\\\/wp-content\\\/uploads\\\/2025\\\/06\\\/MARATONA-DO-CONSUMIDOR-160.png\",\"contentUrl\":\"https:\\\/\\\/maratonadoconsumidor.com.br\\\/wp-content\\\/uploads\\\/2025\\\/06\\\/MARATONA-DO-CONSUMIDOR-160.png\",\"width\":180,\"height\":60,\"caption\":\"Maratona do Consumidor\"},\"image\":{\"@id\":\"https:\\\/\\\/maratonadoconsumidor.com.br\\\/#\\\/schema\\\/logo\\\/image\\\/\"},\"sameAs\":[\"https:\\\/\\\/www.facebook.com\\\/canaldomaratonadoconsumidor\",\"https:\\\/\\\/x.com\\\/MaratonadoCons1\",\"https:\\\/\\\/www.instagram.com\\\/maratonadoconsumidor\\\/\",\"https:\\\/\\\/www.youtube.com\\\/@MaratonadoConsumidor\"]},{\"@type\":\"Person\",\"@id\":\"https:\\\/\\\/maratonadoconsumidor.com.br\\\/#\\\/schema\\\/person\\\/01c74586a582dc988d4334293f57343c\",\"name\":\"Emilio de Vicente\",\"image\":{\"@type\":\"ImageObject\",\"inLanguage\":\"en-US\",\"@id\":\"https:\\\/\\\/maratonadoconsumidor.com.br\\\/wp-content\\\/uploads\\\/2025\\\/09\\\/cropped-Captura-de-tela-2024-05-15-133101-96x96.png\",\"url\":\"https:\\\/\\\/maratonadoconsumidor.com.br\\\/wp-content\\\/uploads\\\/2025\\\/09\\\/cropped-Captura-de-tela-2024-05-15-133101-96x96.png\",\"contentUrl\":\"https:\\\/\\\/maratonadoconsumidor.com.br\\\/wp-content\\\/uploads\\\/2025\\\/09\\\/cropped-Captura-de-tela-2024-05-15-133101-96x96.png\",\"caption\":\"Emilio de Vicente\"},\"description\":\"Emilio de Vicente \u00e9 o autor e respons\u00e1vel pelos conte\u00fados do site Maratona do Consumidor, trazendo informa\u00e7\u00f5es atualizadas, an\u00e1lises profundas e artigos relevantes sobre diversos temas do cotidiano relacionados dicas, comparativos de produtos e pre\u00e7os, consumo inteligente, finan\u00e7as em geral e muito mais.\",\"sameAs\":[\"https:\\\/\\\/maratonadoconsumidor.com.br\"],\"url\":\"https:\\\/\\\/maratonadoconsumidor.com.br\\\/en\\\/author\\\/emilio\\\/\"}]}<\/script>\n<!-- \/ Yoast SEO plugin. -->","yoast_head_json":{"title":"Como anda o agroneg\u00f3cio em Minas Gerais?","description":"Descubra como o agroneg\u00f3cio em Minas Gerais atingiu recordes em 2026. Do imp\u00e9rio do caf\u00e9 especial \u00e0 revolu\u00e7\u00e3o do \"ouro verde\" (avocado)","robots":{"index":"index","follow":"follow","max-snippet":"max-snippet:-1","max-image-preview":"max-image-preview:large","max-video-preview":"max-video-preview:-1"},"canonical":"https:\/\/maratonadoconsumidor.com.br\/en\/como-anda-o-agronegocio-em-minas-gerais\/","og_locale":"en_US","og_type":"article","og_title":"Como anda o agroneg\u00f3cio em Minas Gerais?","og_description":"Descubra como o agroneg\u00f3cio em Minas Gerais atingiu recordes em 2026. Do imp\u00e9rio do caf\u00e9 especial \u00e0 revolu\u00e7\u00e3o do \"ouro verde\" (avocado)","og_url":"https:\/\/maratonadoconsumidor.com.br\/en\/como-anda-o-agronegocio-em-minas-gerais\/","article_publisher":"https:\/\/www.facebook.com\/canaldomaratonadoconsumidor","article_published_time":"2026-03-29T21:19:14+00:00","article_modified_time":"2026-03-29T21:19:17+00:00","og_image":[{"width":1200,"height":800,"url":"https:\/\/maratonadoconsumidor.com.br\/wp-content\/uploads\/2026\/03\/Design-sem-nome-6-3.jpg","type":"image\/jpeg"}],"author":"Emilio de Vicente","twitter_card":"summary_large_image","twitter_creator":"@MaratonadoCons1","twitter_site":"@MaratonadoCons1","twitter_misc":{"Written by":"Emilio de Vicente","Est. reading time":"11 minutes"},"schema":{"@context":"https:\/\/schema.org","@graph":[{"@type":"Article","@id":"https:\/\/maratonadoconsumidor.com.br\/como-anda-o-agronegocio-em-minas-gerais\/#article","isPartOf":{"@id":"https:\/\/maratonadoconsumidor.com.br\/como-anda-o-agronegocio-em-minas-gerais\/"},"author":{"name":"Emilio de Vicente","@id":"https:\/\/maratonadoconsumidor.com.br\/#\/schema\/person\/01c74586a582dc988d4334293f57343c"},"headline":"Como anda o Agroneg\u00f3cio em Minas Gerais?","datePublished":"2026-03-29T21:19:14+00:00","dateModified":"2026-03-29T21:19:17+00:00","mainEntityOfPage":{"@id":"https:\/\/maratonadoconsumidor.com.br\/como-anda-o-agronegocio-em-minas-gerais\/"},"wordCount":1920,"commentCount":0,"publisher":{"@id":"https:\/\/maratonadoconsumidor.com.br\/#organization"},"image":{"@id":"https:\/\/maratonadoconsumidor.com.br\/como-anda-o-agronegocio-em-minas-gerais\/#primaryimage"},"thumbnailUrl":"https:\/\/i0.wp.com\/maratonadoconsumidor.com.br\/wp-content\/uploads\/2026\/03\/Design-sem-nome-6-3.jpg?fit=1200%2C800&ssl=1","keywords":["Agroneg\u00f3cio em Minas Gerais","Caf\u00e9 especial","Exporta\u00e7\u00e3o de commodities","Sustentabilidade rural","Tecnologia no campo"],"articleSection":["Diversos"],"inLanguage":"en-US","potentialAction":[{"@type":"CommentAction","name":"Comment","target":["https:\/\/maratonadoconsumidor.com.br\/como-anda-o-agronegocio-em-minas-gerais\/#respond"]}]},{"@type":"WebPage","@id":"https:\/\/maratonadoconsumidor.com.br\/como-anda-o-agronegocio-em-minas-gerais\/","url":"https:\/\/maratonadoconsumidor.com.br\/como-anda-o-agronegocio-em-minas-gerais\/","name":"Como anda o agroneg\u00f3cio em Minas Gerais?","isPartOf":{"@id":"https:\/\/maratonadoconsumidor.com.br\/#website"},"primaryImageOfPage":{"@id":"https:\/\/maratonadoconsumidor.com.br\/como-anda-o-agronegocio-em-minas-gerais\/#primaryimage"},"image":{"@id":"https:\/\/maratonadoconsumidor.com.br\/como-anda-o-agronegocio-em-minas-gerais\/#primaryimage"},"thumbnailUrl":"https:\/\/i0.wp.com\/maratonadoconsumidor.com.br\/wp-content\/uploads\/2026\/03\/Design-sem-nome-6-3.jpg?fit=1200%2C800&ssl=1","datePublished":"2026-03-29T21:19:14+00:00","dateModified":"2026-03-29T21:19:17+00:00","description":"Descubra como o agroneg\u00f3cio em Minas Gerais atingiu recordes em 2026. Do imp\u00e9rio do caf\u00e9 especial \u00e0 revolu\u00e7\u00e3o do \"ouro verde\" (avocado)","breadcrumb":{"@id":"https:\/\/maratonadoconsumidor.com.br\/como-anda-o-agronegocio-em-minas-gerais\/#breadcrumb"},"inLanguage":"en-US","potentialAction":[{"@type":"ReadAction","target":["https:\/\/maratonadoconsumidor.com.br\/como-anda-o-agronegocio-em-minas-gerais\/"]}]},{"@type":"ImageObject","inLanguage":"en-US","@id":"https:\/\/maratonadoconsumidor.com.br\/como-anda-o-agronegocio-em-minas-gerais\/#primaryimage","url":"https:\/\/i0.wp.com\/maratonadoconsumidor.com.br\/wp-content\/uploads\/2026\/03\/Design-sem-nome-6-3.jpg?fit=1200%2C800&ssl=1","contentUrl":"https:\/\/i0.wp.com\/maratonadoconsumidor.com.br\/wp-content\/uploads\/2026\/03\/Design-sem-nome-6-3.jpg?fit=1200%2C800&ssl=1","width":1200,"height":800,"caption":"Como anda o Agroneg\u00f3cio em Minas Gerais?"},{"@type":"BreadcrumbList","@id":"https:\/\/maratonadoconsumidor.com.br\/como-anda-o-agronegocio-em-minas-gerais\/#breadcrumb","itemListElement":[{"@type":"ListItem","position":1,"name":"In\u00edcio","item":"https:\/\/maratonadoconsumidor.com.br\/"},{"@type":"ListItem","position":2,"name":"Como anda o Agroneg\u00f3cio em Minas Gerais?"}]},{"@type":"WebSite","@id":"https:\/\/maratonadoconsumidor.com.br\/#website","url":"https:\/\/maratonadoconsumidor.com.br\/","name":"Maratona do Consumidor","description":"","publisher":{"@id":"https:\/\/maratonadoconsumidor.com.br\/#organization"},"potentialAction":[{"@type":"SearchAction","target":{"@type":"EntryPoint","urlTemplate":"https:\/\/maratonadoconsumidor.com.br\/?s={search_term_string}"},"query-input":{"@type":"PropertyValueSpecification","valueRequired":true,"valueName":"search_term_string"}}],"inLanguage":"en-US"},{"@type":"Organization","@id":"https:\/\/maratonadoconsumidor.com.br\/#organization","name":"Maratona do Consumidor","url":"https:\/\/maratonadoconsumidor.com.br\/","logo":{"@type":"ImageObject","inLanguage":"en-US","@id":"https:\/\/maratonadoconsumidor.com.br\/#\/schema\/logo\/image\/","url":"https:\/\/maratonadoconsumidor.com.br\/wp-content\/uploads\/2025\/06\/MARATONA-DO-CONSUMIDOR-160.png","contentUrl":"https:\/\/maratonadoconsumidor.com.br\/wp-content\/uploads\/2025\/06\/MARATONA-DO-CONSUMIDOR-160.png","width":180,"height":60,"caption":"Maratona do Consumidor"},"image":{"@id":"https:\/\/maratonadoconsumidor.com.br\/#\/schema\/logo\/image\/"},"sameAs":["https:\/\/www.facebook.com\/canaldomaratonadoconsumidor","https:\/\/x.com\/MaratonadoCons1","https:\/\/www.instagram.com\/maratonadoconsumidor\/","https:\/\/www.youtube.com\/@MaratonadoConsumidor"]},{"@type":"Person","@id":"https:\/\/maratonadoconsumidor.com.br\/#\/schema\/person\/01c74586a582dc988d4334293f57343c","name":"Emilio de Vicente","image":{"@type":"ImageObject","inLanguage":"en-US","@id":"https:\/\/maratonadoconsumidor.com.br\/wp-content\/uploads\/2025\/09\/cropped-Captura-de-tela-2024-05-15-133101-96x96.png","url":"https:\/\/maratonadoconsumidor.com.br\/wp-content\/uploads\/2025\/09\/cropped-Captura-de-tela-2024-05-15-133101-96x96.png","contentUrl":"https:\/\/maratonadoconsumidor.com.br\/wp-content\/uploads\/2025\/09\/cropped-Captura-de-tela-2024-05-15-133101-96x96.png","caption":"Emilio de Vicente"},"description":"Emilio de Vicente \u00e9 o autor e respons\u00e1vel pelos conte\u00fados do site Maratona do Consumidor, trazendo informa\u00e7\u00f5es atualizadas, an\u00e1lises profundas e artigos relevantes sobre diversos temas do cotidiano relacionados dicas, comparativos de produtos e pre\u00e7os, consumo inteligente, finan\u00e7as em geral e muito mais.","sameAs":["https:\/\/maratonadoconsumidor.com.br"],"url":"https:\/\/maratonadoconsumidor.com.br\/en\/author\/emilio\/"}]}},"jetpack_publicize_connections":[],"jetpack_featured_media_url":"https:\/\/i0.wp.com\/maratonadoconsumidor.com.br\/wp-content\/uploads\/2026\/03\/Design-sem-nome-6-3.jpg?fit=1200%2C800&ssl=1","jetpack-related-posts":[{"id":914,"url":"https:\/\/maratonadoconsumidor.com.br\/en\/o-que-esperar-da-economia-brasileira-em-2026\/","url_meta":{"origin":1227,"position":0},"title":"O que esperar da economia brasileira em 2026?","author":"Emilio de Vicente","date":"1 de January de 2026","format":false,"excerpt":"A economia brasileira entra em 2026 cercada por expectativas, incertezas e oportunidades que exigem aten\u00e7\u00e3o redobrada de consumidores, investidores e empreendedores. Ap\u00f3s anos marcados por infla\u00e7\u00e3o elevada, juros altos e desafios fiscais, o pa\u00eds passa a conviver com um cen\u00e1rio mais complexo, no qual decis\u00f5es internas e fatores globais caminham\u2026","rel":"","context":"In &quot;Diversos&quot;","block_context":{"text":"Diversos","link":"https:\/\/maratonadoconsumidor.com.br\/en\/category\/diversos\/"},"img":{"alt_text":"O que esperar da economia brasileira em 2026?","src":"https:\/\/i0.wp.com\/maratonadoconsumidor.com.br\/wp-content\/uploads\/2026\/01\/Design-sem-nome-12.jpg?fit=1200%2C800&ssl=1&resize=350%2C200","width":350,"height":200,"srcset":"https:\/\/i0.wp.com\/maratonadoconsumidor.com.br\/wp-content\/uploads\/2026\/01\/Design-sem-nome-12.jpg?fit=1200%2C800&ssl=1&resize=350%2C200 1x, https:\/\/i0.wp.com\/maratonadoconsumidor.com.br\/wp-content\/uploads\/2026\/01\/Design-sem-nome-12.jpg?fit=1200%2C800&ssl=1&resize=525%2C300 1.5x, https:\/\/i0.wp.com\/maratonadoconsumidor.com.br\/wp-content\/uploads\/2026\/01\/Design-sem-nome-12.jpg?fit=1200%2C800&ssl=1&resize=700%2C400 2x, https:\/\/i0.wp.com\/maratonadoconsumidor.com.br\/wp-content\/uploads\/2026\/01\/Design-sem-nome-12.jpg?fit=1200%2C800&ssl=1&resize=1050%2C600 3x"},"classes":[]},{"id":1069,"url":"https:\/\/maratonadoconsumidor.com.br\/en\/como-fazer-um-delicioso-frango-ao-molho-pardo\/","url_meta":{"origin":1227,"position":1},"title":"Como fazer um delicioso frango ao molho pardo?","author":"Emilio de Vicente","date":"9 de March de 2026","format":false,"excerpt":"Um cl\u00e1ssico da culin\u00e1ria brasileira cheio de tradi\u00e7\u00e3o O frango ao molho pardo \u00e9 uma das receitas mais tradicionais da culin\u00e1ria brasileira. Presente principalmente nas regi\u00f5es de Minas Gerais, Goi\u00e1s e interior de S\u00e3o Paulo, esse prato carrega hist\u00f3ria, cultura e muito sabor. Em muitas fam\u00edlias, ele \u00e9 preparado em\u2026","rel":"","context":"In &quot;Culin\u00e1ria&quot;","block_context":{"text":"Culin\u00e1ria","link":"https:\/\/maratonadoconsumidor.com.br\/en\/category\/culinaria\/"},"img":{"alt_text":"Como fazer um delicioso frango ao molho pardo?","src":"https:\/\/i0.wp.com\/maratonadoconsumidor.com.br\/wp-content\/uploads\/2026\/03\/Design-sem-nome-15.jpg?fit=1200%2C800&ssl=1&resize=350%2C200","width":350,"height":200,"srcset":"https:\/\/i0.wp.com\/maratonadoconsumidor.com.br\/wp-content\/uploads\/2026\/03\/Design-sem-nome-15.jpg?fit=1200%2C800&ssl=1&resize=350%2C200 1x, https:\/\/i0.wp.com\/maratonadoconsumidor.com.br\/wp-content\/uploads\/2026\/03\/Design-sem-nome-15.jpg?fit=1200%2C800&ssl=1&resize=525%2C300 1.5x, https:\/\/i0.wp.com\/maratonadoconsumidor.com.br\/wp-content\/uploads\/2026\/03\/Design-sem-nome-15.jpg?fit=1200%2C800&ssl=1&resize=700%2C400 2x, https:\/\/i0.wp.com\/maratonadoconsumidor.com.br\/wp-content\/uploads\/2026\/03\/Design-sem-nome-15.jpg?fit=1200%2C800&ssl=1&resize=1050%2C600 3x"},"classes":[]},{"id":1341,"url":"https:\/\/maratonadoconsumidor.com.br\/en\/passeio-de-trem-bh-vitoria-o-guia-definitivo-para-sua-viagem\/","url_meta":{"origin":1227,"position":2},"title":"Passeio de Trem BH-Vit\u00f3ria: O Guia Definitivo para sua Viagem","author":"Emilio de Vicente","date":"20 de April de 2026","format":false,"excerpt":"Viajar de trem \u00e9 resgatar uma forma de contemplar o mundo que a pressa do dia a dia costuma nos roubar. Entre as montanhas de Minas Gerais e o azul do mar do Esp\u00edrito Santo, estende-se a\u00a0Estrada de Ferro Vit\u00f3ria a Minas (EFVM), operada pela Vale. Mais do que um\u2026","rel":"","context":"In &quot;Turismo&quot;","block_context":{"text":"Turismo","link":"https:\/\/maratonadoconsumidor.com.br\/en\/category\/turismo\/"},"img":{"alt_text":"Passeio de Trem BH-Vit\u00f3ria: O Guia Definitivo para sua Viagem","src":"https:\/\/i0.wp.com\/maratonadoconsumidor.com.br\/wp-content\/uploads\/2026\/04\/Design-sem-nome-16.jpg?fit=1200%2C800&ssl=1&resize=350%2C200","width":350,"height":200,"srcset":"https:\/\/i0.wp.com\/maratonadoconsumidor.com.br\/wp-content\/uploads\/2026\/04\/Design-sem-nome-16.jpg?fit=1200%2C800&ssl=1&resize=350%2C200 1x, https:\/\/i0.wp.com\/maratonadoconsumidor.com.br\/wp-content\/uploads\/2026\/04\/Design-sem-nome-16.jpg?fit=1200%2C800&ssl=1&resize=525%2C300 1.5x, https:\/\/i0.wp.com\/maratonadoconsumidor.com.br\/wp-content\/uploads\/2026\/04\/Design-sem-nome-16.jpg?fit=1200%2C800&ssl=1&resize=700%2C400 2x, https:\/\/i0.wp.com\/maratonadoconsumidor.com.br\/wp-content\/uploads\/2026\/04\/Design-sem-nome-16.jpg?fit=1200%2C800&ssl=1&resize=1050%2C600 3x"},"classes":[]},{"id":457,"url":"https:\/\/maratonadoconsumidor.com.br\/en\/tecnologias-emergentes-que-impactam-o-brasil\/","url_meta":{"origin":1227,"position":3},"title":"Tecnologias Emergentes que Impactam o Brasil","author":"Emilio de Vicente","date":"2 de July de 2025","format":false,"excerpt":"O avan\u00e7o tecnol\u00f3gico n\u00e3o \u00e9 mais uma promessa distante \u00e9 uma realidade que j\u00e1 transforma o cotidiano de milh\u00f5es de brasileiros. Dos grandes centros urbanos \u00e0s cidades do interior, novas solu\u00e7\u00f5es est\u00e3o remodelando a forma como vivemos, trabalhamos, consumimos e at\u00e9 como nos relacionamos com o dinheiro. Neste guia, voc\u00ea\u2026","rel":"","context":"In &quot;Diversos&quot;","block_context":{"text":"Diversos","link":"https:\/\/maratonadoconsumidor.com.br\/en\/category\/diversos\/"},"img":{"alt_text":"Tecnologias emergentes que impactam o Brasil.","src":"https:\/\/i0.wp.com\/maratonadoconsumidor.com.br\/wp-content\/uploads\/2025\/07\/Design-sem-nome-2025-07-02T162426.242.jpg?fit=1200%2C738&ssl=1&resize=350%2C200","width":350,"height":200,"srcset":"https:\/\/i0.wp.com\/maratonadoconsumidor.com.br\/wp-content\/uploads\/2025\/07\/Design-sem-nome-2025-07-02T162426.242.jpg?fit=1200%2C738&ssl=1&resize=350%2C200 1x, https:\/\/i0.wp.com\/maratonadoconsumidor.com.br\/wp-content\/uploads\/2025\/07\/Design-sem-nome-2025-07-02T162426.242.jpg?fit=1200%2C738&ssl=1&resize=525%2C300 1.5x, https:\/\/i0.wp.com\/maratonadoconsumidor.com.br\/wp-content\/uploads\/2025\/07\/Design-sem-nome-2025-07-02T162426.242.jpg?fit=1200%2C738&ssl=1&resize=700%2C400 2x, https:\/\/i0.wp.com\/maratonadoconsumidor.com.br\/wp-content\/uploads\/2025\/07\/Design-sem-nome-2025-07-02T162426.242.jpg?fit=1200%2C738&ssl=1&resize=1050%2C600 3x"},"classes":[]},{"id":579,"url":"https:\/\/maratonadoconsumidor.com.br\/en\/como-a-economia-se-relaciona-com-o-meio-ambiente\/","url_meta":{"origin":1227,"position":4},"title":"Como a economia se relaciona com o meio ambiente","author":"Emilio de Vicente","date":"2 de August de 2025","format":false,"excerpt":"A rela\u00e7\u00e3o entre economia e meio ambiente \u00e9 profundamente interligada. Toda atividade produtiva depende, direta ou indiretamente, dos recursos naturais, ao mesmo tempo em que pode impactar negativamente o equil\u00edbrio ecol\u00f3gico. Por isso, pensar em desenvolvimento econ\u00f4mico sem considerar a preserva\u00e7\u00e3o ambiental \u00e9 uma abordagem ultrapassada. Hoje, o desafio global\u2026","rel":"","context":"In &quot;Diversos&quot;","block_context":{"text":"Diversos","link":"https:\/\/maratonadoconsumidor.com.br\/en\/category\/diversos\/"},"img":{"alt_text":"Descubra como a economia e meio ambiente est\u00e3o interligados e quais s\u00e3o os impactos dessa rela\u00e7\u00e3o para o Brasil e o mundo.","src":"https:\/\/i0.wp.com\/maratonadoconsumidor.com.br\/wp-content\/uploads\/2025\/08\/Descubra-como-a-economia-e-meio-ambiente-estao-interligados-e-quais-sao-os-impactos-dessa-relacao-para-o-Brasil-e-o-mundo.jpg?fit=1200%2C686&ssl=1&resize=350%2C200","width":350,"height":200,"srcset":"https:\/\/i0.wp.com\/maratonadoconsumidor.com.br\/wp-content\/uploads\/2025\/08\/Descubra-como-a-economia-e-meio-ambiente-estao-interligados-e-quais-sao-os-impactos-dessa-relacao-para-o-Brasil-e-o-mundo.jpg?fit=1200%2C686&ssl=1&resize=350%2C200 1x, https:\/\/i0.wp.com\/maratonadoconsumidor.com.br\/wp-content\/uploads\/2025\/08\/Descubra-como-a-economia-e-meio-ambiente-estao-interligados-e-quais-sao-os-impactos-dessa-relacao-para-o-Brasil-e-o-mundo.jpg?fit=1200%2C686&ssl=1&resize=525%2C300 1.5x, https:\/\/i0.wp.com\/maratonadoconsumidor.com.br\/wp-content\/uploads\/2025\/08\/Descubra-como-a-economia-e-meio-ambiente-estao-interligados-e-quais-sao-os-impactos-dessa-relacao-para-o-Brasil-e-o-mundo.jpg?fit=1200%2C686&ssl=1&resize=700%2C400 2x, https:\/\/i0.wp.com\/maratonadoconsumidor.com.br\/wp-content\/uploads\/2025\/08\/Descubra-como-a-economia-e-meio-ambiente-estao-interligados-e-quais-sao-os-impactos-dessa-relacao-para-o-Brasil-e-o-mundo.jpg?fit=1200%2C686&ssl=1&resize=1050%2C600 3x"},"classes":[]},{"id":1289,"url":"https:\/\/maratonadoconsumidor.com.br\/en\/saiba-como-tirar-a-nova-carteira-de-identidade\/","url_meta":{"origin":1227,"position":5},"title":"Saiba como tirar a nova carteira de identidade","author":"Emilio de Vicente","date":"12 de April de 2026","format":false,"excerpt":"A moderniza\u00e7\u00e3o tecnol\u00f3gica no Brasil alcan\u00e7ou um marco hist\u00f3rico com o lan\u00e7amento da\u00a0Carteira de Identidade Nacional (CIN). Este novo documento n\u00e3o \u00e9 apenas uma mudan\u00e7a est\u00e9tica; ele representa a unifica\u00e7\u00e3o da identifica\u00e7\u00e3o civil em todo o territ\u00f3rio nacional, utilizando o\u00a0CPF como n\u00famero \u00fanico. Anteriormente, era poss\u00edvel que um cidad\u00e3o emitisse\u2026","rel":"","context":"In &quot;Direitos&quot;","block_context":{"text":"Direitos","link":"https:\/\/maratonadoconsumidor.com.br\/en\/category\/direitos\/"},"img":{"alt_text":"Saiba como tirar a nova carteira de identidade","src":"https:\/\/i0.wp.com\/maratonadoconsumidor.com.br\/wp-content\/uploads\/2026\/04\/Design-sem-nome-6-1.jpg?fit=1200%2C800&ssl=1&resize=350%2C200","width":350,"height":200,"srcset":"https:\/\/i0.wp.com\/maratonadoconsumidor.com.br\/wp-content\/uploads\/2026\/04\/Design-sem-nome-6-1.jpg?fit=1200%2C800&ssl=1&resize=350%2C200 1x, https:\/\/i0.wp.com\/maratonadoconsumidor.com.br\/wp-content\/uploads\/2026\/04\/Design-sem-nome-6-1.jpg?fit=1200%2C800&ssl=1&resize=525%2C300 1.5x, https:\/\/i0.wp.com\/maratonadoconsumidor.com.br\/wp-content\/uploads\/2026\/04\/Design-sem-nome-6-1.jpg?fit=1200%2C800&ssl=1&resize=700%2C400 2x, https:\/\/i0.wp.com\/maratonadoconsumidor.com.br\/wp-content\/uploads\/2026\/04\/Design-sem-nome-6-1.jpg?fit=1200%2C800&ssl=1&resize=1050%2C600 3x"},"classes":[]}],"jetpack_sharing_enabled":true,"jetpack_likes_enabled":true,"_links":{"self":[{"href":"https:\/\/maratonadoconsumidor.com.br\/en\/wp-json\/wp\/v2\/posts\/1227","targetHints":{"allow":["GET"]}}],"collection":[{"href":"https:\/\/maratonadoconsumidor.com.br\/en\/wp-json\/wp\/v2\/posts"}],"about":[{"href":"https:\/\/maratonadoconsumidor.com.br\/en\/wp-json\/wp\/v2\/types\/post"}],"author":[{"embeddable":true,"href":"https:\/\/maratonadoconsumidor.com.br\/en\/wp-json\/wp\/v2\/users\/1"}],"replies":[{"embeddable":true,"href":"https:\/\/maratonadoconsumidor.com.br\/en\/wp-json\/wp\/v2\/comments?post=1227"}],"version-history":[{"count":1,"href":"https:\/\/maratonadoconsumidor.com.br\/en\/wp-json\/wp\/v2\/posts\/1227\/revisions"}],"predecessor-version":[{"id":1231,"href":"https:\/\/maratonadoconsumidor.com.br\/en\/wp-json\/wp\/v2\/posts\/1227\/revisions\/1231"}],"wp:featuredmedia":[{"embeddable":true,"href":"https:\/\/maratonadoconsumidor.com.br\/en\/wp-json\/wp\/v2\/media\/1228"}],"wp:attachment":[{"href":"https:\/\/maratonadoconsumidor.com.br\/en\/wp-json\/wp\/v2\/media?parent=1227"}],"wp:term":[{"taxonomy":"category","embeddable":true,"href":"https:\/\/maratonadoconsumidor.com.br\/en\/wp-json\/wp\/v2\/categories?post=1227"},{"taxonomy":"post_tag","embeddable":true,"href":"https:\/\/maratonadoconsumidor.com.br\/en\/wp-json\/wp\/v2\/tags?post=1227"}],"curies":[{"name":"wp","href":"https:\/\/api.w.org\/{rel}","templated":true}]}}