{"id":1206,"date":"2026-03-27T19:45:47","date_gmt":"2026-03-27T22:45:47","guid":{"rendered":"https:\/\/maratonadoconsumidor.com.br\/?p=1206"},"modified":"2026-03-27T19:45:50","modified_gmt":"2026-03-27T22:45:50","slug":"a-arte-do-mousse-de-chocolate-perfeito","status":"publish","type":"post","link":"https:\/\/maratonadoconsumidor.com.br\/en\/a-arte-do-mousse-de-chocolate-perfeito\/","title":{"rendered":"A Arte do Mousse de Chocolate Perfeito"},"content":{"rendered":"<p>O <strong>mousse de chocolate<\/strong> \u00e9 um cl\u00e1ssico franc\u00eas que, embora pare\u00e7a simples, exige t\u00e9cnica e sensibilidade para atingir a textura perfeita: aerada, leve e intensamente saborosa.<\/p>\n\n\n\n<p>Prepare-se para dominar a arte de transformar chocolate, ovos e a\u00e7\u00facar em uma experi\u00eancia sensorial inesquec\u00edvel.<\/p>\n\n\n\n<p>Dentre todas as sobremesas que comp\u00f5em o repert\u00f3rio da alta gastronomia, poucas s\u00e3o t\u00e3o ic\u00f4nicas e amadas quanto o <strong>mousse de chocolate<\/strong>. <\/p>\n\n\n\n<p>A palavra &#8220;mousse&#8221;, que em franc\u00eas significa &#8220;espuma&#8221;, descreve perfeitamente o que se espera deste prato: uma estrutura que se desfaz na boca, revelando uma intensidade de cacau equilibrada pela suavidade das bolhas de ar incorporadas \u00e0 mistura.<\/p>\n\n\n\n<p>Muitas pessoas acreditam que fazer um mousse leg\u00edtimo requer equipamentos industriais ou ingredientes secretos. <\/p>\n\n\n\n<p>No entanto, o segredo reside na <strong>qualidade dos ingredientes<\/strong> e no respeito aos processos f\u00edsicos de emuls\u00e3o e aera\u00e7\u00e3o. <\/p>\n\n\n\n<p>Se voc\u00ea busca uma receita que v\u00e1 al\u00e9m do achocolatado comum e que surpreenda os paladares mais exigentes, este guia foi feito para voc\u00ea.<\/p>\n\n\n\n<h2 class=\"wp-block-heading\">A Ci\u00eancia por tr\u00e1s da Textura Aerada<\/h2>\n\n\n\n<p>Para entender <strong>como fazer um delicioso mousse de chocolate<\/strong>, precisamos olhar para a sua estrutura. O mousse \u00e9, quimicamente falando, uma espuma estabilizada. Existem tr\u00eas pilares que sustentam essa sobremesa:<\/p>\n\n\n\n<ol start=\"1\" class=\"wp-block-list\">\n<li><strong>A Base de Chocolate:<\/strong> Respons\u00e1vel pelo sabor e pela estrutura s\u00f3lida ap\u00f3s o resfriamento.<\/li>\n\n\n\n<li><strong>O Agente Aerador:<\/strong> Geralmente claras em castelo (neve) ou creme de leite batido (chantilly), que introduzem o ar.<\/li>\n\n\n\n<li><strong>A Gordura:<\/strong> Proporciona a sensa\u00e7\u00e3o de cremosidade e ajuda a fixar os aromas.<\/li>\n<\/ol>\n\n\n\n<p>A escolha entre usar claras de ovos ou creme de leite fresco altera drasticamente o resultado final. <\/p>\n\n\n\n<p>Enquanto o mousse franc\u00eas tradicional utiliza claras para uma leveza extrema, as vers\u00f5es contempor\u00e2neas muitas vezes misturam ambos para garantir uma estabilidade maior em climas tropicais como o do Brasil.<\/p>\n\n\n\n<h2 class=\"wp-block-heading\">A Import\u00e2ncia da Mat\u00e9ria-Prima: Chocolate Nobre vs. Fracionado<\/h2>\n\n\n\n<p>O erro mais comum ao tentar reproduzir esta receita \u00e9 utilizar chocolates de baixa qualidade ou coberturas fracionadas. <\/p>\n\n\n\n<p>Para um <strong>conte\u00fado aprofundado<\/strong> sobre o tema, \u00e9 vital destacar que o chocolate fracionado cont\u00e9m gordura vegetal hidrogenada, o que deixa uma pel\u00edcula cerosa no c\u00e9u da boca e compromete o sabor.<\/p>\n\n\n\n<p>Para um resultado profissional, utilize <strong>chocolate nobre<\/strong> com pelo menos 50% de cacau. <\/p>\n\n\n\n<p>O chocolate meio amargo oferece o equil\u00edbrio ideal, pois o a\u00e7\u00facar presente no restante da receita compensar\u00e1 o amargor, resultando em um doce sofisticado e n\u00e3o enjoativo. <\/p>\n\n\n\n<p>Marcas renomadas como a <a href=\"https:\/\/www.callebaut.com\" target=\"_blank\" rel=\"noreferrer noopener\">Callebaut<\/a> ou op\u00e7\u00f5es nacionais de linha profissional garantem que sua sobremesa tenha o brilho e a fluidez necess\u00e1rios.<\/p>\n\n\n\n<h2 class=\"wp-block-heading\">Passo a Passo: O Mousse de Chocolate de Estilo Franc\u00eas<\/h2>\n\n\n\n<p>Agora, vamos colocar a m\u00e3o na massa. Esta t\u00e9cnica foca na leveza e na pureza do sabor do cacau.<\/p>\n\n\n\n<h3 class=\"wp-block-heading\">Ingredientes Necess\u00e1rios<\/h3>\n\n\n\n<ul class=\"wp-block-list\">\n<li><strong>200g de chocolate meio amargo<\/strong> (50% a 70% de cacau) de boa proced\u00eancia.<\/li>\n\n\n\n<li><strong>3 ovos grandes<\/strong> (preferencialmente org\u00e2nicos ou caipiras, em temperatura ambiente).<\/li>\n\n\n\n<li><strong>50g de manteiga sem sal<\/strong> (ajuda no brilho e na textura aveludada).<\/li>\n\n\n\n<li><strong>2 colheres de sopa de a\u00e7\u00facar refinado<\/strong> (para estabilizar as claras).<\/li>\n\n\n\n<li><strong>Uma pitada de sal<\/strong> (essencial para real\u00e7ar o sabor do chocolate).<\/li>\n\n\n\n<li><strong>1 colher de ch\u00e1 de extrato de baunilha<\/strong> (opcional).<\/li>\n<\/ul>\n\n\n\n<h3 class=\"wp-block-heading\">Modo de Preparo Detalhado<\/h3>\n\n\n\n<h4 class=\"wp-block-heading\">1. A Derretimento e a Emuls\u00e3o<\/h4>\n\n\n\n<p>Comece picando o chocolate em peda\u00e7os pequenos e uniformes. Derreta-o em <strong>banho-maria<\/strong>, garantindo que a \u00e1gua n\u00e3o encoste no fundo da tigela e que nenhum vapor entre em contato com o chocolate, o que poderia causar o endurecimento da massa (o famoso <em>seizing<\/em>). <\/p>\n\n\n\n<p>Adicione a manteiga e misture at\u00e9 obter um creme brilhante e homog\u00eaneo. Reserve e deixe esfriar at\u00e9 que esteja morno ao toque.<\/p>\n\n\n\n<h4 class=\"wp-block-heading\">2. O Trabalho com as Gemas<\/h4>\n\n\n\n<p>Separe as gemas das claras. Adicione as gemas, uma a uma, \u00e0 mistura de chocolate morna, batendo vigorosamente com um batedor de arame (fouet). <\/p>\n\n\n\n<p>\u00c9 crucial que o chocolate n\u00e3o esteja quente, para n\u00e3o cozinhar as gemas precocemente. <\/p>\n\n\n\n<p>Se desejar, adicione o extrato de baunilha e o sal neste momento.<\/p>\n\n\n\n<h4 class=\"wp-block-heading\">3. O Ponto de Neve Perfeito<\/h4>\n\n\n\n<p>Em uma batedeira ou manualmente, bata as claras com a pitada de sal at\u00e9 come\u00e7arem a espumar. <\/p>\n\n\n\n<p>Adicione o a\u00e7\u00facar gradualmente e continue batendo at\u00e9 atingir o <strong>ponto de neve firme<\/strong>, mas ainda brilhante. <\/p>\n\n\n\n<p>Evite bater demais at\u00e9 que fiquem secas, pois isso dificultar\u00e1 a incorpora\u00e7\u00e3o no chocolate.<\/p>\n\n\n\n<h4 class=\"wp-block-heading\">4. A Incorpora\u00e7\u00e3o Delicada (O Grande Segredo)<\/h4>\n\n\n\n<p>Este \u00e9 o passo onde a maioria das pessoas falha. Adicione um ter\u00e7o das claras ao chocolate e misture com vontade para &#8220;amaciar&#8221; a massa. <\/p>\n\n\n\n<p>Em seguida, adicione o restante das claras e, com uma esp\u00e1tula de silicone, fa\u00e7a movimentos de baixo para cima, de forma lenta e circular. <\/p>\n\n\n\n<p>O objetivo \u00e9 &#8220;dobrar&#8221; o chocolate sobre as claras sem estourar as bolhas de ar.<\/p>\n\n\n\n<figure class=\"wp-block-embed is-type-video is-provider-youtube wp-block-embed-youtube wp-embed-aspect-16-9 wp-has-aspect-ratio\"><div class=\"wp-block-embed__wrapper\">\n<iframe title=\"Mousse de chocolate | Paola Carosella | Alma de Cozinheira\" width=\"960\" height=\"540\" src=\"https:\/\/www.youtube.com\/embed\/QmWHfy5rcRY?feature=oembed\" frameborder=\"0\" allow=\"accelerometer; autoplay; clipboard-write; encrypted-media; gyroscope; picture-in-picture; web-share\" referrerpolicy=\"strict-origin-when-cross-origin\" allowfullscreen><\/iframe>\n<\/div><\/figure>\n\n\n\n<h4 class=\"wp-block-heading\">5. O Tempo de Matura\u00e7\u00e3o<\/h4>\n\n\n\n<p>Distribua o mousse em ta\u00e7as individuais ou em uma travessa grande. Cubra com filme pl\u00e1stico para evitar que absorva odores da geladeira. <\/p>\n\n\n\n<p>O tempo m\u00ednimo de refrigera\u00e7\u00e3o \u00e9 de <strong>4 a 6 horas<\/strong>, mas o ideal \u00e9 deixar por <strong>12 horas<\/strong>. Esse descanso permite que as gorduras do chocolate e da manteiga se solidifiquem, criando a consist\u00eancia perfeita.<\/p>\n\n\n\n<h2 class=\"wp-block-heading\">Dicas de Ouro para a Estabiliza\u00e7\u00e3o e Varia\u00e7\u00f5es<\/h2>\n\n\n\n<p>Se voc\u00ea vive em uma regi\u00e3o muito quente ou pretende servir o mousse em um evento onde ele ficar\u00e1 fora da geladeira por algum tempo, voc\u00ea pode utilizar o <strong>creme de leite fresco<\/strong> (com 35% de gordura) batido em ponto de chantilly como refor\u00e7o estrutural.<\/p>\n\n\n\n<ul class=\"wp-block-list\">\n<li><strong>Mousse de Chocolate Branco:<\/strong> O chocolate branco n\u00e3o possui s\u00f3lidos de cacau, sendo composto basicamente de manteiga de cacau e a\u00e7\u00facar. Por isso, ele \u00e9 mais inst\u00e1vel. Para fazer um mousse de chocolate branco, reduza a manteiga e considere utilizar uma folha de gelatina incolor hidratada para garantir a firmeza.<\/li>\n\n\n\n<li><\/li>\n\n\n\n<li><strong>Toques de Sabor:<\/strong> Voc\u00ea pode aromatizar seu mousse com raspas de laranja, pimenta caiena, caf\u00e9 sol\u00favel ou licores como o <a href=\"https:\/\/www.cointreau.com\" target=\"_blank\" rel=\"noreferrer noopener\">Cointreau<\/a>.<\/li>\n<\/ul>\n\n\n\n<h2 class=\"wp-block-heading\">Higiene e Seguran\u00e7a Alimentar<\/h2>\n\n\n\n<p>Como esta receita tradicional utiliza ovos crus, \u00e9 fundamental garantir que eles sejam frescos e de fornecedores confi\u00e1veis. <\/p>\n\n\n\n<p>Se voc\u00ea faz parte do grupo de risco ou tem receio, utilize o m\u00e9todo de <strong>pasteuriza\u00e7\u00e3o caseira<\/strong>: leve as claras e o a\u00e7\u00facar ao banho-maria, mexendo sempre, at\u00e9 atingirem <strong>60\u00b0C<\/strong> (use um term\u00f4metro culin\u00e1rio), e ent\u00e3o bata-as em neve imediatamente.<\/p>\n\n\n\n<figure class=\"wp-block-image size-large\"><img data-recalc-dims=\"1\" fetchpriority=\"high\" decoding=\"async\" width=\"960\" height=\"640\" src=\"https:\/\/i0.wp.com\/maratonadoconsumidor.com.br\/wp-content\/uploads\/2026\/03\/Design-sem-nome-67.jpg?resize=960%2C640&#038;ssl=1\" alt=\"A Arte do Mousse de Chocolate Perfeito\" class=\"wp-image-1208\" srcset=\"https:\/\/i0.wp.com\/maratonadoconsumidor.com.br\/wp-content\/uploads\/2026\/03\/Design-sem-nome-67.jpg?resize=1024%2C683&amp;ssl=1 1024w, https:\/\/i0.wp.com\/maratonadoconsumidor.com.br\/wp-content\/uploads\/2026\/03\/Design-sem-nome-67.jpg?resize=300%2C200&amp;ssl=1 300w, https:\/\/i0.wp.com\/maratonadoconsumidor.com.br\/wp-content\/uploads\/2026\/03\/Design-sem-nome-67.jpg?resize=768%2C512&amp;ssl=1 768w, https:\/\/i0.wp.com\/maratonadoconsumidor.com.br\/wp-content\/uploads\/2026\/03\/Design-sem-nome-67.jpg?resize=18%2C12&amp;ssl=1 18w, https:\/\/i0.wp.com\/maratonadoconsumidor.com.br\/wp-content\/uploads\/2026\/03\/Design-sem-nome-67.jpg?resize=150%2C100&amp;ssl=1 150w, https:\/\/i0.wp.com\/maratonadoconsumidor.com.br\/wp-content\/uploads\/2026\/03\/Design-sem-nome-67.jpg?resize=330%2C220&amp;ssl=1 330w, https:\/\/i0.wp.com\/maratonadoconsumidor.com.br\/wp-content\/uploads\/2026\/03\/Design-sem-nome-67.jpg?resize=420%2C280&amp;ssl=1 420w, https:\/\/i0.wp.com\/maratonadoconsumidor.com.br\/wp-content\/uploads\/2026\/03\/Design-sem-nome-67.jpg?resize=510%2C340&amp;ssl=1 510w, https:\/\/i0.wp.com\/maratonadoconsumidor.com.br\/wp-content\/uploads\/2026\/03\/Design-sem-nome-67.jpg?w=1200&amp;ssl=1 1200w\" sizes=\"(max-width: 960px) 100vw, 960px\" \/><\/figure>\n\n\n\n<h2 class=\"wp-block-heading\">A Experi\u00eancia \u00e0 Mesa: Finaliza\u00e7\u00e3o e Servi\u00e7o<\/h2>\n\n\n\n<p>Servir um mousse n\u00e3o \u00e9 apenas sobre o sabor, mas sobre a apresenta\u00e7\u00e3o. <\/p>\n\n\n\n<p>Para elevar o n\u00edvel da sua sobremesa, utilize raspas de chocolate feitas com um descascador de legumes por cima. <\/p>\n\n\n\n<p>Uma pequena folha de hortel\u00e3 ou uma pitada de <strong>flor de sal<\/strong> cria um contraste visual e gustativo extraordin\u00e1rio, quebrando a do\u00e7ura e limpando o paladar para a pr\u00f3xima colherada.<\/p>\n\n\n\n<p>Imagine mergulhar a colher e sentir aquela resist\u00eancia leve, seguida pelo som caracter\u00edstico das bolhas de ar se rompendo o &#8220;clique&#8221; do mousse perfeito. <\/p>\n\n\n\n<p>\u00c9 uma jornada que come\u00e7a na escolha do cacau e termina no sorriso de quem prova. A cozinha \u00e9 um laborat\u00f3rio de afetos, e dominar esta receita \u00e9 garantir um passaporte para momentos inesquec\u00edveis ao redor da mesa.<\/p>\n\n\n\n<p>Transforme o seu pr\u00f3ximo jantar em uma celebra\u00e7\u00e3o da gastronomia cl\u00e1ssica. Afinal, a vida \u00e9 curta demais para n\u00e3o se deliciar com o melhor mousse que voc\u00ea j\u00e1 provou. <\/p>\n\n\n\n<p>Agora que voc\u00ea det\u00e9m todos os segredos t\u00e9cnicos e pr\u00e1ticos, o que o impede de criar sua pr\u00f3pria obra-prima de chocolate hoje mesmo?<\/p>","protected":false},"excerpt":{"rendered":"<p>O mousse de chocolate \u00e9 um cl\u00e1ssico franc\u00eas que, embora pare\u00e7a simples, exige t\u00e9cnica e sensibilidade para atingir a textura perfeita: aerada, leve e intensamente saborosa. Prepare-se para dominar a arte de transformar chocolate, ovos e a\u00e7\u00facar em uma experi\u00eancia sensorial inesquec\u00edvel. Dentre todas as sobremesas que comp\u00f5em o repert\u00f3rio da alta gastronomia, poucas s\u00e3o<\/p>","protected":false},"author":1,"featured_media":1207,"comment_status":"open","ping_status":"open","sticky":false,"template":"","format":"standard","meta":{"_mbp_gutenberg_autopost":false,"jetpack_post_was_ever_published":false,"_jetpack_newsletter_access":"","_jetpack_dont_email_post_to_subs":false,"_jetpack_newsletter_tier_id":0,"_jetpack_memberships_contains_paywalled_content":false,"_jetpack_memberships_contains_paid_content":false,"footnotes":"","jetpack_publicize_message":"","jetpack_publicize_feature_enabled":true,"jetpack_social_post_already_shared":false,"jetpack_social_options":{"image_generator_settings":{"template":"highway","default_image_id":0,"font":"","enabled":false},"version":2}},"categories":[140],"tags":[209],"class_list":["post-1206","post","type-post","status-publish","format-standard","has-post-thumbnail","hentry","category-culinaria","tag-mousse-de-chocolate"],"yoast_head":"<!-- This site is optimized with the Yoast SEO plugin v27.4 - https:\/\/yoast.com\/product\/yoast-seo-wordpress\/ -->\n<title>A Arte do Mousse de Chocolate Perfeito<\/title>\n<meta name=\"description\" content=\"Aprenda como fazer um delicioso mousse de chocolate com textura profissional e aerada. Descubra os segredos da t\u00e9cnica francesa\" \/>\n<meta name=\"robots\" content=\"index, follow, max-snippet:-1, max-image-preview:large, max-video-preview:-1\" \/>\n<link rel=\"canonical\" href=\"https:\/\/maratonadoconsumidor.com.br\/en\/a-arte-do-mousse-de-chocolate-perfeito\/\" \/>\n<meta property=\"og:locale\" content=\"en_US\" \/>\n<meta property=\"og:type\" content=\"article\" \/>\n<meta property=\"og:title\" content=\"A Arte do Mousse de Chocolate Perfeito\" \/>\n<meta property=\"og:description\" content=\"Aprenda como fazer um delicioso mousse de chocolate com textura profissional e aerada. Descubra os segredos da t\u00e9cnica francesa\" \/>\n<meta property=\"og:url\" content=\"https:\/\/maratonadoconsumidor.com.br\/en\/a-arte-do-mousse-de-chocolate-perfeito\/\" \/>\n<meta property=\"article:publisher\" content=\"https:\/\/www.facebook.com\/canaldomaratonadoconsumidor\" \/>\n<meta property=\"article:published_time\" content=\"2026-03-27T22:45:47+00:00\" \/>\n<meta property=\"article:modified_time\" content=\"2026-03-27T22:45:50+00:00\" \/>\n<meta property=\"og:image\" content=\"https:\/\/maratonadoconsumidor.com.br\/wp-content\/uploads\/2026\/03\/Design-sem-nome-68.jpg\" \/>\n\t<meta property=\"og:image:width\" content=\"1200\" \/>\n\t<meta property=\"og:image:height\" content=\"800\" \/>\n\t<meta property=\"og:image:type\" content=\"image\/jpeg\" \/>\n<meta name=\"author\" content=\"Emilio de Vicente\" \/>\n<meta name=\"twitter:card\" content=\"summary_large_image\" \/>\n<meta name=\"twitter:creator\" content=\"@MaratonadoCons1\" \/>\n<meta name=\"twitter:site\" content=\"@MaratonadoCons1\" \/>\n<meta name=\"twitter:label1\" content=\"Written by\" \/>\n\t<meta name=\"twitter:data1\" content=\"Emilio de Vicente\" \/>\n\t<meta name=\"twitter:label2\" content=\"Est. reading time\" \/>\n\t<meta name=\"twitter:data2\" content=\"7 minutes\" \/>\n<script type=\"application\/ld+json\" class=\"yoast-schema-graph\">{\"@context\":\"https:\\\/\\\/schema.org\",\"@graph\":[{\"@type\":\"Article\",\"@id\":\"https:\\\/\\\/maratonadoconsumidor.com.br\\\/a-arte-do-mousse-de-chocolate-perfeito\\\/#article\",\"isPartOf\":{\"@id\":\"https:\\\/\\\/maratonadoconsumidor.com.br\\\/a-arte-do-mousse-de-chocolate-perfeito\\\/\"},\"author\":{\"name\":\"Emilio de Vicente\",\"@id\":\"https:\\\/\\\/maratonadoconsumidor.com.br\\\/#\\\/schema\\\/person\\\/01c74586a582dc988d4334293f57343c\"},\"headline\":\"A Arte do Mousse de Chocolate Perfeito\",\"datePublished\":\"2026-03-27T22:45:47+00:00\",\"dateModified\":\"2026-03-27T22:45:50+00:00\",\"mainEntityOfPage\":{\"@id\":\"https:\\\/\\\/maratonadoconsumidor.com.br\\\/a-arte-do-mousse-de-chocolate-perfeito\\\/\"},\"wordCount\":1276,\"commentCount\":0,\"publisher\":{\"@id\":\"https:\\\/\\\/maratonadoconsumidor.com.br\\\/#organization\"},\"image\":{\"@id\":\"https:\\\/\\\/maratonadoconsumidor.com.br\\\/a-arte-do-mousse-de-chocolate-perfeito\\\/#primaryimage\"},\"thumbnailUrl\":\"https:\\\/\\\/i0.wp.com\\\/maratonadoconsumidor.com.br\\\/wp-content\\\/uploads\\\/2026\\\/03\\\/Design-sem-nome-68.jpg?fit=1200%2C800&ssl=1\",\"keywords\":[\"Mousse de Chocolate\"],\"articleSection\":[\"Culin\u00e1ria\"],\"inLanguage\":\"en-US\",\"potentialAction\":[{\"@type\":\"CommentAction\",\"name\":\"Comment\",\"target\":[\"https:\\\/\\\/maratonadoconsumidor.com.br\\\/a-arte-do-mousse-de-chocolate-perfeito\\\/#respond\"]}]},{\"@type\":\"WebPage\",\"@id\":\"https:\\\/\\\/maratonadoconsumidor.com.br\\\/a-arte-do-mousse-de-chocolate-perfeito\\\/\",\"url\":\"https:\\\/\\\/maratonadoconsumidor.com.br\\\/a-arte-do-mousse-de-chocolate-perfeito\\\/\",\"name\":\"A Arte do Mousse de Chocolate Perfeito\",\"isPartOf\":{\"@id\":\"https:\\\/\\\/maratonadoconsumidor.com.br\\\/#website\"},\"primaryImageOfPage\":{\"@id\":\"https:\\\/\\\/maratonadoconsumidor.com.br\\\/a-arte-do-mousse-de-chocolate-perfeito\\\/#primaryimage\"},\"image\":{\"@id\":\"https:\\\/\\\/maratonadoconsumidor.com.br\\\/a-arte-do-mousse-de-chocolate-perfeito\\\/#primaryimage\"},\"thumbnailUrl\":\"https:\\\/\\\/i0.wp.com\\\/maratonadoconsumidor.com.br\\\/wp-content\\\/uploads\\\/2026\\\/03\\\/Design-sem-nome-68.jpg?fit=1200%2C800&ssl=1\",\"datePublished\":\"2026-03-27T22:45:47+00:00\",\"dateModified\":\"2026-03-27T22:45:50+00:00\",\"description\":\"Aprenda como fazer um delicioso mousse de chocolate com textura profissional e aerada. Descubra os segredos da t\u00e9cnica francesa\",\"breadcrumb\":{\"@id\":\"https:\\\/\\\/maratonadoconsumidor.com.br\\\/a-arte-do-mousse-de-chocolate-perfeito\\\/#breadcrumb\"},\"inLanguage\":\"en-US\",\"potentialAction\":[{\"@type\":\"ReadAction\",\"target\":[\"https:\\\/\\\/maratonadoconsumidor.com.br\\\/a-arte-do-mousse-de-chocolate-perfeito\\\/\"]}]},{\"@type\":\"ImageObject\",\"inLanguage\":\"en-US\",\"@id\":\"https:\\\/\\\/maratonadoconsumidor.com.br\\\/a-arte-do-mousse-de-chocolate-perfeito\\\/#primaryimage\",\"url\":\"https:\\\/\\\/i0.wp.com\\\/maratonadoconsumidor.com.br\\\/wp-content\\\/uploads\\\/2026\\\/03\\\/Design-sem-nome-68.jpg?fit=1200%2C800&ssl=1\",\"contentUrl\":\"https:\\\/\\\/i0.wp.com\\\/maratonadoconsumidor.com.br\\\/wp-content\\\/uploads\\\/2026\\\/03\\\/Design-sem-nome-68.jpg?fit=1200%2C800&ssl=1\",\"width\":1200,\"height\":800,\"caption\":\"A Arte do Mousse de Chocolate Perfeito\"},{\"@type\":\"BreadcrumbList\",\"@id\":\"https:\\\/\\\/maratonadoconsumidor.com.br\\\/a-arte-do-mousse-de-chocolate-perfeito\\\/#breadcrumb\",\"itemListElement\":[{\"@type\":\"ListItem\",\"position\":1,\"name\":\"In\u00edcio\",\"item\":\"https:\\\/\\\/maratonadoconsumidor.com.br\\\/\"},{\"@type\":\"ListItem\",\"position\":2,\"name\":\"A Arte do Mousse de Chocolate Perfeito\"}]},{\"@type\":\"WebSite\",\"@id\":\"https:\\\/\\\/maratonadoconsumidor.com.br\\\/#website\",\"url\":\"https:\\\/\\\/maratonadoconsumidor.com.br\\\/\",\"name\":\"Maratona do Consumidor\",\"description\":\"\",\"publisher\":{\"@id\":\"https:\\\/\\\/maratonadoconsumidor.com.br\\\/#organization\"},\"potentialAction\":[{\"@type\":\"SearchAction\",\"target\":{\"@type\":\"EntryPoint\",\"urlTemplate\":\"https:\\\/\\\/maratonadoconsumidor.com.br\\\/?s={search_term_string}\"},\"query-input\":{\"@type\":\"PropertyValueSpecification\",\"valueRequired\":true,\"valueName\":\"search_term_string\"}}],\"inLanguage\":\"en-US\"},{\"@type\":\"Organization\",\"@id\":\"https:\\\/\\\/maratonadoconsumidor.com.br\\\/#organization\",\"name\":\"Maratona do Consumidor\",\"url\":\"https:\\\/\\\/maratonadoconsumidor.com.br\\\/\",\"logo\":{\"@type\":\"ImageObject\",\"inLanguage\":\"en-US\",\"@id\":\"https:\\\/\\\/maratonadoconsumidor.com.br\\\/#\\\/schema\\\/logo\\\/image\\\/\",\"url\":\"https:\\\/\\\/maratonadoconsumidor.com.br\\\/wp-content\\\/uploads\\\/2025\\\/06\\\/MARATONA-DO-CONSUMIDOR-160.png\",\"contentUrl\":\"https:\\\/\\\/maratonadoconsumidor.com.br\\\/wp-content\\\/uploads\\\/2025\\\/06\\\/MARATONA-DO-CONSUMIDOR-160.png\",\"width\":180,\"height\":60,\"caption\":\"Maratona do Consumidor\"},\"image\":{\"@id\":\"https:\\\/\\\/maratonadoconsumidor.com.br\\\/#\\\/schema\\\/logo\\\/image\\\/\"},\"sameAs\":[\"https:\\\/\\\/www.facebook.com\\\/canaldomaratonadoconsumidor\",\"https:\\\/\\\/x.com\\\/MaratonadoCons1\",\"https:\\\/\\\/www.instagram.com\\\/maratonadoconsumidor\\\/\",\"https:\\\/\\\/www.youtube.com\\\/@MaratonadoConsumidor\"]},{\"@type\":\"Person\",\"@id\":\"https:\\\/\\\/maratonadoconsumidor.com.br\\\/#\\\/schema\\\/person\\\/01c74586a582dc988d4334293f57343c\",\"name\":\"Emilio de Vicente\",\"image\":{\"@type\":\"ImageObject\",\"inLanguage\":\"en-US\",\"@id\":\"https:\\\/\\\/maratonadoconsumidor.com.br\\\/wp-content\\\/uploads\\\/2025\\\/09\\\/cropped-Captura-de-tela-2024-05-15-133101-96x96.png\",\"url\":\"https:\\\/\\\/maratonadoconsumidor.com.br\\\/wp-content\\\/uploads\\\/2025\\\/09\\\/cropped-Captura-de-tela-2024-05-15-133101-96x96.png\",\"contentUrl\":\"https:\\\/\\\/maratonadoconsumidor.com.br\\\/wp-content\\\/uploads\\\/2025\\\/09\\\/cropped-Captura-de-tela-2024-05-15-133101-96x96.png\",\"caption\":\"Emilio de Vicente\"},\"description\":\"Emilio de Vicente \u00e9 o autor e respons\u00e1vel pelos conte\u00fados do site Maratona do Consumidor, trazendo informa\u00e7\u00f5es atualizadas, an\u00e1lises profundas e artigos relevantes sobre diversos temas do cotidiano relacionados dicas, comparativos de produtos e pre\u00e7os, consumo inteligente, finan\u00e7as em geral e muito mais.\",\"sameAs\":[\"https:\\\/\\\/maratonadoconsumidor.com.br\"],\"url\":\"https:\\\/\\\/maratonadoconsumidor.com.br\\\/en\\\/author\\\/emilio\\\/\"}]}<\/script>\n<!-- \/ Yoast SEO plugin. -->","yoast_head_json":{"title":"A Arte do Mousse de Chocolate Perfeito","description":"Aprenda como fazer um delicioso mousse de chocolate com textura profissional e aerada. Descubra os segredos da t\u00e9cnica francesa","robots":{"index":"index","follow":"follow","max-snippet":"max-snippet:-1","max-image-preview":"max-image-preview:large","max-video-preview":"max-video-preview:-1"},"canonical":"https:\/\/maratonadoconsumidor.com.br\/en\/a-arte-do-mousse-de-chocolate-perfeito\/","og_locale":"en_US","og_type":"article","og_title":"A Arte do Mousse de Chocolate Perfeito","og_description":"Aprenda como fazer um delicioso mousse de chocolate com textura profissional e aerada. Descubra os segredos da t\u00e9cnica francesa","og_url":"https:\/\/maratonadoconsumidor.com.br\/en\/a-arte-do-mousse-de-chocolate-perfeito\/","article_publisher":"https:\/\/www.facebook.com\/canaldomaratonadoconsumidor","article_published_time":"2026-03-27T22:45:47+00:00","article_modified_time":"2026-03-27T22:45:50+00:00","og_image":[{"width":1200,"height":800,"url":"https:\/\/maratonadoconsumidor.com.br\/wp-content\/uploads\/2026\/03\/Design-sem-nome-68.jpg","type":"image\/jpeg"}],"author":"Emilio de Vicente","twitter_card":"summary_large_image","twitter_creator":"@MaratonadoCons1","twitter_site":"@MaratonadoCons1","twitter_misc":{"Written by":"Emilio de Vicente","Est. reading time":"7 minutes"},"schema":{"@context":"https:\/\/schema.org","@graph":[{"@type":"Article","@id":"https:\/\/maratonadoconsumidor.com.br\/a-arte-do-mousse-de-chocolate-perfeito\/#article","isPartOf":{"@id":"https:\/\/maratonadoconsumidor.com.br\/a-arte-do-mousse-de-chocolate-perfeito\/"},"author":{"name":"Emilio de Vicente","@id":"https:\/\/maratonadoconsumidor.com.br\/#\/schema\/person\/01c74586a582dc988d4334293f57343c"},"headline":"A Arte do Mousse de Chocolate Perfeito","datePublished":"2026-03-27T22:45:47+00:00","dateModified":"2026-03-27T22:45:50+00:00","mainEntityOfPage":{"@id":"https:\/\/maratonadoconsumidor.com.br\/a-arte-do-mousse-de-chocolate-perfeito\/"},"wordCount":1276,"commentCount":0,"publisher":{"@id":"https:\/\/maratonadoconsumidor.com.br\/#organization"},"image":{"@id":"https:\/\/maratonadoconsumidor.com.br\/a-arte-do-mousse-de-chocolate-perfeito\/#primaryimage"},"thumbnailUrl":"https:\/\/i0.wp.com\/maratonadoconsumidor.com.br\/wp-content\/uploads\/2026\/03\/Design-sem-nome-68.jpg?fit=1200%2C800&ssl=1","keywords":["Mousse de Chocolate"],"articleSection":["Culin\u00e1ria"],"inLanguage":"en-US","potentialAction":[{"@type":"CommentAction","name":"Comment","target":["https:\/\/maratonadoconsumidor.com.br\/a-arte-do-mousse-de-chocolate-perfeito\/#respond"]}]},{"@type":"WebPage","@id":"https:\/\/maratonadoconsumidor.com.br\/a-arte-do-mousse-de-chocolate-perfeito\/","url":"https:\/\/maratonadoconsumidor.com.br\/a-arte-do-mousse-de-chocolate-perfeito\/","name":"A Arte do Mousse de Chocolate Perfeito","isPartOf":{"@id":"https:\/\/maratonadoconsumidor.com.br\/#website"},"primaryImageOfPage":{"@id":"https:\/\/maratonadoconsumidor.com.br\/a-arte-do-mousse-de-chocolate-perfeito\/#primaryimage"},"image":{"@id":"https:\/\/maratonadoconsumidor.com.br\/a-arte-do-mousse-de-chocolate-perfeito\/#primaryimage"},"thumbnailUrl":"https:\/\/i0.wp.com\/maratonadoconsumidor.com.br\/wp-content\/uploads\/2026\/03\/Design-sem-nome-68.jpg?fit=1200%2C800&ssl=1","datePublished":"2026-03-27T22:45:47+00:00","dateModified":"2026-03-27T22:45:50+00:00","description":"Aprenda como fazer um delicioso mousse de chocolate com textura profissional e aerada. Descubra os segredos da t\u00e9cnica francesa","breadcrumb":{"@id":"https:\/\/maratonadoconsumidor.com.br\/a-arte-do-mousse-de-chocolate-perfeito\/#breadcrumb"},"inLanguage":"en-US","potentialAction":[{"@type":"ReadAction","target":["https:\/\/maratonadoconsumidor.com.br\/a-arte-do-mousse-de-chocolate-perfeito\/"]}]},{"@type":"ImageObject","inLanguage":"en-US","@id":"https:\/\/maratonadoconsumidor.com.br\/a-arte-do-mousse-de-chocolate-perfeito\/#primaryimage","url":"https:\/\/i0.wp.com\/maratonadoconsumidor.com.br\/wp-content\/uploads\/2026\/03\/Design-sem-nome-68.jpg?fit=1200%2C800&ssl=1","contentUrl":"https:\/\/i0.wp.com\/maratonadoconsumidor.com.br\/wp-content\/uploads\/2026\/03\/Design-sem-nome-68.jpg?fit=1200%2C800&ssl=1","width":1200,"height":800,"caption":"A Arte do Mousse de Chocolate Perfeito"},{"@type":"BreadcrumbList","@id":"https:\/\/maratonadoconsumidor.com.br\/a-arte-do-mousse-de-chocolate-perfeito\/#breadcrumb","itemListElement":[{"@type":"ListItem","position":1,"name":"In\u00edcio","item":"https:\/\/maratonadoconsumidor.com.br\/"},{"@type":"ListItem","position":2,"name":"A Arte do Mousse de Chocolate Perfeito"}]},{"@type":"WebSite","@id":"https:\/\/maratonadoconsumidor.com.br\/#website","url":"https:\/\/maratonadoconsumidor.com.br\/","name":"Maratona do Consumidor","description":"","publisher":{"@id":"https:\/\/maratonadoconsumidor.com.br\/#organization"},"potentialAction":[{"@type":"SearchAction","target":{"@type":"EntryPoint","urlTemplate":"https:\/\/maratonadoconsumidor.com.br\/?s={search_term_string}"},"query-input":{"@type":"PropertyValueSpecification","valueRequired":true,"valueName":"search_term_string"}}],"inLanguage":"en-US"},{"@type":"Organization","@id":"https:\/\/maratonadoconsumidor.com.br\/#organization","name":"Maratona do Consumidor","url":"https:\/\/maratonadoconsumidor.com.br\/","logo":{"@type":"ImageObject","inLanguage":"en-US","@id":"https:\/\/maratonadoconsumidor.com.br\/#\/schema\/logo\/image\/","url":"https:\/\/maratonadoconsumidor.com.br\/wp-content\/uploads\/2025\/06\/MARATONA-DO-CONSUMIDOR-160.png","contentUrl":"https:\/\/maratonadoconsumidor.com.br\/wp-content\/uploads\/2025\/06\/MARATONA-DO-CONSUMIDOR-160.png","width":180,"height":60,"caption":"Maratona do Consumidor"},"image":{"@id":"https:\/\/maratonadoconsumidor.com.br\/#\/schema\/logo\/image\/"},"sameAs":["https:\/\/www.facebook.com\/canaldomaratonadoconsumidor","https:\/\/x.com\/MaratonadoCons1","https:\/\/www.instagram.com\/maratonadoconsumidor\/","https:\/\/www.youtube.com\/@MaratonadoConsumidor"]},{"@type":"Person","@id":"https:\/\/maratonadoconsumidor.com.br\/#\/schema\/person\/01c74586a582dc988d4334293f57343c","name":"Emilio de Vicente","image":{"@type":"ImageObject","inLanguage":"en-US","@id":"https:\/\/maratonadoconsumidor.com.br\/wp-content\/uploads\/2025\/09\/cropped-Captura-de-tela-2024-05-15-133101-96x96.png","url":"https:\/\/maratonadoconsumidor.com.br\/wp-content\/uploads\/2025\/09\/cropped-Captura-de-tela-2024-05-15-133101-96x96.png","contentUrl":"https:\/\/maratonadoconsumidor.com.br\/wp-content\/uploads\/2025\/09\/cropped-Captura-de-tela-2024-05-15-133101-96x96.png","caption":"Emilio de Vicente"},"description":"Emilio de Vicente \u00e9 o autor e respons\u00e1vel pelos conte\u00fados do site Maratona do Consumidor, trazendo informa\u00e7\u00f5es atualizadas, an\u00e1lises profundas e artigos relevantes sobre diversos temas do cotidiano relacionados dicas, comparativos de produtos e pre\u00e7os, consumo inteligente, finan\u00e7as em geral e muito mais.","sameAs":["https:\/\/maratonadoconsumidor.com.br"],"url":"https:\/\/maratonadoconsumidor.com.br\/en\/author\/emilio\/"}]}},"jetpack_publicize_connections":[],"jetpack_featured_media_url":"https:\/\/i0.wp.com\/maratonadoconsumidor.com.br\/wp-content\/uploads\/2026\/03\/Design-sem-nome-68.jpg?fit=1200%2C800&ssl=1","jetpack-related-posts":[{"id":1249,"url":"https:\/\/maratonadoconsumidor.com.br\/en\/como-o-pistache-e-a-air-fryer-transformaram-a-culinaria-moderna\/","url_meta":{"origin":1206,"position":0},"title":"Como o Pistache e a Air Fryer Transformaram a Culin\u00e1ria Moderna","author":"Emilio de Vicente","date":"2 de April de 2026","format":false,"excerpt":"A gastronomia vive ciclos de fasc\u00ednio, e raramente vimos um encontro t\u00e3o perfeito entre ingrediente e t\u00e9cnica como o que presenciamos agora. De um lado, o\u00a0pistache, a \"p\u00e9rola verde\" do Oriente M\u00e9dio, que deixou de ser um simples petisco de bar para protagonizar sobremesas de luxo e pratos refinados. De\u2026","rel":"","context":"In &quot;Culin\u00e1ria&quot;","block_context":{"text":"Culin\u00e1ria","link":"https:\/\/maratonadoconsumidor.com.br\/en\/category\/culinaria\/"},"img":{"alt_text":"Como o Pistache e a Air Fryer Transformaram a Culin\u00e1ria Moderna","src":"https:\/\/i0.wp.com\/maratonadoconsumidor.com.br\/wp-content\/uploads\/2026\/04\/image_cccac38e.png?fit=1200%2C670&ssl=1&resize=350%2C200","width":350,"height":200,"srcset":"https:\/\/i0.wp.com\/maratonadoconsumidor.com.br\/wp-content\/uploads\/2026\/04\/image_cccac38e.png?fit=1200%2C670&ssl=1&resize=350%2C200 1x, https:\/\/i0.wp.com\/maratonadoconsumidor.com.br\/wp-content\/uploads\/2026\/04\/image_cccac38e.png?fit=1200%2C670&ssl=1&resize=525%2C300 1.5x, https:\/\/i0.wp.com\/maratonadoconsumidor.com.br\/wp-content\/uploads\/2026\/04\/image_cccac38e.png?fit=1200%2C670&ssl=1&resize=700%2C400 2x, https:\/\/i0.wp.com\/maratonadoconsumidor.com.br\/wp-content\/uploads\/2026\/04\/image_cccac38e.png?fit=1200%2C670&ssl=1&resize=1050%2C600 3x"},"classes":[]},{"id":1102,"url":"https:\/\/maratonadoconsumidor.com.br\/en\/receita-de-pudim-de-leite-caseiro-aprenda-a-fazer\/","url_meta":{"origin":1206,"position":1},"title":"Receita de Pudim de Leite Caseiro: Aprenda a Fazer essa Sobremesa Cl\u00e1ssica e Irresist\u00edvel","author":"Emilio de Vicente","date":"13 de March de 2026","format":false,"excerpt":"O pudim de leite caseiro \u00e9 uma das sobremesas mais tradicionais da culin\u00e1ria brasileira. Presente em almo\u00e7os de fam\u00edlia, festas e celebra\u00e7\u00f5es especiais, ele conquista gera\u00e7\u00f5es com sua textura cremosa, sabor suave e aquela deliciosa calda de caramelo. Apesar de parecer uma receita sofisticada, preparar pudim de leite condensado em\u2026","rel":"","context":"In &quot;Culin\u00e1ria&quot;","block_context":{"text":"Culin\u00e1ria","link":"https:\/\/maratonadoconsumidor.com.br\/en\/category\/culinaria\/"},"img":{"alt_text":"Receita de Pudim de Leite Caseiro: Aprenda a Fazer essa Sobremesa Cl\u00e1ssica e Irresist\u00edvel","src":"https:\/\/i0.wp.com\/maratonadoconsumidor.com.br\/wp-content\/uploads\/2026\/03\/Design-sem-nome-37.jpg?fit=1200%2C800&ssl=1&resize=350%2C200","width":350,"height":200,"srcset":"https:\/\/i0.wp.com\/maratonadoconsumidor.com.br\/wp-content\/uploads\/2026\/03\/Design-sem-nome-37.jpg?fit=1200%2C800&ssl=1&resize=350%2C200 1x, https:\/\/i0.wp.com\/maratonadoconsumidor.com.br\/wp-content\/uploads\/2026\/03\/Design-sem-nome-37.jpg?fit=1200%2C800&ssl=1&resize=525%2C300 1.5x, https:\/\/i0.wp.com\/maratonadoconsumidor.com.br\/wp-content\/uploads\/2026\/03\/Design-sem-nome-37.jpg?fit=1200%2C800&ssl=1&resize=700%2C400 2x, https:\/\/i0.wp.com\/maratonadoconsumidor.com.br\/wp-content\/uploads\/2026\/03\/Design-sem-nome-37.jpg?fit=1200%2C800&ssl=1&resize=1050%2C600 3x"},"classes":[]},{"id":1139,"url":"https:\/\/maratonadoconsumidor.com.br\/en\/bolo-saint-honore-a-arte-da-confeitaria-francesa\/","url_meta":{"origin":1206,"position":2},"title":"Bolo Saint Honor\u00e9: A Arte da Confeitaria Francesa","author":"Emilio de Vicente","date":"19 de March de 2026","format":false,"excerpt":"Se existe um doce que representa o \u00e1pice da eleg\u00e2ncia e da t\u00e9cnica na Fran\u00e7a, esse doce \u00e9 o\u00a0Bolo Saint Honor\u00e9. Batizado em homenagem ao santo padroeiro dos padeiros e confeiteiros, o\u00a0G\u00e2teau Saint-Honor\u00e9\u00a0n\u00e3o \u00e9 apenas uma sobremesa; \u00e9 uma arquitetura comest\u00edvel que combina texturas crocantes, cremosas e caramelizadas em uma\u2026","rel":"","context":"In &quot;Culin\u00e1ria&quot;","block_context":{"text":"Culin\u00e1ria","link":"https:\/\/maratonadoconsumidor.com.br\/en\/category\/culinaria\/"},"img":{"alt_text":"Bolo Saint Honor\u00e9: A Arte da Confeitaria Francesa","src":"https:\/\/i0.wp.com\/maratonadoconsumidor.com.br\/wp-content\/uploads\/2026\/03\/Design-sem-nome-29.jpg?fit=1200%2C800&ssl=1&resize=350%2C200","width":350,"height":200,"srcset":"https:\/\/i0.wp.com\/maratonadoconsumidor.com.br\/wp-content\/uploads\/2026\/03\/Design-sem-nome-29.jpg?fit=1200%2C800&ssl=1&resize=350%2C200 1x, https:\/\/i0.wp.com\/maratonadoconsumidor.com.br\/wp-content\/uploads\/2026\/03\/Design-sem-nome-29.jpg?fit=1200%2C800&ssl=1&resize=525%2C300 1.5x, https:\/\/i0.wp.com\/maratonadoconsumidor.com.br\/wp-content\/uploads\/2026\/03\/Design-sem-nome-29.jpg?fit=1200%2C800&ssl=1&resize=700%2C400 2x, https:\/\/i0.wp.com\/maratonadoconsumidor.com.br\/wp-content\/uploads\/2026\/03\/Design-sem-nome-29.jpg?fit=1200%2C800&ssl=1&resize=1050%2C600 3x"},"classes":[]},{"id":1187,"url":"https:\/\/maratonadoconsumidor.com.br\/en\/a-essencia-do-mediterraneo-salada-grega-perfeita\/","url_meta":{"origin":1206,"position":3},"title":"A Ess\u00eancia do Mediterr\u00e2neo:  Salada Grega Perfeita","author":"Emilio de Vicente","date":"22 de March de 2026","format":false,"excerpt":"Imagine-se em uma pequena taverna \u00e0 beira-mar em Santorini, onde o azul do teto se funde com o do Mar Egeu. \u00c0 sua frente, chega uma tigela r\u00fastica transbordando cores vibrantes: o vermelho vivo dos tomates maduros, o verde crocante dos pepinos e o branco imaculado de um generoso bloco\u2026","rel":"","context":"In &quot;Culin\u00e1ria&quot;","block_context":{"text":"Culin\u00e1ria","link":"https:\/\/maratonadoconsumidor.com.br\/en\/category\/culinaria\/"},"img":{"alt_text":"A Ess\u00eancia do Mediterr\u00e2neo: Salada Grega Perfeita","src":"https:\/\/i0.wp.com\/maratonadoconsumidor.com.br\/wp-content\/uploads\/2026\/03\/Design-sem-nome-55.jpg?fit=1200%2C800&ssl=1&resize=350%2C200","width":350,"height":200,"srcset":"https:\/\/i0.wp.com\/maratonadoconsumidor.com.br\/wp-content\/uploads\/2026\/03\/Design-sem-nome-55.jpg?fit=1200%2C800&ssl=1&resize=350%2C200 1x, https:\/\/i0.wp.com\/maratonadoconsumidor.com.br\/wp-content\/uploads\/2026\/03\/Design-sem-nome-55.jpg?fit=1200%2C800&ssl=1&resize=525%2C300 1.5x, https:\/\/i0.wp.com\/maratonadoconsumidor.com.br\/wp-content\/uploads\/2026\/03\/Design-sem-nome-55.jpg?fit=1200%2C800&ssl=1&resize=700%2C400 2x, https:\/\/i0.wp.com\/maratonadoconsumidor.com.br\/wp-content\/uploads\/2026\/03\/Design-sem-nome-55.jpg?fit=1200%2C800&ssl=1&resize=1050%2C600 3x"},"classes":[]},{"id":1294,"url":"https:\/\/maratonadoconsumidor.com.br\/en\/conheca-os-lencois-maranhenses-o-paraiso-brasileiro\/","url_meta":{"origin":1206,"position":4},"title":"Conhe\u00e7a os Len\u00e7\u00f3is Maranhenses: O Para\u00edso Brasileiro que Voc\u00ea Precisa Ver","author":"Emilio de Vicente","date":"12 de April de 2026","format":false,"excerpt":"Imagine-se caminhando sobre uma imensid\u00e3o de areia branca, fina e macia, que se estende at\u00e9 onde a vista alcan\u00e7a. De repente, entre uma duna e outra, surge uma lagoa de \u00e1guas cristalinas, em tons que variam do azul-turquesa ao verde-esmeralda. N\u00e3o \u00e9 uma miragem no deserto; \u00e9 o\u00a0Parque Nacional dos\u2026","rel":"","context":"In &quot;Turismo&quot;","block_context":{"text":"Turismo","link":"https:\/\/maratonadoconsumidor.com.br\/en\/category\/turismo\/"},"img":{"alt_text":"Conhe\u00e7a os Len\u00e7\u00f3is Maranhenses: O Para\u00edso Brasileiro que Voc\u00ea Precisa Ver","src":"https:\/\/i0.wp.com\/maratonadoconsumidor.com.br\/wp-content\/uploads\/2026\/04\/Design-sem-nome-8-1.jpg?fit=1200%2C800&ssl=1&resize=350%2C200","width":350,"height":200,"srcset":"https:\/\/i0.wp.com\/maratonadoconsumidor.com.br\/wp-content\/uploads\/2026\/04\/Design-sem-nome-8-1.jpg?fit=1200%2C800&ssl=1&resize=350%2C200 1x, https:\/\/i0.wp.com\/maratonadoconsumidor.com.br\/wp-content\/uploads\/2026\/04\/Design-sem-nome-8-1.jpg?fit=1200%2C800&ssl=1&resize=525%2C300 1.5x, https:\/\/i0.wp.com\/maratonadoconsumidor.com.br\/wp-content\/uploads\/2026\/04\/Design-sem-nome-8-1.jpg?fit=1200%2C800&ssl=1&resize=700%2C400 2x, https:\/\/i0.wp.com\/maratonadoconsumidor.com.br\/wp-content\/uploads\/2026\/04\/Design-sem-nome-8-1.jpg?fit=1200%2C800&ssl=1&resize=1050%2C600 3x"},"classes":[]},{"id":1062,"url":"https:\/\/maratonadoconsumidor.com.br\/en\/como-fazer-um-delicioso-arroz-doce-em-casa\/","url_meta":{"origin":1206,"position":5},"title":"Como Fazer um Delicioso Arroz Doce em Casa","author":"Emilio de Vicente","date":"8 de March de 2026","format":false,"excerpt":"Um cl\u00e1ssico que aquece o cora\u00e7\u00e3o Poucas sobremesas s\u00e3o t\u00e3o reconfortantes quanto um prato de arroz doce rec\u00e9m-preparado. Cremoso, arom\u00e1tico e com aquele toque caseiro que lembra inf\u00e2ncia e momentos em fam\u00edlia, esse doce atravessa gera\u00e7\u00f5es e continua sendo uma das receitas mais queridas da culin\u00e1ria brasileira. Presente em festas\u2026","rel":"","context":"In &quot;Culin\u00e1ria&quot;","block_context":{"text":"Culin\u00e1ria","link":"https:\/\/maratonadoconsumidor.com.br\/en\/category\/culinaria\/"},"img":{"alt_text":"Como Fazer um Delicioso Arroz Doce em Casa","src":"https:\/\/i0.wp.com\/maratonadoconsumidor.com.br\/wp-content\/uploads\/2026\/03\/Design-sem-nome-11.jpg?fit=1200%2C800&ssl=1&resize=350%2C200","width":350,"height":200,"srcset":"https:\/\/i0.wp.com\/maratonadoconsumidor.com.br\/wp-content\/uploads\/2026\/03\/Design-sem-nome-11.jpg?fit=1200%2C800&ssl=1&resize=350%2C200 1x, https:\/\/i0.wp.com\/maratonadoconsumidor.com.br\/wp-content\/uploads\/2026\/03\/Design-sem-nome-11.jpg?fit=1200%2C800&ssl=1&resize=525%2C300 1.5x, https:\/\/i0.wp.com\/maratonadoconsumidor.com.br\/wp-content\/uploads\/2026\/03\/Design-sem-nome-11.jpg?fit=1200%2C800&ssl=1&resize=700%2C400 2x, https:\/\/i0.wp.com\/maratonadoconsumidor.com.br\/wp-content\/uploads\/2026\/03\/Design-sem-nome-11.jpg?fit=1200%2C800&ssl=1&resize=1050%2C600 3x"},"classes":[]}],"jetpack_sharing_enabled":true,"jetpack_likes_enabled":true,"_links":{"self":[{"href":"https:\/\/maratonadoconsumidor.com.br\/en\/wp-json\/wp\/v2\/posts\/1206","targetHints":{"allow":["GET"]}}],"collection":[{"href":"https:\/\/maratonadoconsumidor.com.br\/en\/wp-json\/wp\/v2\/posts"}],"about":[{"href":"https:\/\/maratonadoconsumidor.com.br\/en\/wp-json\/wp\/v2\/types\/post"}],"author":[{"embeddable":true,"href":"https:\/\/maratonadoconsumidor.com.br\/en\/wp-json\/wp\/v2\/users\/1"}],"replies":[{"embeddable":true,"href":"https:\/\/maratonadoconsumidor.com.br\/en\/wp-json\/wp\/v2\/comments?post=1206"}],"version-history":[{"count":1,"href":"https:\/\/maratonadoconsumidor.com.br\/en\/wp-json\/wp\/v2\/posts\/1206\/revisions"}],"predecessor-version":[{"id":1210,"href":"https:\/\/maratonadoconsumidor.com.br\/en\/wp-json\/wp\/v2\/posts\/1206\/revisions\/1210"}],"wp:featuredmedia":[{"embeddable":true,"href":"https:\/\/maratonadoconsumidor.com.br\/en\/wp-json\/wp\/v2\/media\/1207"}],"wp:attachment":[{"href":"https:\/\/maratonadoconsumidor.com.br\/en\/wp-json\/wp\/v2\/media?parent=1206"}],"wp:term":[{"taxonomy":"category","embeddable":true,"href":"https:\/\/maratonadoconsumidor.com.br\/en\/wp-json\/wp\/v2\/categories?post=1206"},{"taxonomy":"post_tag","embeddable":true,"href":"https:\/\/maratonadoconsumidor.com.br\/en\/wp-json\/wp\/v2\/tags?post=1206"}],"curies":[{"name":"wp","href":"https:\/\/api.w.org\/{rel}","templated":true}]}}