{"id":1187,"date":"2026-03-22T13:07:56","date_gmt":"2026-03-22T16:07:56","guid":{"rendered":"https:\/\/maratonadoconsumidor.com.br\/?p=1187"},"modified":"2026-03-22T13:08:02","modified_gmt":"2026-03-22T16:08:02","slug":"a-essencia-do-mediterraneo-salada-grega-perfeita","status":"publish","type":"post","link":"https:\/\/maratonadoconsumidor.com.br\/en\/a-essencia-do-mediterraneo-salada-grega-perfeita\/","title":{"rendered":"A Ess\u00eancia do Mediterr\u00e2neo:  Salada Grega Perfeita"},"content":{"rendered":"<p>Imagine-se em uma pequena taverna \u00e0 beira-mar em Santorini, onde o azul do teto se funde com o do Mar Egeu. <\/p>\n\n\n\n<p>\u00c0 sua frente, chega uma tigela r\u00fastica transbordando cores vibrantes: o vermelho vivo dos tomates maduros, o verde crocante dos pepinos e o branco imaculado de um generoso bloco de queijo feta.<\/p>\n\n\n\n<p>A <strong>Salada Grega<\/strong>, ou <em>Horiatiki<\/em> (que significa &#8220;salada da aldeia&#8221;), \u00e9 muito mais do que um acompanhamento; \u00e9 uma filosofia culin\u00e1ria. <\/p>\n\n\n\n<p>Ela celebra a qualidade dos ingredientes em seu estado mais puro. Diferente das saladas ocidentais, a vers\u00e3o aut\u00eantica n\u00e3o leva alface. <\/p>\n\n\n\n<p>Aqui, o foco \u00e9 a textura e o equil\u00edbrio entre a acidez do vinagre, o amargor do azeite de oliva e o salgado do queijo.<\/p>\n\n\n\n<p>Neste artigo, vamos desvendar os segredos para elevar uma simples mistura de vegetais ao status de banquete mediterr\u00e2neo, respeitando as tradi\u00e7\u00f5es que tornam este prato um dos mais amados do mundo.<\/p>\n\n\n\n<h2 class=\"wp-block-heading\">Os Pilares da Autenticidade: Ingredientes que Fazem a Diferen\u00e7a<\/h2>\n\n\n\n<p>Para que uma <strong>receita de salada grega<\/strong> seja considerada leg\u00edtima, n\u00e3o existem atalhos. A alma do prato reside na proced\u00eancia dos itens. Quando os ingredientes s\u00e3o poucos, cada um deles precisa brilhar intensamente.<\/p>\n\n\n\n<h3 class=\"wp-block-heading\">1. O Tomate: O Cora\u00e7\u00e3o do Prato<\/h3>\n\n\n\n<p>Esque\u00e7a os tomates p\u00e1lidos de supermercado. Para uma <em>Horiatiki<\/em> inesquec\u00edvel, voc\u00ea precisa de <strong>tomates maduros e suculentos<\/strong>, preferencialmente colhidos na \u00e9poca. Eles devem estar em temperatura ambiente para liberar todo o seu aroma e do\u00e7ura natural. O suco que escorre do tomate, ao se misturar com o azeite, cria o famoso &#8220;molho&#8221; no fundo da tigela que todo grego ama mergulhar com p\u00e3o.<\/p>\n\n\n\n<h3 class=\"wp-block-heading\">2. O Pepino: Croc\u00e2ncia Necess\u00e1ria<\/h3>\n\n\n\n<p>O pepino ideal \u00e9 o do tipo persa ou japon\u00eas, que possui casca mais fina e menos sementes. A <strong>croc\u00e2ncia do pepino<\/strong> contrasta perfeitamente com a maciez do queijo. Dica de ouro: n\u00e3o corte fatias transparentes; prefira peda\u00e7os r\u00fasticos e semic\u00edrculos grossos para manter a estrutura da salada.<\/p>\n\n\n\n<h3 class=\"wp-block-heading\">3. Queijo Feta: O Rei da Salada<\/h3>\n\n\n\n<p>Aqui est\u00e1 o erro mais comum: usar queijo feta esfarelado. Na Gr\u00e9cia, o <strong>queijo feta aut\u00eantico<\/strong> (feito de leite de ovelha ou uma mistura com leite de cabra) \u00e9 servido em um bloco inteiro ou em fatias grandes sobre os vegetais. Isso preserva a textura cremosa e evita que o queijo se perca na umidade dos outros ingredientes.<\/p>\n\n\n\n<h3 class=\"wp-block-heading\">4. Azeite de Oliva Extra Virgem e Or\u00e9gano Seco<\/h3>\n\n\n\n<p>O <strong>azeite de oliva extra virgem<\/strong> \u00e9 o sangue que corre nas veias da culin\u00e1ria grega. Use um azeite de baixa acidez e colheita precoce se quiser um toque mais picante. Para finalizar, o <strong>or\u00e9gano seco<\/strong> \u00e9 obrigat\u00f3rio. Curiosamente, na Gr\u00e9cia, prefere-se o or\u00e9gano seco ao fresco, pois seu sabor \u00e9 mais concentrado e terroso, remetendo \u00e0s montanhas ensolaradas da regi\u00e3o.<\/p>\n\n\n\n<figure class=\"wp-block-embed is-type-video is-provider-youtube wp-block-embed-youtube wp-embed-aspect-16-9 wp-has-aspect-ratio\"><div class=\"wp-block-embed__wrapper\">\n<iframe title=\"Salada grega | Rita Lobo | Cozinha Pr\u00e1tica\" width=\"960\" height=\"540\" src=\"https:\/\/www.youtube.com\/embed\/3wJH3dYE8Ng?feature=oembed\" frameborder=\"0\" allow=\"accelerometer; autoplay; clipboard-write; encrypted-media; gyroscope; picture-in-picture; web-share\" referrerpolicy=\"strict-origin-when-cross-origin\" allowfullscreen><\/iframe>\n<\/div><\/figure>\n\n\n\n<h2 class=\"wp-block-heading\">Passo a Passo: Construindo a Salada Grega Perfeita<\/h2>\n\n\n\n<p>Siga estas etapas para garantir que a sua <strong>experi\u00eancia gastron\u00f4mica<\/strong> seja fiel \u00e0s ra\u00edzes hel\u00eanicas.<\/p>\n\n\n\n<h3 class=\"wp-block-heading\">Prepara\u00e7\u00e3o dos Vegetais<\/h3>\n\n\n\n<ol start=\"1\" class=\"wp-block-list\">\n<li><strong>Lave e seque bem<\/strong> todos os vegetais. A \u00e1gua residual pode diluir o sabor do tempero.<\/li>\n\n\n\n<li>Corte os tomates em gomos irregulares.<\/li>\n\n\n\n<li>Descasque o pepino parcialmente (deixando listras de casca para um visual bonito) e corte em rodelas grossas.<\/li>\n\n\n\n<li>Fatie a <strong>cebola roxa<\/strong> em meias-luas bem finas. Para suavizar o ardor da cebola, voc\u00ea pode deix\u00e1-la de molho em \u00e1gua gelada por 10 minutos antes de usar.<\/li>\n\n\n\n<li>Corte o <strong>piment\u00e3o verde<\/strong> em rodelas ou tiras largas. (Nota: A receita tradicional prioriza o piment\u00e3o verde pelo seu frescor ligeiramente amargo).<\/li>\n<\/ol>\n\n\n\n<h3 class=\"wp-block-heading\">Montagem e Tempero<\/h3>\n\n\n\n<ol start=\"1\" class=\"wp-block-list\">\n<li>Em uma tigela larga, misture o tomate, o pepino, a cebola e o piment\u00e3o.<\/li>\n\n\n\n<li>Adicione as <strong>azeitonas Kalamata<\/strong>. Elas devem ser inteiras (com caro\u00e7o preserva mais o sabor) e possuem aquela cor arroxeada caracter\u00edstica.<\/li>\n\n\n\n<li>Regue generosamente com o azeite e um toque de <strong>vinagre de vinho tinto<\/strong>. O vinagre ajuda a equilibrar a gordura do queijo e do azeite.<\/li>\n\n\n\n<li>Coloque o bloco de queijo feta por cima de tudo.<\/li>\n\n\n\n<li>Polvilhe uma quantidade generosa de or\u00e9gano seco e uma pitada de sal marinho (cuidado com o sal, pois o feta j\u00e1 \u00e9 naturalmente salgado).<\/li>\n<\/ol>\n\n\n\n<h2 class=\"wp-block-heading\">Dicas de Especialista para uma Salada de N\u00edvel Profissional<\/h2>\n\n\n\n<p>Para transformar sua salada em um prato digno de um Chef, considere estes detalhes t\u00e9cnicos:<\/p>\n\n\n\n<ul class=\"wp-block-list\">\n<li><strong>A Ordem dos Fatores:<\/strong> Nunca misture o queijo feta no in\u00edcio. Ele deve coroar o prato. Se misturar muito, ele vai quebrar e turvar as cores vibrantes dos vegetais.<\/li>\n\n\n\n<li><strong>Temperatura de Servi\u00e7o:<\/strong> A salada grega deve ser servida fresca, mas n\u00e3o gelada. Se os tomates estiverem muito frios, eles perdem o sabor.<\/li>\n\n\n\n<li><strong>O P\u00e3o \u00e9 Obrigat\u00f3rio:<\/strong> Tenha sempre \u00e0 m\u00e3o um peda\u00e7o de p\u00e3o r\u00fastico ou pita. Existe um termo grego, <em>papara<\/em>, que descreve o ato de chuchar o p\u00e3o no molho que sobra no fundo da travessa. \u00c9, para muitos, a melhor parte da refei\u00e7\u00e3o.<\/li>\n<\/ul>\n\n\n\n<p>Para entender mais sobre os benef\u00edcios dessa dieta, voc\u00ea pode consultar as diretrizes da <a target=\"_blank\" rel=\"noreferrer noopener\" href=\"https:\/\/www.mediterraneanbook.com\/\">Dieta Mediterr\u00e2nea<\/a> ou explorar as varia\u00e7\u00f5es regionais no site oficial de <a target=\"_blank\" rel=\"noreferrer noopener\" href=\"https:\/\/www.visitgreece.gr\/\">Turismo da Gr\u00e9cia<\/a>.<\/p>\n\n\n\n<h2 class=\"wp-block-heading\">Tabela de Substitui\u00e7\u00f5es Inteligentes<\/h2>\n\n\n\n<p>Embora a tradi\u00e7\u00e3o seja valorizada, sabemos que nem sempre todos os ingredientes est\u00e3o dispon\u00edveis. Veja como adaptar sem perder a ess\u00eancia:<\/p>\n\n\n\n<figure class=\"wp-block-table\"><table class=\"has-fixed-layout\"><thead><tr><td class=\"has-text-align-center\" data-align=\"center\"><strong>Ingrediente Original<\/strong><\/td><td class=\"has-text-align-center\" data-align=\"center\"><strong>Substitui\u00e7\u00e3o Poss\u00edvel<\/strong><\/td><td class=\"has-text-align-center\" data-align=\"center\"><strong>O que muda?<\/strong><\/td><\/tr><\/thead><tbody><tr><td class=\"has-text-align-center\" data-align=\"center\"><strong>Queijo Feta<\/strong><\/td><td class=\"has-text-align-center\" data-align=\"center\">Queijo de Cabra firme ou Ricota salgada<\/td><td class=\"has-text-align-center\" data-align=\"center\">A ricota \u00e9 menos \u00e1cida; o de cabra mant\u00e9m o perfil.<\/td><\/tr><tr><td class=\"has-text-align-center\" data-align=\"center\"><strong>Azeitona Kalamata<\/strong><\/td><td class=\"has-text-align-center\" data-align=\"center\">Azeitona preta azapa<\/td><td class=\"has-text-align-center\" data-align=\"center\">O sabor ser\u00e1 menos frutado e mais terroso.<\/td><\/tr><tr><td class=\"has-text-align-center\" data-align=\"center\"><strong>Vinagre de Vinho Tinto<\/strong><\/td><td class=\"has-text-align-center\" data-align=\"center\">Suco de lim\u00e3o siciliano<\/td><td class=\"has-text-align-center\" data-align=\"center\">Traz um frescor c\u00edtrico, comum em algumas ilhas gregas.<\/td><\/tr><tr><td class=\"has-text-align-center\" data-align=\"center\"><strong>Cebola Roxa<\/strong><\/td><td class=\"has-text-align-center\" data-align=\"center\">Cebolinha ou Chalotas<\/td><td class=\"has-text-align-center\" data-align=\"center\">Sabor mais suave e menos picante.<\/td><\/tr><\/tbody><\/table><\/figure>\n\n\n\n<h2 class=\"wp-block-heading\">A Salada Grega e a Sa\u00fade: Um Elixir de Longevidade<\/h2>\n\n\n\n<p>Al\u00e9m de deliciosa, a <strong>alimenta\u00e7\u00e3o mediterr\u00e2nea<\/strong> \u00e9 mundialmente reconhecida por promover a longevidade. A combina\u00e7\u00e3o de <strong>licopeno<\/strong> (dos tomates), gorduras monoinsaturadas (do azeite) e probi\u00f3ticos (do queijo fermentado) faz desta salada um poderoso aliado do cora\u00e7\u00e3o e do sistema imunol\u00f3gico.<\/p>\n\n\n\n<p>O uso de ervas como o or\u00e9gano tamb\u00e9m adiciona propriedades antioxidantes e anti-inflamat\u00f3rias \u00e0 sua dieta di\u00e1ria, provando que comer bem pode ser um prazer absoluto e uma forma de autocuidado.<\/p>\n\n\n\n<figure class=\"wp-block-image size-large\"><img data-recalc-dims=\"1\" fetchpriority=\"high\" decoding=\"async\" width=\"960\" height=\"640\" src=\"https:\/\/i0.wp.com\/maratonadoconsumidor.com.br\/wp-content\/uploads\/2026\/03\/Design-sem-nome-54.jpg?resize=960%2C640&#038;ssl=1\" alt=\"A Ess\u00eancia do Mediterr\u00e2neo:  Salada Grega Perfeita\" class=\"wp-image-1189\" srcset=\"https:\/\/i0.wp.com\/maratonadoconsumidor.com.br\/wp-content\/uploads\/2026\/03\/Design-sem-nome-54.jpg?resize=1024%2C683&amp;ssl=1 1024w, https:\/\/i0.wp.com\/maratonadoconsumidor.com.br\/wp-content\/uploads\/2026\/03\/Design-sem-nome-54.jpg?resize=300%2C200&amp;ssl=1 300w, https:\/\/i0.wp.com\/maratonadoconsumidor.com.br\/wp-content\/uploads\/2026\/03\/Design-sem-nome-54.jpg?resize=768%2C512&amp;ssl=1 768w, https:\/\/i0.wp.com\/maratonadoconsumidor.com.br\/wp-content\/uploads\/2026\/03\/Design-sem-nome-54.jpg?resize=18%2C12&amp;ssl=1 18w, https:\/\/i0.wp.com\/maratonadoconsumidor.com.br\/wp-content\/uploads\/2026\/03\/Design-sem-nome-54.jpg?resize=150%2C100&amp;ssl=1 150w, https:\/\/i0.wp.com\/maratonadoconsumidor.com.br\/wp-content\/uploads\/2026\/03\/Design-sem-nome-54.jpg?resize=330%2C220&amp;ssl=1 330w, https:\/\/i0.wp.com\/maratonadoconsumidor.com.br\/wp-content\/uploads\/2026\/03\/Design-sem-nome-54.jpg?resize=420%2C280&amp;ssl=1 420w, https:\/\/i0.wp.com\/maratonadoconsumidor.com.br\/wp-content\/uploads\/2026\/03\/Design-sem-nome-54.jpg?resize=510%2C340&amp;ssl=1 510w, https:\/\/i0.wp.com\/maratonadoconsumidor.com.br\/wp-content\/uploads\/2026\/03\/Design-sem-nome-54.jpg?w=1200&amp;ssl=1 1200w\" sizes=\"(max-width: 960px) 100vw, 960px\" \/><\/figure>\n\n\n\n<h2 class=\"wp-block-heading\">O Convite ao Banquete<\/h2>\n\n\n\n<p>Agora que voc\u00ea domina todos os segredos, desde a escolha do tomate perfeito at\u00e9 o toque final do or\u00e9gano, a cozinha espera por voc\u00ea. <\/p>\n\n\n\n<p>Preparar uma <strong>salada grega aut\u00eantica<\/strong> \u00e9 um exerc\u00edcio de paci\u00eancia e respeito aos ciclos da natureza. N\u00e3o tenha pressa. <\/p>\n\n\n\n<p>Sinta o aroma do azeite, observe as cores contrastantes e permita-se viajar sem sair de casa.<\/p>\n\n\n\n<p>Que tal preparar essa del\u00edcia hoje mesmo e surpreender quem voc\u00ea ama com um sabor que atravessa mil\u00eanios?<\/p>\n\n\n\n<p> O Mediterr\u00e2neo n\u00e3o \u00e9 apenas um lugar no mapa, \u00e9 um estado de esp\u00edrito que voc\u00ea pode servir em uma tigela. Bom apetite, ou como dizem os gregos: <em>Kali Orexi!<\/em><\/p>","protected":false},"excerpt":{"rendered":"<p>Imagine-se em uma pequena taverna \u00e0 beira-mar em Santorini, onde o azul do teto se funde com o do Mar Egeu. \u00c0 sua frente, chega uma tigela r\u00fastica transbordando cores vibrantes: o vermelho vivo dos tomates maduros, o verde crocante dos pepinos e o branco imaculado de um generoso bloco de queijo feta. A Salada<\/p>","protected":false},"author":1,"featured_media":1188,"comment_status":"open","ping_status":"open","sticky":false,"template":"","format":"standard","meta":{"_mbp_gutenberg_autopost":false,"jetpack_post_was_ever_published":false,"_jetpack_newsletter_access":"","_jetpack_dont_email_post_to_subs":false,"_jetpack_newsletter_tier_id":0,"_jetpack_memberships_contains_paywalled_content":false,"_jetpack_memberships_contains_paid_content":false,"footnotes":"","jetpack_publicize_message":"","jetpack_publicize_feature_enabled":true,"jetpack_social_post_already_shared":false,"jetpack_social_options":{"image_generator_settings":{"template":"highway","default_image_id":0,"font":"","enabled":false},"version":2}},"categories":[140],"tags":[197,200,198,199,196],"class_list":["post-1187","post","type-post","status-publish","format-standard","has-post-thumbnail","hentry","category-culinaria","tag-alimentacao-saudavel","tag-culinaria-grega","tag-queijo-feta","tag-receita-mediterranea","tag-salada-grega"],"yoast_head":"<!-- This site is optimized with the Yoast SEO plugin v27.4 - https:\/\/yoast.com\/product\/yoast-seo-wordpress\/ -->\n<title>A Ess\u00eancia do Mediterr\u00e2neo: Salada Grega Perfeita<\/title>\n<meta name=\"description\" content=\"Aprenda como fazer uma deliciosa salada grega aut\u00eantica. Descubra os segredos da Horiatiki original com queijo feta, azeite de oliva\" \/>\n<meta name=\"robots\" content=\"index, follow, max-snippet:-1, max-image-preview:large, max-video-preview:-1\" \/>\n<link rel=\"canonical\" href=\"https:\/\/maratonadoconsumidor.com.br\/en\/a-essencia-do-mediterraneo-salada-grega-perfeita\/\" \/>\n<meta property=\"og:locale\" content=\"en_US\" \/>\n<meta property=\"og:type\" content=\"article\" \/>\n<meta property=\"og:title\" content=\"A Ess\u00eancia do Mediterr\u00e2neo: Salada Grega Perfeita\" \/>\n<meta property=\"og:description\" content=\"Aprenda como fazer uma deliciosa salada grega aut\u00eantica. Descubra os segredos da Horiatiki original com queijo feta, azeite de oliva\" \/>\n<meta property=\"og:url\" content=\"https:\/\/maratonadoconsumidor.com.br\/en\/a-essencia-do-mediterraneo-salada-grega-perfeita\/\" \/>\n<meta property=\"article:publisher\" content=\"https:\/\/www.facebook.com\/canaldomaratonadoconsumidor\" \/>\n<meta property=\"article:published_time\" content=\"2026-03-22T16:07:56+00:00\" \/>\n<meta property=\"article:modified_time\" content=\"2026-03-22T16:08:02+00:00\" \/>\n<meta property=\"og:image\" content=\"https:\/\/maratonadoconsumidor.com.br\/wp-content\/uploads\/2026\/03\/Design-sem-nome-55.jpg\" \/>\n\t<meta property=\"og:image:width\" content=\"1200\" \/>\n\t<meta property=\"og:image:height\" content=\"800\" \/>\n\t<meta property=\"og:image:type\" content=\"image\/jpeg\" \/>\n<meta name=\"author\" content=\"Emilio de Vicente\" \/>\n<meta name=\"twitter:card\" content=\"summary_large_image\" \/>\n<meta name=\"twitter:creator\" content=\"@MaratonadoCons1\" \/>\n<meta name=\"twitter:site\" content=\"@MaratonadoCons1\" \/>\n<meta name=\"twitter:label1\" content=\"Written by\" \/>\n\t<meta name=\"twitter:data1\" content=\"Emilio de Vicente\" \/>\n\t<meta name=\"twitter:label2\" content=\"Est. reading time\" \/>\n\t<meta name=\"twitter:data2\" content=\"7 minutes\" \/>\n<script type=\"application\/ld+json\" class=\"yoast-schema-graph\">{\"@context\":\"https:\\\/\\\/schema.org\",\"@graph\":[{\"@type\":\"Article\",\"@id\":\"https:\\\/\\\/maratonadoconsumidor.com.br\\\/a-essencia-do-mediterraneo-salada-grega-perfeita\\\/#article\",\"isPartOf\":{\"@id\":\"https:\\\/\\\/maratonadoconsumidor.com.br\\\/a-essencia-do-mediterraneo-salada-grega-perfeita\\\/\"},\"author\":{\"name\":\"Emilio de Vicente\",\"@id\":\"https:\\\/\\\/maratonadoconsumidor.com.br\\\/#\\\/schema\\\/person\\\/01c74586a582dc988d4334293f57343c\"},\"headline\":\"A Ess\u00eancia do Mediterr\u00e2neo: Salada Grega Perfeita\",\"datePublished\":\"2026-03-22T16:07:56+00:00\",\"dateModified\":\"2026-03-22T16:08:02+00:00\",\"mainEntityOfPage\":{\"@id\":\"https:\\\/\\\/maratonadoconsumidor.com.br\\\/a-essencia-do-mediterraneo-salada-grega-perfeita\\\/\"},\"wordCount\":1182,\"commentCount\":0,\"publisher\":{\"@id\":\"https:\\\/\\\/maratonadoconsumidor.com.br\\\/#organization\"},\"image\":{\"@id\":\"https:\\\/\\\/maratonadoconsumidor.com.br\\\/a-essencia-do-mediterraneo-salada-grega-perfeita\\\/#primaryimage\"},\"thumbnailUrl\":\"https:\\\/\\\/i0.wp.com\\\/maratonadoconsumidor.com.br\\\/wp-content\\\/uploads\\\/2026\\\/03\\\/Design-sem-nome-55.jpg?fit=1200%2C800&ssl=1\",\"keywords\":[\"alimenta\u00e7\u00e3o saud\u00e1vel\",\"culin\u00e1ria grega\",\"queijo feta\",\"receita mediterr\u00e2nea\",\"salada grega\"],\"articleSection\":[\"Culin\u00e1ria\"],\"inLanguage\":\"en-US\",\"potentialAction\":[{\"@type\":\"CommentAction\",\"name\":\"Comment\",\"target\":[\"https:\\\/\\\/maratonadoconsumidor.com.br\\\/a-essencia-do-mediterraneo-salada-grega-perfeita\\\/#respond\"]}]},{\"@type\":\"WebPage\",\"@id\":\"https:\\\/\\\/maratonadoconsumidor.com.br\\\/a-essencia-do-mediterraneo-salada-grega-perfeita\\\/\",\"url\":\"https:\\\/\\\/maratonadoconsumidor.com.br\\\/a-essencia-do-mediterraneo-salada-grega-perfeita\\\/\",\"name\":\"A Ess\u00eancia do Mediterr\u00e2neo: Salada Grega Perfeita\",\"isPartOf\":{\"@id\":\"https:\\\/\\\/maratonadoconsumidor.com.br\\\/#website\"},\"primaryImageOfPage\":{\"@id\":\"https:\\\/\\\/maratonadoconsumidor.com.br\\\/a-essencia-do-mediterraneo-salada-grega-perfeita\\\/#primaryimage\"},\"image\":{\"@id\":\"https:\\\/\\\/maratonadoconsumidor.com.br\\\/a-essencia-do-mediterraneo-salada-grega-perfeita\\\/#primaryimage\"},\"thumbnailUrl\":\"https:\\\/\\\/i0.wp.com\\\/maratonadoconsumidor.com.br\\\/wp-content\\\/uploads\\\/2026\\\/03\\\/Design-sem-nome-55.jpg?fit=1200%2C800&ssl=1\",\"datePublished\":\"2026-03-22T16:07:56+00:00\",\"dateModified\":\"2026-03-22T16:08:02+00:00\",\"description\":\"Aprenda como fazer uma deliciosa salada grega aut\u00eantica. Descubra os segredos da Horiatiki original com queijo feta, azeite de oliva\",\"breadcrumb\":{\"@id\":\"https:\\\/\\\/maratonadoconsumidor.com.br\\\/a-essencia-do-mediterraneo-salada-grega-perfeita\\\/#breadcrumb\"},\"inLanguage\":\"en-US\",\"potentialAction\":[{\"@type\":\"ReadAction\",\"target\":[\"https:\\\/\\\/maratonadoconsumidor.com.br\\\/a-essencia-do-mediterraneo-salada-grega-perfeita\\\/\"]}]},{\"@type\":\"ImageObject\",\"inLanguage\":\"en-US\",\"@id\":\"https:\\\/\\\/maratonadoconsumidor.com.br\\\/a-essencia-do-mediterraneo-salada-grega-perfeita\\\/#primaryimage\",\"url\":\"https:\\\/\\\/i0.wp.com\\\/maratonadoconsumidor.com.br\\\/wp-content\\\/uploads\\\/2026\\\/03\\\/Design-sem-nome-55.jpg?fit=1200%2C800&ssl=1\",\"contentUrl\":\"https:\\\/\\\/i0.wp.com\\\/maratonadoconsumidor.com.br\\\/wp-content\\\/uploads\\\/2026\\\/03\\\/Design-sem-nome-55.jpg?fit=1200%2C800&ssl=1\",\"width\":1200,\"height\":800,\"caption\":\"A Ess\u00eancia do Mediterr\u00e2neo: Salada Grega Perfeita\"},{\"@type\":\"BreadcrumbList\",\"@id\":\"https:\\\/\\\/maratonadoconsumidor.com.br\\\/a-essencia-do-mediterraneo-salada-grega-perfeita\\\/#breadcrumb\",\"itemListElement\":[{\"@type\":\"ListItem\",\"position\":1,\"name\":\"In\u00edcio\",\"item\":\"https:\\\/\\\/maratonadoconsumidor.com.br\\\/\"},{\"@type\":\"ListItem\",\"position\":2,\"name\":\"A Ess\u00eancia do Mediterr\u00e2neo: Salada Grega Perfeita\"}]},{\"@type\":\"WebSite\",\"@id\":\"https:\\\/\\\/maratonadoconsumidor.com.br\\\/#website\",\"url\":\"https:\\\/\\\/maratonadoconsumidor.com.br\\\/\",\"name\":\"Maratona do Consumidor\",\"description\":\"\",\"publisher\":{\"@id\":\"https:\\\/\\\/maratonadoconsumidor.com.br\\\/#organization\"},\"potentialAction\":[{\"@type\":\"SearchAction\",\"target\":{\"@type\":\"EntryPoint\",\"urlTemplate\":\"https:\\\/\\\/maratonadoconsumidor.com.br\\\/?s={search_term_string}\"},\"query-input\":{\"@type\":\"PropertyValueSpecification\",\"valueRequired\":true,\"valueName\":\"search_term_string\"}}],\"inLanguage\":\"en-US\"},{\"@type\":\"Organization\",\"@id\":\"https:\\\/\\\/maratonadoconsumidor.com.br\\\/#organization\",\"name\":\"Maratona do Consumidor\",\"url\":\"https:\\\/\\\/maratonadoconsumidor.com.br\\\/\",\"logo\":{\"@type\":\"ImageObject\",\"inLanguage\":\"en-US\",\"@id\":\"https:\\\/\\\/maratonadoconsumidor.com.br\\\/#\\\/schema\\\/logo\\\/image\\\/\",\"url\":\"https:\\\/\\\/maratonadoconsumidor.com.br\\\/wp-content\\\/uploads\\\/2025\\\/06\\\/MARATONA-DO-CONSUMIDOR-160.png\",\"contentUrl\":\"https:\\\/\\\/maratonadoconsumidor.com.br\\\/wp-content\\\/uploads\\\/2025\\\/06\\\/MARATONA-DO-CONSUMIDOR-160.png\",\"width\":180,\"height\":60,\"caption\":\"Maratona do Consumidor\"},\"image\":{\"@id\":\"https:\\\/\\\/maratonadoconsumidor.com.br\\\/#\\\/schema\\\/logo\\\/image\\\/\"},\"sameAs\":[\"https:\\\/\\\/www.facebook.com\\\/canaldomaratonadoconsumidor\",\"https:\\\/\\\/x.com\\\/MaratonadoCons1\",\"https:\\\/\\\/www.instagram.com\\\/maratonadoconsumidor\\\/\",\"https:\\\/\\\/www.youtube.com\\\/@MaratonadoConsumidor\"]},{\"@type\":\"Person\",\"@id\":\"https:\\\/\\\/maratonadoconsumidor.com.br\\\/#\\\/schema\\\/person\\\/01c74586a582dc988d4334293f57343c\",\"name\":\"Emilio de Vicente\",\"image\":{\"@type\":\"ImageObject\",\"inLanguage\":\"en-US\",\"@id\":\"https:\\\/\\\/maratonadoconsumidor.com.br\\\/wp-content\\\/uploads\\\/2025\\\/09\\\/cropped-Captura-de-tela-2024-05-15-133101-96x96.png\",\"url\":\"https:\\\/\\\/maratonadoconsumidor.com.br\\\/wp-content\\\/uploads\\\/2025\\\/09\\\/cropped-Captura-de-tela-2024-05-15-133101-96x96.png\",\"contentUrl\":\"https:\\\/\\\/maratonadoconsumidor.com.br\\\/wp-content\\\/uploads\\\/2025\\\/09\\\/cropped-Captura-de-tela-2024-05-15-133101-96x96.png\",\"caption\":\"Emilio de Vicente\"},\"description\":\"Emilio de Vicente \u00e9 o autor e respons\u00e1vel pelos conte\u00fados do site Maratona do Consumidor, trazendo informa\u00e7\u00f5es atualizadas, an\u00e1lises profundas e artigos relevantes sobre diversos temas do cotidiano relacionados dicas, comparativos de produtos e pre\u00e7os, consumo inteligente, finan\u00e7as em geral e muito mais.\",\"sameAs\":[\"https:\\\/\\\/maratonadoconsumidor.com.br\"],\"url\":\"https:\\\/\\\/maratonadoconsumidor.com.br\\\/en\\\/author\\\/emilio\\\/\"}]}<\/script>\n<!-- \/ Yoast SEO plugin. -->","yoast_head_json":{"title":"A Ess\u00eancia do Mediterr\u00e2neo: Salada Grega Perfeita","description":"Aprenda como fazer uma deliciosa salada grega aut\u00eantica. Descubra os segredos da Horiatiki original com queijo feta, azeite de oliva","robots":{"index":"index","follow":"follow","max-snippet":"max-snippet:-1","max-image-preview":"max-image-preview:large","max-video-preview":"max-video-preview:-1"},"canonical":"https:\/\/maratonadoconsumidor.com.br\/en\/a-essencia-do-mediterraneo-salada-grega-perfeita\/","og_locale":"en_US","og_type":"article","og_title":"A Ess\u00eancia do Mediterr\u00e2neo: Salada Grega Perfeita","og_description":"Aprenda como fazer uma deliciosa salada grega aut\u00eantica. Descubra os segredos da Horiatiki original com queijo feta, azeite de oliva","og_url":"https:\/\/maratonadoconsumidor.com.br\/en\/a-essencia-do-mediterraneo-salada-grega-perfeita\/","article_publisher":"https:\/\/www.facebook.com\/canaldomaratonadoconsumidor","article_published_time":"2026-03-22T16:07:56+00:00","article_modified_time":"2026-03-22T16:08:02+00:00","og_image":[{"width":1200,"height":800,"url":"https:\/\/maratonadoconsumidor.com.br\/wp-content\/uploads\/2026\/03\/Design-sem-nome-55.jpg","type":"image\/jpeg"}],"author":"Emilio de Vicente","twitter_card":"summary_large_image","twitter_creator":"@MaratonadoCons1","twitter_site":"@MaratonadoCons1","twitter_misc":{"Written by":"Emilio de Vicente","Est. reading time":"7 minutes"},"schema":{"@context":"https:\/\/schema.org","@graph":[{"@type":"Article","@id":"https:\/\/maratonadoconsumidor.com.br\/a-essencia-do-mediterraneo-salada-grega-perfeita\/#article","isPartOf":{"@id":"https:\/\/maratonadoconsumidor.com.br\/a-essencia-do-mediterraneo-salada-grega-perfeita\/"},"author":{"name":"Emilio de Vicente","@id":"https:\/\/maratonadoconsumidor.com.br\/#\/schema\/person\/01c74586a582dc988d4334293f57343c"},"headline":"A Ess\u00eancia do Mediterr\u00e2neo: Salada Grega Perfeita","datePublished":"2026-03-22T16:07:56+00:00","dateModified":"2026-03-22T16:08:02+00:00","mainEntityOfPage":{"@id":"https:\/\/maratonadoconsumidor.com.br\/a-essencia-do-mediterraneo-salada-grega-perfeita\/"},"wordCount":1182,"commentCount":0,"publisher":{"@id":"https:\/\/maratonadoconsumidor.com.br\/#organization"},"image":{"@id":"https:\/\/maratonadoconsumidor.com.br\/a-essencia-do-mediterraneo-salada-grega-perfeita\/#primaryimage"},"thumbnailUrl":"https:\/\/i0.wp.com\/maratonadoconsumidor.com.br\/wp-content\/uploads\/2026\/03\/Design-sem-nome-55.jpg?fit=1200%2C800&ssl=1","keywords":["alimenta\u00e7\u00e3o saud\u00e1vel","culin\u00e1ria grega","queijo feta","receita mediterr\u00e2nea","salada grega"],"articleSection":["Culin\u00e1ria"],"inLanguage":"en-US","potentialAction":[{"@type":"CommentAction","name":"Comment","target":["https:\/\/maratonadoconsumidor.com.br\/a-essencia-do-mediterraneo-salada-grega-perfeita\/#respond"]}]},{"@type":"WebPage","@id":"https:\/\/maratonadoconsumidor.com.br\/a-essencia-do-mediterraneo-salada-grega-perfeita\/","url":"https:\/\/maratonadoconsumidor.com.br\/a-essencia-do-mediterraneo-salada-grega-perfeita\/","name":"A Ess\u00eancia do Mediterr\u00e2neo: Salada Grega Perfeita","isPartOf":{"@id":"https:\/\/maratonadoconsumidor.com.br\/#website"},"primaryImageOfPage":{"@id":"https:\/\/maratonadoconsumidor.com.br\/a-essencia-do-mediterraneo-salada-grega-perfeita\/#primaryimage"},"image":{"@id":"https:\/\/maratonadoconsumidor.com.br\/a-essencia-do-mediterraneo-salada-grega-perfeita\/#primaryimage"},"thumbnailUrl":"https:\/\/i0.wp.com\/maratonadoconsumidor.com.br\/wp-content\/uploads\/2026\/03\/Design-sem-nome-55.jpg?fit=1200%2C800&ssl=1","datePublished":"2026-03-22T16:07:56+00:00","dateModified":"2026-03-22T16:08:02+00:00","description":"Aprenda como fazer uma deliciosa salada grega aut\u00eantica. Descubra os segredos da Horiatiki original com queijo feta, azeite de oliva","breadcrumb":{"@id":"https:\/\/maratonadoconsumidor.com.br\/a-essencia-do-mediterraneo-salada-grega-perfeita\/#breadcrumb"},"inLanguage":"en-US","potentialAction":[{"@type":"ReadAction","target":["https:\/\/maratonadoconsumidor.com.br\/a-essencia-do-mediterraneo-salada-grega-perfeita\/"]}]},{"@type":"ImageObject","inLanguage":"en-US","@id":"https:\/\/maratonadoconsumidor.com.br\/a-essencia-do-mediterraneo-salada-grega-perfeita\/#primaryimage","url":"https:\/\/i0.wp.com\/maratonadoconsumidor.com.br\/wp-content\/uploads\/2026\/03\/Design-sem-nome-55.jpg?fit=1200%2C800&ssl=1","contentUrl":"https:\/\/i0.wp.com\/maratonadoconsumidor.com.br\/wp-content\/uploads\/2026\/03\/Design-sem-nome-55.jpg?fit=1200%2C800&ssl=1","width":1200,"height":800,"caption":"A Ess\u00eancia do Mediterr\u00e2neo: Salada Grega Perfeita"},{"@type":"BreadcrumbList","@id":"https:\/\/maratonadoconsumidor.com.br\/a-essencia-do-mediterraneo-salada-grega-perfeita\/#breadcrumb","itemListElement":[{"@type":"ListItem","position":1,"name":"In\u00edcio","item":"https:\/\/maratonadoconsumidor.com.br\/"},{"@type":"ListItem","position":2,"name":"A Ess\u00eancia do Mediterr\u00e2neo: Salada Grega Perfeita"}]},{"@type":"WebSite","@id":"https:\/\/maratonadoconsumidor.com.br\/#website","url":"https:\/\/maratonadoconsumidor.com.br\/","name":"Maratona do Consumidor","description":"","publisher":{"@id":"https:\/\/maratonadoconsumidor.com.br\/#organization"},"potentialAction":[{"@type":"SearchAction","target":{"@type":"EntryPoint","urlTemplate":"https:\/\/maratonadoconsumidor.com.br\/?s={search_term_string}"},"query-input":{"@type":"PropertyValueSpecification","valueRequired":true,"valueName":"search_term_string"}}],"inLanguage":"en-US"},{"@type":"Organization","@id":"https:\/\/maratonadoconsumidor.com.br\/#organization","name":"Maratona do Consumidor","url":"https:\/\/maratonadoconsumidor.com.br\/","logo":{"@type":"ImageObject","inLanguage":"en-US","@id":"https:\/\/maratonadoconsumidor.com.br\/#\/schema\/logo\/image\/","url":"https:\/\/maratonadoconsumidor.com.br\/wp-content\/uploads\/2025\/06\/MARATONA-DO-CONSUMIDOR-160.png","contentUrl":"https:\/\/maratonadoconsumidor.com.br\/wp-content\/uploads\/2025\/06\/MARATONA-DO-CONSUMIDOR-160.png","width":180,"height":60,"caption":"Maratona do Consumidor"},"image":{"@id":"https:\/\/maratonadoconsumidor.com.br\/#\/schema\/logo\/image\/"},"sameAs":["https:\/\/www.facebook.com\/canaldomaratonadoconsumidor","https:\/\/x.com\/MaratonadoCons1","https:\/\/www.instagram.com\/maratonadoconsumidor\/","https:\/\/www.youtube.com\/@MaratonadoConsumidor"]},{"@type":"Person","@id":"https:\/\/maratonadoconsumidor.com.br\/#\/schema\/person\/01c74586a582dc988d4334293f57343c","name":"Emilio de Vicente","image":{"@type":"ImageObject","inLanguage":"en-US","@id":"https:\/\/maratonadoconsumidor.com.br\/wp-content\/uploads\/2025\/09\/cropped-Captura-de-tela-2024-05-15-133101-96x96.png","url":"https:\/\/maratonadoconsumidor.com.br\/wp-content\/uploads\/2025\/09\/cropped-Captura-de-tela-2024-05-15-133101-96x96.png","contentUrl":"https:\/\/maratonadoconsumidor.com.br\/wp-content\/uploads\/2025\/09\/cropped-Captura-de-tela-2024-05-15-133101-96x96.png","caption":"Emilio de Vicente"},"description":"Emilio de Vicente \u00e9 o autor e respons\u00e1vel pelos conte\u00fados do site Maratona do Consumidor, trazendo informa\u00e7\u00f5es atualizadas, an\u00e1lises profundas e artigos relevantes sobre diversos temas do cotidiano relacionados dicas, comparativos de produtos e pre\u00e7os, consumo inteligente, finan\u00e7as em geral e muito mais.","sameAs":["https:\/\/maratonadoconsumidor.com.br"],"url":"https:\/\/maratonadoconsumidor.com.br\/en\/author\/emilio\/"}]}},"jetpack_publicize_connections":[],"jetpack_featured_media_url":"https:\/\/i0.wp.com\/maratonadoconsumidor.com.br\/wp-content\/uploads\/2026\/03\/Design-sem-nome-55.jpg?fit=1200%2C800&ssl=1","jetpack-related-posts":[{"id":1249,"url":"https:\/\/maratonadoconsumidor.com.br\/en\/como-o-pistache-e-a-air-fryer-transformaram-a-culinaria-moderna\/","url_meta":{"origin":1187,"position":0},"title":"Como o Pistache e a Air Fryer Transformaram a Culin\u00e1ria Moderna","author":"Emilio de Vicente","date":"2 de April de 2026","format":false,"excerpt":"A gastronomia vive ciclos de fasc\u00ednio, e raramente vimos um encontro t\u00e3o perfeito entre ingrediente e t\u00e9cnica como o que presenciamos agora. De um lado, o\u00a0pistache, a \"p\u00e9rola verde\" do Oriente M\u00e9dio, que deixou de ser um simples petisco de bar para protagonizar sobremesas de luxo e pratos refinados. De\u2026","rel":"","context":"In &quot;Culin\u00e1ria&quot;","block_context":{"text":"Culin\u00e1ria","link":"https:\/\/maratonadoconsumidor.com.br\/en\/category\/culinaria\/"},"img":{"alt_text":"Como o Pistache e a Air Fryer Transformaram a Culin\u00e1ria Moderna","src":"https:\/\/i0.wp.com\/maratonadoconsumidor.com.br\/wp-content\/uploads\/2026\/04\/image_cccac38e.png?fit=1200%2C670&ssl=1&resize=350%2C200","width":350,"height":200,"srcset":"https:\/\/i0.wp.com\/maratonadoconsumidor.com.br\/wp-content\/uploads\/2026\/04\/image_cccac38e.png?fit=1200%2C670&ssl=1&resize=350%2C200 1x, https:\/\/i0.wp.com\/maratonadoconsumidor.com.br\/wp-content\/uploads\/2026\/04\/image_cccac38e.png?fit=1200%2C670&ssl=1&resize=525%2C300 1.5x, https:\/\/i0.wp.com\/maratonadoconsumidor.com.br\/wp-content\/uploads\/2026\/04\/image_cccac38e.png?fit=1200%2C670&ssl=1&resize=700%2C400 2x, https:\/\/i0.wp.com\/maratonadoconsumidor.com.br\/wp-content\/uploads\/2026\/04\/image_cccac38e.png?fit=1200%2C670&ssl=1&resize=1050%2C600 3x"},"classes":[]},{"id":1315,"url":"https:\/\/maratonadoconsumidor.com.br\/en\/o-guia-definitivo-do-verdadeiro-macarrao-a-bolonhesa\/","url_meta":{"origin":1187,"position":1},"title":"A Alma da It\u00e1lia no Prato: O Guia Definitivo do Verdadeiro Macarr\u00e3o \u00e0 Bolonhesa","author":"Emilio de Vicente","date":"16 de April de 2026","format":false,"excerpt":"Muitas receitas pelo mundo levam o nome de \"Bolonhesa\", mas poucas realmente honram o que nasce nas cozinhas de\u00a0Bologna, na regi\u00e3o da\u00a0Emilia-Romagna. O que muitos conhecem como um simples molho de carne mo\u00edda e tomate \u00e9, na verdade, uma obra de paci\u00eancia, camadas de sabor e t\u00e9cnica refinada. O verdadeiro\u00a0Rag\u00f9\u2026","rel":"","context":"In &quot;Culin\u00e1ria&quot;","block_context":{"text":"Culin\u00e1ria","link":"https:\/\/maratonadoconsumidor.com.br\/en\/category\/culinaria\/"},"img":{"alt_text":"A Alma da It\u00e1lia no Prato: O Guia Definitivo do Verdadeiro Macarr\u00e3o \u00e0 Bolonhesa","src":"https:\/\/i0.wp.com\/maratonadoconsumidor.com.br\/wp-content\/uploads\/2026\/04\/pexels-shameel-mukkath-3421394-5639896-scaled.jpg?fit=1200%2C831&ssl=1&resize=350%2C200","width":350,"height":200,"srcset":"https:\/\/i0.wp.com\/maratonadoconsumidor.com.br\/wp-content\/uploads\/2026\/04\/pexels-shameel-mukkath-3421394-5639896-scaled.jpg?fit=1200%2C831&ssl=1&resize=350%2C200 1x, https:\/\/i0.wp.com\/maratonadoconsumidor.com.br\/wp-content\/uploads\/2026\/04\/pexels-shameel-mukkath-3421394-5639896-scaled.jpg?fit=1200%2C831&ssl=1&resize=525%2C300 1.5x, https:\/\/i0.wp.com\/maratonadoconsumidor.com.br\/wp-content\/uploads\/2026\/04\/pexels-shameel-mukkath-3421394-5639896-scaled.jpg?fit=1200%2C831&ssl=1&resize=700%2C400 2x, https:\/\/i0.wp.com\/maratonadoconsumidor.com.br\/wp-content\/uploads\/2026\/04\/pexels-shameel-mukkath-3421394-5639896-scaled.jpg?fit=1200%2C831&ssl=1&resize=1050%2C600 3x"},"classes":[]},{"id":1069,"url":"https:\/\/maratonadoconsumidor.com.br\/en\/como-fazer-um-delicioso-frango-ao-molho-pardo\/","url_meta":{"origin":1187,"position":2},"title":"Como fazer um delicioso frango ao molho pardo?","author":"Emilio de Vicente","date":"9 de March de 2026","format":false,"excerpt":"Um cl\u00e1ssico da culin\u00e1ria brasileira cheio de tradi\u00e7\u00e3o O frango ao molho pardo \u00e9 uma das receitas mais tradicionais da culin\u00e1ria brasileira. Presente principalmente nas regi\u00f5es de Minas Gerais, Goi\u00e1s e interior de S\u00e3o Paulo, esse prato carrega hist\u00f3ria, cultura e muito sabor. Em muitas fam\u00edlias, ele \u00e9 preparado em\u2026","rel":"","context":"In &quot;Culin\u00e1ria&quot;","block_context":{"text":"Culin\u00e1ria","link":"https:\/\/maratonadoconsumidor.com.br\/en\/category\/culinaria\/"},"img":{"alt_text":"Como fazer um delicioso frango ao molho pardo?","src":"https:\/\/i0.wp.com\/maratonadoconsumidor.com.br\/wp-content\/uploads\/2026\/03\/Design-sem-nome-15.jpg?fit=1200%2C800&ssl=1&resize=350%2C200","width":350,"height":200,"srcset":"https:\/\/i0.wp.com\/maratonadoconsumidor.com.br\/wp-content\/uploads\/2026\/03\/Design-sem-nome-15.jpg?fit=1200%2C800&ssl=1&resize=350%2C200 1x, https:\/\/i0.wp.com\/maratonadoconsumidor.com.br\/wp-content\/uploads\/2026\/03\/Design-sem-nome-15.jpg?fit=1200%2C800&ssl=1&resize=525%2C300 1.5x, https:\/\/i0.wp.com\/maratonadoconsumidor.com.br\/wp-content\/uploads\/2026\/03\/Design-sem-nome-15.jpg?fit=1200%2C800&ssl=1&resize=700%2C400 2x, https:\/\/i0.wp.com\/maratonadoconsumidor.com.br\/wp-content\/uploads\/2026\/03\/Design-sem-nome-15.jpg?fit=1200%2C800&ssl=1&resize=1050%2C600 3x"},"classes":[]},{"id":1062,"url":"https:\/\/maratonadoconsumidor.com.br\/en\/como-fazer-um-delicioso-arroz-doce-em-casa\/","url_meta":{"origin":1187,"position":3},"title":"Como Fazer um Delicioso Arroz Doce em Casa","author":"Emilio de Vicente","date":"8 de March de 2026","format":false,"excerpt":"Um cl\u00e1ssico que aquece o cora\u00e7\u00e3o Poucas sobremesas s\u00e3o t\u00e3o reconfortantes quanto um prato de arroz doce rec\u00e9m-preparado. Cremoso, arom\u00e1tico e com aquele toque caseiro que lembra inf\u00e2ncia e momentos em fam\u00edlia, esse doce atravessa gera\u00e7\u00f5es e continua sendo uma das receitas mais queridas da culin\u00e1ria brasileira. Presente em festas\u2026","rel":"","context":"In &quot;Culin\u00e1ria&quot;","block_context":{"text":"Culin\u00e1ria","link":"https:\/\/maratonadoconsumidor.com.br\/en\/category\/culinaria\/"},"img":{"alt_text":"Como Fazer um Delicioso Arroz Doce em Casa","src":"https:\/\/i0.wp.com\/maratonadoconsumidor.com.br\/wp-content\/uploads\/2026\/03\/Design-sem-nome-11.jpg?fit=1200%2C800&ssl=1&resize=350%2C200","width":350,"height":200,"srcset":"https:\/\/i0.wp.com\/maratonadoconsumidor.com.br\/wp-content\/uploads\/2026\/03\/Design-sem-nome-11.jpg?fit=1200%2C800&ssl=1&resize=350%2C200 1x, https:\/\/i0.wp.com\/maratonadoconsumidor.com.br\/wp-content\/uploads\/2026\/03\/Design-sem-nome-11.jpg?fit=1200%2C800&ssl=1&resize=525%2C300 1.5x, https:\/\/i0.wp.com\/maratonadoconsumidor.com.br\/wp-content\/uploads\/2026\/03\/Design-sem-nome-11.jpg?fit=1200%2C800&ssl=1&resize=700%2C400 2x, https:\/\/i0.wp.com\/maratonadoconsumidor.com.br\/wp-content\/uploads\/2026\/03\/Design-sem-nome-11.jpg?fit=1200%2C800&ssl=1&resize=1050%2C600 3x"},"classes":[]},{"id":1102,"url":"https:\/\/maratonadoconsumidor.com.br\/en\/receita-de-pudim-de-leite-caseiro-aprenda-a-fazer\/","url_meta":{"origin":1187,"position":4},"title":"Receita de Pudim de Leite Caseiro: Aprenda a Fazer essa Sobremesa Cl\u00e1ssica e Irresist\u00edvel","author":"Emilio de Vicente","date":"13 de March de 2026","format":false,"excerpt":"O pudim de leite caseiro \u00e9 uma das sobremesas mais tradicionais da culin\u00e1ria brasileira. Presente em almo\u00e7os de fam\u00edlia, festas e celebra\u00e7\u00f5es especiais, ele conquista gera\u00e7\u00f5es com sua textura cremosa, sabor suave e aquela deliciosa calda de caramelo. Apesar de parecer uma receita sofisticada, preparar pudim de leite condensado em\u2026","rel":"","context":"In &quot;Culin\u00e1ria&quot;","block_context":{"text":"Culin\u00e1ria","link":"https:\/\/maratonadoconsumidor.com.br\/en\/category\/culinaria\/"},"img":{"alt_text":"Receita de Pudim de Leite Caseiro: Aprenda a Fazer essa Sobremesa Cl\u00e1ssica e Irresist\u00edvel","src":"https:\/\/i0.wp.com\/maratonadoconsumidor.com.br\/wp-content\/uploads\/2026\/03\/Design-sem-nome-37.jpg?fit=1200%2C800&ssl=1&resize=350%2C200","width":350,"height":200,"srcset":"https:\/\/i0.wp.com\/maratonadoconsumidor.com.br\/wp-content\/uploads\/2026\/03\/Design-sem-nome-37.jpg?fit=1200%2C800&ssl=1&resize=350%2C200 1x, https:\/\/i0.wp.com\/maratonadoconsumidor.com.br\/wp-content\/uploads\/2026\/03\/Design-sem-nome-37.jpg?fit=1200%2C800&ssl=1&resize=525%2C300 1.5x, https:\/\/i0.wp.com\/maratonadoconsumidor.com.br\/wp-content\/uploads\/2026\/03\/Design-sem-nome-37.jpg?fit=1200%2C800&ssl=1&resize=700%2C400 2x, https:\/\/i0.wp.com\/maratonadoconsumidor.com.br\/wp-content\/uploads\/2026\/03\/Design-sem-nome-37.jpg?fit=1200%2C800&ssl=1&resize=1050%2C600 3x"},"classes":[]},{"id":820,"url":"https:\/\/maratonadoconsumidor.com.br\/en\/pais-da-america-do-sul-para-sua-proxima-grande-viagem\/","url_meta":{"origin":1187,"position":5},"title":"\ud83c\udf0d\u2708\ufe0f O Guia Definitivo para Escolher o Melhor Pa\u00eds da Am\u00e9rica do Sul para Sua Pr\u00f3xima Grande Viagem","author":"Emilio de Vicente","date":"1 de November de 2025","format":false,"excerpt":"A Am\u00e9rica do Sul \u00e9 um continente de contrastes deslumbrantes, que se estende dos picos nevados dos Andes \u00e0s praias tropicais do Caribe, e das selvas densas da Amaz\u00f4nia \u00e0s paisagens lunares do Atacama. Para o viajante que busca uma experi\u00eancia aut\u00eantica, profunda e memor\u00e1vel, a escolha do \u201cmelhor\u201d pa\u00eds\u2026","rel":"","context":"In &quot;Turismo&quot;","block_context":{"text":"Turismo","link":"https:\/\/maratonadoconsumidor.com.br\/en\/category\/turismo\/"},"img":{"alt_text":"O Guia Definitivo para Escolher o Melhor Pa\u00eds da Am\u00e9rica do Sul para Sua Pr\u00f3xima Grande Viagem","src":"https:\/\/i0.wp.com\/maratonadoconsumidor.com.br\/wp-content\/uploads\/2025\/11\/Design-sem-nome.jpg?fit=1200%2C800&ssl=1&resize=350%2C200","width":350,"height":200,"srcset":"https:\/\/i0.wp.com\/maratonadoconsumidor.com.br\/wp-content\/uploads\/2025\/11\/Design-sem-nome.jpg?fit=1200%2C800&ssl=1&resize=350%2C200 1x, https:\/\/i0.wp.com\/maratonadoconsumidor.com.br\/wp-content\/uploads\/2025\/11\/Design-sem-nome.jpg?fit=1200%2C800&ssl=1&resize=525%2C300 1.5x, https:\/\/i0.wp.com\/maratonadoconsumidor.com.br\/wp-content\/uploads\/2025\/11\/Design-sem-nome.jpg?fit=1200%2C800&ssl=1&resize=700%2C400 2x, https:\/\/i0.wp.com\/maratonadoconsumidor.com.br\/wp-content\/uploads\/2025\/11\/Design-sem-nome.jpg?fit=1200%2C800&ssl=1&resize=1050%2C600 3x"},"classes":[]}],"jetpack_sharing_enabled":true,"jetpack_likes_enabled":true,"_links":{"self":[{"href":"https:\/\/maratonadoconsumidor.com.br\/en\/wp-json\/wp\/v2\/posts\/1187","targetHints":{"allow":["GET"]}}],"collection":[{"href":"https:\/\/maratonadoconsumidor.com.br\/en\/wp-json\/wp\/v2\/posts"}],"about":[{"href":"https:\/\/maratonadoconsumidor.com.br\/en\/wp-json\/wp\/v2\/types\/post"}],"author":[{"embeddable":true,"href":"https:\/\/maratonadoconsumidor.com.br\/en\/wp-json\/wp\/v2\/users\/1"}],"replies":[{"embeddable":true,"href":"https:\/\/maratonadoconsumidor.com.br\/en\/wp-json\/wp\/v2\/comments?post=1187"}],"version-history":[{"count":1,"href":"https:\/\/maratonadoconsumidor.com.br\/en\/wp-json\/wp\/v2\/posts\/1187\/revisions"}],"predecessor-version":[{"id":1191,"href":"https:\/\/maratonadoconsumidor.com.br\/en\/wp-json\/wp\/v2\/posts\/1187\/revisions\/1191"}],"wp:featuredmedia":[{"embeddable":true,"href":"https:\/\/maratonadoconsumidor.com.br\/en\/wp-json\/wp\/v2\/media\/1188"}],"wp:attachment":[{"href":"https:\/\/maratonadoconsumidor.com.br\/en\/wp-json\/wp\/v2\/media?parent=1187"}],"wp:term":[{"taxonomy":"category","embeddable":true,"href":"https:\/\/maratonadoconsumidor.com.br\/en\/wp-json\/wp\/v2\/categories?post=1187"},{"taxonomy":"post_tag","embeddable":true,"href":"https:\/\/maratonadoconsumidor.com.br\/en\/wp-json\/wp\/v2\/tags?post=1187"}],"curies":[{"name":"wp","href":"https:\/\/api.w.org\/{rel}","templated":true}]}}