{"id":1181,"date":"2026-03-22T10:12:11","date_gmt":"2026-03-22T13:12:11","guid":{"rendered":"https:\/\/maratonadoconsumidor.com.br\/?p=1181"},"modified":"2026-03-22T10:13:56","modified_gmt":"2026-03-22T13:13:56","slug":"estrategias-para-escolher-o-plano-de-saude","status":"publish","type":"post","link":"https:\/\/maratonadoconsumidor.com.br\/en\/estrategias-para-escolher-o-plano-de-saude\/","title":{"rendered":"Estrat\u00e9gias Reais para Escolher o Plano de Sa\u00fade que Cabe no Seu Bolso"},"content":{"rendered":"<p>Ter um plano de sa\u00fade deixou de ser um luxo para se tornar uma prioridade de seguran\u00e7a financeira. No entanto, diante de tantas op\u00e7\u00f5es de operadoras, coberturas e varia\u00e7\u00f5es de pre\u00e7os, \u00e9 comum se sentir perdido. <\/p>\n\n\n\n<p>A pergunta que n\u00e3o quer calar \u00e9: como equilibrar a prote\u00e7\u00e3o da sua fam\u00edlia com o equil\u00edbrio do seu or\u00e7amento mensal?<\/p>\n\n\n\n<p>A verdade \u00e9 que o&nbsp;<strong>plano de sa\u00fade mais barato<\/strong>&nbsp;nem sempre \u00e9 o que oferece o melhor custo-benef\u00edcio. <\/p>\n\n\n\n<p>Muitas vezes, uma economia de 50 reais na mensalidade pode resultar em gastos astron\u00f4micos com taxas extras ou falta de atendimento em momentos cr\u00edticos. <\/p>\n\n\n\n<p>Neste guia, vamos desmistificar o mercado de seguros e apresentar um passo a passo pr\u00e1tico para voc\u00ea contratar com intelig\u00eancia.<\/p>\n\n\n\n<h2 class=\"wp-block-heading\">O Primeiro Passo: Entenda o seu Perfil de Utiliza\u00e7\u00e3o<\/h2>\n\n\n\n<p>Antes de olhar tabelas de pre\u00e7os, voc\u00ea precisa olhar para o espelho. O seu&nbsp;<strong>planejamento financeiro<\/strong>&nbsp;depende diretamente do seu hist\u00f3rico de sa\u00fade.<\/p>\n\n\n\n<ol class=\"wp-block-list\">\n<li><strong>Uso frequente ou espor\u00e1dico?<\/strong>&nbsp;Se voc\u00ea tem filhos pequenos ou faz acompanhamento de doen\u00e7as cr\u00f4nicas, voc\u00ea usar\u00e1 muito o plano. Aqui, a mensalidade fixa pode ser mais alta, mas evita sustos.<br><\/li>\n\n\n\n<li><strong>Rede de atendimento:<\/strong>&nbsp;Voc\u00ea faz quest\u00e3o de um hospital espec\u00edfico perto de casa? Isso influencia diretamente no&nbsp;<strong>valor da mensalidade<\/strong>.<br><\/li>\n\n\n\n<li><strong>Abrang\u00eancia geogr\u00e1fica:<\/strong>&nbsp;Se voc\u00ea n\u00e3o viaja com frequ\u00eancia, um plano&nbsp;<strong>regional<\/strong>&nbsp;(apenas para sua cidade ou estado) pode ser at\u00e9 30% mais barato que um plano nacional.<\/li>\n<\/ol>\n\n\n\n<h2 class=\"wp-block-heading\">Coparticipa\u00e7\u00e3o: A Chave para Reduzir a Mensalidade<\/h2>\n\n\n\n<p>Uma das melhores formas de fazer o plano&nbsp;<strong>caber no seu bolso<\/strong>&nbsp;\u00e9 optar pela&nbsp;<strong>coparticipa\u00e7\u00e3o<\/strong>. <\/p>\n\n\n\n<p>Nesse modelo, a mensalidade \u00e9 significativamente menor, mas voc\u00ea paga uma pequena taxa fixa ou percentual quando realiza consultas ou exames.<\/p>\n\n\n\n<ul class=\"wp-block-list\">\n<li><strong>Vantagem:<\/strong>&nbsp;Ideal para quem \u00e9 jovem, saud\u00e1vel e raramente vai ao m\u00e9dico. Voc\u00ea economiza todos os meses e s\u00f3 paga &#8220;extra&#8221; quando realmente precisar.<\/li>\n\n\n\n<li><strong>Aten\u00e7\u00e3o:<\/strong>&nbsp;Verifique sempre o teto m\u00e1ximo de coparticipa\u00e7\u00e3o no contrato para n\u00e3o ter surpresas na fatura.<\/li>\n<\/ul>\n\n\n\n<p>Para entender melhor as normas de cobran\u00e7a, vale consultar o guia oficial da&nbsp;Ag\u00eancia Nacional de Sa\u00fade Suplementar (ANS), que regula essas taxas.<\/p>\n\n\n\n<h2 class=\"wp-block-heading\">Tipos de Acomoda\u00e7\u00e3o: Enfermaria vs. Apartamento<\/h2>\n\n\n\n<p>Muitas pessoas pagam caro por um conforto que talvez n\u00e3o seja essencial no momento. A diferen\u00e7a entre&nbsp;<strong>enfermaria (quarto coletivo)<\/strong>&nbsp;e&nbsp;<strong>apartamento (quarto privativo)<\/strong>&nbsp;pode impactar o valor final em at\u00e9 25%.<\/p>\n\n\n\n<p>Se o seu foco \u00e9 economia imediata, o plano enfermaria \u00e9 a escolha l\u00f3gica. <br><br>Em caso de interna\u00e7\u00e3o, voc\u00ea compartilha o quarto, mas recebe exatamente o mesmo tratamento m\u00e9dico e hospitalar que quem est\u00e1 no apartamento.<\/p>\n\n\n\n<h2 class=\"wp-block-heading\">O Poder do Plano de Sa\u00fade Empresarial (ou Coletivo por Ades\u00e3o)<\/h2>\n\n\n\n<p>Se voc\u00ea \u00e9&nbsp;<strong>Microempreendedor Individual (MEI)<\/strong>&nbsp;ou possui uma empresa com pelo menos um funcion\u00e1rio (ou dependente), voc\u00ea pode contratar um&nbsp;<strong>plano de sa\u00fade empresarial<\/strong>.<\/p>\n\n\n\n<p>Os valores para CNPJ chegam a ser&nbsp;<strong>40% menores<\/strong>&nbsp;do que os planos para pessoa f\u00edsica (individuais). Se voc\u00ea n\u00e3o tem empresa, verifique se sua profiss\u00e3o (advogado, professor, engenheiro, etc.) permite a entrada em um&nbsp;<strong>plano coletivo por ades\u00e3o<\/strong>&nbsp;atrav\u00e9s de sindicatos ou associa\u00e7\u00f5es.<\/p>\n\n\n\n<h2 class=\"wp-block-heading\">Passo a Passo para uma Contrata\u00e7\u00e3o Inteligente<\/h2>\n\n\n\n<p>Para facilitar sua jornada, siga este roteiro antes de assinar qualquer contrato:<\/p>\n\n\n\n<ol class=\"wp-block-list\">\n<li><strong>Mapeie suas necessidades:<\/strong>&nbsp;Liste os 3 m\u00e9dicos ou hospitais que s\u00e3o indispens\u00e1veis para voc\u00ea.<\/li>\n\n\n\n<li><strong>Compare pelo menos 3 operadoras:<\/strong>&nbsp;N\u00e3o aceite a primeira proposta. Use simuladores online de corretoras confi\u00e1veis.<\/li>\n\n\n\n<li><strong>Verifique a nota da operadora:<\/strong>&nbsp;No site da ANS, consulte o&nbsp;<strong>IDSS (\u00cdndice de Desempenho da Sa\u00fade Suplementar)<\/strong>&nbsp;para saber se a empresa \u00e9 bem avaliada.<\/li>\n\n\n\n<li><strong>Leia a car\u00eancia:<\/strong>&nbsp;Entenda quanto tempo voc\u00ea ter\u00e1 que esperar para realizar partos, cirurgias ou exames complexos.<\/li>\n\n\n\n<li><strong>Analise o reajuste:<\/strong>&nbsp;Planos individuais s\u00e3o reajustados pela ANS; planos coletivos\/empresariais s\u00e3o negociados livremente, o que pode gerar aumentos maiores no futuro.<\/li>\n<\/ol>\n\n\n\n<h2 class=\"wp-block-heading\">Reembolso: Vale a Pena Incluir?<\/h2>\n\n\n\n<p>O&nbsp;<strong>reembolso de despesas m\u00e9dicas<\/strong>&nbsp;\u00e9 uma funcionalidade que permite que voc\u00ea se consulte com m\u00e9dicos fora da rede credenciada e receba o valor (total ou parcial) de volta.<\/p>\n\n\n\n<p>Se voc\u00ea j\u00e1 tem um m\u00e9dico de confian\u00e7a que n\u00e3o atende por planos, essa op\u00e7\u00e3o \u00e9 valiosa. Por\u00e9m, se voc\u00ea pretende usar apenas a rede do plano, desativar essa op\u00e7\u00e3o pode reduzir o custo da sua&nbsp;<strong>ap\u00f3lice de seguro sa\u00fade<\/strong>.<\/p>\n\n\n\n<figure class=\"wp-block-embed is-type-video is-provider-youtube wp-block-embed-youtube wp-embed-aspect-16-9 wp-has-aspect-ratio\"><div class=\"wp-block-embed__wrapper\">\n<iframe title=\"Plano de Sa\u00fade que cabe no seu bolso\" width=\"960\" height=\"540\" src=\"https:\/\/www.youtube.com\/embed\/HJPu9rElhBQ?feature=oembed\" frameborder=\"0\" allow=\"accelerometer; autoplay; clipboard-write; encrypted-media; gyroscope; picture-in-picture; web-share\" referrerpolicy=\"strict-origin-when-cross-origin\" allowfullscreen><\/iframe>\n<\/div><\/figure>\n\n\n\n<h2 class=\"wp-block-heading\">Dica de Ouro: Cuidado com a &#8220;Venda Casada&#8221; e Taxas Escondidas<\/h2>\n\n\n\n<p>Ao contratar, fique atento a servi\u00e7os adicionais que elevam o pre\u00e7o, como seguro viagem internacional, assist\u00eancia odontol\u00f3gica premium ou transporte aerom\u00e9dico. <\/p>\n\n\n\n<p>Se o seu objetivo \u00e9&nbsp;<strong>economia<\/strong>, foque no essencial: consultas, exames e interna\u00e7\u00e3o hospitalar.<\/p>\n\n\n\n<p>A jornada para encontrar o equil\u00edbrio entre sa\u00fade e finan\u00e7as n\u00e3o precisa ser um sacrif\u00edcio. <\/p>\n\n\n\n<p>Ao aplicar essas estrat\u00e9gias, voc\u00ea deixa de ser um &#8220;pagador de boletos&#8221; e passa a ser um gestor consciente do seu bem-estar. <\/p>\n\n\n\n<p>Lembre-se: o melhor plano n\u00e3o \u00e9 o mais caro da vitrine, mas sim aquele que est\u00e1 dispon\u00edvel quando voc\u00ea mais precisa, sem comprometer a janta da sua fam\u00edlia ou o lazer do final de semana.<\/p>\n\n\n\n<p>A sua tranquilidade vale muito, mas ela n\u00e3o precisa custar uma fortuna. <\/p>\n\n\n\n<p>Comece hoje mesmo a revisar suas op\u00e7\u00f5es e retome o controle do seu dinheiro com a certeza de que, aconte\u00e7a o que acontecer, voc\u00ea e quem voc\u00ea ama estar\u00e3o protegidos.<\/p>\n\n\n\n<h2 class=\"wp-block-heading\">&nbsp;Como Funciona a Car\u00eancia em Planos de Sa\u00fade e Evite Surpresas<\/h2>\n\n\n\n<p>Ao contratar um conv\u00eanio, a expectativa \u00e9 de prote\u00e7\u00e3o imediata. <\/p>\n\n\n\n<p>No entanto, existe um mecanismo chamado&nbsp;<strong>car\u00eancia<\/strong>, que \u00e9 o per\u00edodo previsto em contrato no qual o benefici\u00e1rio paga a mensalidade, mas ainda n\u00e3o tem acesso a determinadas coberturas. <\/p>\n\n\n\n<p>Esse prazo \u00e9 regulamentado pela&nbsp;<strong><a href=\"https:\/\/www.gov.br\/ans\/pt-br\" type=\"link\" id=\"https:\/\/www.gov.br\/ans\/pt-br\" target=\"_blank\" rel=\"noreferrer noopener\">ANS <\/a>(Ag\u00eancia Nacional de Sa\u00fade Suplementar)<\/strong>&nbsp;e serve para garantir a sustentabilidade financeira das operadoras.<\/p>\n\n\n\n<p>Se voc\u00ea est\u00e1 planejando uma cirurgia, um parto ou apenas quer garantir a seguran\u00e7a da sua fam\u00edlia, entender esses prazos \u00e9 vital para o seu&nbsp;<strong>planejamento financeiro<\/strong>&nbsp;e para evitar negativas de atendimento em momentos cr\u00edticos.<\/p>\n\n\n\n<h2 class=\"wp-block-heading\">Prazos M\u00e1ximos de Car\u00eancia Estabelecidos por Lei<\/h2>\n\n\n\n<p>Muitas operadoras tentam vender a ideia de que seus prazos s\u00e3o exclusivos, mas a verdade \u00e9 que a lei estipula limites que nenhuma empresa pode ultrapassar. <\/p>\n\n\n\n<p>Abaixo, detalhamos os per\u00edodos padr\u00e3o praticados no mercado de&nbsp;<strong>seguro sa\u00fade<\/strong>:<\/p>\n\n\n\n<ul class=\"wp-block-list\">\n<li><strong>Casos de urg\u00eancia e emerg\u00eancia:<\/strong>&nbsp;24 horas. (Acidentes graves ou risco iminente de morte).<\/li>\n\n\n\n<li><strong>Consultas e exames simples:<\/strong>&nbsp;30 dias. (Exames de sangue, urina e consultas de rotina).<\/li>\n\n\n\n<li><strong>Exames complexos e terapias especiais:<\/strong>&nbsp;180 dias. (Resson\u00e2ncias, tomografias e quimioterapia).<\/li>\n\n\n\n<li><strong>Interna\u00e7\u00f5es e cirurgias:<\/strong>&nbsp;180 dias.<\/li>\n\n\n\n<li><strong>Parto a termo:<\/strong>&nbsp;300 dias. (Exceto em casos de parto prematuro e urg\u00eancia).<\/li>\n\n\n\n<li><strong>Doen\u00e7as e Les\u00f5es Preexistentes (DLP):<\/strong>&nbsp;24 meses. (Para procedimentos de alta complexidade relacionados \u00e0 doen\u00e7a declarada).<\/li>\n<\/ul>\n\n\n\n<h2 class=\"wp-block-heading\">Doen\u00e7as Preexistentes: O Ponto de Aten\u00e7\u00e3o<\/h2>\n\n\n\n<p>Ao preencher a&nbsp;<strong>Declara\u00e7\u00e3o de Sa\u00fade<\/strong>, voc\u00ea deve informar qualquer doen\u00e7a que j\u00e1 saiba possuir. Se voc\u00ea omitir uma informa\u00e7\u00e3o e a operadora descobrir, isso pode ser considerado fraude, levando ao cancelamento do plano.<\/p>\n\n\n\n<p>Para essas condi\u00e7\u00f5es, aplica-se a&nbsp;<strong>Cobertura Parcial Tempor\u00e1ria (CPT)<\/strong>.<\/p>\n\n\n\n<p> Isso significa que, por at\u00e9 2 anos, voc\u00ea pode n\u00e3o ter direito a cirurgias, leitos de alta tecnologia (UTI) ou procedimentos complexos especificamente relacionados \u00e0quela doen\u00e7a. <\/p>\n\n\n\n<p>Consultas e exames b\u00e1sicos para a condi\u00e7\u00e3o continuam liberados ap\u00f3s as car\u00eancias normais.<\/p>\n\n\n\n<h2 class=\"wp-block-heading\">\u00c9 Poss\u00edvel Reduzir ou Isentar a Car\u00eancia?<\/h2>\n\n\n\n<p>Sim, e este \u00e9 um dos segredos \u00a0das corretoras para atrair clientes.<\/p>\n\n\n\n<p>Existem tr\u00eas situa\u00e7\u00f5es principais onde os prazos podem ser menores:<\/p>\n\n\n\n<ol class=\"wp-block-list\">\n<li><strong>Promo\u00e7\u00f5es da Operadora:<\/strong>&nbsp;Muitas empresas, para ganhar mercado, oferecem &#8220;car\u00eancia zero&#8221; para consultas e exames simples em contratos novos.<br><\/li>\n\n\n\n<li><strong>Planos Empresariais:<\/strong>&nbsp;Em contratos coletivos empresariais com&nbsp;<strong>30 vidas ou mais<\/strong>, a car\u00eancia \u00e9 integralmente isenta, desde que o benefici\u00e1rio entre no plano em at\u00e9 30 dias ap\u00f3s a assinatura do contrato ou sua admiss\u00e3o na empresa.<br><\/li>\n\n\n\n<li><strong>Portabilidade de Car\u00eancias:<\/strong>&nbsp;Se voc\u00ea j\u00e1 tem um plano h\u00e1 mais de dois anos (ou um ano, se for a primeira troca), pode mudar para outra operadora sem cumprir novas car\u00eancias, desde que os planos sejam compat\u00edveis.<\/li>\n<\/ol>\n\n\n\n<p>Para verificar se o seu plano atual permite essa migra\u00e7\u00e3o, voc\u00ea pode utilizar o&nbsp;Guia de Portabilidade da ANS.<\/p>\n\n\n\n<h2 class=\"wp-block-heading\">Passo a Passo para Trocar de Plano sem Cumprir Car\u00eancia<\/h2>\n\n\n\n<p>Se voc\u00ea j\u00e1 possui um conv\u00eanio e est\u00e1 insatisfeito com o pre\u00e7o ou a rede m\u00e9dica, siga este roteiro para levar seus prazos j\u00e1 cumpridos para a nova empresa:<\/p>\n\n\n\n<ol class=\"wp-block-list\">\n<li><strong>Verifique o v\u00ednculo:<\/strong>&nbsp;Seu plano atual deve estar ativo e com as mensalidades em dia.<\/li>\n\n\n\n<li><strong>Cheque o prazo de perman\u00eancia:<\/strong>&nbsp;Geralmente, exige-se pelo menos 2 anos no plano de origem (ou 3 anos, se houver doen\u00e7a preexistente).<\/li>\n\n\n\n<li><strong>Compatibilidade de pre\u00e7o:<\/strong>&nbsp;O plano de destino deve estar na mesma faixa de pre\u00e7o ou em uma faixa inferior ao atual.<\/li>\n\n\n\n<li><strong>Solicite o relat\u00f3rio:<\/strong>&nbsp;Pe\u00e7a \u00e0 sua operadora atual uma declara\u00e7\u00e3o de perman\u00eancia e o hist\u00f3rico de pagamento.<\/li>\n\n\n\n<li><strong>Prazo de resposta:<\/strong>&nbsp;Ap\u00f3s solicitar a portabilidade na nova operadora, ela tem at\u00e9 10 dias para analisar. Se n\u00e3o responder, a proposta \u00e9 considerada aceita.<\/li>\n<\/ol>\n\n\n\n<figure class=\"wp-block-image size-large\"><img data-recalc-dims=\"1\" fetchpriority=\"high\" decoding=\"async\" width=\"960\" height=\"640\" src=\"https:\/\/i0.wp.com\/maratonadoconsumidor.com.br\/wp-content\/uploads\/2026\/03\/Design-sem-nome-50.jpg?resize=960%2C640&#038;ssl=1\" alt=\"Estrat\u00e9gias Reais para Escolher o Plano de Sa\u00fade que Cabe no Seu Bolso\" class=\"wp-image-1183\" srcset=\"https:\/\/i0.wp.com\/maratonadoconsumidor.com.br\/wp-content\/uploads\/2026\/03\/Design-sem-nome-50.jpg?resize=1024%2C683&amp;ssl=1 1024w, https:\/\/i0.wp.com\/maratonadoconsumidor.com.br\/wp-content\/uploads\/2026\/03\/Design-sem-nome-50.jpg?resize=300%2C200&amp;ssl=1 300w, https:\/\/i0.wp.com\/maratonadoconsumidor.com.br\/wp-content\/uploads\/2026\/03\/Design-sem-nome-50.jpg?resize=768%2C512&amp;ssl=1 768w, https:\/\/i0.wp.com\/maratonadoconsumidor.com.br\/wp-content\/uploads\/2026\/03\/Design-sem-nome-50.jpg?resize=18%2C12&amp;ssl=1 18w, https:\/\/i0.wp.com\/maratonadoconsumidor.com.br\/wp-content\/uploads\/2026\/03\/Design-sem-nome-50.jpg?resize=150%2C100&amp;ssl=1 150w, https:\/\/i0.wp.com\/maratonadoconsumidor.com.br\/wp-content\/uploads\/2026\/03\/Design-sem-nome-50.jpg?resize=330%2C220&amp;ssl=1 330w, https:\/\/i0.wp.com\/maratonadoconsumidor.com.br\/wp-content\/uploads\/2026\/03\/Design-sem-nome-50.jpg?resize=420%2C280&amp;ssl=1 420w, https:\/\/i0.wp.com\/maratonadoconsumidor.com.br\/wp-content\/uploads\/2026\/03\/Design-sem-nome-50.jpg?resize=510%2C340&amp;ssl=1 510w, https:\/\/i0.wp.com\/maratonadoconsumidor.com.br\/wp-content\/uploads\/2026\/03\/Design-sem-nome-50.jpg?w=1200&amp;ssl=1 1200w\" sizes=\"(max-width: 960px) 100vw, 960px\" \/><\/figure>\n\n\n\n<h2 class=\"wp-block-heading\">Diferen\u00e7a entre Car\u00eancia e CPT (Cobertura Parcial Tempor\u00e1ria)<\/h2>\n\n\n\n<p>\u00c9 comum confundir os dois termos, mas a distin\u00e7\u00e3o \u00e9 crucial para o seu&nbsp;<strong>custo-benef\u00edcio<\/strong>. Enquanto a&nbsp;<strong>car\u00eancia<\/strong>&nbsp;\u00e9 o tempo que voc\u00ea espera para qualquer procedimento, a&nbsp;<strong>CPT<\/strong>&nbsp;foca apenas no que \u00e9 relacionado a uma doen\u00e7a que voc\u00ea j\u00e1 tinha antes de contratar. <\/p>\n\n\n\n<p>Se voc\u00ea quebrar o bra\u00e7o (um evento novo), a car\u00eancia de 24 horas de urg\u00eancia vale, mesmo que voc\u00ea esteja no per\u00edodo de 2 anos da CPT por diabetes, por exemplo.<\/p>\n\n\n\n<p>Navegar pelas regras dos planos de sa\u00fade pode parecer um desafio t\u00e9cnico, mas dominar o conceito de car\u00eancia coloca o poder de decis\u00e3o de volta nas suas m\u00e3os. <\/p>\n\n\n\n<p>N\u00e3o deixe que a pressa ou a falta de informa\u00e7\u00e3o o prendam a contratos desvantajosos ou a per\u00edodos de espera que poderiam ter sido evitados com uma boa negocia\u00e7\u00e3o ou o uso correto da portabilidade.<\/p>\n\n\n\n<p>Estar bem informado \u00e9 a sua primeira e melhor linha de defesa. Agora que voc\u00ea entende os prazos e seus direitos, analise seu contrato atual ou a proposta que recebeu com um olhar cr\u00edtico. <\/p>\n\n\n\n<p>A sa\u00fade \u00e9 o seu bem mais precioso, e garantir que o atendimento esteja dispon\u00edvel exatamente quando voc\u00ea precisar \u00e9 o investimento mais inteligente que voc\u00ea pode fazer hoje.<\/p>\n\n\n\n<h2 class=\"wp-block-heading\">Perguntas Frequentes Sobre Planos de Sa\u00fade e Car\u00eancias<\/h2>\n\n\n\n<p>Navegar pelo universo dos conv\u00eanios m\u00e9dicos gera muitas d\u00favidas. <\/p>\n\n\n\n<p>Para facilitar sua vida e garantir que o seu&nbsp;<strong>planejamento financeiro<\/strong>&nbsp;e sua sa\u00fade estejam em dia, reunimos as respostas para as perguntas mais comuns que recebemos.<\/p>\n\n\n\n<p>Este guia r\u00e1pido ajuda voc\u00ea a entender seus direitos e a tomar a melhor decis\u00e3o na hora de contratar ou usar o seu&nbsp;<strong>seguro sa\u00fade<\/strong>.<\/p>\n\n\n\n<p>1. O plano de sa\u00fade pode negar atendimento em caso de emerg\u00eancia se eu ainda estiver na car\u00eancia?<\/p>\n\n\n\n<p>N\u00e3o. A lei \u00e9 clara: ap\u00f3s 24 horas da assinatura do contrato, a operadora \u00e9 obrigada a cobrir casos de&nbsp;<strong>urg\u00eancia e emerg\u00eancia<\/strong>. No entanto, aten\u00e7\u00e3o: em planos com car\u00eancia para interna\u00e7\u00e3o, a cobertura de emerg\u00eancia nas primeiras 24 horas \u00e9 limitada \u00e0s primeiras 12 horas de atendimento ambulatorial. Se houver necessidade de interna\u00e7\u00e3o antes do fim do prazo de 180 dias, o custo pode passar a ser do paciente, exceto em acidentes pessoais.<\/p>\n\n\n\n<p>2. O que acontece se eu engravidar durante o per\u00edodo de car\u00eancia?<\/p>\n\n\n\n<p>Se voc\u00ea j\u00e1 estiver gr\u00e1vida ao contratar o plano, ou engravidar logo depois, o pr\u00e9-natal e os exames seguem as car\u00eancias normais (geralmente 30 a 180 dias). O&nbsp;<strong>parto a termo<\/strong>&nbsp;(planejado), contudo, tem car\u00eancia de 300 dias. Se o beb\u00ea nascer antes disso de forma prematura ou houver complica\u00e7\u00e3o que configure emerg\u00eancia, o plano deve cobrir o atendimento.<\/p>\n\n\n\n<p>3. Posso mudar de plano e levar minhas car\u00eancias comigo?<\/p>\n\n\n\n<p>Sim, atrav\u00e9s da&nbsp;<strong>portabilidade de car\u00eancias<\/strong>. Voc\u00ea n\u00e3o precisa cumprir os prazos novamente se o seu plano atual tiver mais de 2 anos e o novo plano for de uma faixa de pre\u00e7o compat\u00edvel. \u00c9 um direito garantido pela&nbsp;ANS (Ag\u00eancia Nacional de Sa\u00fade Suplementar).<\/p>\n\n\n\n<p>4. O plano de sa\u00fade empresarial tem car\u00eancia?<\/p>\n\n\n\n<p>Depende do tamanho da empresa. Em contratos com&nbsp;<strong>30 benefici\u00e1rios ou mais<\/strong>, a car\u00eancia \u00e9 zero para todos, inclusive para parto e doen\u00e7as preexistentes, desde que voc\u00ea adira ao plano em at\u00e9 30 dias ap\u00f3s a contrata\u00e7\u00e3o da empresa ou do seu in\u00edcio no emprego. Em empresas menores (PME), as car\u00eancias costumam ser aplicadas normalmente.<\/p>\n\n\n\n<p>5. Como saber se uma doen\u00e7a \u00e9 considerada preexistente?<\/p>\n\n\n\n<p>Doen\u00e7a preexistente \u00e9 aquela que o benefici\u00e1rio ou seu representante legal&nbsp;<strong>saiba ser portador<\/strong>&nbsp;no momento da contrata\u00e7\u00e3o. Se voc\u00ea tem um diagn\u00f3stico confirmado de hipertens\u00e3o ou diabetes, por exemplo, deve declarar. Se voc\u00ea n\u00e3o sabia da doen\u00e7a (n\u00e3o havia diagn\u00f3stico pr\u00e9vio), a operadora n\u00e3o pode alegar preexist\u00eancia sem uma per\u00edcia m\u00e9dica t\u00e9cnica.<\/p>\n\n\n\n<p>6. O que \u00e9 a Cobertura Parcial Tempor\u00e1ria (CPT)?<\/p>\n\n\n\n<p>A&nbsp;<strong>CPT<\/strong>&nbsp;\u00e9 um per\u00edodo de at\u00e9 24 meses onde o plano n\u00e3o cobre cirurgias, leitos de alta tecnologia (UTI) ou procedimentos complexos relacionados exclusivamente a uma doen\u00e7a que voc\u00ea j\u00e1 tinha antes de entrar no plano. Ap\u00f3s esses dois anos, a cobertura passa a ser integral.<\/p>\n\n\n\n<p>7. Posso pagar uma taxa para reduzir a car\u00eancia?<\/p>\n\n\n\n<p>Oficialmente, a lei n\u00e3o prev\u00ea a &#8220;compra&#8221; de car\u00eancias. No entanto, muitas operadoras oferecem&nbsp;<strong>promo\u00e7\u00f5es comerciais<\/strong>&nbsp;com redu\u00e7\u00e3o de prazos para consultas e exames b\u00e1sicos como estrat\u00e9gia de capta\u00e7\u00e3o de clientes. Sempre pe\u00e7a essa oferta por escrito no contrato.<\/p>\n\n\n\n<p>8. Existe algum plano de sa\u00fade sem car\u00eancia para pessoa f\u00edsica?<\/p>\n\n\n\n<p>Planos individuais\/familiares sem car\u00eancia s\u00e3o raros e geralmente s\u00f3 ocorrem em a\u00e7\u00f5es promocionais muito espec\u00edficas. A forma mais comum de conseguir&nbsp;<strong>car\u00eancia zero<\/strong>&nbsp;como pessoa f\u00edsica \u00e9 atrav\u00e9s de planos coletivos por ades\u00e3o (via sindicatos ou associa\u00e7\u00f5es) que possuam negocia\u00e7\u00f5es especiais.<\/p>\n\n\n\n<p>9. O que fazer se o plano negar atendimento alegando car\u00eancia indevida?<\/p>\n\n\n\n<p>Se voc\u00ea j\u00e1 cumpriu os prazos ou est\u00e1 em uma situa\u00e7\u00e3o de emerg\u00eancia e o atendimento for negado:<\/p>\n\n\n\n<ol class=\"wp-block-list\">\n<li>Pe\u00e7a a negativa por escrito.<\/li>\n\n\n\n<li>Entre em contato com o SAC ou Ouvidoria da operadora.<\/li>\n\n\n\n<li>Se n\u00e3o resolver, registre uma reclama\u00e7\u00e3o no portal da&nbsp;<strong>ANS<\/strong>&nbsp;ou procure \u00f3rg\u00e3os de defesa do consumidor, como o <a href=\"https:\/\/www.mpmg.mp.br\/portal\/menu\/areas-de-atuacao\/cidadania\/consumidor\/\" type=\"link\" id=\"https:\/\/www.mpmg.mp.br\/portal\/menu\/areas-de-atuacao\/cidadania\/consumidor\/\" target=\"_blank\" rel=\"noreferrer noopener\">Procon<\/a>.<\/li>\n<\/ol>\n\n\n\n<p>Tirar essas d\u00favidas \u00e9 o passo fundamental para que voc\u00ea use o seu plano de forma consciente e sem sustos financeiros. O conhecimento \u00e9 a sua maior ferramenta de economia. <\/p>\n\n\n\n<p>Ao entender os prazos e as regras, voc\u00ea garante que o investimento mensal no seu conv\u00eanio se transforme, de fato, em tranquilidade e cuidado nos momentos em que voc\u00ea mais precisar.<\/p>\n\n\n\n<p><\/p>","protected":false},"excerpt":{"rendered":"<p>Ter um plano de sa\u00fade deixou de ser um luxo para se tornar uma prioridade de seguran\u00e7a financeira. No entanto, diante de tantas op\u00e7\u00f5es de operadoras, coberturas e varia\u00e7\u00f5es de pre\u00e7os, \u00e9 comum se sentir perdido. A pergunta que n\u00e3o quer calar \u00e9: como equilibrar a prote\u00e7\u00e3o da sua fam\u00edlia com o equil\u00edbrio do seu<\/p>","protected":false},"author":1,"featured_media":1182,"comment_status":"open","ping_status":"open","sticky":false,"template":"","format":"standard","meta":{"_mbp_gutenberg_autopost":false,"jetpack_post_was_ever_published":false,"_jetpack_newsletter_access":"","_jetpack_dont_email_post_to_subs":false,"_jetpack_newsletter_tier_id":0,"_jetpack_memberships_contains_paywalled_content":false,"_jetpack_memberships_contains_paid_content":false,"footnotes":"","jetpack_publicize_message":"","jetpack_publicize_feature_enabled":true,"jetpack_social_post_already_shared":false,"jetpack_social_options":{"image_generator_settings":{"template":"highway","default_image_id":0,"font":"","enabled":false},"version":2}},"categories":[2,3],"tags":[193,191,194,192],"class_list":["post-1181","post","type-post","status-publish","format-standard","has-post-thumbnail","hentry","category-dicas","category-direitos","tag-carencia-plano-de-saude","tag-plano-de-saude-2","tag-plano-de-saude-barato","tag-simulador-plano-de-saude"],"yoast_head":"<!-- This site is optimized with the Yoast SEO plugin v27.4 - https:\/\/yoast.com\/product\/yoast-seo-wordpress\/ -->\n<title>Estrat\u00e9gias para Escolher o Plano de Sa\u00fade<\/title>\n<meta name=\"description\" content=\"Entenda os prazos de car\u00eancia plano de sa\u00fade para urg\u00eancias, exames e partos. Saiba como reduzir a espera e conhe\u00e7a as regras da ANS\" \/>\n<meta name=\"robots\" content=\"index, follow, max-snippet:-1, max-image-preview:large, max-video-preview:-1\" \/>\n<link rel=\"canonical\" href=\"https:\/\/maratonadoconsumidor.com.br\/en\/estrategias-para-escolher-o-plano-de-saude\/\" \/>\n<meta property=\"og:locale\" content=\"en_US\" \/>\n<meta property=\"og:type\" content=\"article\" \/>\n<meta property=\"og:title\" content=\"Estrat\u00e9gias para Escolher o Plano de Sa\u00fade\" \/>\n<meta property=\"og:description\" content=\"Entenda os prazos de car\u00eancia plano de sa\u00fade para urg\u00eancias, exames e partos. Saiba como reduzir a espera e conhe\u00e7a as regras da ANS\" \/>\n<meta property=\"og:url\" content=\"https:\/\/maratonadoconsumidor.com.br\/en\/estrategias-para-escolher-o-plano-de-saude\/\" \/>\n<meta property=\"article:publisher\" content=\"https:\/\/www.facebook.com\/canaldomaratonadoconsumidor\" \/>\n<meta property=\"article:published_time\" content=\"2026-03-22T13:12:11+00:00\" \/>\n<meta property=\"article:modified_time\" content=\"2026-03-22T13:13:56+00:00\" \/>\n<meta property=\"og:image\" content=\"https:\/\/maratonadoconsumidor.com.br\/wp-content\/uploads\/2026\/03\/Design-sem-nome-51.jpg\" \/>\n\t<meta property=\"og:image:width\" content=\"1200\" \/>\n\t<meta property=\"og:image:height\" content=\"800\" \/>\n\t<meta property=\"og:image:type\" content=\"image\/jpeg\" \/>\n<meta name=\"author\" content=\"Emilio de Vicente\" \/>\n<meta name=\"twitter:card\" content=\"summary_large_image\" \/>\n<meta name=\"twitter:creator\" content=\"@MaratonadoCons1\" \/>\n<meta name=\"twitter:site\" content=\"@MaratonadoCons1\" \/>\n<meta name=\"twitter:label1\" content=\"Written by\" \/>\n\t<meta name=\"twitter:data1\" content=\"Emilio de Vicente\" \/>\n\t<meta name=\"twitter:label2\" content=\"Est. reading time\" \/>\n\t<meta name=\"twitter:data2\" content=\"14 minutes\" \/>\n<script type=\"application\/ld+json\" class=\"yoast-schema-graph\">{\"@context\":\"https:\\\/\\\/schema.org\",\"@graph\":[{\"@type\":\"Article\",\"@id\":\"https:\\\/\\\/maratonadoconsumidor.com.br\\\/estrategias-para-escolher-o-plano-de-saude\\\/#article\",\"isPartOf\":{\"@id\":\"https:\\\/\\\/maratonadoconsumidor.com.br\\\/estrategias-para-escolher-o-plano-de-saude\\\/\"},\"author\":{\"name\":\"Emilio de Vicente\",\"@id\":\"https:\\\/\\\/maratonadoconsumidor.com.br\\\/#\\\/schema\\\/person\\\/01c74586a582dc988d4334293f57343c\"},\"headline\":\"Estrat\u00e9gias Reais para Escolher o Plano de Sa\u00fade que Cabe no Seu Bolso\",\"datePublished\":\"2026-03-22T13:12:11+00:00\",\"dateModified\":\"2026-03-22T13:13:56+00:00\",\"mainEntityOfPage\":{\"@id\":\"https:\\\/\\\/maratonadoconsumidor.com.br\\\/estrategias-para-escolher-o-plano-de-saude\\\/\"},\"wordCount\":2645,\"commentCount\":0,\"publisher\":{\"@id\":\"https:\\\/\\\/maratonadoconsumidor.com.br\\\/#organization\"},\"image\":{\"@id\":\"https:\\\/\\\/maratonadoconsumidor.com.br\\\/estrategias-para-escolher-o-plano-de-saude\\\/#primaryimage\"},\"thumbnailUrl\":\"https:\\\/\\\/i0.wp.com\\\/maratonadoconsumidor.com.br\\\/wp-content\\\/uploads\\\/2026\\\/03\\\/Design-sem-nome-51.jpg?fit=1200%2C800&ssl=1\",\"keywords\":[\"car\u00eancia plano de sa\u00fade\",\"plano de sa\u00fade\",\"plano de sa\u00fade barato\",\"simulador plano de sa\u00fade\"],\"articleSection\":[\"Dicas\",\"Direitos\"],\"inLanguage\":\"en-US\",\"potentialAction\":[{\"@type\":\"CommentAction\",\"name\":\"Comment\",\"target\":[\"https:\\\/\\\/maratonadoconsumidor.com.br\\\/estrategias-para-escolher-o-plano-de-saude\\\/#respond\"]}]},{\"@type\":\"WebPage\",\"@id\":\"https:\\\/\\\/maratonadoconsumidor.com.br\\\/estrategias-para-escolher-o-plano-de-saude\\\/\",\"url\":\"https:\\\/\\\/maratonadoconsumidor.com.br\\\/estrategias-para-escolher-o-plano-de-saude\\\/\",\"name\":\"Estrat\u00e9gias para Escolher o Plano de Sa\u00fade\",\"isPartOf\":{\"@id\":\"https:\\\/\\\/maratonadoconsumidor.com.br\\\/#website\"},\"primaryImageOfPage\":{\"@id\":\"https:\\\/\\\/maratonadoconsumidor.com.br\\\/estrategias-para-escolher-o-plano-de-saude\\\/#primaryimage\"},\"image\":{\"@id\":\"https:\\\/\\\/maratonadoconsumidor.com.br\\\/estrategias-para-escolher-o-plano-de-saude\\\/#primaryimage\"},\"thumbnailUrl\":\"https:\\\/\\\/i0.wp.com\\\/maratonadoconsumidor.com.br\\\/wp-content\\\/uploads\\\/2026\\\/03\\\/Design-sem-nome-51.jpg?fit=1200%2C800&ssl=1\",\"datePublished\":\"2026-03-22T13:12:11+00:00\",\"dateModified\":\"2026-03-22T13:13:56+00:00\",\"description\":\"Entenda os prazos de car\u00eancia plano de sa\u00fade para urg\u00eancias, exames e partos. Saiba como reduzir a espera e conhe\u00e7a as regras da ANS\",\"breadcrumb\":{\"@id\":\"https:\\\/\\\/maratonadoconsumidor.com.br\\\/estrategias-para-escolher-o-plano-de-saude\\\/#breadcrumb\"},\"inLanguage\":\"en-US\",\"potentialAction\":[{\"@type\":\"ReadAction\",\"target\":[\"https:\\\/\\\/maratonadoconsumidor.com.br\\\/estrategias-para-escolher-o-plano-de-saude\\\/\"]}]},{\"@type\":\"ImageObject\",\"inLanguage\":\"en-US\",\"@id\":\"https:\\\/\\\/maratonadoconsumidor.com.br\\\/estrategias-para-escolher-o-plano-de-saude\\\/#primaryimage\",\"url\":\"https:\\\/\\\/i0.wp.com\\\/maratonadoconsumidor.com.br\\\/wp-content\\\/uploads\\\/2026\\\/03\\\/Design-sem-nome-51.jpg?fit=1200%2C800&ssl=1\",\"contentUrl\":\"https:\\\/\\\/i0.wp.com\\\/maratonadoconsumidor.com.br\\\/wp-content\\\/uploads\\\/2026\\\/03\\\/Design-sem-nome-51.jpg?fit=1200%2C800&ssl=1\",\"width\":1200,\"height\":800,\"caption\":\"Estrat\u00e9gias Reais para Escolher o Plano de Sa\u00fade que Cabe no Seu Bolso\"},{\"@type\":\"BreadcrumbList\",\"@id\":\"https:\\\/\\\/maratonadoconsumidor.com.br\\\/estrategias-para-escolher-o-plano-de-saude\\\/#breadcrumb\",\"itemListElement\":[{\"@type\":\"ListItem\",\"position\":1,\"name\":\"In\u00edcio\",\"item\":\"https:\\\/\\\/maratonadoconsumidor.com.br\\\/\"},{\"@type\":\"ListItem\",\"position\":2,\"name\":\"Estrat\u00e9gias Reais para Escolher o Plano de Sa\u00fade que Cabe no Seu Bolso\"}]},{\"@type\":\"WebSite\",\"@id\":\"https:\\\/\\\/maratonadoconsumidor.com.br\\\/#website\",\"url\":\"https:\\\/\\\/maratonadoconsumidor.com.br\\\/\",\"name\":\"Maratona do Consumidor\",\"description\":\"\",\"publisher\":{\"@id\":\"https:\\\/\\\/maratonadoconsumidor.com.br\\\/#organization\"},\"potentialAction\":[{\"@type\":\"SearchAction\",\"target\":{\"@type\":\"EntryPoint\",\"urlTemplate\":\"https:\\\/\\\/maratonadoconsumidor.com.br\\\/?s={search_term_string}\"},\"query-input\":{\"@type\":\"PropertyValueSpecification\",\"valueRequired\":true,\"valueName\":\"search_term_string\"}}],\"inLanguage\":\"en-US\"},{\"@type\":\"Organization\",\"@id\":\"https:\\\/\\\/maratonadoconsumidor.com.br\\\/#organization\",\"name\":\"Maratona do Consumidor\",\"url\":\"https:\\\/\\\/maratonadoconsumidor.com.br\\\/\",\"logo\":{\"@type\":\"ImageObject\",\"inLanguage\":\"en-US\",\"@id\":\"https:\\\/\\\/maratonadoconsumidor.com.br\\\/#\\\/schema\\\/logo\\\/image\\\/\",\"url\":\"https:\\\/\\\/maratonadoconsumidor.com.br\\\/wp-content\\\/uploads\\\/2025\\\/06\\\/MARATONA-DO-CONSUMIDOR-160.png\",\"contentUrl\":\"https:\\\/\\\/maratonadoconsumidor.com.br\\\/wp-content\\\/uploads\\\/2025\\\/06\\\/MARATONA-DO-CONSUMIDOR-160.png\",\"width\":180,\"height\":60,\"caption\":\"Maratona do Consumidor\"},\"image\":{\"@id\":\"https:\\\/\\\/maratonadoconsumidor.com.br\\\/#\\\/schema\\\/logo\\\/image\\\/\"},\"sameAs\":[\"https:\\\/\\\/www.facebook.com\\\/canaldomaratonadoconsumidor\",\"https:\\\/\\\/x.com\\\/MaratonadoCons1\",\"https:\\\/\\\/www.instagram.com\\\/maratonadoconsumidor\\\/\",\"https:\\\/\\\/www.youtube.com\\\/@MaratonadoConsumidor\"]},{\"@type\":\"Person\",\"@id\":\"https:\\\/\\\/maratonadoconsumidor.com.br\\\/#\\\/schema\\\/person\\\/01c74586a582dc988d4334293f57343c\",\"name\":\"Emilio de Vicente\",\"image\":{\"@type\":\"ImageObject\",\"inLanguage\":\"en-US\",\"@id\":\"https:\\\/\\\/maratonadoconsumidor.com.br\\\/wp-content\\\/uploads\\\/2025\\\/09\\\/cropped-Captura-de-tela-2024-05-15-133101-96x96.png\",\"url\":\"https:\\\/\\\/maratonadoconsumidor.com.br\\\/wp-content\\\/uploads\\\/2025\\\/09\\\/cropped-Captura-de-tela-2024-05-15-133101-96x96.png\",\"contentUrl\":\"https:\\\/\\\/maratonadoconsumidor.com.br\\\/wp-content\\\/uploads\\\/2025\\\/09\\\/cropped-Captura-de-tela-2024-05-15-133101-96x96.png\",\"caption\":\"Emilio de Vicente\"},\"description\":\"Emilio de Vicente \u00e9 o autor e respons\u00e1vel pelos conte\u00fados do site Maratona do Consumidor, trazendo informa\u00e7\u00f5es atualizadas, an\u00e1lises profundas e artigos relevantes sobre diversos temas do cotidiano relacionados dicas, comparativos de produtos e pre\u00e7os, consumo inteligente, finan\u00e7as em geral e muito mais.\",\"sameAs\":[\"https:\\\/\\\/maratonadoconsumidor.com.br\"],\"url\":\"https:\\\/\\\/maratonadoconsumidor.com.br\\\/en\\\/author\\\/emilio\\\/\"}]}<\/script>\n<!-- \/ Yoast SEO plugin. -->","yoast_head_json":{"title":"Estrat\u00e9gias para Escolher o Plano de Sa\u00fade","description":"Entenda os prazos de car\u00eancia plano de sa\u00fade para urg\u00eancias, exames e partos. Saiba como reduzir a espera e conhe\u00e7a as regras da ANS","robots":{"index":"index","follow":"follow","max-snippet":"max-snippet:-1","max-image-preview":"max-image-preview:large","max-video-preview":"max-video-preview:-1"},"canonical":"https:\/\/maratonadoconsumidor.com.br\/en\/estrategias-para-escolher-o-plano-de-saude\/","og_locale":"en_US","og_type":"article","og_title":"Estrat\u00e9gias para Escolher o Plano de Sa\u00fade","og_description":"Entenda os prazos de car\u00eancia plano de sa\u00fade para urg\u00eancias, exames e partos. Saiba como reduzir a espera e conhe\u00e7a as regras da ANS","og_url":"https:\/\/maratonadoconsumidor.com.br\/en\/estrategias-para-escolher-o-plano-de-saude\/","article_publisher":"https:\/\/www.facebook.com\/canaldomaratonadoconsumidor","article_published_time":"2026-03-22T13:12:11+00:00","article_modified_time":"2026-03-22T13:13:56+00:00","og_image":[{"width":1200,"height":800,"url":"https:\/\/maratonadoconsumidor.com.br\/wp-content\/uploads\/2026\/03\/Design-sem-nome-51.jpg","type":"image\/jpeg"}],"author":"Emilio de Vicente","twitter_card":"summary_large_image","twitter_creator":"@MaratonadoCons1","twitter_site":"@MaratonadoCons1","twitter_misc":{"Written by":"Emilio de Vicente","Est. reading time":"14 minutes"},"schema":{"@context":"https:\/\/schema.org","@graph":[{"@type":"Article","@id":"https:\/\/maratonadoconsumidor.com.br\/estrategias-para-escolher-o-plano-de-saude\/#article","isPartOf":{"@id":"https:\/\/maratonadoconsumidor.com.br\/estrategias-para-escolher-o-plano-de-saude\/"},"author":{"name":"Emilio de Vicente","@id":"https:\/\/maratonadoconsumidor.com.br\/#\/schema\/person\/01c74586a582dc988d4334293f57343c"},"headline":"Estrat\u00e9gias Reais para Escolher o Plano de Sa\u00fade que Cabe no Seu Bolso","datePublished":"2026-03-22T13:12:11+00:00","dateModified":"2026-03-22T13:13:56+00:00","mainEntityOfPage":{"@id":"https:\/\/maratonadoconsumidor.com.br\/estrategias-para-escolher-o-plano-de-saude\/"},"wordCount":2645,"commentCount":0,"publisher":{"@id":"https:\/\/maratonadoconsumidor.com.br\/#organization"},"image":{"@id":"https:\/\/maratonadoconsumidor.com.br\/estrategias-para-escolher-o-plano-de-saude\/#primaryimage"},"thumbnailUrl":"https:\/\/i0.wp.com\/maratonadoconsumidor.com.br\/wp-content\/uploads\/2026\/03\/Design-sem-nome-51.jpg?fit=1200%2C800&ssl=1","keywords":["car\u00eancia plano de sa\u00fade","plano de sa\u00fade","plano de sa\u00fade barato","simulador plano de sa\u00fade"],"articleSection":["Dicas","Direitos"],"inLanguage":"en-US","potentialAction":[{"@type":"CommentAction","name":"Comment","target":["https:\/\/maratonadoconsumidor.com.br\/estrategias-para-escolher-o-plano-de-saude\/#respond"]}]},{"@type":"WebPage","@id":"https:\/\/maratonadoconsumidor.com.br\/estrategias-para-escolher-o-plano-de-saude\/","url":"https:\/\/maratonadoconsumidor.com.br\/estrategias-para-escolher-o-plano-de-saude\/","name":"Estrat\u00e9gias para Escolher o Plano de Sa\u00fade","isPartOf":{"@id":"https:\/\/maratonadoconsumidor.com.br\/#website"},"primaryImageOfPage":{"@id":"https:\/\/maratonadoconsumidor.com.br\/estrategias-para-escolher-o-plano-de-saude\/#primaryimage"},"image":{"@id":"https:\/\/maratonadoconsumidor.com.br\/estrategias-para-escolher-o-plano-de-saude\/#primaryimage"},"thumbnailUrl":"https:\/\/i0.wp.com\/maratonadoconsumidor.com.br\/wp-content\/uploads\/2026\/03\/Design-sem-nome-51.jpg?fit=1200%2C800&ssl=1","datePublished":"2026-03-22T13:12:11+00:00","dateModified":"2026-03-22T13:13:56+00:00","description":"Entenda os prazos de car\u00eancia plano de sa\u00fade para urg\u00eancias, exames e partos. Saiba como reduzir a espera e conhe\u00e7a as regras da ANS","breadcrumb":{"@id":"https:\/\/maratonadoconsumidor.com.br\/estrategias-para-escolher-o-plano-de-saude\/#breadcrumb"},"inLanguage":"en-US","potentialAction":[{"@type":"ReadAction","target":["https:\/\/maratonadoconsumidor.com.br\/estrategias-para-escolher-o-plano-de-saude\/"]}]},{"@type":"ImageObject","inLanguage":"en-US","@id":"https:\/\/maratonadoconsumidor.com.br\/estrategias-para-escolher-o-plano-de-saude\/#primaryimage","url":"https:\/\/i0.wp.com\/maratonadoconsumidor.com.br\/wp-content\/uploads\/2026\/03\/Design-sem-nome-51.jpg?fit=1200%2C800&ssl=1","contentUrl":"https:\/\/i0.wp.com\/maratonadoconsumidor.com.br\/wp-content\/uploads\/2026\/03\/Design-sem-nome-51.jpg?fit=1200%2C800&ssl=1","width":1200,"height":800,"caption":"Estrat\u00e9gias Reais para Escolher o Plano de Sa\u00fade que Cabe no Seu Bolso"},{"@type":"BreadcrumbList","@id":"https:\/\/maratonadoconsumidor.com.br\/estrategias-para-escolher-o-plano-de-saude\/#breadcrumb","itemListElement":[{"@type":"ListItem","position":1,"name":"In\u00edcio","item":"https:\/\/maratonadoconsumidor.com.br\/"},{"@type":"ListItem","position":2,"name":"Estrat\u00e9gias Reais para Escolher o Plano de Sa\u00fade que Cabe no Seu Bolso"}]},{"@type":"WebSite","@id":"https:\/\/maratonadoconsumidor.com.br\/#website","url":"https:\/\/maratonadoconsumidor.com.br\/","name":"Maratona do Consumidor","description":"","publisher":{"@id":"https:\/\/maratonadoconsumidor.com.br\/#organization"},"potentialAction":[{"@type":"SearchAction","target":{"@type":"EntryPoint","urlTemplate":"https:\/\/maratonadoconsumidor.com.br\/?s={search_term_string}"},"query-input":{"@type":"PropertyValueSpecification","valueRequired":true,"valueName":"search_term_string"}}],"inLanguage":"en-US"},{"@type":"Organization","@id":"https:\/\/maratonadoconsumidor.com.br\/#organization","name":"Maratona do Consumidor","url":"https:\/\/maratonadoconsumidor.com.br\/","logo":{"@type":"ImageObject","inLanguage":"en-US","@id":"https:\/\/maratonadoconsumidor.com.br\/#\/schema\/logo\/image\/","url":"https:\/\/maratonadoconsumidor.com.br\/wp-content\/uploads\/2025\/06\/MARATONA-DO-CONSUMIDOR-160.png","contentUrl":"https:\/\/maratonadoconsumidor.com.br\/wp-content\/uploads\/2025\/06\/MARATONA-DO-CONSUMIDOR-160.png","width":180,"height":60,"caption":"Maratona do Consumidor"},"image":{"@id":"https:\/\/maratonadoconsumidor.com.br\/#\/schema\/logo\/image\/"},"sameAs":["https:\/\/www.facebook.com\/canaldomaratonadoconsumidor","https:\/\/x.com\/MaratonadoCons1","https:\/\/www.instagram.com\/maratonadoconsumidor\/","https:\/\/www.youtube.com\/@MaratonadoConsumidor"]},{"@type":"Person","@id":"https:\/\/maratonadoconsumidor.com.br\/#\/schema\/person\/01c74586a582dc988d4334293f57343c","name":"Emilio de Vicente","image":{"@type":"ImageObject","inLanguage":"en-US","@id":"https:\/\/maratonadoconsumidor.com.br\/wp-content\/uploads\/2025\/09\/cropped-Captura-de-tela-2024-05-15-133101-96x96.png","url":"https:\/\/maratonadoconsumidor.com.br\/wp-content\/uploads\/2025\/09\/cropped-Captura-de-tela-2024-05-15-133101-96x96.png","contentUrl":"https:\/\/maratonadoconsumidor.com.br\/wp-content\/uploads\/2025\/09\/cropped-Captura-de-tela-2024-05-15-133101-96x96.png","caption":"Emilio de Vicente"},"description":"Emilio de Vicente \u00e9 o autor e respons\u00e1vel pelos conte\u00fados do site Maratona do Consumidor, trazendo informa\u00e7\u00f5es atualizadas, an\u00e1lises profundas e artigos relevantes sobre diversos temas do cotidiano relacionados dicas, comparativos de produtos e pre\u00e7os, consumo inteligente, finan\u00e7as em geral e muito mais.","sameAs":["https:\/\/maratonadoconsumidor.com.br"],"url":"https:\/\/maratonadoconsumidor.com.br\/en\/author\/emilio\/"}]}},"jetpack_publicize_connections":[],"jetpack_featured_media_url":"https:\/\/i0.wp.com\/maratonadoconsumidor.com.br\/wp-content\/uploads\/2026\/03\/Design-sem-nome-51.jpg?fit=1200%2C800&ssl=1","jetpack-related-posts":[{"id":628,"url":"https:\/\/maratonadoconsumidor.com.br\/en\/plano-de-saude-qual-e-o-melhor\/","url_meta":{"origin":1181,"position":0},"title":"Plano de sa\u00fade, qual \u00e9 o melhor? \ud83e\ude7a","author":"Emilio de Vicente","date":"24 de August de 2025","format":false,"excerpt":"Escolher um plano de sa\u00fade no Brasil n\u00e3o \u00e9 tarefa simples. Com tantas op\u00e7\u00f5es dispon\u00edveis no mercado, as d\u00favidas surgem: vale mais a pena um plano individual, familiar, empresarial ou por ades\u00e3o? Quais coberturas realmente importam? Como evitar pagar caro e ainda ter uma rede hospitalar eficiente? Este guia completo\u2026","rel":"","context":"In &quot;Comparativos&quot;","block_context":{"text":"Comparativos","link":"https:\/\/maratonadoconsumidor.com.br\/en\/category\/comparativos\/"},"img":{"alt_text":"Plano de sa\u00fade, qual \u00e9 o melhor?","src":"https:\/\/i0.wp.com\/maratonadoconsumidor.com.br\/wp-content\/uploads\/2025\/08\/Design-sem-nome-3.jpg?fit=1200%2C800&ssl=1&resize=350%2C200","width":350,"height":200,"srcset":"https:\/\/i0.wp.com\/maratonadoconsumidor.com.br\/wp-content\/uploads\/2025\/08\/Design-sem-nome-3.jpg?fit=1200%2C800&ssl=1&resize=350%2C200 1x, https:\/\/i0.wp.com\/maratonadoconsumidor.com.br\/wp-content\/uploads\/2025\/08\/Design-sem-nome-3.jpg?fit=1200%2C800&ssl=1&resize=525%2C300 1.5x, https:\/\/i0.wp.com\/maratonadoconsumidor.com.br\/wp-content\/uploads\/2025\/08\/Design-sem-nome-3.jpg?fit=1200%2C800&ssl=1&resize=700%2C400 2x, https:\/\/i0.wp.com\/maratonadoconsumidor.com.br\/wp-content\/uploads\/2025\/08\/Design-sem-nome-3.jpg?fit=1200%2C800&ssl=1&resize=1050%2C600 3x"},"classes":[]},{"id":399,"url":"https:\/\/maratonadoconsumidor.com.br\/en\/5-habitos-financeiros-que-toda-pessoa-inteligente-precisa-ter\/","url_meta":{"origin":1181,"position":1},"title":"5 H\u00e1bitos Financeiros que Toda Pessoa Inteligente Precisa Ter","author":"Emilio de Vicente","date":"2 de July de 2025","format":false,"excerpt":"Administrar bem o dinheiro n\u00e3o \u00e9 um dom reservado a poucos, mas uma habilidade que pode ser desenvolvida com disciplina e consci\u00eancia. O segredo para alcan\u00e7ar uma vida financeira est\u00e1vel e pr\u00f3spera est\u00e1 nos h\u00e1bitos que cultivamos diariamente. Pessoas inteligentes, quando se trata de finan\u00e7as, seguem comportamentos consistentes que garantem\u2026","rel":"","context":"In &quot;Dicas&quot;","block_context":{"text":"Dicas","link":"https:\/\/maratonadoconsumidor.com.br\/en\/category\/dicas\/"},"img":{"alt_text":"5 H\u00e1bitos Financeiros que Toda Pessoa Inteligente Precisa Ter","src":"https:\/\/i0.wp.com\/maratonadoconsumidor.com.br\/wp-content\/uploads\/2025\/07\/Design-sem-nome-2025-07-02T142548.737.jpg?fit=1200%2C738&ssl=1&resize=350%2C200","width":350,"height":200,"srcset":"https:\/\/i0.wp.com\/maratonadoconsumidor.com.br\/wp-content\/uploads\/2025\/07\/Design-sem-nome-2025-07-02T142548.737.jpg?fit=1200%2C738&ssl=1&resize=350%2C200 1x, https:\/\/i0.wp.com\/maratonadoconsumidor.com.br\/wp-content\/uploads\/2025\/07\/Design-sem-nome-2025-07-02T142548.737.jpg?fit=1200%2C738&ssl=1&resize=525%2C300 1.5x, https:\/\/i0.wp.com\/maratonadoconsumidor.com.br\/wp-content\/uploads\/2025\/07\/Design-sem-nome-2025-07-02T142548.737.jpg?fit=1200%2C738&ssl=1&resize=700%2C400 2x, https:\/\/i0.wp.com\/maratonadoconsumidor.com.br\/wp-content\/uploads\/2025\/07\/Design-sem-nome-2025-07-02T142548.737.jpg?fit=1200%2C738&ssl=1&resize=1050%2C600 3x"},"classes":[]},{"id":964,"url":"https:\/\/maratonadoconsumidor.com.br\/en\/10-novidades-para-a-sua-saude-bucal\/","url_meta":{"origin":1181,"position":2},"title":"10 Novidades para a sua Sa\u00fade Bucal","author":"Emilio de Vicente","date":"15 de February de 2026","format":false,"excerpt":"Cuidar da sa\u00fade bucal deixou de ser apenas uma quest\u00e3o est\u00e9tica e passou a ocupar papel central na preven\u00e7\u00e3o de doen\u00e7as sist\u00eamicas, na qualidade de vida e at\u00e9 na autoestima. Avan\u00e7os tecnol\u00f3gicos, novas abordagens cl\u00ednicas e solu\u00e7\u00f5es digitais est\u00e3o transformando a forma como prevenimos, diagnosticamos e tratamos problemas odontol\u00f3gicos. Hoje,\u2026","rel":"","context":"In &quot;Dicas&quot;","block_context":{"text":"Dicas","link":"https:\/\/maratonadoconsumidor.com.br\/en\/category\/dicas\/"},"img":{"alt_text":"10 Novidades para a sua Sa\u00fade Bucal","src":"https:\/\/i0.wp.com\/maratonadoconsumidor.com.br\/wp-content\/uploads\/2026\/02\/Design-sem-nome-37.jpg?fit=1200%2C800&ssl=1&resize=350%2C200","width":350,"height":200,"srcset":"https:\/\/i0.wp.com\/maratonadoconsumidor.com.br\/wp-content\/uploads\/2026\/02\/Design-sem-nome-37.jpg?fit=1200%2C800&ssl=1&resize=350%2C200 1x, https:\/\/i0.wp.com\/maratonadoconsumidor.com.br\/wp-content\/uploads\/2026\/02\/Design-sem-nome-37.jpg?fit=1200%2C800&ssl=1&resize=525%2C300 1.5x, https:\/\/i0.wp.com\/maratonadoconsumidor.com.br\/wp-content\/uploads\/2026\/02\/Design-sem-nome-37.jpg?fit=1200%2C800&ssl=1&resize=700%2C400 2x, https:\/\/i0.wp.com\/maratonadoconsumidor.com.br\/wp-content\/uploads\/2026\/02\/Design-sem-nome-37.jpg?fit=1200%2C800&ssl=1&resize=1050%2C600 3x"},"classes":[]},{"id":620,"url":"https:\/\/maratonadoconsumidor.com.br\/en\/qual-e-a-melhor-forma-de-proteger-e-aplicar-o-seu-dinheiro\/","url_meta":{"origin":1181,"position":3},"title":"\ud83d\udcb0 Qual \u00e9 a melhor forma de proteger e aplicar o seu dinheiro?","author":"Emilio de Vicente","date":"17 de August de 2025","format":false,"excerpt":"Cuidar do dinheiro n\u00e3o \u00e9 apenas uma quest\u00e3o de economizar, mas de saber proteg\u00ea-lo e multiplic\u00e1-lo de maneira inteligente. Muitas pessoas deixam suas economias paradas na conta corrente, perdendo poder de compra diante da infla\u00e7\u00e3o, enquanto outras aplicam sem entender os riscos envolvidos. A verdade \u00e9 que existe um equil\u00edbrio\u2026","rel":"","context":"In &quot;Dicas&quot;","block_context":{"text":"Dicas","link":"https:\/\/maratonadoconsumidor.com.br\/en\/category\/dicas\/"},"img":{"alt_text":"Qual \u00e9 a melhor forma de proteger e aplicar o seu dinheiro?","src":"https:\/\/i0.wp.com\/maratonadoconsumidor.com.br\/wp-content\/uploads\/2025\/08\/Design-sem-nome.jpg?fit=1200%2C800&ssl=1&resize=350%2C200","width":350,"height":200,"srcset":"https:\/\/i0.wp.com\/maratonadoconsumidor.com.br\/wp-content\/uploads\/2025\/08\/Design-sem-nome.jpg?fit=1200%2C800&ssl=1&resize=350%2C200 1x, https:\/\/i0.wp.com\/maratonadoconsumidor.com.br\/wp-content\/uploads\/2025\/08\/Design-sem-nome.jpg?fit=1200%2C800&ssl=1&resize=525%2C300 1.5x, https:\/\/i0.wp.com\/maratonadoconsumidor.com.br\/wp-content\/uploads\/2025\/08\/Design-sem-nome.jpg?fit=1200%2C800&ssl=1&resize=700%2C400 2x, https:\/\/i0.wp.com\/maratonadoconsumidor.com.br\/wp-content\/uploads\/2025\/08\/Design-sem-nome.jpg?fit=1200%2C800&ssl=1&resize=1050%2C600 3x"},"classes":[]},{"id":529,"url":"https:\/\/maratonadoconsumidor.com.br\/en\/automovel-e-melhor-comprar-ou-alugar\/","url_meta":{"origin":1181,"position":4},"title":"\ud83d\ude97 Autom\u00f3vel: \u00e9 melhor comprar ou alugar?","author":"Emilio de Vicente","date":"5 de July de 2025","format":false,"excerpt":"Ter um carro pr\u00f3prio j\u00e1 foi sin\u00f4nimo de status e liberdade. Hoje, com mudan\u00e7as no comportamento do consumidor, novas formas de mobilidade e a escalada dos custos, muita gente se pergunta: vale mais a pena comprar ou alugar um carro? A resposta depende de uma s\u00e9rie de fatores, como perfil\u2026","rel":"","context":"In &quot;Comparativos&quot;","block_context":{"text":"Comparativos","link":"https:\/\/maratonadoconsumidor.com.br\/en\/category\/comparativos\/"},"img":{"alt_text":"Autom\u00f3vel: \u00e9 melhor comprar ou alugar?","src":"https:\/\/i0.wp.com\/maratonadoconsumidor.com.br\/wp-content\/uploads\/2025\/07\/Design-sem-nome-2025-07-05T135041.269.jpg?fit=1200%2C738&ssl=1&resize=350%2C200","width":350,"height":200,"srcset":"https:\/\/i0.wp.com\/maratonadoconsumidor.com.br\/wp-content\/uploads\/2025\/07\/Design-sem-nome-2025-07-05T135041.269.jpg?fit=1200%2C738&ssl=1&resize=350%2C200 1x, https:\/\/i0.wp.com\/maratonadoconsumidor.com.br\/wp-content\/uploads\/2025\/07\/Design-sem-nome-2025-07-05T135041.269.jpg?fit=1200%2C738&ssl=1&resize=525%2C300 1.5x, https:\/\/i0.wp.com\/maratonadoconsumidor.com.br\/wp-content\/uploads\/2025\/07\/Design-sem-nome-2025-07-05T135041.269.jpg?fit=1200%2C738&ssl=1&resize=700%2C400 2x, https:\/\/i0.wp.com\/maratonadoconsumidor.com.br\/wp-content\/uploads\/2025\/07\/Design-sem-nome-2025-07-05T135041.269.jpg?fit=1200%2C738&ssl=1&resize=1050%2C600 3x"},"classes":[]},{"id":25,"url":"https:\/\/maratonadoconsumidor.com.br\/en\/comparacao-dos-planos-de-operadoras-de-telefonia-celular\/","url_meta":{"origin":1181,"position":5},"title":"Compara\u00e7\u00e3o dos Planos de Operadoras de Telefonia Celular: Como Escolher o Melhor para Voc\u00ea","author":"Emilio de Vicente","date":"24 de June de 2025","format":false,"excerpt":"Escolher um plano de telefonia celular pode ser uma tarefa complexa diante da variedade de ofertas, promo\u00e7\u00f5es e servi\u00e7os dispon\u00edveis. As operadoras disputam a aten\u00e7\u00e3o dos consumidores com pacotes que incluem internet ilimitada, minutos de liga\u00e7\u00f5es, benef\u00edcios para aplicativos espec\u00edficos, entre outros diferenciais. Mas como saber qual plano realmente vale\u2026","rel":"","context":"In &quot;Comparativos&quot;","block_context":{"text":"Comparativos","link":"https:\/\/maratonadoconsumidor.com.br\/en\/category\/comparativos\/"},"img":{"alt_text":"Compara\u00e7\u00e3o dos Planos de Operadoras de Telefonia Celular: Como Escolher o Melhor para Voc\u00ea","src":"https:\/\/i0.wp.com\/maratonadoconsumidor.com.br\/wp-content\/uploads\/2025\/06\/Design-sem-nome-67.jpg?fit=1200%2C738&ssl=1&resize=350%2C200","width":350,"height":200,"srcset":"https:\/\/i0.wp.com\/maratonadoconsumidor.com.br\/wp-content\/uploads\/2025\/06\/Design-sem-nome-67.jpg?fit=1200%2C738&ssl=1&resize=350%2C200 1x, https:\/\/i0.wp.com\/maratonadoconsumidor.com.br\/wp-content\/uploads\/2025\/06\/Design-sem-nome-67.jpg?fit=1200%2C738&ssl=1&resize=525%2C300 1.5x, https:\/\/i0.wp.com\/maratonadoconsumidor.com.br\/wp-content\/uploads\/2025\/06\/Design-sem-nome-67.jpg?fit=1200%2C738&ssl=1&resize=700%2C400 2x, https:\/\/i0.wp.com\/maratonadoconsumidor.com.br\/wp-content\/uploads\/2025\/06\/Design-sem-nome-67.jpg?fit=1200%2C738&ssl=1&resize=1050%2C600 3x"},"classes":[]}],"jetpack_sharing_enabled":true,"jetpack_likes_enabled":true,"_links":{"self":[{"href":"https:\/\/maratonadoconsumidor.com.br\/en\/wp-json\/wp\/v2\/posts\/1181","targetHints":{"allow":["GET"]}}],"collection":[{"href":"https:\/\/maratonadoconsumidor.com.br\/en\/wp-json\/wp\/v2\/posts"}],"about":[{"href":"https:\/\/maratonadoconsumidor.com.br\/en\/wp-json\/wp\/v2\/types\/post"}],"author":[{"embeddable":true,"href":"https:\/\/maratonadoconsumidor.com.br\/en\/wp-json\/wp\/v2\/users\/1"}],"replies":[{"embeddable":true,"href":"https:\/\/maratonadoconsumidor.com.br\/en\/wp-json\/wp\/v2\/comments?post=1181"}],"version-history":[{"count":2,"href":"https:\/\/maratonadoconsumidor.com.br\/en\/wp-json\/wp\/v2\/posts\/1181\/revisions"}],"predecessor-version":[{"id":1186,"href":"https:\/\/maratonadoconsumidor.com.br\/en\/wp-json\/wp\/v2\/posts\/1181\/revisions\/1186"}],"wp:featuredmedia":[{"embeddable":true,"href":"https:\/\/maratonadoconsumidor.com.br\/en\/wp-json\/wp\/v2\/media\/1182"}],"wp:attachment":[{"href":"https:\/\/maratonadoconsumidor.com.br\/en\/wp-json\/wp\/v2\/media?parent=1181"}],"wp:term":[{"taxonomy":"category","embeddable":true,"href":"https:\/\/maratonadoconsumidor.com.br\/en\/wp-json\/wp\/v2\/categories?post=1181"},{"taxonomy":"post_tag","embeddable":true,"href":"https:\/\/maratonadoconsumidor.com.br\/en\/wp-json\/wp\/v2\/tags?post=1181"}],"curies":[{"name":"wp","href":"https:\/\/api.w.org\/{rel}","templated":true}]}}